{"id":106022,"date":"2021-06-23T05:14:42","date_gmt":"2021-06-23T03:14:42","guid":{"rendered":"https:\/\/batijournal.com\/?p=106022"},"modified":"2021-06-23T05:14:42","modified_gmt":"2021-06-23T03:14:42","slug":"leuro-cupaclad-qui-sera-le-champion","status":"publish","type":"post","link":"https:\/\/batijournal.com\/index.php\/leuro-cupaclad-qui-sera-le-champion\/106022\/","title":{"rendered":"L\u2019Euro-CUPACLAD : qui sera le champion ?"},"content":{"rendered":"<p>En pleine finale de l\u2019Euro de football,<span class=\"Apple-converted-space\">\u00a0 <\/span>CUPA PIZARRAS organise sa propre comp\u00e9tition. Les syst\u00e8mes de bardage en ardoise naturelle CUPACLAD sont pr\u00e9sents sur tout le continent, l\u2019entreprise propose d\u2019\u00e9lire le pays accueillant le meilleur projet. Chaque candidat est pr\u00e9sent\u00e9 sur le site web : <a href=\"https:\/\/www.cupapizarras.com\/fr\/actualite\/euro-cupaclad\">https:\/\/www.cupapizarras.com\/fr\/actualite\/euro-cupaclad<\/a>.<\/p>\n","protected":false},"excerpt":{"rendered":"<p>En pleine finale de l\u2019Euro de football,\u00a0 CUPA PIZARRAS organise sa propre comp\u00e9tition. Les syst\u00e8mes de bardage en ardoise naturelle CUPACLAD sont pr\u00e9sents sur tout le continent, l\u2019entreprise propose d\u2019\u00e9lire le pays accueillant le meilleur projet. Chaque candidat est pr\u00e9sent\u00e9 sur le site web : https:\/\/www.cupapizarras.com\/fr\/actualite\/euro-cupaclad.<\/p>\n","protected":false},"author":17,"featured_media":106023,"comment_status":"closed","ping_status":"closed","sticky":false,"template":"","format":"standard","meta":{"_et_pb_use_builder":"","_et_pb_old_content":"","_et_gb_content_width":"","footnotes":""},"categories":[10530,6340,10771,10775,10789,10785],"tags":[12900],"class_list":["post-106022","post","type-post","status-publish","format-standard","has-post-thumbnail","hentry","category-actualites","category-architecture-conception","category-5facades","category-actualites-5facades","category-publications-atrium","category-atrium","tag-ardoise"],"yoast_head":"<!-- This site is optimized with the Yoast SEO plugin v27.4 - https:\/\/yoast.com\/product\/yoast-seo-wordpress\/ -->\n<title>L\u2019Euro-CUPACLAD : qui sera le champion ?<\/title>\n<meta name=\"robots\" content=\"index, follow, max-snippet:-1, max-image-preview:large, max-video-preview:-1\" \/>\n<link rel=\"canonical\" href=\"https:\/\/batijournal.com\/index.php\/leuro-cupaclad-qui-sera-le-champion\/106022\/\" \/>\n<meta property=\"og:locale\" content=\"fr_FR\" \/>\n<meta property=\"og:type\" content=\"article\" \/>\n<meta property=\"og:title\" content=\"L\u2019Euro-CUPACLAD : qui sera le champion ?\" \/>\n<meta property=\"og:description\" content=\"En pleine finale de l\u2019Euro de football,\u00a0 CUPA PIZARRAS organise sa propre comp\u00e9tition. Les syst\u00e8mes de bardage en ardoise naturelle CUPACLAD sont pr\u00e9sents sur tout le continent, l\u2019entreprise propose d\u2019\u00e9lire le pays accueillant le meilleur projet. Chaque candidat est pr\u00e9sent\u00e9 sur le site web : https:\/\/www.cupapizarras.com\/fr\/actualite\/euro-cupaclad.\" \/>\n<meta property=\"og:url\" content=\"https:\/\/batijournal.com\/index.php\/leuro-cupaclad-qui-sera-le-champion\/106022\/\" \/>\n<meta property=\"og:site_name\" content=\"Batijournal\" \/>\n<meta property=\"article:published_time\" content=\"2021-06-23T03:14:42+00:00\" \/>\n<meta property=\"og:image\" content=\"https:\/\/batijournal.com\/wp-content\/uploads\/2021\/06\/eurocopa-cupaclad.jpg\" \/>\n\t<meta property=\"og:image:width\" content=\"1014\" \/>\n\t<meta property=\"og:image:height\" content=\"401\" \/>\n\t<meta property=\"og:image:type\" content=\"image\/jpeg\" \/>\n<meta name=\"author\" content=\"St\u00e9phane Miget\" \/>\n<meta name=\"twitter:card\" content=\"summary_large_image\" \/>\n<meta name=\"twitter:creator\" content=\"@bati_journal\" \/>\n<meta name=\"twitter:site\" content=\"@bati_journal\" \/>\n<meta name=\"twitter:label1\" content=\"\u00c9crit par\" \/>\n\t<meta name=\"twitter:data1\" content=\"St\u00e9phane Miget\" \/>\n<script type=\"application\/ld+json\" class=\"yoast-schema-graph\">{\"@context\":\"https:\\\/\\\/schema.org\",\"@graph\":[{\"@type\":\"Article\",\"@id\":\"https:\\\/\\\/batijournal.com\\\/index.php\\\/leuro-cupaclad-qui-sera-le-champion\\\/106022\\\/#article\",\"isPartOf\":{\"@id\":\"https:\\\/\\\/batijournal.com\\\/index.php\\\/leuro-cupaclad-qui-sera-le-champion\\\/106022\\\/\"},\"author\":{\"name\":\"St\u00e9phane Miget\",\"@id\":\"https:\\\/\\\/batijournal.com\\\/#\\\/schema\\\/person\\\/1dc96ec6957aa1ccb25ebe78bb19f100\"},\"headline\":\"L\u2019Euro-CUPACLAD : qui sera le champion ?\",\"datePublished\":\"2021-06-23T03:14:42+00:00\",\"mainEntityOfPage\":{\"@id\":\"https:\\\/\\\/batijournal.com\\\/index.php\\\/leuro-cupaclad-qui-sera-le-champion\\\/106022\\\/\"},\"wordCount\":64,\"image\":{\"@id\":\"https:\\\/\\\/batijournal.com\\\/index.php\\\/leuro-cupaclad-qui-sera-le-champion\\\/106022\\\/#primaryimage\"},\"thumbnailUrl\":\"https:\\\/\\\/batijournal.com\\\/wp-content\\\/uploads\\\/2021\\\/06\\\/eurocopa-cupaclad.jpg\",\"keywords\":[\"ardoise\"],\"articleSection\":[\"Actualit\u00e9s\",\"Architecture &amp; Conception\",\"zz_5fa\u00e7ades\",\"zz_Actualit\u00e9s - 5fa\u00e7ades\",\"zz_Actualit\u00e9s - Atrium\",\"zz_Atrium Patrimoine\"],\"inLanguage\":\"fr-FR\"},{\"@type\":\"WebPage\",\"@id\":\"https:\\\/\\\/batijournal.com\\\/index.php\\\/leuro-cupaclad-qui-sera-le-champion\\\/106022\\\/\",\"url\":\"https:\\\/\\\/batijournal.com\\\/index.php\\\/leuro-cupaclad-qui-sera-le-champion\\\/106022\\\/\",\"name\":\"L\u2019Euro-CUPACLAD : qui sera le champion ?\",\"isPartOf\":{\"@id\":\"https:\\\/\\\/batijournal.com\\\/#website\"},\"primaryImageOfPage\":{\"@id\":\"https:\\\/\\\/batijournal.com\\\/index.php\\\/leuro-cupaclad-qui-sera-le-champion\\\/106022\\\/#primaryimage\"},\"image\":{\"@id\":\"https:\\\/\\\/batijournal.com\\\/index.php\\\/leuro-cupaclad-qui-sera-le-champion\\\/106022\\\/#primaryimage\"},\"thumbnailUrl\":\"https:\\\/\\\/batijournal.com\\\/wp-content\\\/uploads\\\/2021\\\/06\\\/eurocopa-cupaclad.jpg\",\"datePublished\":\"2021-06-23T03:14:42+00:00\",\"author\":{\"@id\":\"https:\\\/\\\/batijournal.com\\\/#\\\/schema\\\/person\\\/1dc96ec6957aa1ccb25ebe78bb19f100\"},\"breadcrumb\":{\"@id\":\"https:\\\/\\\/batijournal.com\\\/index.php\\\/leuro-cupaclad-qui-sera-le-champion\\\/106022\\\/#breadcrumb\"},\"inLanguage\":\"fr-FR\",\"potentialAction\":[{\"@type\":\"ReadAction\",\"target\":[\"https:\\\/\\\/batijournal.com\\\/index.php\\\/leuro-cupaclad-qui-sera-le-champion\\\/106022\\\/\"]}]},{\"@type\":\"ImageObject\",\"inLanguage\":\"fr-FR\",\"@id\":\"https:\\\/\\\/batijournal.com\\\/index.php\\\/leuro-cupaclad-qui-sera-le-champion\\\/106022\\\/#primaryimage\",\"url\":\"https:\\\/\\\/batijournal.com\\\/wp-content\\\/uploads\\\/2021\\\/06\\\/eurocopa-cupaclad.jpg\",\"contentUrl\":\"https:\\\/\\\/batijournal.com\\\/wp-content\\\/uploads\\\/2021\\\/06\\\/eurocopa-cupaclad.jpg\",\"width\":1014,\"height\":401},{\"@type\":\"BreadcrumbList\",\"@id\":\"https:\\\/\\\/batijournal.com\\\/index.php\\\/leuro-cupaclad-qui-sera-le-champion\\\/106022\\\/#breadcrumb\",\"itemListElement\":[{\"@type\":\"ListItem\",\"position\":1,\"name\":\"Accueil\",\"item\":\"https:\\\/\\\/batijournal.com\\\/\"},{\"@type\":\"ListItem\",\"position\":2,\"name\":\"Actualit\u00e9s\",\"item\":\"https:\\\/\\\/batijournal.com\\\/index.php\\\/category\\\/actualites\\\/\"},{\"@type\":\"ListItem\",\"position\":3,\"name\":\"Architecture &amp; Conception\",\"item\":\"https:\\\/\\\/batijournal.com\\\/index.php\\\/category\\\/actualites\\\/architecture-conception\\\/\"},{\"@type\":\"ListItem\",\"position\":4,\"name\":\"L\u2019Euro-CUPACLAD : qui sera le champion ?\"}]},{\"@type\":\"WebSite\",\"@id\":\"https:\\\/\\\/batijournal.com\\\/#website\",\"url\":\"https:\\\/\\\/batijournal.com\\\/\",\"name\":\"Batijournal\",\"description\":\"L&#039;actualit\u00e9 du b\u00e2timent\",\"potentialAction\":[{\"@type\":\"SearchAction\",\"target\":{\"@type\":\"EntryPoint\",\"urlTemplate\":\"https:\\\/\\\/batijournal.com\\\/?s={search_term_string}\"},\"query-input\":{\"@type\":\"PropertyValueSpecification\",\"valueRequired\":true,\"valueName\":\"search_term_string\"}}],\"inLanguage\":\"fr-FR\"},{\"@type\":\"Person\",\"@id\":\"https:\\\/\\\/batijournal.com\\\/#\\\/schema\\\/person\\\/1dc96ec6957aa1ccb25ebe78bb19f100\",\"name\":\"St\u00e9phane Miget\",\"image\":{\"@type\":\"ImageObject\",\"inLanguage\":\"fr-FR\",\"@id\":\"https:\\\/\\\/secure.gravatar.com\\\/avatar\\\/89915563d925342126b8ef0281b93d9d7fc337043e8df017f780908eb9644451?s=96&d=mm&r=g\",\"url\":\"https:\\\/\\\/secure.gravatar.com\\\/avatar\\\/89915563d925342126b8ef0281b93d9d7fc337043e8df017f780908eb9644451?s=96&d=mm&r=g\",\"contentUrl\":\"https:\\\/\\\/secure.gravatar.com\\\/avatar\\\/89915563d925342126b8ef0281b93d9d7fc337043e8df017f780908eb9644451?s=96&d=mm&r=g\",\"caption\":\"St\u00e9phane Miget\"},\"url\":\"https:\\\/\\\/batijournal.com\\\/index.php\\\/author\\\/stephane\\\/\"}]}<\/script>\n<!-- \/ Yoast SEO plugin. -->","yoast_head_json":{"title":"L\u2019Euro-CUPACLAD : qui sera le champion ?","robots":{"index":"index","follow":"follow","max-snippet":"max-snippet:-1","max-image-preview":"max-image-preview:large","max-video-preview":"max-video-preview:-1"},"canonical":"https:\/\/batijournal.com\/index.php\/leuro-cupaclad-qui-sera-le-champion\/106022\/","og_locale":"fr_FR","og_type":"article","og_title":"L\u2019Euro-CUPACLAD : qui sera le champion ?","og_description":"En pleine finale de l\u2019Euro de football,\u00a0 CUPA PIZARRAS organise sa propre comp\u00e9tition. Les syst\u00e8mes de bardage en ardoise naturelle CUPACLAD sont pr\u00e9sents sur tout le continent, l\u2019entreprise propose d\u2019\u00e9lire le pays accueillant le meilleur projet. Chaque candidat est pr\u00e9sent\u00e9 sur le site web : https:\/\/www.cupapizarras.com\/fr\/actualite\/euro-cupaclad.","og_url":"https:\/\/batijournal.com\/index.php\/leuro-cupaclad-qui-sera-le-champion\/106022\/","og_site_name":"Batijournal","article_published_time":"2021-06-23T03:14:42+00:00","og_image":[{"width":1014,"height":401,"url":"https:\/\/batijournal.com\/wp-content\/uploads\/2021\/06\/eurocopa-cupaclad.jpg","type":"image\/jpeg"}],"author":"St\u00e9phane Miget","twitter_card":"summary_large_image","twitter_creator":"@bati_journal","twitter_site":"@bati_journal","twitter_misc":{"\u00c9crit par":"St\u00e9phane Miget"},"schema":{"@context":"https:\/\/schema.org","@graph":[{"@type":"Article","@id":"https:\/\/batijournal.com\/index.php\/leuro-cupaclad-qui-sera-le-champion\/106022\/#article","isPartOf":{"@id":"https:\/\/batijournal.com\/index.php\/leuro-cupaclad-qui-sera-le-champion\/106022\/"},"author":{"name":"St\u00e9phane Miget","@id":"https:\/\/batijournal.com\/#\/schema\/person\/1dc96ec6957aa1ccb25ebe78bb19f100"},"headline":"L\u2019Euro-CUPACLAD : qui sera le champion ?","datePublished":"2021-06-23T03:14:42+00:00","mainEntityOfPage":{"@id":"https:\/\/batijournal.com\/index.php\/leuro-cupaclad-qui-sera-le-champion\/106022\/"},"wordCount":64,"image":{"@id":"https:\/\/batijournal.com\/index.php\/leuro-cupaclad-qui-sera-le-champion\/106022\/#primaryimage"},"thumbnailUrl":"https:\/\/batijournal.com\/wp-content\/uploads\/2021\/06\/eurocopa-cupaclad.jpg","keywords":["ardoise"],"articleSection":["Actualit\u00e9s","Architecture &amp; Conception","zz_5fa\u00e7ades","zz_Actualit\u00e9s - 5fa\u00e7ades","zz_Actualit\u00e9s - Atrium","zz_Atrium Patrimoine"],"inLanguage":"fr-FR"},{"@type":"WebPage","@id":"https:\/\/batijournal.com\/index.php\/leuro-cupaclad-qui-sera-le-champion\/106022\/","url":"https:\/\/batijournal.com\/index.php\/leuro-cupaclad-qui-sera-le-champion\/106022\/","name":"L\u2019Euro-CUPACLAD : qui sera le champion ?","isPartOf":{"@id":"https:\/\/batijournal.com\/#website"},"primaryImageOfPage":{"@id":"https:\/\/batijournal.com\/index.php\/leuro-cupaclad-qui-sera-le-champion\/106022\/#primaryimage"},"image":{"@id":"https:\/\/batijournal.com\/index.php\/leuro-cupaclad-qui-sera-le-champion\/106022\/#primaryimage"},"thumbnailUrl":"https:\/\/batijournal.com\/wp-content\/uploads\/2021\/06\/eurocopa-cupaclad.jpg","datePublished":"2021-06-23T03:14:42+00:00","author":{"@id":"https:\/\/batijournal.com\/#\/schema\/person\/1dc96ec6957aa1ccb25ebe78bb19f100"},"breadcrumb":{"@id":"https:\/\/batijournal.com\/index.php\/leuro-cupaclad-qui-sera-le-champion\/106022\/#breadcrumb"},"inLanguage":"fr-FR","potentialAction":[{"@type":"ReadAction","target":["https:\/\/batijournal.com\/index.php\/leuro-cupaclad-qui-sera-le-champion\/106022\/"]}]},{"@type":"ImageObject","inLanguage":"fr-FR","@id":"https:\/\/batijournal.com\/index.php\/leuro-cupaclad-qui-sera-le-champion\/106022\/#primaryimage","url":"https:\/\/batijournal.com\/wp-content\/uploads\/2021\/06\/eurocopa-cupaclad.jpg","contentUrl":"https:\/\/batijournal.com\/wp-content\/uploads\/2021\/06\/eurocopa-cupaclad.jpg","width":1014,"height":401},{"@type":"BreadcrumbList","@id":"https:\/\/batijournal.com\/index.php\/leuro-cupaclad-qui-sera-le-champion\/106022\/#breadcrumb","itemListElement":[{"@type":"ListItem","position":1,"name":"Accueil","item":"https:\/\/batijournal.com\/"},{"@type":"ListItem","position":2,"name":"Actualit\u00e9s","item":"https:\/\/batijournal.com\/index.php\/category\/actualites\/"},{"@type":"ListItem","position":3,"name":"Architecture &amp; Conception","item":"https:\/\/batijournal.com\/index.php\/category\/actualites\/architecture-conception\/"},{"@type":"ListItem","position":4,"name":"L\u2019Euro-CUPACLAD : qui sera le champion ?"}]},{"@type":"WebSite","@id":"https:\/\/batijournal.com\/#website","url":"https:\/\/batijournal.com\/","name":"Batijournal","description":"L&#039;actualit\u00e9 du b\u00e2timent","potentialAction":[{"@type":"SearchAction","target":{"@type":"EntryPoint","urlTemplate":"https:\/\/batijournal.com\/?s={search_term_string}"},"query-input":{"@type":"PropertyValueSpecification","valueRequired":true,"valueName":"search_term_string"}}],"inLanguage":"fr-FR"},{"@type":"Person","@id":"https:\/\/batijournal.com\/#\/schema\/person\/1dc96ec6957aa1ccb25ebe78bb19f100","name":"St\u00e9phane Miget","image":{"@type":"ImageObject","inLanguage":"fr-FR","@id":"https:\/\/secure.gravatar.com\/avatar\/89915563d925342126b8ef0281b93d9d7fc337043e8df017f780908eb9644451?s=96&d=mm&r=g","url":"https:\/\/secure.gravatar.com\/avatar\/89915563d925342126b8ef0281b93d9d7fc337043e8df017f780908eb9644451?s=96&d=mm&r=g","contentUrl":"https:\/\/secure.gravatar.com\/avatar\/89915563d925342126b8ef0281b93d9d7fc337043e8df017f780908eb9644451?s=96&d=mm&r=g","caption":"St\u00e9phane Miget"},"url":"https:\/\/batijournal.com\/index.php\/author\/stephane\/"}]}},"_links":{"self":[{"href":"https:\/\/batijournal.com\/index.php\/wp-json\/wp\/v2\/posts\/106022","targetHints":{"allow":["GET"]}}],"collection":[{"href":"https:\/\/batijournal.com\/index.php\/wp-json\/wp\/v2\/posts"}],"about":[{"href":"https:\/\/batijournal.com\/index.php\/wp-json\/wp\/v2\/types\/post"}],"author":[{"embeddable":true,"href":"https:\/\/batijournal.com\/index.php\/wp-json\/wp\/v2\/users\/17"}],"replies":[{"embeddable":true,"href":"https:\/\/batijournal.com\/index.php\/wp-json\/wp\/v2\/comments?post=106022"}],"version-history":[{"count":0,"href":"https:\/\/batijournal.com\/index.php\/wp-json\/wp\/v2\/posts\/106022\/revisions"}],"wp:featuredmedia":[{"embeddable":true,"href":"https:\/\/batijournal.com\/index.php\/wp-json\/wp\/v2\/media\/106023"}],"wp:attachment":[{"href":"https:\/\/batijournal.com\/index.php\/wp-json\/wp\/v2\/media?parent=106022"}],"wp:term":[{"taxonomy":"category","embeddable":true,"href":"https:\/\/batijournal.com\/index.php\/wp-json\/wp\/v2\/categories?post=106022"},{"taxonomy":"post_tag","embeddable":true,"href":"https:\/\/batijournal.com\/index.php\/wp-json\/wp\/v2\/tags?post=106022"}],"curies":[{"name":"wp","href":"https:\/\/api.w.org\/{rel}","templated":true}]}}