{"id":106024,"date":"2021-06-23T05:15:52","date_gmt":"2021-06-23T03:15:52","guid":{"rendered":"https:\/\/batijournal.com\/?p=106024"},"modified":"2021-06-23T05:15:52","modified_gmt":"2021-06-23T03:15:52","slug":"des-associations-demandent-la-restitution-du-potager-du-roi-au-chateau-de-versailles","status":"publish","type":"post","link":"https:\/\/batijournal.com\/index.php\/des-associations-demandent-la-restitution-du-potager-du-roi-au-chateau-de-versailles\/106024\/","title":{"rendered":"Des associations demandent la restitution du Potager du roi au ch\u00e2teau de Versailles"},"content":{"rendered":"<p>Il y a 150 ans, l\u2019Etat a eu la sagesse de confier la gestion du Potager du Roi au minist\u00e8re de l\u2019Agriculture et de l\u2019Alimentation. Aujourd\u2019hui, il doit avoir la sagesse de confier cette gestion \u00e0 nouveau au domaine de Versailles. C\u2019est l\u2019appel lanc\u00e9 par les Amis du Potager du Roi, Sites &amp; Monuments et quatre autres associations de d\u00e9fense du patrimoine\u00a0: La Demeure Historique, Patrimoine Environnement, Les Vieilles Maisons Fran\u00e7aises et Yvelines Environnement.<\/p>\n<p>Le Potager du Roi a \u00e9t\u00e9 d\u00e9tach\u00e9 du ch\u00e2teau de Versailles en 1871 et confi\u00e9 au minist\u00e8re de l\u2019Agriculture pour le sauver de la destruction et en faire l\u2019Ecole Nationale d\u2019Horticulture (ENH). L\u2019ENH a restaur\u00e9 le Potager et en a fait un magnifique jardin d\u2019exposition et d\u2019enseignement de l\u2019horticulture et y a notamment constitu\u00e9 une collection unique au monde d\u2019arbres fruitiers conduits en espaliers, contre-espaliers et autres formes en volume. Malheureusement, en 1995, elle a quitt\u00e9 le site et, faute de volont\u00e9 strat\u00e9gique, la conservation du Potager a \u00e9t\u00e9 laiss\u00e9e \u00e0 l\u2019Ecole Nationale de Paysage (ENSP), une \u00e9cole renomm\u00e9e mais sans comp\u00e9tences (et sans ressources) en mati\u00e8re d\u2019horticulture et de conservation d\u2019un jardin historique. Depuis plus de 25 ans, le Potager du Roi se d\u00e9t\u00e9riore et sa collection d\u2019arbres fruitiers disparait inexorablement. Tout visiteur peut constater que le jardin est aujourd\u2019hui au bord de l\u2019effondrement. Il s\u2019agit maintenant d\u2019organiser le sauvetage d\u2019un jardin en perdition.<\/p>\n<p>Un rapport du Minist\u00e8re de l\u2019Agriculture pr\u00e9conise d\u2019externaliser la gestion des fonctions du Potager qui ne correspondent pas au c\u0153ur de m\u00e9tier de l\u2019ENSP (production et commercialisation, \u00e9v\u00e9nements, billetterie, chantier de restauration\u2026), soit \u00e0 peu pr\u00e8s tout. Un changement de responsables \u00e0 l\u2019ENSP et au domaine de Versailles doit \u00e9galement avoir lieu, permettant de renouveler les collaborations. Les associations soutiennent la proposition d\u2019externalisation de la gestion du Potager du Roi par un rattachement du Potager au domaine de Versailles qui a toutes les comp\u00e9tences requises pour conserver \u2013 et r\u00e9enchanter &#8211; ce jardin historique. Cela permettrait \u00e9galement d\u2019avancer de fa\u00e7on significative dans le remembrement du domaine de Versailles, le Potager \u00e9tant d\u2019ailleurs d\u00e9sign\u00e9 par le d\u00e9cret constitutif de l\u2019\u00e9tablissement public de Versailles comme devant lui revenir, \u00e0 terme. Elles souhaitent que ce retour anticip\u00e9 s\u2019effectue dans le plus grand respect de toutes les parties prenantes et que le minist\u00e8re de l\u2019Agriculture et de l\u2019Alimentation reste associ\u00e9, dans ce nouveau cadre op\u00e9rationnel, \u00e0 la mise en valeur d\u2019un jardin qui a vocation \u00e0 redevenir l\u2019expression de l\u2019excellence horticole Fran\u00e7aise.<\/p>\n","protected":false},"excerpt":{"rendered":"<p>Il y a 150 ans, l\u2019Etat a eu la sagesse de confier la gestion du Potager du Roi au minist\u00e8re de l\u2019Agriculture et de l\u2019Alimentation. Aujourd\u2019hui, il doit avoir la sagesse de confier cette gestion \u00e0 nouveau au domaine de Versailles. C\u2019est l\u2019appel lanc\u00e9 par les Amis du Potager du Roi, Sites &amp; Monuments et [&hellip;]<\/p>\n","protected":false},"author":17,"featured_media":106025,"comment_status":"closed","ping_status":"closed","sticky":false,"template":"","format":"standard","meta":{"_et_pb_use_builder":"","_et_pb_old_content":"","_et_gb_content_width":"","footnotes":""},"categories":[10530,6362,10789,10785],"tags":[4199],"class_list":["post-106024","post","type-post","status-publish","format-standard","has-post-thumbnail","hentry","category-actualites","category-services-equipements","category-publications-atrium","category-atrium","tag-jardin"],"yoast_head":"<!-- This site is optimized with the Yoast SEO plugin v27.4 - https:\/\/yoast.com\/product\/yoast-seo-wordpress\/ -->\n<title>Des associations demandent la restitution du Potager du roi au ch\u00e2teau de Versailles<\/title>\n<meta name=\"robots\" content=\"index, follow, max-snippet:-1, max-image-preview:large, max-video-preview:-1\" \/>\n<link rel=\"canonical\" href=\"https:\/\/batijournal.com\/index.php\/des-associations-demandent-la-restitution-du-potager-du-roi-au-chateau-de-versailles\/106024\/\" \/>\n<meta property=\"og:locale\" content=\"fr_FR\" \/>\n<meta property=\"og:type\" content=\"article\" \/>\n<meta property=\"og:title\" content=\"Des associations demandent la restitution du Potager du roi au ch\u00e2teau de Versailles\" \/>\n<meta property=\"og:description\" content=\"Il y a 150 ans, l\u2019Etat a eu la sagesse de confier la gestion du Potager du Roi au minist\u00e8re de l\u2019Agriculture et de l\u2019Alimentation. Aujourd\u2019hui, il doit avoir la sagesse de confier cette gestion \u00e0 nouveau au domaine de Versailles. C\u2019est l\u2019appel lanc\u00e9 par les Amis du Potager du Roi, Sites &amp; Monuments et [&hellip;]\" \/>\n<meta property=\"og:url\" content=\"https:\/\/batijournal.com\/index.php\/des-associations-demandent-la-restitution-du-potager-du-roi-au-chateau-de-versailles\/106024\/\" \/>\n<meta property=\"og:site_name\" content=\"Batijournal\" \/>\n<meta property=\"article:published_time\" content=\"2021-06-23T03:15:52+00:00\" \/>\n<meta property=\"og:image\" content=\"https:\/\/batijournal.com\/wp-content\/uploads\/2021\/06\/pot1b.jpg\" \/>\n\t<meta property=\"og:image:width\" content=\"926\" \/>\n\t<meta property=\"og:image:height\" content=\"650\" \/>\n\t<meta property=\"og:image:type\" content=\"image\/jpeg\" \/>\n<meta name=\"author\" content=\"St\u00e9phane Miget\" \/>\n<meta name=\"twitter:card\" content=\"summary_large_image\" \/>\n<meta name=\"twitter:creator\" content=\"@bati_journal\" \/>\n<meta name=\"twitter:site\" content=\"@bati_journal\" \/>\n<meta name=\"twitter:label1\" content=\"\u00c9crit par\" \/>\n\t<meta name=\"twitter:data1\" content=\"St\u00e9phane Miget\" \/>\n\t<meta name=\"twitter:label2\" content=\"Dur\u00e9e de lecture estim\u00e9e\" \/>\n\t<meta name=\"twitter:data2\" content=\"2 minutes\" \/>\n<script type=\"application\/ld+json\" class=\"yoast-schema-graph\">{\"@context\":\"https:\\\/\\\/schema.org\",\"@graph\":[{\"@type\":\"Article\",\"@id\":\"https:\\\/\\\/batijournal.com\\\/index.php\\\/des-associations-demandent-la-restitution-du-potager-du-roi-au-chateau-de-versailles\\\/106024\\\/#article\",\"isPartOf\":{\"@id\":\"https:\\\/\\\/batijournal.com\\\/index.php\\\/des-associations-demandent-la-restitution-du-potager-du-roi-au-chateau-de-versailles\\\/106024\\\/\"},\"author\":{\"name\":\"St\u00e9phane Miget\",\"@id\":\"https:\\\/\\\/batijournal.com\\\/#\\\/schema\\\/person\\\/1dc96ec6957aa1ccb25ebe78bb19f100\"},\"headline\":\"Des associations demandent la restitution du Potager du roi au ch\u00e2teau de Versailles\",\"datePublished\":\"2021-06-23T03:15:52+00:00\",\"mainEntityOfPage\":{\"@id\":\"https:\\\/\\\/batijournal.com\\\/index.php\\\/des-associations-demandent-la-restitution-du-potager-du-roi-au-chateau-de-versailles\\\/106024\\\/\"},\"wordCount\":473,\"image\":{\"@id\":\"https:\\\/\\\/batijournal.com\\\/index.php\\\/des-associations-demandent-la-restitution-du-potager-du-roi-au-chateau-de-versailles\\\/106024\\\/#primaryimage\"},\"thumbnailUrl\":\"https:\\\/\\\/batijournal.com\\\/wp-content\\\/uploads\\\/2021\\\/06\\\/pot1b.jpg\",\"keywords\":[\"jardin\"],\"articleSection\":[\"Actualit\u00e9s\",\"Divers\",\"zz_Actualit\u00e9s - Atrium\",\"zz_Atrium Patrimoine\"],\"inLanguage\":\"fr-FR\"},{\"@type\":\"WebPage\",\"@id\":\"https:\\\/\\\/batijournal.com\\\/index.php\\\/des-associations-demandent-la-restitution-du-potager-du-roi-au-chateau-de-versailles\\\/106024\\\/\",\"url\":\"https:\\\/\\\/batijournal.com\\\/index.php\\\/des-associations-demandent-la-restitution-du-potager-du-roi-au-chateau-de-versailles\\\/106024\\\/\",\"name\":\"Des associations demandent la restitution du Potager du roi au ch\u00e2teau de Versailles\",\"isPartOf\":{\"@id\":\"https:\\\/\\\/batijournal.com\\\/#website\"},\"primaryImageOfPage\":{\"@id\":\"https:\\\/\\\/batijournal.com\\\/index.php\\\/des-associations-demandent-la-restitution-du-potager-du-roi-au-chateau-de-versailles\\\/106024\\\/#primaryimage\"},\"image\":{\"@id\":\"https:\\\/\\\/batijournal.com\\\/index.php\\\/des-associations-demandent-la-restitution-du-potager-du-roi-au-chateau-de-versailles\\\/106024\\\/#primaryimage\"},\"thumbnailUrl\":\"https:\\\/\\\/batijournal.com\\\/wp-content\\\/uploads\\\/2021\\\/06\\\/pot1b.jpg\",\"datePublished\":\"2021-06-23T03:15:52+00:00\",\"author\":{\"@id\":\"https:\\\/\\\/batijournal.com\\\/#\\\/schema\\\/person\\\/1dc96ec6957aa1ccb25ebe78bb19f100\"},\"breadcrumb\":{\"@id\":\"https:\\\/\\\/batijournal.com\\\/index.php\\\/des-associations-demandent-la-restitution-du-potager-du-roi-au-chateau-de-versailles\\\/106024\\\/#breadcrumb\"},\"inLanguage\":\"fr-FR\",\"potentialAction\":[{\"@type\":\"ReadAction\",\"target\":[\"https:\\\/\\\/batijournal.com\\\/index.php\\\/des-associations-demandent-la-restitution-du-potager-du-roi-au-chateau-de-versailles\\\/106024\\\/\"]}]},{\"@type\":\"ImageObject\",\"inLanguage\":\"fr-FR\",\"@id\":\"https:\\\/\\\/batijournal.com\\\/index.php\\\/des-associations-demandent-la-restitution-du-potager-du-roi-au-chateau-de-versailles\\\/106024\\\/#primaryimage\",\"url\":\"https:\\\/\\\/batijournal.com\\\/wp-content\\\/uploads\\\/2021\\\/06\\\/pot1b.jpg\",\"contentUrl\":\"https:\\\/\\\/batijournal.com\\\/wp-content\\\/uploads\\\/2021\\\/06\\\/pot1b.jpg\",\"width\":926,\"height\":650},{\"@type\":\"BreadcrumbList\",\"@id\":\"https:\\\/\\\/batijournal.com\\\/index.php\\\/des-associations-demandent-la-restitution-du-potager-du-roi-au-chateau-de-versailles\\\/106024\\\/#breadcrumb\",\"itemListElement\":[{\"@type\":\"ListItem\",\"position\":1,\"name\":\"Accueil\",\"item\":\"https:\\\/\\\/batijournal.com\\\/\"},{\"@type\":\"ListItem\",\"position\":2,\"name\":\"Actualit\u00e9s\",\"item\":\"https:\\\/\\\/batijournal.com\\\/index.php\\\/category\\\/actualites\\\/\"},{\"@type\":\"ListItem\",\"position\":3,\"name\":\"Divers\",\"item\":\"https:\\\/\\\/batijournal.com\\\/index.php\\\/category\\\/actualites\\\/services-equipements\\\/\"},{\"@type\":\"ListItem\",\"position\":4,\"name\":\"Des associations demandent la restitution du Potager du roi au ch\u00e2teau de Versailles\"}]},{\"@type\":\"WebSite\",\"@id\":\"https:\\\/\\\/batijournal.com\\\/#website\",\"url\":\"https:\\\/\\\/batijournal.com\\\/\",\"name\":\"Batijournal\",\"description\":\"L&#039;actualit\u00e9 du b\u00e2timent\",\"potentialAction\":[{\"@type\":\"SearchAction\",\"target\":{\"@type\":\"EntryPoint\",\"urlTemplate\":\"https:\\\/\\\/batijournal.com\\\/?s={search_term_string}\"},\"query-input\":{\"@type\":\"PropertyValueSpecification\",\"valueRequired\":true,\"valueName\":\"search_term_string\"}}],\"inLanguage\":\"fr-FR\"},{\"@type\":\"Person\",\"@id\":\"https:\\\/\\\/batijournal.com\\\/#\\\/schema\\\/person\\\/1dc96ec6957aa1ccb25ebe78bb19f100\",\"name\":\"St\u00e9phane Miget\",\"image\":{\"@type\":\"ImageObject\",\"inLanguage\":\"fr-FR\",\"@id\":\"https:\\\/\\\/secure.gravatar.com\\\/avatar\\\/89915563d925342126b8ef0281b93d9d7fc337043e8df017f780908eb9644451?s=96&d=mm&r=g\",\"url\":\"https:\\\/\\\/secure.gravatar.com\\\/avatar\\\/89915563d925342126b8ef0281b93d9d7fc337043e8df017f780908eb9644451?s=96&d=mm&r=g\",\"contentUrl\":\"https:\\\/\\\/secure.gravatar.com\\\/avatar\\\/89915563d925342126b8ef0281b93d9d7fc337043e8df017f780908eb9644451?s=96&d=mm&r=g\",\"caption\":\"St\u00e9phane Miget\"},\"url\":\"https:\\\/\\\/batijournal.com\\\/index.php\\\/author\\\/stephane\\\/\"}]}<\/script>\n<!-- \/ Yoast SEO plugin. -->","yoast_head_json":{"title":"Des associations demandent la restitution du Potager du roi au ch\u00e2teau de Versailles","robots":{"index":"index","follow":"follow","max-snippet":"max-snippet:-1","max-image-preview":"max-image-preview:large","max-video-preview":"max-video-preview:-1"},"canonical":"https:\/\/batijournal.com\/index.php\/des-associations-demandent-la-restitution-du-potager-du-roi-au-chateau-de-versailles\/106024\/","og_locale":"fr_FR","og_type":"article","og_title":"Des associations demandent la restitution du Potager du roi au ch\u00e2teau de Versailles","og_description":"Il y a 150 ans, l\u2019Etat a eu la sagesse de confier la gestion du Potager du Roi au minist\u00e8re de l\u2019Agriculture et de l\u2019Alimentation. Aujourd\u2019hui, il doit avoir la sagesse de confier cette gestion \u00e0 nouveau au domaine de Versailles. C\u2019est l\u2019appel lanc\u00e9 par les Amis du Potager du Roi, Sites &amp; Monuments et [&hellip;]","og_url":"https:\/\/batijournal.com\/index.php\/des-associations-demandent-la-restitution-du-potager-du-roi-au-chateau-de-versailles\/106024\/","og_site_name":"Batijournal","article_published_time":"2021-06-23T03:15:52+00:00","og_image":[{"width":926,"height":650,"url":"https:\/\/batijournal.com\/wp-content\/uploads\/2021\/06\/pot1b.jpg","type":"image\/jpeg"}],"author":"St\u00e9phane Miget","twitter_card":"summary_large_image","twitter_creator":"@bati_journal","twitter_site":"@bati_journal","twitter_misc":{"\u00c9crit par":"St\u00e9phane Miget","Dur\u00e9e de lecture estim\u00e9e":"2 minutes"},"schema":{"@context":"https:\/\/schema.org","@graph":[{"@type":"Article","@id":"https:\/\/batijournal.com\/index.php\/des-associations-demandent-la-restitution-du-potager-du-roi-au-chateau-de-versailles\/106024\/#article","isPartOf":{"@id":"https:\/\/batijournal.com\/index.php\/des-associations-demandent-la-restitution-du-potager-du-roi-au-chateau-de-versailles\/106024\/"},"author":{"name":"St\u00e9phane Miget","@id":"https:\/\/batijournal.com\/#\/schema\/person\/1dc96ec6957aa1ccb25ebe78bb19f100"},"headline":"Des associations demandent la restitution du Potager du roi au ch\u00e2teau de Versailles","datePublished":"2021-06-23T03:15:52+00:00","mainEntityOfPage":{"@id":"https:\/\/batijournal.com\/index.php\/des-associations-demandent-la-restitution-du-potager-du-roi-au-chateau-de-versailles\/106024\/"},"wordCount":473,"image":{"@id":"https:\/\/batijournal.com\/index.php\/des-associations-demandent-la-restitution-du-potager-du-roi-au-chateau-de-versailles\/106024\/#primaryimage"},"thumbnailUrl":"https:\/\/batijournal.com\/wp-content\/uploads\/2021\/06\/pot1b.jpg","keywords":["jardin"],"articleSection":["Actualit\u00e9s","Divers","zz_Actualit\u00e9s - Atrium","zz_Atrium Patrimoine"],"inLanguage":"fr-FR"},{"@type":"WebPage","@id":"https:\/\/batijournal.com\/index.php\/des-associations-demandent-la-restitution-du-potager-du-roi-au-chateau-de-versailles\/106024\/","url":"https:\/\/batijournal.com\/index.php\/des-associations-demandent-la-restitution-du-potager-du-roi-au-chateau-de-versailles\/106024\/","name":"Des associations demandent la restitution du Potager du roi au ch\u00e2teau de Versailles","isPartOf":{"@id":"https:\/\/batijournal.com\/#website"},"primaryImageOfPage":{"@id":"https:\/\/batijournal.com\/index.php\/des-associations-demandent-la-restitution-du-potager-du-roi-au-chateau-de-versailles\/106024\/#primaryimage"},"image":{"@id":"https:\/\/batijournal.com\/index.php\/des-associations-demandent-la-restitution-du-potager-du-roi-au-chateau-de-versailles\/106024\/#primaryimage"},"thumbnailUrl":"https:\/\/batijournal.com\/wp-content\/uploads\/2021\/06\/pot1b.jpg","datePublished":"2021-06-23T03:15:52+00:00","author":{"@id":"https:\/\/batijournal.com\/#\/schema\/person\/1dc96ec6957aa1ccb25ebe78bb19f100"},"breadcrumb":{"@id":"https:\/\/batijournal.com\/index.php\/des-associations-demandent-la-restitution-du-potager-du-roi-au-chateau-de-versailles\/106024\/#breadcrumb"},"inLanguage":"fr-FR","potentialAction":[{"@type":"ReadAction","target":["https:\/\/batijournal.com\/index.php\/des-associations-demandent-la-restitution-du-potager-du-roi-au-chateau-de-versailles\/106024\/"]}]},{"@type":"ImageObject","inLanguage":"fr-FR","@id":"https:\/\/batijournal.com\/index.php\/des-associations-demandent-la-restitution-du-potager-du-roi-au-chateau-de-versailles\/106024\/#primaryimage","url":"https:\/\/batijournal.com\/wp-content\/uploads\/2021\/06\/pot1b.jpg","contentUrl":"https:\/\/batijournal.com\/wp-content\/uploads\/2021\/06\/pot1b.jpg","width":926,"height":650},{"@type":"BreadcrumbList","@id":"https:\/\/batijournal.com\/index.php\/des-associations-demandent-la-restitution-du-potager-du-roi-au-chateau-de-versailles\/106024\/#breadcrumb","itemListElement":[{"@type":"ListItem","position":1,"name":"Accueil","item":"https:\/\/batijournal.com\/"},{"@type":"ListItem","position":2,"name":"Actualit\u00e9s","item":"https:\/\/batijournal.com\/index.php\/category\/actualites\/"},{"@type":"ListItem","position":3,"name":"Divers","item":"https:\/\/batijournal.com\/index.php\/category\/actualites\/services-equipements\/"},{"@type":"ListItem","position":4,"name":"Des associations demandent la restitution du Potager du roi au ch\u00e2teau de Versailles"}]},{"@type":"WebSite","@id":"https:\/\/batijournal.com\/#website","url":"https:\/\/batijournal.com\/","name":"Batijournal","description":"L&#039;actualit\u00e9 du b\u00e2timent","potentialAction":[{"@type":"SearchAction","target":{"@type":"EntryPoint","urlTemplate":"https:\/\/batijournal.com\/?s={search_term_string}"},"query-input":{"@type":"PropertyValueSpecification","valueRequired":true,"valueName":"search_term_string"}}],"inLanguage":"fr-FR"},{"@type":"Person","@id":"https:\/\/batijournal.com\/#\/schema\/person\/1dc96ec6957aa1ccb25ebe78bb19f100","name":"St\u00e9phane Miget","image":{"@type":"ImageObject","inLanguage":"fr-FR","@id":"https:\/\/secure.gravatar.com\/avatar\/89915563d925342126b8ef0281b93d9d7fc337043e8df017f780908eb9644451?s=96&d=mm&r=g","url":"https:\/\/secure.gravatar.com\/avatar\/89915563d925342126b8ef0281b93d9d7fc337043e8df017f780908eb9644451?s=96&d=mm&r=g","contentUrl":"https:\/\/secure.gravatar.com\/avatar\/89915563d925342126b8ef0281b93d9d7fc337043e8df017f780908eb9644451?s=96&d=mm&r=g","caption":"St\u00e9phane Miget"},"url":"https:\/\/batijournal.com\/index.php\/author\/stephane\/"}]}},"_links":{"self":[{"href":"https:\/\/batijournal.com\/index.php\/wp-json\/wp\/v2\/posts\/106024","targetHints":{"allow":["GET"]}}],"collection":[{"href":"https:\/\/batijournal.com\/index.php\/wp-json\/wp\/v2\/posts"}],"about":[{"href":"https:\/\/batijournal.com\/index.php\/wp-json\/wp\/v2\/types\/post"}],"author":[{"embeddable":true,"href":"https:\/\/batijournal.com\/index.php\/wp-json\/wp\/v2\/users\/17"}],"replies":[{"embeddable":true,"href":"https:\/\/batijournal.com\/index.php\/wp-json\/wp\/v2\/comments?post=106024"}],"version-history":[{"count":0,"href":"https:\/\/batijournal.com\/index.php\/wp-json\/wp\/v2\/posts\/106024\/revisions"}],"wp:featuredmedia":[{"embeddable":true,"href":"https:\/\/batijournal.com\/index.php\/wp-json\/wp\/v2\/media\/106025"}],"wp:attachment":[{"href":"https:\/\/batijournal.com\/index.php\/wp-json\/wp\/v2\/media?parent=106024"}],"wp:term":[{"taxonomy":"category","embeddable":true,"href":"https:\/\/batijournal.com\/index.php\/wp-json\/wp\/v2\/categories?post=106024"},{"taxonomy":"post_tag","embeddable":true,"href":"https:\/\/batijournal.com\/index.php\/wp-json\/wp\/v2\/tags?post=106024"}],"curies":[{"name":"wp","href":"https:\/\/api.w.org\/{rel}","templated":true}]}}