{"id":106035,"date":"2021-06-25T21:35:00","date_gmt":"2021-06-25T19:35:00","guid":{"rendered":"https:\/\/batijournal.com\/?p=106035"},"modified":"2021-06-26T16:54:45","modified_gmt":"2021-06-26T14:54:45","slug":"jean-michel-servant-nouveau-president-de-france-bois-foret","status":"publish","type":"post","link":"https:\/\/batijournal.com\/index.php\/jean-michel-servant-nouveau-president-de-france-bois-foret\/106035\/","title":{"rendered":"Jean-Michel SERVANT, nouveau Pr\u00e9sident de France Bois For\u00eat"},"content":{"rendered":"<p>Le 23 juin 2021, l&rsquo;Assembl\u00e9e G\u00e9n\u00e9rale de France Bois For\u00eat a \u00e9lu \u00e0 l&rsquo;unanimit\u00e9 son nouveau Pr\u00e9sident, Jean-Michel SERVANT, pour un mandat de trois ans. Ing\u00e9nieur et consultant, Jean-Michel SERVANT a, depuis 2006, consacr\u00e9 son parcours professionnel \u00e0 contribuer au d\u00e9veloppement de la fili\u00e8re for\u00eat-bois nationale, sous l&rsquo;angle technique et \u00e9conomique. Il a notamment anim\u00e9 la commission \u00ab\u00a0Montage de Projets\u00a0\u00bb du CIBE et r\u00e9alis\u00e9 pour l&rsquo;ADEME plusieurs \u00e9tudes (co\u00fbts d&rsquo;investissement et d&rsquo;exploitation des chaufferies collectives au bois, usage des granul\u00e9s de bois dans le collectif&#8230;). Forestier priv\u00e9, g\u00e9rant d&rsquo;un Groupement Forestier familial en Poitou-Charentes, Jean-Michel SERVANT a \u00e9t\u00e9 administrateur d&rsquo;un syndicat local de Fransylva. Il est administrateur du GDF79 et conseiller suppl\u00e9ant au Centre National de la Propri\u00e9t\u00e9 Foresti\u00e8re (CNPF) en Nouvelle-Aquitaine. Il fait \u00e9galement partie des fondateurs de FORINVEST Business Angels. Il a \u00e9galement r\u00e9alis\u00e9 une \u00e9tude sur le d\u00e9veloppement de l&rsquo;usage des bois locaux dans la construction. Jean-Michel SERVANT a salu\u00e9 le travail consid\u00e9rable accompli par Michel DRUILHE, son pr\u00e9d\u00e9cesseur, particuli\u00e8rement les avanc\u00e9es concr\u00e9tis\u00e9es par le plan de relance en faveur du reboisement, par la reconnaissance du r\u00f4le d\u00e9carbonant de l&rsquo;usage du bois dans la RE2020, et par le plan ambition bois construction 2030 partag\u00e9 avec le CSF, FBIE et Fibois France.<span class=\"Apple-converted-space\">\u00a0<\/span><\/p>\n","protected":false},"excerpt":{"rendered":"<p>Le 23 juin 2021, l&rsquo;Assembl\u00e9e G\u00e9n\u00e9rale de France Bois For\u00eat a \u00e9lu \u00e0 l&rsquo;unanimit\u00e9 son nouveau Pr\u00e9sident, Jean-Michel SERVANT, pour un mandat de trois ans. Ing\u00e9nieur et consultant, Jean-Michel SERVANT a, depuis 2006, consacr\u00e9 son parcours professionnel \u00e0 contribuer au d\u00e9veloppement de la fili\u00e8re for\u00eat-bois nationale, sous l&rsquo;angle technique et \u00e9conomique. Il a notamment anim\u00e9 [&hellip;]<\/p>\n","protected":false},"author":17,"featured_media":106038,"comment_status":"closed","ping_status":"closed","sticky":false,"template":"","format":"standard","meta":{"_et_pb_use_builder":"","_et_pb_old_content":"","_et_gb_content_width":"","footnotes":""},"categories":[10530,6362,10769,10764],"tags":[],"class_list":["post-106035","post","type-post","status-publish","format-standard","has-post-thumbnail","hentry","category-actualites","category-services-equipements","category-publications","category-woodsurfer"],"yoast_head":"<!-- This site is optimized with the Yoast SEO plugin v27.4 - https:\/\/yoast.com\/product\/yoast-seo-wordpress\/ -->\n<title>Jean-Michel SERVANT, nouveau Pr\u00e9sident de France Bois For\u00eat<\/title>\n<meta name=\"robots\" content=\"index, follow, max-snippet:-1, max-image-preview:large, max-video-preview:-1\" \/>\n<link rel=\"canonical\" href=\"https:\/\/batijournal.com\/index.php\/jean-michel-servant-nouveau-president-de-france-bois-foret\/106035\/\" \/>\n<meta property=\"og:locale\" content=\"fr_FR\" \/>\n<meta property=\"og:type\" content=\"article\" \/>\n<meta property=\"og:title\" content=\"Jean-Michel SERVANT, nouveau Pr\u00e9sident de France Bois For\u00eat\" \/>\n<meta property=\"og:description\" content=\"Le 23 juin 2021, l&rsquo;Assembl\u00e9e G\u00e9n\u00e9rale de France Bois For\u00eat a \u00e9lu \u00e0 l&rsquo;unanimit\u00e9 son nouveau Pr\u00e9sident, Jean-Michel SERVANT, pour un mandat de trois ans. Ing\u00e9nieur et consultant, Jean-Michel SERVANT a, depuis 2006, consacr\u00e9 son parcours professionnel \u00e0 contribuer au d\u00e9veloppement de la fili\u00e8re for\u00eat-bois nationale, sous l&rsquo;angle technique et \u00e9conomique. Il a notamment anim\u00e9 [&hellip;]\" \/>\n<meta property=\"og:url\" content=\"https:\/\/batijournal.com\/index.php\/jean-michel-servant-nouveau-president-de-france-bois-foret\/106035\/\" \/>\n<meta property=\"og:site_name\" content=\"Batijournal\" \/>\n<meta property=\"article:published_time\" content=\"2021-06-25T19:35:00+00:00\" \/>\n<meta property=\"article:modified_time\" content=\"2021-06-26T14:54:45+00:00\" \/>\n<meta property=\"og:image\" content=\"https:\/\/batijournal.com\/wp-content\/uploads\/2021\/06\/Jean-Michel-SERVANT.png\" \/>\n\t<meta property=\"og:image:width\" content=\"587\" \/>\n\t<meta property=\"og:image:height\" content=\"410\" \/>\n\t<meta property=\"og:image:type\" content=\"image\/png\" \/>\n<meta name=\"author\" content=\"St\u00e9phane Miget\" \/>\n<meta name=\"twitter:card\" content=\"summary_large_image\" \/>\n<meta name=\"twitter:creator\" content=\"@bati_journal\" \/>\n<meta name=\"twitter:site\" content=\"@bati_journal\" \/>\n<meta name=\"twitter:label1\" content=\"\u00c9crit par\" \/>\n\t<meta name=\"twitter:data1\" content=\"St\u00e9phane Miget\" \/>\n\t<meta name=\"twitter:label2\" content=\"Dur\u00e9e de lecture estim\u00e9e\" \/>\n\t<meta name=\"twitter:data2\" content=\"1 minute\" \/>\n<script type=\"application\/ld+json\" class=\"yoast-schema-graph\">{\"@context\":\"https:\\\/\\\/schema.org\",\"@graph\":[{\"@type\":\"Article\",\"@id\":\"https:\\\/\\\/batijournal.com\\\/index.php\\\/jean-michel-servant-nouveau-president-de-france-bois-foret\\\/106035\\\/#article\",\"isPartOf\":{\"@id\":\"https:\\\/\\\/batijournal.com\\\/index.php\\\/jean-michel-servant-nouveau-president-de-france-bois-foret\\\/106035\\\/\"},\"author\":{\"name\":\"St\u00e9phane Miget\",\"@id\":\"https:\\\/\\\/batijournal.com\\\/#\\\/schema\\\/person\\\/1dc96ec6957aa1ccb25ebe78bb19f100\"},\"headline\":\"Jean-Michel SERVANT, nouveau Pr\u00e9sident de France Bois For\u00eat\",\"datePublished\":\"2021-06-25T19:35:00+00:00\",\"dateModified\":\"2021-06-26T14:54:45+00:00\",\"mainEntityOfPage\":{\"@id\":\"https:\\\/\\\/batijournal.com\\\/index.php\\\/jean-michel-servant-nouveau-president-de-france-bois-foret\\\/106035\\\/\"},\"wordCount\":245,\"image\":{\"@id\":\"https:\\\/\\\/batijournal.com\\\/index.php\\\/jean-michel-servant-nouveau-president-de-france-bois-foret\\\/106035\\\/#primaryimage\"},\"thumbnailUrl\":\"https:\\\/\\\/batijournal.com\\\/wp-content\\\/uploads\\\/2021\\\/06\\\/Jean-Michel-SERVANT.png\",\"articleSection\":[\"Actualit\u00e9s\",\"Divers\",\"zz_Actualit\u00e9s - Woodsurfer\",\"zz_Woodsurfer\"],\"inLanguage\":\"fr-FR\"},{\"@type\":\"WebPage\",\"@id\":\"https:\\\/\\\/batijournal.com\\\/index.php\\\/jean-michel-servant-nouveau-president-de-france-bois-foret\\\/106035\\\/\",\"url\":\"https:\\\/\\\/batijournal.com\\\/index.php\\\/jean-michel-servant-nouveau-president-de-france-bois-foret\\\/106035\\\/\",\"name\":\"Jean-Michel SERVANT, nouveau Pr\u00e9sident de France Bois For\u00eat\",\"isPartOf\":{\"@id\":\"https:\\\/\\\/batijournal.com\\\/#website\"},\"primaryImageOfPage\":{\"@id\":\"https:\\\/\\\/batijournal.com\\\/index.php\\\/jean-michel-servant-nouveau-president-de-france-bois-foret\\\/106035\\\/#primaryimage\"},\"image\":{\"@id\":\"https:\\\/\\\/batijournal.com\\\/index.php\\\/jean-michel-servant-nouveau-president-de-france-bois-foret\\\/106035\\\/#primaryimage\"},\"thumbnailUrl\":\"https:\\\/\\\/batijournal.com\\\/wp-content\\\/uploads\\\/2021\\\/06\\\/Jean-Michel-SERVANT.png\",\"datePublished\":\"2021-06-25T19:35:00+00:00\",\"dateModified\":\"2021-06-26T14:54:45+00:00\",\"author\":{\"@id\":\"https:\\\/\\\/batijournal.com\\\/#\\\/schema\\\/person\\\/1dc96ec6957aa1ccb25ebe78bb19f100\"},\"breadcrumb\":{\"@id\":\"https:\\\/\\\/batijournal.com\\\/index.php\\\/jean-michel-servant-nouveau-president-de-france-bois-foret\\\/106035\\\/#breadcrumb\"},\"inLanguage\":\"fr-FR\",\"potentialAction\":[{\"@type\":\"ReadAction\",\"target\":[\"https:\\\/\\\/batijournal.com\\\/index.php\\\/jean-michel-servant-nouveau-president-de-france-bois-foret\\\/106035\\\/\"]}]},{\"@type\":\"ImageObject\",\"inLanguage\":\"fr-FR\",\"@id\":\"https:\\\/\\\/batijournal.com\\\/index.php\\\/jean-michel-servant-nouveau-president-de-france-bois-foret\\\/106035\\\/#primaryimage\",\"url\":\"https:\\\/\\\/batijournal.com\\\/wp-content\\\/uploads\\\/2021\\\/06\\\/Jean-Michel-SERVANT.png\",\"contentUrl\":\"https:\\\/\\\/batijournal.com\\\/wp-content\\\/uploads\\\/2021\\\/06\\\/Jean-Michel-SERVANT.png\",\"width\":587,\"height\":410},{\"@type\":\"BreadcrumbList\",\"@id\":\"https:\\\/\\\/batijournal.com\\\/index.php\\\/jean-michel-servant-nouveau-president-de-france-bois-foret\\\/106035\\\/#breadcrumb\",\"itemListElement\":[{\"@type\":\"ListItem\",\"position\":1,\"name\":\"Accueil\",\"item\":\"https:\\\/\\\/batijournal.com\\\/\"},{\"@type\":\"ListItem\",\"position\":2,\"name\":\"Actualit\u00e9s\",\"item\":\"https:\\\/\\\/batijournal.com\\\/index.php\\\/category\\\/actualites\\\/\"},{\"@type\":\"ListItem\",\"position\":3,\"name\":\"Divers\",\"item\":\"https:\\\/\\\/batijournal.com\\\/index.php\\\/category\\\/actualites\\\/services-equipements\\\/\"},{\"@type\":\"ListItem\",\"position\":4,\"name\":\"Jean-Michel SERVANT, nouveau Pr\u00e9sident de France Bois For\u00eat\"}]},{\"@type\":\"WebSite\",\"@id\":\"https:\\\/\\\/batijournal.com\\\/#website\",\"url\":\"https:\\\/\\\/batijournal.com\\\/\",\"name\":\"Batijournal\",\"description\":\"L&#039;actualit\u00e9 du b\u00e2timent\",\"potentialAction\":[{\"@type\":\"SearchAction\",\"target\":{\"@type\":\"EntryPoint\",\"urlTemplate\":\"https:\\\/\\\/batijournal.com\\\/?s={search_term_string}\"},\"query-input\":{\"@type\":\"PropertyValueSpecification\",\"valueRequired\":true,\"valueName\":\"search_term_string\"}}],\"inLanguage\":\"fr-FR\"},{\"@type\":\"Person\",\"@id\":\"https:\\\/\\\/batijournal.com\\\/#\\\/schema\\\/person\\\/1dc96ec6957aa1ccb25ebe78bb19f100\",\"name\":\"St\u00e9phane Miget\",\"image\":{\"@type\":\"ImageObject\",\"inLanguage\":\"fr-FR\",\"@id\":\"https:\\\/\\\/secure.gravatar.com\\\/avatar\\\/89915563d925342126b8ef0281b93d9d7fc337043e8df017f780908eb9644451?s=96&d=mm&r=g\",\"url\":\"https:\\\/\\\/secure.gravatar.com\\\/avatar\\\/89915563d925342126b8ef0281b93d9d7fc337043e8df017f780908eb9644451?s=96&d=mm&r=g\",\"contentUrl\":\"https:\\\/\\\/secure.gravatar.com\\\/avatar\\\/89915563d925342126b8ef0281b93d9d7fc337043e8df017f780908eb9644451?s=96&d=mm&r=g\",\"caption\":\"St\u00e9phane Miget\"},\"url\":\"https:\\\/\\\/batijournal.com\\\/index.php\\\/author\\\/stephane\\\/\"}]}<\/script>\n<!-- \/ Yoast SEO plugin. -->","yoast_head_json":{"title":"Jean-Michel SERVANT, nouveau Pr\u00e9sident de France Bois For\u00eat","robots":{"index":"index","follow":"follow","max-snippet":"max-snippet:-1","max-image-preview":"max-image-preview:large","max-video-preview":"max-video-preview:-1"},"canonical":"https:\/\/batijournal.com\/index.php\/jean-michel-servant-nouveau-president-de-france-bois-foret\/106035\/","og_locale":"fr_FR","og_type":"article","og_title":"Jean-Michel SERVANT, nouveau Pr\u00e9sident de France Bois For\u00eat","og_description":"Le 23 juin 2021, l&rsquo;Assembl\u00e9e G\u00e9n\u00e9rale de France Bois For\u00eat a \u00e9lu \u00e0 l&rsquo;unanimit\u00e9 son nouveau Pr\u00e9sident, Jean-Michel SERVANT, pour un mandat de trois ans. Ing\u00e9nieur et consultant, Jean-Michel SERVANT a, depuis 2006, consacr\u00e9 son parcours professionnel \u00e0 contribuer au d\u00e9veloppement de la fili\u00e8re for\u00eat-bois nationale, sous l&rsquo;angle technique et \u00e9conomique. Il a notamment anim\u00e9 [&hellip;]","og_url":"https:\/\/batijournal.com\/index.php\/jean-michel-servant-nouveau-president-de-france-bois-foret\/106035\/","og_site_name":"Batijournal","article_published_time":"2021-06-25T19:35:00+00:00","article_modified_time":"2021-06-26T14:54:45+00:00","og_image":[{"width":587,"height":410,"url":"https:\/\/batijournal.com\/wp-content\/uploads\/2021\/06\/Jean-Michel-SERVANT.png","type":"image\/png"}],"author":"St\u00e9phane Miget","twitter_card":"summary_large_image","twitter_creator":"@bati_journal","twitter_site":"@bati_journal","twitter_misc":{"\u00c9crit par":"St\u00e9phane Miget","Dur\u00e9e de lecture estim\u00e9e":"1 minute"},"schema":{"@context":"https:\/\/schema.org","@graph":[{"@type":"Article","@id":"https:\/\/batijournal.com\/index.php\/jean-michel-servant-nouveau-president-de-france-bois-foret\/106035\/#article","isPartOf":{"@id":"https:\/\/batijournal.com\/index.php\/jean-michel-servant-nouveau-president-de-france-bois-foret\/106035\/"},"author":{"name":"St\u00e9phane Miget","@id":"https:\/\/batijournal.com\/#\/schema\/person\/1dc96ec6957aa1ccb25ebe78bb19f100"},"headline":"Jean-Michel SERVANT, nouveau Pr\u00e9sident de France Bois For\u00eat","datePublished":"2021-06-25T19:35:00+00:00","dateModified":"2021-06-26T14:54:45+00:00","mainEntityOfPage":{"@id":"https:\/\/batijournal.com\/index.php\/jean-michel-servant-nouveau-president-de-france-bois-foret\/106035\/"},"wordCount":245,"image":{"@id":"https:\/\/batijournal.com\/index.php\/jean-michel-servant-nouveau-president-de-france-bois-foret\/106035\/#primaryimage"},"thumbnailUrl":"https:\/\/batijournal.com\/wp-content\/uploads\/2021\/06\/Jean-Michel-SERVANT.png","articleSection":["Actualit\u00e9s","Divers","zz_Actualit\u00e9s - Woodsurfer","zz_Woodsurfer"],"inLanguage":"fr-FR"},{"@type":"WebPage","@id":"https:\/\/batijournal.com\/index.php\/jean-michel-servant-nouveau-president-de-france-bois-foret\/106035\/","url":"https:\/\/batijournal.com\/index.php\/jean-michel-servant-nouveau-president-de-france-bois-foret\/106035\/","name":"Jean-Michel SERVANT, nouveau Pr\u00e9sident de France Bois For\u00eat","isPartOf":{"@id":"https:\/\/batijournal.com\/#website"},"primaryImageOfPage":{"@id":"https:\/\/batijournal.com\/index.php\/jean-michel-servant-nouveau-president-de-france-bois-foret\/106035\/#primaryimage"},"image":{"@id":"https:\/\/batijournal.com\/index.php\/jean-michel-servant-nouveau-president-de-france-bois-foret\/106035\/#primaryimage"},"thumbnailUrl":"https:\/\/batijournal.com\/wp-content\/uploads\/2021\/06\/Jean-Michel-SERVANT.png","datePublished":"2021-06-25T19:35:00+00:00","dateModified":"2021-06-26T14:54:45+00:00","author":{"@id":"https:\/\/batijournal.com\/#\/schema\/person\/1dc96ec6957aa1ccb25ebe78bb19f100"},"breadcrumb":{"@id":"https:\/\/batijournal.com\/index.php\/jean-michel-servant-nouveau-president-de-france-bois-foret\/106035\/#breadcrumb"},"inLanguage":"fr-FR","potentialAction":[{"@type":"ReadAction","target":["https:\/\/batijournal.com\/index.php\/jean-michel-servant-nouveau-president-de-france-bois-foret\/106035\/"]}]},{"@type":"ImageObject","inLanguage":"fr-FR","@id":"https:\/\/batijournal.com\/index.php\/jean-michel-servant-nouveau-president-de-france-bois-foret\/106035\/#primaryimage","url":"https:\/\/batijournal.com\/wp-content\/uploads\/2021\/06\/Jean-Michel-SERVANT.png","contentUrl":"https:\/\/batijournal.com\/wp-content\/uploads\/2021\/06\/Jean-Michel-SERVANT.png","width":587,"height":410},{"@type":"BreadcrumbList","@id":"https:\/\/batijournal.com\/index.php\/jean-michel-servant-nouveau-president-de-france-bois-foret\/106035\/#breadcrumb","itemListElement":[{"@type":"ListItem","position":1,"name":"Accueil","item":"https:\/\/batijournal.com\/"},{"@type":"ListItem","position":2,"name":"Actualit\u00e9s","item":"https:\/\/batijournal.com\/index.php\/category\/actualites\/"},{"@type":"ListItem","position":3,"name":"Divers","item":"https:\/\/batijournal.com\/index.php\/category\/actualites\/services-equipements\/"},{"@type":"ListItem","position":4,"name":"Jean-Michel SERVANT, nouveau Pr\u00e9sident de France Bois For\u00eat"}]},{"@type":"WebSite","@id":"https:\/\/batijournal.com\/#website","url":"https:\/\/batijournal.com\/","name":"Batijournal","description":"L&#039;actualit\u00e9 du b\u00e2timent","potentialAction":[{"@type":"SearchAction","target":{"@type":"EntryPoint","urlTemplate":"https:\/\/batijournal.com\/?s={search_term_string}"},"query-input":{"@type":"PropertyValueSpecification","valueRequired":true,"valueName":"search_term_string"}}],"inLanguage":"fr-FR"},{"@type":"Person","@id":"https:\/\/batijournal.com\/#\/schema\/person\/1dc96ec6957aa1ccb25ebe78bb19f100","name":"St\u00e9phane Miget","image":{"@type":"ImageObject","inLanguage":"fr-FR","@id":"https:\/\/secure.gravatar.com\/avatar\/89915563d925342126b8ef0281b93d9d7fc337043e8df017f780908eb9644451?s=96&d=mm&r=g","url":"https:\/\/secure.gravatar.com\/avatar\/89915563d925342126b8ef0281b93d9d7fc337043e8df017f780908eb9644451?s=96&d=mm&r=g","contentUrl":"https:\/\/secure.gravatar.com\/avatar\/89915563d925342126b8ef0281b93d9d7fc337043e8df017f780908eb9644451?s=96&d=mm&r=g","caption":"St\u00e9phane Miget"},"url":"https:\/\/batijournal.com\/index.php\/author\/stephane\/"}]}},"_links":{"self":[{"href":"https:\/\/batijournal.com\/index.php\/wp-json\/wp\/v2\/posts\/106035","targetHints":{"allow":["GET"]}}],"collection":[{"href":"https:\/\/batijournal.com\/index.php\/wp-json\/wp\/v2\/posts"}],"about":[{"href":"https:\/\/batijournal.com\/index.php\/wp-json\/wp\/v2\/types\/post"}],"author":[{"embeddable":true,"href":"https:\/\/batijournal.com\/index.php\/wp-json\/wp\/v2\/users\/17"}],"replies":[{"embeddable":true,"href":"https:\/\/batijournal.com\/index.php\/wp-json\/wp\/v2\/comments?post=106035"}],"version-history":[{"count":0,"href":"https:\/\/batijournal.com\/index.php\/wp-json\/wp\/v2\/posts\/106035\/revisions"}],"wp:featuredmedia":[{"embeddable":true,"href":"https:\/\/batijournal.com\/index.php\/wp-json\/wp\/v2\/media\/106038"}],"wp:attachment":[{"href":"https:\/\/batijournal.com\/index.php\/wp-json\/wp\/v2\/media?parent=106035"}],"wp:term":[{"taxonomy":"category","embeddable":true,"href":"https:\/\/batijournal.com\/index.php\/wp-json\/wp\/v2\/categories?post=106035"},{"taxonomy":"post_tag","embeddable":true,"href":"https:\/\/batijournal.com\/index.php\/wp-json\/wp\/v2\/tags?post=106035"}],"curies":[{"name":"wp","href":"https:\/\/api.w.org\/{rel}","templated":true}]}}