{"id":106039,"date":"2021-06-28T14:28:06","date_gmt":"2021-06-28T12:28:06","guid":{"rendered":"https:\/\/batijournal.com\/?p=106039"},"modified":"2021-06-28T14:28:06","modified_gmt":"2021-06-28T12:28:06","slug":"programme-national-action-coeur-de-ville-action-logement-et-cerqual-qualitel-certification-sassocient","status":"publish","type":"post","link":"https:\/\/batijournal.com\/index.php\/programme-national-action-coeur-de-ville-action-logement-et-cerqual-qualitel-certification-sassocient\/106039\/","title":{"rendered":"Programme National Action C\u0153ur de Ville : Action Logement et CERQUAL Qualitel Certification s\u2019associent"},"content":{"rendered":"<p>Action Logement, partenaire du Programme National Action C\u0153ur de Ville (ACV), a pour objectif de proposer aux habitants des 222 villes moyennes, r\u00e9parties dans l\u2019ensemble du territoire, des logements de haute qualit\u00e9 technique, \u00e9nerg\u00e9tique et environnementale, qui r\u00e9pondent aux enjeux de transition \u00e9cologique, de confort et de sant\u00e9. Pour r\u00e9pondre aux ambitions du programme, Action Logement d\u00e9ploie une offre de financements d\u00e9di\u00e9s et adapt\u00e9s \u00e0 la sp\u00e9cificit\u00e9 des op\u00e9rations immobili\u00e8res sur le b\u00e2ti existant de centre-ville. CERQUAL Qualitel Certification, filiale de l\u2019Association QUALITEL a pour mission de promouvoir et valoriser la qualit\u00e9 du logement par la certification. L\u2019organisme d\u00e9livre la certification NF Habitat \u2013 NF Habitat HQE qui atteste de la qualit\u00e9 et de la performance environnementale des logements en construction et en r\u00e9novation.\u00a0Engag\u00e9s dans des d\u00e9marches compl\u00e9mentaires, Action Logement et CERQUAL Qualitel Certification se sont rapproch\u00e9s pour conclure un partenariat en faveur d\u2019une meilleure qualit\u00e9 des logements. Les projets d\u2019habitat locatif social, PLUS-PLAI (Pr\u00eat Locatif \u00e0 Usage Social ; PLAI= Pr\u00eat Locatif Aid\u00e9 d\u2019Int\u00e9gration) et PLS (Pr\u00eat Locatif Social) si non majoritaires et mix\u00e9s avec PLUS et\/ou PLAI, r\u00e9pondant aux exigences du label BBC R\u00e9novation, HPE R\u00e9novation ou \u00e0 celles de la certification NF HABTAT HQE RT 2012-20%, pourront ainsi b\u00e9n\u00e9ficier d\u2019une subvention forfaitaire d\u2019Action Logement dans des conditions d\u2019instruction simplifi\u00e9e. Une remise sur les co\u00fbts de certification sera \u00e9galement propos\u00e9e aux Ma\u00eetres d\u2019ouvrage. CERQUAL Qualitel Certification accompagnera les ma\u00eetres d\u2019ouvrage dans la formation et la d\u00e9marche de certification NF Habitat \u2013 NF Habitat HQE, ainsi que dans l\u2019obtention des labels \u00e9nerg\u00e9tiques : HPE R\u00e9novation et BBC R\u00e9novation (B\u00e2timent Basse Consommation R\u00e9novation).<\/p>\n","protected":false},"excerpt":{"rendered":"<p>Action Logement, partenaire du Programme National Action C\u0153ur de Ville (ACV), a pour objectif de proposer aux habitants des 222 villes moyennes, r\u00e9parties dans l\u2019ensemble du territoire, des logements de haute qualit\u00e9 technique, \u00e9nerg\u00e9tique et environnementale, qui r\u00e9pondent aux enjeux de transition \u00e9cologique, de confort et de sant\u00e9. Pour r\u00e9pondre aux ambitions du programme, Action [&hellip;]<\/p>\n","protected":false},"author":17,"featured_media":106041,"comment_status":"closed","ping_status":"closed","sticky":false,"template":"","format":"standard","meta":{"_et_pb_use_builder":"","_et_pb_old_content":"","_et_gb_content_width":"","footnotes":""},"categories":[10736,10530,6351,10781,10778],"tags":[12958,12685,1180],"class_list":["post-106039","post","type-post","status-publish","format-standard","has-post-thumbnail","hentry","category-a-la-une","category-actualites","category-energie-environnement","category-publications-planete","category-planete","tag-action-logement","tag-cerqual-qualitel-certification","tag-hqe"],"yoast_head":"<!-- This site is optimized with the Yoast SEO plugin v27.4 - https:\/\/yoast.com\/product\/yoast-seo-wordpress\/ -->\n<title>Programme National Action C\u0153ur de Ville : Action Logement et CERQUAL Qualitel Certification s\u2019associent<\/title>\n<meta name=\"robots\" content=\"index, follow, max-snippet:-1, max-image-preview:large, max-video-preview:-1\" \/>\n<link rel=\"canonical\" href=\"https:\/\/batijournal.com\/index.php\/programme-national-action-coeur-de-ville-action-logement-et-cerqual-qualitel-certification-sassocient\/106039\/\" \/>\n<meta property=\"og:locale\" content=\"fr_FR\" \/>\n<meta property=\"og:type\" content=\"article\" \/>\n<meta property=\"og:title\" content=\"Programme National Action C\u0153ur de Ville : Action Logement et CERQUAL Qualitel Certification s\u2019associent\" \/>\n<meta property=\"og:description\" content=\"Action Logement, partenaire du Programme National Action C\u0153ur de Ville (ACV), a pour objectif de proposer aux habitants des 222 villes moyennes, r\u00e9parties dans l\u2019ensemble du territoire, des logements de haute qualit\u00e9 technique, \u00e9nerg\u00e9tique et environnementale, qui r\u00e9pondent aux enjeux de transition \u00e9cologique, de confort et de sant\u00e9. Pour r\u00e9pondre aux ambitions du programme, Action [&hellip;]\" \/>\n<meta property=\"og:url\" content=\"https:\/\/batijournal.com\/index.php\/programme-national-action-coeur-de-ville-action-logement-et-cerqual-qualitel-certification-sassocient\/106039\/\" \/>\n<meta property=\"og:site_name\" content=\"Batijournal\" \/>\n<meta property=\"article:published_time\" content=\"2021-06-28T12:28:06+00:00\" \/>\n<meta property=\"og:image\" content=\"https:\/\/batijournal.com\/wp-content\/uploads\/2021\/06\/Partenariat_Action_Logement_Services_Cerqual_Qualitel_Certification.jpg\" \/>\n\t<meta property=\"og:image:width\" content=\"1200\" \/>\n\t<meta property=\"og:image:height\" content=\"803\" \/>\n\t<meta property=\"og:image:type\" content=\"image\/jpeg\" \/>\n<meta name=\"author\" content=\"St\u00e9phane Miget\" \/>\n<meta name=\"twitter:card\" content=\"summary_large_image\" \/>\n<meta name=\"twitter:creator\" content=\"@bati_journal\" \/>\n<meta name=\"twitter:site\" content=\"@bati_journal\" \/>\n<meta name=\"twitter:label1\" content=\"\u00c9crit par\" \/>\n\t<meta name=\"twitter:data1\" content=\"St\u00e9phane Miget\" \/>\n\t<meta name=\"twitter:label2\" content=\"Dur\u00e9e de lecture estim\u00e9e\" \/>\n\t<meta name=\"twitter:data2\" content=\"2 minutes\" \/>\n<script type=\"application\/ld+json\" class=\"yoast-schema-graph\">{\"@context\":\"https:\\\/\\\/schema.org\",\"@graph\":[{\"@type\":\"Article\",\"@id\":\"https:\\\/\\\/batijournal.com\\\/index.php\\\/programme-national-action-coeur-de-ville-action-logement-et-cerqual-qualitel-certification-sassocient\\\/106039\\\/#article\",\"isPartOf\":{\"@id\":\"https:\\\/\\\/batijournal.com\\\/index.php\\\/programme-national-action-coeur-de-ville-action-logement-et-cerqual-qualitel-certification-sassocient\\\/106039\\\/\"},\"author\":{\"name\":\"St\u00e9phane Miget\",\"@id\":\"https:\\\/\\\/batijournal.com\\\/#\\\/schema\\\/person\\\/1dc96ec6957aa1ccb25ebe78bb19f100\"},\"headline\":\"Programme National Action C\u0153ur de Ville : Action Logement et CERQUAL Qualitel Certification s\u2019associent\",\"datePublished\":\"2021-06-28T12:28:06+00:00\",\"mainEntityOfPage\":{\"@id\":\"https:\\\/\\\/batijournal.com\\\/index.php\\\/programme-national-action-coeur-de-ville-action-logement-et-cerqual-qualitel-certification-sassocient\\\/106039\\\/\"},\"wordCount\":324,\"image\":{\"@id\":\"https:\\\/\\\/batijournal.com\\\/index.php\\\/programme-national-action-coeur-de-ville-action-logement-et-cerqual-qualitel-certification-sassocient\\\/106039\\\/#primaryimage\"},\"thumbnailUrl\":\"https:\\\/\\\/batijournal.com\\\/wp-content\\\/uploads\\\/2021\\\/06\\\/Partenariat_Action_Logement_Services_Cerqual_Qualitel_Certification.jpg\",\"keywords\":[\"action logement\",\"CERQUAL Qualitel Certification\",\"HQE\"],\"articleSection\":[\"A la Une\",\"Actualit\u00e9s\",\"\u00c9nergie &amp; Environnement\",\"zz_Actualit\u00e9s - Plan\u00e8te\",\"zz_Plan\u00e8te B\u00e2timent\"],\"inLanguage\":\"fr-FR\"},{\"@type\":\"WebPage\",\"@id\":\"https:\\\/\\\/batijournal.com\\\/index.php\\\/programme-national-action-coeur-de-ville-action-logement-et-cerqual-qualitel-certification-sassocient\\\/106039\\\/\",\"url\":\"https:\\\/\\\/batijournal.com\\\/index.php\\\/programme-national-action-coeur-de-ville-action-logement-et-cerqual-qualitel-certification-sassocient\\\/106039\\\/\",\"name\":\"Programme National Action C\u0153ur de Ville : Action Logement et CERQUAL Qualitel Certification s\u2019associent\",\"isPartOf\":{\"@id\":\"https:\\\/\\\/batijournal.com\\\/#website\"},\"primaryImageOfPage\":{\"@id\":\"https:\\\/\\\/batijournal.com\\\/index.php\\\/programme-national-action-coeur-de-ville-action-logement-et-cerqual-qualitel-certification-sassocient\\\/106039\\\/#primaryimage\"},\"image\":{\"@id\":\"https:\\\/\\\/batijournal.com\\\/index.php\\\/programme-national-action-coeur-de-ville-action-logement-et-cerqual-qualitel-certification-sassocient\\\/106039\\\/#primaryimage\"},\"thumbnailUrl\":\"https:\\\/\\\/batijournal.com\\\/wp-content\\\/uploads\\\/2021\\\/06\\\/Partenariat_Action_Logement_Services_Cerqual_Qualitel_Certification.jpg\",\"datePublished\":\"2021-06-28T12:28:06+00:00\",\"author\":{\"@id\":\"https:\\\/\\\/batijournal.com\\\/#\\\/schema\\\/person\\\/1dc96ec6957aa1ccb25ebe78bb19f100\"},\"breadcrumb\":{\"@id\":\"https:\\\/\\\/batijournal.com\\\/index.php\\\/programme-national-action-coeur-de-ville-action-logement-et-cerqual-qualitel-certification-sassocient\\\/106039\\\/#breadcrumb\"},\"inLanguage\":\"fr-FR\",\"potentialAction\":[{\"@type\":\"ReadAction\",\"target\":[\"https:\\\/\\\/batijournal.com\\\/index.php\\\/programme-national-action-coeur-de-ville-action-logement-et-cerqual-qualitel-certification-sassocient\\\/106039\\\/\"]}]},{\"@type\":\"ImageObject\",\"inLanguage\":\"fr-FR\",\"@id\":\"https:\\\/\\\/batijournal.com\\\/index.php\\\/programme-national-action-coeur-de-ville-action-logement-et-cerqual-qualitel-certification-sassocient\\\/106039\\\/#primaryimage\",\"url\":\"https:\\\/\\\/batijournal.com\\\/wp-content\\\/uploads\\\/2021\\\/06\\\/Partenariat_Action_Logement_Services_Cerqual_Qualitel_Certification.jpg\",\"contentUrl\":\"https:\\\/\\\/batijournal.com\\\/wp-content\\\/uploads\\\/2021\\\/06\\\/Partenariat_Action_Logement_Services_Cerqual_Qualitel_Certification.jpg\",\"width\":1200,\"height\":803},{\"@type\":\"BreadcrumbList\",\"@id\":\"https:\\\/\\\/batijournal.com\\\/index.php\\\/programme-national-action-coeur-de-ville-action-logement-et-cerqual-qualitel-certification-sassocient\\\/106039\\\/#breadcrumb\",\"itemListElement\":[{\"@type\":\"ListItem\",\"position\":1,\"name\":\"Accueil\",\"item\":\"https:\\\/\\\/batijournal.com\\\/\"},{\"@type\":\"ListItem\",\"position\":2,\"name\":\"Actualit\u00e9s\",\"item\":\"https:\\\/\\\/batijournal.com\\\/index.php\\\/category\\\/actualites\\\/\"},{\"@type\":\"ListItem\",\"position\":3,\"name\":\"\u00c9nergie &amp; Environnement\",\"item\":\"https:\\\/\\\/batijournal.com\\\/index.php\\\/category\\\/actualites\\\/energie-environnement\\\/\"},{\"@type\":\"ListItem\",\"position\":4,\"name\":\"Programme National Action C\u0153ur de Ville : Action Logement et CERQUAL Qualitel Certification s\u2019associent\"}]},{\"@type\":\"WebSite\",\"@id\":\"https:\\\/\\\/batijournal.com\\\/#website\",\"url\":\"https:\\\/\\\/batijournal.com\\\/\",\"name\":\"Batijournal\",\"description\":\"L&#039;actualit\u00e9 du b\u00e2timent\",\"potentialAction\":[{\"@type\":\"SearchAction\",\"target\":{\"@type\":\"EntryPoint\",\"urlTemplate\":\"https:\\\/\\\/batijournal.com\\\/?s={search_term_string}\"},\"query-input\":{\"@type\":\"PropertyValueSpecification\",\"valueRequired\":true,\"valueName\":\"search_term_string\"}}],\"inLanguage\":\"fr-FR\"},{\"@type\":\"Person\",\"@id\":\"https:\\\/\\\/batijournal.com\\\/#\\\/schema\\\/person\\\/1dc96ec6957aa1ccb25ebe78bb19f100\",\"name\":\"St\u00e9phane Miget\",\"image\":{\"@type\":\"ImageObject\",\"inLanguage\":\"fr-FR\",\"@id\":\"https:\\\/\\\/secure.gravatar.com\\\/avatar\\\/89915563d925342126b8ef0281b93d9d7fc337043e8df017f780908eb9644451?s=96&d=mm&r=g\",\"url\":\"https:\\\/\\\/secure.gravatar.com\\\/avatar\\\/89915563d925342126b8ef0281b93d9d7fc337043e8df017f780908eb9644451?s=96&d=mm&r=g\",\"contentUrl\":\"https:\\\/\\\/secure.gravatar.com\\\/avatar\\\/89915563d925342126b8ef0281b93d9d7fc337043e8df017f780908eb9644451?s=96&d=mm&r=g\",\"caption\":\"St\u00e9phane Miget\"},\"url\":\"https:\\\/\\\/batijournal.com\\\/index.php\\\/author\\\/stephane\\\/\"}]}<\/script>\n<!-- \/ Yoast SEO plugin. -->","yoast_head_json":{"title":"Programme National Action C\u0153ur de Ville : Action Logement et CERQUAL Qualitel Certification s\u2019associent","robots":{"index":"index","follow":"follow","max-snippet":"max-snippet:-1","max-image-preview":"max-image-preview:large","max-video-preview":"max-video-preview:-1"},"canonical":"https:\/\/batijournal.com\/index.php\/programme-national-action-coeur-de-ville-action-logement-et-cerqual-qualitel-certification-sassocient\/106039\/","og_locale":"fr_FR","og_type":"article","og_title":"Programme National Action C\u0153ur de Ville : Action Logement et CERQUAL Qualitel Certification s\u2019associent","og_description":"Action Logement, partenaire du Programme National Action C\u0153ur de Ville (ACV), a pour objectif de proposer aux habitants des 222 villes moyennes, r\u00e9parties dans l\u2019ensemble du territoire, des logements de haute qualit\u00e9 technique, \u00e9nerg\u00e9tique et environnementale, qui r\u00e9pondent aux enjeux de transition \u00e9cologique, de confort et de sant\u00e9. Pour r\u00e9pondre aux ambitions du programme, Action [&hellip;]","og_url":"https:\/\/batijournal.com\/index.php\/programme-national-action-coeur-de-ville-action-logement-et-cerqual-qualitel-certification-sassocient\/106039\/","og_site_name":"Batijournal","article_published_time":"2021-06-28T12:28:06+00:00","og_image":[{"width":1200,"height":803,"url":"https:\/\/batijournal.com\/wp-content\/uploads\/2021\/06\/Partenariat_Action_Logement_Services_Cerqual_Qualitel_Certification.jpg","type":"image\/jpeg"}],"author":"St\u00e9phane Miget","twitter_card":"summary_large_image","twitter_creator":"@bati_journal","twitter_site":"@bati_journal","twitter_misc":{"\u00c9crit par":"St\u00e9phane Miget","Dur\u00e9e de lecture estim\u00e9e":"2 minutes"},"schema":{"@context":"https:\/\/schema.org","@graph":[{"@type":"Article","@id":"https:\/\/batijournal.com\/index.php\/programme-national-action-coeur-de-ville-action-logement-et-cerqual-qualitel-certification-sassocient\/106039\/#article","isPartOf":{"@id":"https:\/\/batijournal.com\/index.php\/programme-national-action-coeur-de-ville-action-logement-et-cerqual-qualitel-certification-sassocient\/106039\/"},"author":{"name":"St\u00e9phane Miget","@id":"https:\/\/batijournal.com\/#\/schema\/person\/1dc96ec6957aa1ccb25ebe78bb19f100"},"headline":"Programme National Action C\u0153ur de Ville : Action Logement et CERQUAL Qualitel Certification s\u2019associent","datePublished":"2021-06-28T12:28:06+00:00","mainEntityOfPage":{"@id":"https:\/\/batijournal.com\/index.php\/programme-national-action-coeur-de-ville-action-logement-et-cerqual-qualitel-certification-sassocient\/106039\/"},"wordCount":324,"image":{"@id":"https:\/\/batijournal.com\/index.php\/programme-national-action-coeur-de-ville-action-logement-et-cerqual-qualitel-certification-sassocient\/106039\/#primaryimage"},"thumbnailUrl":"https:\/\/batijournal.com\/wp-content\/uploads\/2021\/06\/Partenariat_Action_Logement_Services_Cerqual_Qualitel_Certification.jpg","keywords":["action logement","CERQUAL Qualitel Certification","HQE"],"articleSection":["A la Une","Actualit\u00e9s","\u00c9nergie &amp; Environnement","zz_Actualit\u00e9s - Plan\u00e8te","zz_Plan\u00e8te B\u00e2timent"],"inLanguage":"fr-FR"},{"@type":"WebPage","@id":"https:\/\/batijournal.com\/index.php\/programme-national-action-coeur-de-ville-action-logement-et-cerqual-qualitel-certification-sassocient\/106039\/","url":"https:\/\/batijournal.com\/index.php\/programme-national-action-coeur-de-ville-action-logement-et-cerqual-qualitel-certification-sassocient\/106039\/","name":"Programme National Action C\u0153ur de Ville : Action Logement et CERQUAL Qualitel Certification s\u2019associent","isPartOf":{"@id":"https:\/\/batijournal.com\/#website"},"primaryImageOfPage":{"@id":"https:\/\/batijournal.com\/index.php\/programme-national-action-coeur-de-ville-action-logement-et-cerqual-qualitel-certification-sassocient\/106039\/#primaryimage"},"image":{"@id":"https:\/\/batijournal.com\/index.php\/programme-national-action-coeur-de-ville-action-logement-et-cerqual-qualitel-certification-sassocient\/106039\/#primaryimage"},"thumbnailUrl":"https:\/\/batijournal.com\/wp-content\/uploads\/2021\/06\/Partenariat_Action_Logement_Services_Cerqual_Qualitel_Certification.jpg","datePublished":"2021-06-28T12:28:06+00:00","author":{"@id":"https:\/\/batijournal.com\/#\/schema\/person\/1dc96ec6957aa1ccb25ebe78bb19f100"},"breadcrumb":{"@id":"https:\/\/batijournal.com\/index.php\/programme-national-action-coeur-de-ville-action-logement-et-cerqual-qualitel-certification-sassocient\/106039\/#breadcrumb"},"inLanguage":"fr-FR","potentialAction":[{"@type":"ReadAction","target":["https:\/\/batijournal.com\/index.php\/programme-national-action-coeur-de-ville-action-logement-et-cerqual-qualitel-certification-sassocient\/106039\/"]}]},{"@type":"ImageObject","inLanguage":"fr-FR","@id":"https:\/\/batijournal.com\/index.php\/programme-national-action-coeur-de-ville-action-logement-et-cerqual-qualitel-certification-sassocient\/106039\/#primaryimage","url":"https:\/\/batijournal.com\/wp-content\/uploads\/2021\/06\/Partenariat_Action_Logement_Services_Cerqual_Qualitel_Certification.jpg","contentUrl":"https:\/\/batijournal.com\/wp-content\/uploads\/2021\/06\/Partenariat_Action_Logement_Services_Cerqual_Qualitel_Certification.jpg","width":1200,"height":803},{"@type":"BreadcrumbList","@id":"https:\/\/batijournal.com\/index.php\/programme-national-action-coeur-de-ville-action-logement-et-cerqual-qualitel-certification-sassocient\/106039\/#breadcrumb","itemListElement":[{"@type":"ListItem","position":1,"name":"Accueil","item":"https:\/\/batijournal.com\/"},{"@type":"ListItem","position":2,"name":"Actualit\u00e9s","item":"https:\/\/batijournal.com\/index.php\/category\/actualites\/"},{"@type":"ListItem","position":3,"name":"\u00c9nergie &amp; Environnement","item":"https:\/\/batijournal.com\/index.php\/category\/actualites\/energie-environnement\/"},{"@type":"ListItem","position":4,"name":"Programme National Action C\u0153ur de Ville : Action Logement et CERQUAL Qualitel Certification s\u2019associent"}]},{"@type":"WebSite","@id":"https:\/\/batijournal.com\/#website","url":"https:\/\/batijournal.com\/","name":"Batijournal","description":"L&#039;actualit\u00e9 du b\u00e2timent","potentialAction":[{"@type":"SearchAction","target":{"@type":"EntryPoint","urlTemplate":"https:\/\/batijournal.com\/?s={search_term_string}"},"query-input":{"@type":"PropertyValueSpecification","valueRequired":true,"valueName":"search_term_string"}}],"inLanguage":"fr-FR"},{"@type":"Person","@id":"https:\/\/batijournal.com\/#\/schema\/person\/1dc96ec6957aa1ccb25ebe78bb19f100","name":"St\u00e9phane Miget","image":{"@type":"ImageObject","inLanguage":"fr-FR","@id":"https:\/\/secure.gravatar.com\/avatar\/89915563d925342126b8ef0281b93d9d7fc337043e8df017f780908eb9644451?s=96&d=mm&r=g","url":"https:\/\/secure.gravatar.com\/avatar\/89915563d925342126b8ef0281b93d9d7fc337043e8df017f780908eb9644451?s=96&d=mm&r=g","contentUrl":"https:\/\/secure.gravatar.com\/avatar\/89915563d925342126b8ef0281b93d9d7fc337043e8df017f780908eb9644451?s=96&d=mm&r=g","caption":"St\u00e9phane Miget"},"url":"https:\/\/batijournal.com\/index.php\/author\/stephane\/"}]}},"_links":{"self":[{"href":"https:\/\/batijournal.com\/index.php\/wp-json\/wp\/v2\/posts\/106039","targetHints":{"allow":["GET"]}}],"collection":[{"href":"https:\/\/batijournal.com\/index.php\/wp-json\/wp\/v2\/posts"}],"about":[{"href":"https:\/\/batijournal.com\/index.php\/wp-json\/wp\/v2\/types\/post"}],"author":[{"embeddable":true,"href":"https:\/\/batijournal.com\/index.php\/wp-json\/wp\/v2\/users\/17"}],"replies":[{"embeddable":true,"href":"https:\/\/batijournal.com\/index.php\/wp-json\/wp\/v2\/comments?post=106039"}],"version-history":[{"count":0,"href":"https:\/\/batijournal.com\/index.php\/wp-json\/wp\/v2\/posts\/106039\/revisions"}],"wp:featuredmedia":[{"embeddable":true,"href":"https:\/\/batijournal.com\/index.php\/wp-json\/wp\/v2\/media\/106041"}],"wp:attachment":[{"href":"https:\/\/batijournal.com\/index.php\/wp-json\/wp\/v2\/media?parent=106039"}],"wp:term":[{"taxonomy":"category","embeddable":true,"href":"https:\/\/batijournal.com\/index.php\/wp-json\/wp\/v2\/categories?post=106039"},{"taxonomy":"post_tag","embeddable":true,"href":"https:\/\/batijournal.com\/index.php\/wp-json\/wp\/v2\/tags?post=106039"}],"curies":[{"name":"wp","href":"https:\/\/api.w.org\/{rel}","templated":true}]}}