{"id":106054,"date":"2021-06-30T12:34:20","date_gmt":"2021-06-30T10:34:20","guid":{"rendered":"https:\/\/batijournal.com\/?p=106054"},"modified":"2021-06-30T12:34:20","modified_gmt":"2021-06-30T10:34:20","slug":"sites-palafittiques-prehistoriques-autour-des-alpes-10-ans-dinscription-au-patrimoine-mondial-de-lunesco","status":"publish","type":"post","link":"https:\/\/batijournal.com\/index.php\/sites-palafittiques-prehistoriques-autour-des-alpes-10-ans-dinscription-au-patrimoine-mondial-de-lunesco\/106054\/","title":{"rendered":"Sites palafittiques pr\u00e9historiques autour des Alpes, 10 ans d\u2019inscription au patrimoine mondial de l\u2019UNESCO"},"content":{"rendered":"<p>Les \u00ab sites palafittiques pr\u00e9historiques autour des Alpes \u00bb constituent des gisements de premi\u00e8re importance pour la connaissance des soci\u00e9t\u00e9s europ\u00e9ennes de la Pr\u00e9histoire r\u00e9cente. En 1854, un abaissement temporaire du niveau des lacs alpins suite \u00e0 une s\u00e9cheresse fait \u00e9merger sur les rives du lac de Zurich, en Suisse, des pieux en bois et un abondant mobilier de c\u00e9ramique et d\u2019outils de pierre. Ces vestiges de villages sur pieux sont rapidement dat\u00e9s d\u2019une p\u00e9riode interm\u00e9diaire entre les \u00e2ges glaciaires et les temps antiques. Ais\u00e9ment accessibles, ils permettent aux arch\u00e9ologues de mettre en \u00e9vidence l\u2019existence d\u2019une \u00e9poque, le N\u00e9olithique, durant laquelle les populations pr\u00e9historiques pratiquaient d\u00e9j\u00e0 l\u2019agriculture et l\u2019\u00e9levage.Les sites palafittiques ont \u00e9galement une valeur exceptionnelle en raison de leurs conditions de conservation particuli\u00e8res. En raison de l\u2019absence d\u2019oxyg\u00e8ne sous l\u2019eau, et dans un environnement de sol humide, de nombreuses d\u00e9couvertes d\u2019\u00e9l\u00e9ments organiques, tels que des restes de bois, de plantes et de nourriture, ainsi que des textiles ont \u00e9t\u00e9 parfaitement pr\u00e9serv\u00e9s. Les sites palafittiques constituent donc des archives pr\u00e9cieuses pour la recherche sur la vie quotidienne au N\u00e9olithique et \u00e0 \u2019l\u2019\u00e2ge du Bronze. Ils permettent \u00e9galement de mieux comprendre les effets des fluctuations climatiques aux \u00e9poques pr\u00e9historique et historique. C&rsquo;est pour toutes ces raisons que l&rsquo;UNESCO les a inscrits sur la liste du patrimoine mondial. En 2021, \u00e0 l&rsquo;occasion des 10 ans de l\u2019inscription, des manifestations sont organis\u00e9es en de multiples emplacements autour des Alpes, sur les lacs et les rives des marais, le long de sentiers p\u00e9dagogiques et dans les mus\u00e9es.<span class=\"Apple-converted-space\">\u00a0<\/span><\/p>\n<p><a href=\"http:\/\/www.palafittes.org\">www.palafittes.org<\/a><\/p>\n<p>&nbsp;<\/p>\n","protected":false},"excerpt":{"rendered":"<p>Les \u00ab sites palafittiques pr\u00e9historiques autour des Alpes \u00bb constituent des gisements de premi\u00e8re importance pour la connaissance des soci\u00e9t\u00e9s europ\u00e9ennes de la Pr\u00e9histoire r\u00e9cente. En 1854, un abaissement temporaire du niveau des lacs alpins suite \u00e0 une s\u00e9cheresse fait \u00e9merger sur les rives du lac de Zurich, en Suisse, des pieux en bois et [&hellip;]<\/p>\n","protected":false},"author":17,"featured_media":106055,"comment_status":"closed","ping_status":"closed","sticky":false,"template":"","format":"standard","meta":{"_et_pb_use_builder":"","_et_pb_old_content":"","_et_gb_content_width":"","footnotes":""},"categories":[10530,6362,10789,10785],"tags":[12875],"class_list":["post-106054","post","type-post","status-publish","format-standard","has-post-thumbnail","hentry","category-actualites","category-services-equipements","category-publications-atrium","category-atrium","tag-archeologie"],"yoast_head":"<!-- This site is optimized with the Yoast SEO plugin v27.4 - https:\/\/yoast.com\/product\/yoast-seo-wordpress\/ -->\n<title>Sites palafittiques pr\u00e9historiques autour des Alpes, 10 ans d\u2019inscription au patrimoine mondial de l\u2019UNESCO<\/title>\n<meta name=\"robots\" content=\"index, follow, max-snippet:-1, max-image-preview:large, max-video-preview:-1\" \/>\n<link rel=\"canonical\" href=\"https:\/\/batijournal.com\/index.php\/sites-palafittiques-prehistoriques-autour-des-alpes-10-ans-dinscription-au-patrimoine-mondial-de-lunesco\/106054\/\" \/>\n<meta property=\"og:locale\" content=\"fr_FR\" \/>\n<meta property=\"og:type\" content=\"article\" \/>\n<meta property=\"og:title\" content=\"Sites palafittiques pr\u00e9historiques autour des Alpes, 10 ans d\u2019inscription au patrimoine mondial de l\u2019UNESCO\" \/>\n<meta property=\"og:description\" content=\"Les \u00ab sites palafittiques pr\u00e9historiques autour des Alpes \u00bb constituent des gisements de premi\u00e8re importance pour la connaissance des soci\u00e9t\u00e9s europ\u00e9ennes de la Pr\u00e9histoire r\u00e9cente. En 1854, un abaissement temporaire du niveau des lacs alpins suite \u00e0 une s\u00e9cheresse fait \u00e9merger sur les rives du lac de Zurich, en Suisse, des pieux en bois et [&hellip;]\" \/>\n<meta property=\"og:url\" content=\"https:\/\/batijournal.com\/index.php\/sites-palafittiques-prehistoriques-autour-des-alpes-10-ans-dinscription-au-patrimoine-mondial-de-lunesco\/106054\/\" \/>\n<meta property=\"og:site_name\" content=\"Batijournal\" \/>\n<meta property=\"article:published_time\" content=\"2021-06-30T10:34:20+00:00\" \/>\n<meta property=\"og:image\" content=\"https:\/\/batijournal.com\/wp-content\/uploads\/2021\/06\/10JahreWelterbeLogo-fe36f3c9.png\" \/>\n\t<meta property=\"og:image:width\" content=\"500\" \/>\n\t<meta property=\"og:image:height\" content=\"335\" \/>\n\t<meta property=\"og:image:type\" content=\"image\/png\" \/>\n<meta name=\"author\" content=\"St\u00e9phane Miget\" \/>\n<meta name=\"twitter:card\" content=\"summary_large_image\" \/>\n<meta name=\"twitter:creator\" content=\"@bati_journal\" \/>\n<meta name=\"twitter:site\" content=\"@bati_journal\" \/>\n<meta name=\"twitter:label1\" content=\"\u00c9crit par\" \/>\n\t<meta name=\"twitter:data1\" content=\"St\u00e9phane Miget\" \/>\n\t<meta name=\"twitter:label2\" content=\"Dur\u00e9e de lecture estim\u00e9e\" \/>\n\t<meta name=\"twitter:data2\" content=\"1 minute\" \/>\n<script type=\"application\/ld+json\" class=\"yoast-schema-graph\">{\"@context\":\"https:\\\/\\\/schema.org\",\"@graph\":[{\"@type\":\"Article\",\"@id\":\"https:\\\/\\\/batijournal.com\\\/index.php\\\/sites-palafittiques-prehistoriques-autour-des-alpes-10-ans-dinscription-au-patrimoine-mondial-de-lunesco\\\/106054\\\/#article\",\"isPartOf\":{\"@id\":\"https:\\\/\\\/batijournal.com\\\/index.php\\\/sites-palafittiques-prehistoriques-autour-des-alpes-10-ans-dinscription-au-patrimoine-mondial-de-lunesco\\\/106054\\\/\"},\"author\":{\"name\":\"St\u00e9phane Miget\",\"@id\":\"https:\\\/\\\/batijournal.com\\\/#\\\/schema\\\/person\\\/1dc96ec6957aa1ccb25ebe78bb19f100\"},\"headline\":\"Sites palafittiques pr\u00e9historiques autour des Alpes, 10 ans d\u2019inscription au patrimoine mondial de l\u2019UNESCO\",\"datePublished\":\"2021-06-30T10:34:20+00:00\",\"mainEntityOfPage\":{\"@id\":\"https:\\\/\\\/batijournal.com\\\/index.php\\\/sites-palafittiques-prehistoriques-autour-des-alpes-10-ans-dinscription-au-patrimoine-mondial-de-lunesco\\\/106054\\\/\"},\"wordCount\":310,\"image\":{\"@id\":\"https:\\\/\\\/batijournal.com\\\/index.php\\\/sites-palafittiques-prehistoriques-autour-des-alpes-10-ans-dinscription-au-patrimoine-mondial-de-lunesco\\\/106054\\\/#primaryimage\"},\"thumbnailUrl\":\"https:\\\/\\\/batijournal.com\\\/wp-content\\\/uploads\\\/2021\\\/06\\\/10JahreWelterbeLogo-fe36f3c9.png\",\"keywords\":[\"arch\u00e9ologie\"],\"articleSection\":[\"Actualit\u00e9s\",\"Divers\",\"zz_Actualit\u00e9s - Atrium\",\"zz_Atrium Patrimoine\"],\"inLanguage\":\"fr-FR\"},{\"@type\":\"WebPage\",\"@id\":\"https:\\\/\\\/batijournal.com\\\/index.php\\\/sites-palafittiques-prehistoriques-autour-des-alpes-10-ans-dinscription-au-patrimoine-mondial-de-lunesco\\\/106054\\\/\",\"url\":\"https:\\\/\\\/batijournal.com\\\/index.php\\\/sites-palafittiques-prehistoriques-autour-des-alpes-10-ans-dinscription-au-patrimoine-mondial-de-lunesco\\\/106054\\\/\",\"name\":\"Sites palafittiques pr\u00e9historiques autour des Alpes, 10 ans d\u2019inscription au patrimoine mondial de l\u2019UNESCO\",\"isPartOf\":{\"@id\":\"https:\\\/\\\/batijournal.com\\\/#website\"},\"primaryImageOfPage\":{\"@id\":\"https:\\\/\\\/batijournal.com\\\/index.php\\\/sites-palafittiques-prehistoriques-autour-des-alpes-10-ans-dinscription-au-patrimoine-mondial-de-lunesco\\\/106054\\\/#primaryimage\"},\"image\":{\"@id\":\"https:\\\/\\\/batijournal.com\\\/index.php\\\/sites-palafittiques-prehistoriques-autour-des-alpes-10-ans-dinscription-au-patrimoine-mondial-de-lunesco\\\/106054\\\/#primaryimage\"},\"thumbnailUrl\":\"https:\\\/\\\/batijournal.com\\\/wp-content\\\/uploads\\\/2021\\\/06\\\/10JahreWelterbeLogo-fe36f3c9.png\",\"datePublished\":\"2021-06-30T10:34:20+00:00\",\"author\":{\"@id\":\"https:\\\/\\\/batijournal.com\\\/#\\\/schema\\\/person\\\/1dc96ec6957aa1ccb25ebe78bb19f100\"},\"breadcrumb\":{\"@id\":\"https:\\\/\\\/batijournal.com\\\/index.php\\\/sites-palafittiques-prehistoriques-autour-des-alpes-10-ans-dinscription-au-patrimoine-mondial-de-lunesco\\\/106054\\\/#breadcrumb\"},\"inLanguage\":\"fr-FR\",\"potentialAction\":[{\"@type\":\"ReadAction\",\"target\":[\"https:\\\/\\\/batijournal.com\\\/index.php\\\/sites-palafittiques-prehistoriques-autour-des-alpes-10-ans-dinscription-au-patrimoine-mondial-de-lunesco\\\/106054\\\/\"]}]},{\"@type\":\"ImageObject\",\"inLanguage\":\"fr-FR\",\"@id\":\"https:\\\/\\\/batijournal.com\\\/index.php\\\/sites-palafittiques-prehistoriques-autour-des-alpes-10-ans-dinscription-au-patrimoine-mondial-de-lunesco\\\/106054\\\/#primaryimage\",\"url\":\"https:\\\/\\\/batijournal.com\\\/wp-content\\\/uploads\\\/2021\\\/06\\\/10JahreWelterbeLogo-fe36f3c9.png\",\"contentUrl\":\"https:\\\/\\\/batijournal.com\\\/wp-content\\\/uploads\\\/2021\\\/06\\\/10JahreWelterbeLogo-fe36f3c9.png\",\"width\":500,\"height\":335},{\"@type\":\"BreadcrumbList\",\"@id\":\"https:\\\/\\\/batijournal.com\\\/index.php\\\/sites-palafittiques-prehistoriques-autour-des-alpes-10-ans-dinscription-au-patrimoine-mondial-de-lunesco\\\/106054\\\/#breadcrumb\",\"itemListElement\":[{\"@type\":\"ListItem\",\"position\":1,\"name\":\"Accueil\",\"item\":\"https:\\\/\\\/batijournal.com\\\/\"},{\"@type\":\"ListItem\",\"position\":2,\"name\":\"Actualit\u00e9s\",\"item\":\"https:\\\/\\\/batijournal.com\\\/index.php\\\/category\\\/actualites\\\/\"},{\"@type\":\"ListItem\",\"position\":3,\"name\":\"Divers\",\"item\":\"https:\\\/\\\/batijournal.com\\\/index.php\\\/category\\\/actualites\\\/services-equipements\\\/\"},{\"@type\":\"ListItem\",\"position\":4,\"name\":\"Sites palafittiques pr\u00e9historiques autour des Alpes, 10 ans d\u2019inscription au patrimoine mondial de l\u2019UNESCO\"}]},{\"@type\":\"WebSite\",\"@id\":\"https:\\\/\\\/batijournal.com\\\/#website\",\"url\":\"https:\\\/\\\/batijournal.com\\\/\",\"name\":\"Batijournal\",\"description\":\"L&#039;actualit\u00e9 du b\u00e2timent\",\"potentialAction\":[{\"@type\":\"SearchAction\",\"target\":{\"@type\":\"EntryPoint\",\"urlTemplate\":\"https:\\\/\\\/batijournal.com\\\/?s={search_term_string}\"},\"query-input\":{\"@type\":\"PropertyValueSpecification\",\"valueRequired\":true,\"valueName\":\"search_term_string\"}}],\"inLanguage\":\"fr-FR\"},{\"@type\":\"Person\",\"@id\":\"https:\\\/\\\/batijournal.com\\\/#\\\/schema\\\/person\\\/1dc96ec6957aa1ccb25ebe78bb19f100\",\"name\":\"St\u00e9phane Miget\",\"image\":{\"@type\":\"ImageObject\",\"inLanguage\":\"fr-FR\",\"@id\":\"https:\\\/\\\/secure.gravatar.com\\\/avatar\\\/89915563d925342126b8ef0281b93d9d7fc337043e8df017f780908eb9644451?s=96&d=mm&r=g\",\"url\":\"https:\\\/\\\/secure.gravatar.com\\\/avatar\\\/89915563d925342126b8ef0281b93d9d7fc337043e8df017f780908eb9644451?s=96&d=mm&r=g\",\"contentUrl\":\"https:\\\/\\\/secure.gravatar.com\\\/avatar\\\/89915563d925342126b8ef0281b93d9d7fc337043e8df017f780908eb9644451?s=96&d=mm&r=g\",\"caption\":\"St\u00e9phane Miget\"},\"url\":\"https:\\\/\\\/batijournal.com\\\/index.php\\\/author\\\/stephane\\\/\"}]}<\/script>\n<!-- \/ Yoast SEO plugin. -->","yoast_head_json":{"title":"Sites palafittiques pr\u00e9historiques autour des Alpes, 10 ans d\u2019inscription au patrimoine mondial de l\u2019UNESCO","robots":{"index":"index","follow":"follow","max-snippet":"max-snippet:-1","max-image-preview":"max-image-preview:large","max-video-preview":"max-video-preview:-1"},"canonical":"https:\/\/batijournal.com\/index.php\/sites-palafittiques-prehistoriques-autour-des-alpes-10-ans-dinscription-au-patrimoine-mondial-de-lunesco\/106054\/","og_locale":"fr_FR","og_type":"article","og_title":"Sites palafittiques pr\u00e9historiques autour des Alpes, 10 ans d\u2019inscription au patrimoine mondial de l\u2019UNESCO","og_description":"Les \u00ab sites palafittiques pr\u00e9historiques autour des Alpes \u00bb constituent des gisements de premi\u00e8re importance pour la connaissance des soci\u00e9t\u00e9s europ\u00e9ennes de la Pr\u00e9histoire r\u00e9cente. En 1854, un abaissement temporaire du niveau des lacs alpins suite \u00e0 une s\u00e9cheresse fait \u00e9merger sur les rives du lac de Zurich, en Suisse, des pieux en bois et [&hellip;]","og_url":"https:\/\/batijournal.com\/index.php\/sites-palafittiques-prehistoriques-autour-des-alpes-10-ans-dinscription-au-patrimoine-mondial-de-lunesco\/106054\/","og_site_name":"Batijournal","article_published_time":"2021-06-30T10:34:20+00:00","og_image":[{"width":500,"height":335,"url":"https:\/\/batijournal.com\/wp-content\/uploads\/2021\/06\/10JahreWelterbeLogo-fe36f3c9.png","type":"image\/png"}],"author":"St\u00e9phane Miget","twitter_card":"summary_large_image","twitter_creator":"@bati_journal","twitter_site":"@bati_journal","twitter_misc":{"\u00c9crit par":"St\u00e9phane Miget","Dur\u00e9e de lecture estim\u00e9e":"1 minute"},"schema":{"@context":"https:\/\/schema.org","@graph":[{"@type":"Article","@id":"https:\/\/batijournal.com\/index.php\/sites-palafittiques-prehistoriques-autour-des-alpes-10-ans-dinscription-au-patrimoine-mondial-de-lunesco\/106054\/#article","isPartOf":{"@id":"https:\/\/batijournal.com\/index.php\/sites-palafittiques-prehistoriques-autour-des-alpes-10-ans-dinscription-au-patrimoine-mondial-de-lunesco\/106054\/"},"author":{"name":"St\u00e9phane Miget","@id":"https:\/\/batijournal.com\/#\/schema\/person\/1dc96ec6957aa1ccb25ebe78bb19f100"},"headline":"Sites palafittiques pr\u00e9historiques autour des Alpes, 10 ans d\u2019inscription au patrimoine mondial de l\u2019UNESCO","datePublished":"2021-06-30T10:34:20+00:00","mainEntityOfPage":{"@id":"https:\/\/batijournal.com\/index.php\/sites-palafittiques-prehistoriques-autour-des-alpes-10-ans-dinscription-au-patrimoine-mondial-de-lunesco\/106054\/"},"wordCount":310,"image":{"@id":"https:\/\/batijournal.com\/index.php\/sites-palafittiques-prehistoriques-autour-des-alpes-10-ans-dinscription-au-patrimoine-mondial-de-lunesco\/106054\/#primaryimage"},"thumbnailUrl":"https:\/\/batijournal.com\/wp-content\/uploads\/2021\/06\/10JahreWelterbeLogo-fe36f3c9.png","keywords":["arch\u00e9ologie"],"articleSection":["Actualit\u00e9s","Divers","zz_Actualit\u00e9s - Atrium","zz_Atrium Patrimoine"],"inLanguage":"fr-FR"},{"@type":"WebPage","@id":"https:\/\/batijournal.com\/index.php\/sites-palafittiques-prehistoriques-autour-des-alpes-10-ans-dinscription-au-patrimoine-mondial-de-lunesco\/106054\/","url":"https:\/\/batijournal.com\/index.php\/sites-palafittiques-prehistoriques-autour-des-alpes-10-ans-dinscription-au-patrimoine-mondial-de-lunesco\/106054\/","name":"Sites palafittiques pr\u00e9historiques autour des Alpes, 10 ans d\u2019inscription au patrimoine mondial de l\u2019UNESCO","isPartOf":{"@id":"https:\/\/batijournal.com\/#website"},"primaryImageOfPage":{"@id":"https:\/\/batijournal.com\/index.php\/sites-palafittiques-prehistoriques-autour-des-alpes-10-ans-dinscription-au-patrimoine-mondial-de-lunesco\/106054\/#primaryimage"},"image":{"@id":"https:\/\/batijournal.com\/index.php\/sites-palafittiques-prehistoriques-autour-des-alpes-10-ans-dinscription-au-patrimoine-mondial-de-lunesco\/106054\/#primaryimage"},"thumbnailUrl":"https:\/\/batijournal.com\/wp-content\/uploads\/2021\/06\/10JahreWelterbeLogo-fe36f3c9.png","datePublished":"2021-06-30T10:34:20+00:00","author":{"@id":"https:\/\/batijournal.com\/#\/schema\/person\/1dc96ec6957aa1ccb25ebe78bb19f100"},"breadcrumb":{"@id":"https:\/\/batijournal.com\/index.php\/sites-palafittiques-prehistoriques-autour-des-alpes-10-ans-dinscription-au-patrimoine-mondial-de-lunesco\/106054\/#breadcrumb"},"inLanguage":"fr-FR","potentialAction":[{"@type":"ReadAction","target":["https:\/\/batijournal.com\/index.php\/sites-palafittiques-prehistoriques-autour-des-alpes-10-ans-dinscription-au-patrimoine-mondial-de-lunesco\/106054\/"]}]},{"@type":"ImageObject","inLanguage":"fr-FR","@id":"https:\/\/batijournal.com\/index.php\/sites-palafittiques-prehistoriques-autour-des-alpes-10-ans-dinscription-au-patrimoine-mondial-de-lunesco\/106054\/#primaryimage","url":"https:\/\/batijournal.com\/wp-content\/uploads\/2021\/06\/10JahreWelterbeLogo-fe36f3c9.png","contentUrl":"https:\/\/batijournal.com\/wp-content\/uploads\/2021\/06\/10JahreWelterbeLogo-fe36f3c9.png","width":500,"height":335},{"@type":"BreadcrumbList","@id":"https:\/\/batijournal.com\/index.php\/sites-palafittiques-prehistoriques-autour-des-alpes-10-ans-dinscription-au-patrimoine-mondial-de-lunesco\/106054\/#breadcrumb","itemListElement":[{"@type":"ListItem","position":1,"name":"Accueil","item":"https:\/\/batijournal.com\/"},{"@type":"ListItem","position":2,"name":"Actualit\u00e9s","item":"https:\/\/batijournal.com\/index.php\/category\/actualites\/"},{"@type":"ListItem","position":3,"name":"Divers","item":"https:\/\/batijournal.com\/index.php\/category\/actualites\/services-equipements\/"},{"@type":"ListItem","position":4,"name":"Sites palafittiques pr\u00e9historiques autour des Alpes, 10 ans d\u2019inscription au patrimoine mondial de l\u2019UNESCO"}]},{"@type":"WebSite","@id":"https:\/\/batijournal.com\/#website","url":"https:\/\/batijournal.com\/","name":"Batijournal","description":"L&#039;actualit\u00e9 du b\u00e2timent","potentialAction":[{"@type":"SearchAction","target":{"@type":"EntryPoint","urlTemplate":"https:\/\/batijournal.com\/?s={search_term_string}"},"query-input":{"@type":"PropertyValueSpecification","valueRequired":true,"valueName":"search_term_string"}}],"inLanguage":"fr-FR"},{"@type":"Person","@id":"https:\/\/batijournal.com\/#\/schema\/person\/1dc96ec6957aa1ccb25ebe78bb19f100","name":"St\u00e9phane Miget","image":{"@type":"ImageObject","inLanguage":"fr-FR","@id":"https:\/\/secure.gravatar.com\/avatar\/89915563d925342126b8ef0281b93d9d7fc337043e8df017f780908eb9644451?s=96&d=mm&r=g","url":"https:\/\/secure.gravatar.com\/avatar\/89915563d925342126b8ef0281b93d9d7fc337043e8df017f780908eb9644451?s=96&d=mm&r=g","contentUrl":"https:\/\/secure.gravatar.com\/avatar\/89915563d925342126b8ef0281b93d9d7fc337043e8df017f780908eb9644451?s=96&d=mm&r=g","caption":"St\u00e9phane Miget"},"url":"https:\/\/batijournal.com\/index.php\/author\/stephane\/"}]}},"_links":{"self":[{"href":"https:\/\/batijournal.com\/index.php\/wp-json\/wp\/v2\/posts\/106054","targetHints":{"allow":["GET"]}}],"collection":[{"href":"https:\/\/batijournal.com\/index.php\/wp-json\/wp\/v2\/posts"}],"about":[{"href":"https:\/\/batijournal.com\/index.php\/wp-json\/wp\/v2\/types\/post"}],"author":[{"embeddable":true,"href":"https:\/\/batijournal.com\/index.php\/wp-json\/wp\/v2\/users\/17"}],"replies":[{"embeddable":true,"href":"https:\/\/batijournal.com\/index.php\/wp-json\/wp\/v2\/comments?post=106054"}],"version-history":[{"count":0,"href":"https:\/\/batijournal.com\/index.php\/wp-json\/wp\/v2\/posts\/106054\/revisions"}],"wp:featuredmedia":[{"embeddable":true,"href":"https:\/\/batijournal.com\/index.php\/wp-json\/wp\/v2\/media\/106055"}],"wp:attachment":[{"href":"https:\/\/batijournal.com\/index.php\/wp-json\/wp\/v2\/media?parent=106054"}],"wp:term":[{"taxonomy":"category","embeddable":true,"href":"https:\/\/batijournal.com\/index.php\/wp-json\/wp\/v2\/categories?post=106054"},{"taxonomy":"post_tag","embeddable":true,"href":"https:\/\/batijournal.com\/index.php\/wp-json\/wp\/v2\/tags?post=106054"}],"curies":[{"name":"wp","href":"https:\/\/api.w.org\/{rel}","templated":true}]}}