{"id":106067,"date":"2021-07-02T14:48:18","date_gmt":"2021-07-02T12:48:18","guid":{"rendered":"https:\/\/batijournal.com\/?p=106067"},"modified":"2021-07-02T14:48:18","modified_gmt":"2021-07-02T12:48:18","slug":"le-forum-bois-construction-laboratoires-de-la-neutralite-carbone-de-la-construction","status":"publish","type":"post","link":"https:\/\/batijournal.com\/index.php\/le-forum-bois-construction-laboratoires-de-la-neutralite-carbone-de-la-construction\/106067\/","title":{"rendered":"Le Forum Bois Construction, laboratoires de la neutralit\u00e9 carbone de la construction"},"content":{"rendered":"<p>Cette ann\u00e9e, le Forum International Bois Construction porte \u00e0 Paris le message de la construction biosourc\u00e9e. Il pr\u00e9sente aux professionnels et au Grand Public une exposition : \u00ab La for\u00eat, le bois, la construction bois et l\u2019am\u00e9nagement bio-sourc\u00e9: tout un \u00e9cosyst\u00e8me \u00bb. Il le fait avec une d\u00e9marche citoyenne qui interroge sur l\u2019\u00e9missivit\u00e9 des nombreux \u00e9v\u00e9nements dont Paris et l\u2019Ile-de-France sont le th\u00e9\u00e2tre (Paris et l\u2019Ile-de-France repr\u00e9sentent la premi\u00e8re destination \u00e9v\u00e9nementielle du monde avec plus de 700 000 m2 d\u2019espaces couverts, 400 salons, 1000 congr\u00e8s et 3000 \u00e9v\u00e9nements organis\u00e9s) :<\/p>\n<ul>\n<li>Le congr\u00e8s se tient dans un b\u00e2timent en bois \u00e9ph\u00e9m\u00e8re, modulaire et r\u00e9utilisable ;<\/li>\n<li>Les s\u00e9ances pl\u00e9ni\u00e8res se d\u00e9roulent dans un auditorium \u00e9galement biosourc\u00e9, \u00e9ph\u00e9m\u00e8re et r\u00e9utilisable ;<\/li>\n<li>Les stands de l\u2019exposition ont \u00e9t\u00e9 d\u00e9velopp\u00e9s sp\u00e9cifiquement \u00e0 base de bois fran\u00e7ais et pour des usages multiples ;<\/li>\n<li>Les tables sont issues du recyclage des portes de l\u2019H\u00f4pital St Vincent \u00e0 Paris ainsi que les chaises Batik d\u00e9sign\u00e9es par Eric Jourdan pour le salon 1\u00b0 vision de 2010 \u00e0 2017.<\/li>\n<li>Une d\u00e9marche in\u00e9dite de calcul de l\u2019ACV (analyse de cycle de vie) de la manifestation a \u00e9t\u00e9 engag\u00e9e ;<\/li>\n<li>Les participants sont invit\u00e9s \u00e0 acheter un arbre pour replanter une parcelle \u00ab10e Forum International Bois Construction\u00bb situ\u00e9 sur la commune de Belleau au nord de Nancy, afin de reconstituer les for\u00eats qui viennent d\u2019\u00eatre d\u00e9cim\u00e9es par la s\u00e9cheresse et les attaques de scolytes.<\/li>\n<\/ul>\n<p>10e Forum International Bois Construction<br \/>\nGrand Palais \u00c9ph\u00e9m\u00e8re, Le Champ-de-Mars, Paris<br \/>\n15 \u201517 juillet 2021<\/p>\n<p>Photo : Swatch &#8211; Prix International Architecture bois 2020 &#8211; Shigeru Ban Architects Europe &#8211; \u00a9Didier Boy de la Tour<\/p>\n","protected":false},"excerpt":{"rendered":"<p>Cette ann\u00e9e, le Forum International Bois Construction porte \u00e0 Paris le message de la construction biosourc\u00e9e. Il pr\u00e9sente aux professionnels et au Grand Public une exposition : \u00ab La for\u00eat, le bois, la construction bois et l\u2019am\u00e9nagement bio-sourc\u00e9: tout un \u00e9cosyst\u00e8me \u00bb. Il le fait avec une d\u00e9marche citoyenne qui interroge sur l\u2019\u00e9missivit\u00e9 des nombreux [&hellip;]<\/p>\n","protected":false},"author":17,"featured_media":106068,"comment_status":"closed","ping_status":"closed","sticky":false,"template":"","format":"standard","meta":{"_et_pb_use_builder":"","_et_pb_old_content":"","_et_gb_content_width":"","footnotes":""},"categories":[10530,6340,10781,10769,10778,10764],"tags":[9312],"class_list":["post-106067","post","type-post","status-publish","format-standard","has-post-thumbnail","hentry","category-actualites","category-architecture-conception","category-publications-planete","category-publications","category-planete","category-woodsurfer","tag-forum-bois-construction"],"yoast_head":"<!-- This site is optimized with the Yoast SEO plugin v27.4 - https:\/\/yoast.com\/product\/yoast-seo-wordpress\/ -->\n<title>Le Forum Bois Construction, laboratoires de la neutralit\u00e9 carbone de la construction<\/title>\n<meta name=\"robots\" content=\"index, follow, max-snippet:-1, max-image-preview:large, max-video-preview:-1\" \/>\n<link rel=\"canonical\" href=\"https:\/\/batijournal.com\/index.php\/le-forum-bois-construction-laboratoires-de-la-neutralite-carbone-de-la-construction\/106067\/\" \/>\n<meta property=\"og:locale\" content=\"fr_FR\" \/>\n<meta property=\"og:type\" content=\"article\" \/>\n<meta property=\"og:title\" content=\"Le Forum Bois Construction, laboratoires de la neutralit\u00e9 carbone de la construction\" \/>\n<meta property=\"og:description\" content=\"Cette ann\u00e9e, le Forum International Bois Construction porte \u00e0 Paris le message de la construction biosourc\u00e9e. Il pr\u00e9sente aux professionnels et au Grand Public une exposition : \u00ab La for\u00eat, le bois, la construction bois et l\u2019am\u00e9nagement bio-sourc\u00e9: tout un \u00e9cosyst\u00e8me \u00bb. Il le fait avec une d\u00e9marche citoyenne qui interroge sur l\u2019\u00e9missivit\u00e9 des nombreux [&hellip;]\" \/>\n<meta property=\"og:url\" content=\"https:\/\/batijournal.com\/index.php\/le-forum-bois-construction-laboratoires-de-la-neutralite-carbone-de-la-construction\/106067\/\" \/>\n<meta property=\"og:site_name\" content=\"Batijournal\" \/>\n<meta property=\"article:published_time\" content=\"2021-07-02T12:48:18+00:00\" \/>\n<meta property=\"og:image\" content=\"https:\/\/batijournal.com\/wp-content\/uploads\/2021\/07\/Swatch.png\" \/>\n\t<meta property=\"og:image:width\" content=\"1311\" \/>\n\t<meta property=\"og:image:height\" content=\"724\" \/>\n\t<meta property=\"og:image:type\" content=\"image\/png\" \/>\n<meta name=\"author\" content=\"St\u00e9phane Miget\" \/>\n<meta name=\"twitter:card\" content=\"summary_large_image\" \/>\n<meta name=\"twitter:creator\" content=\"@bati_journal\" \/>\n<meta name=\"twitter:site\" content=\"@bati_journal\" \/>\n<meta name=\"twitter:label1\" content=\"\u00c9crit par\" \/>\n\t<meta name=\"twitter:data1\" content=\"St\u00e9phane Miget\" \/>\n\t<meta name=\"twitter:label2\" content=\"Dur\u00e9e de lecture estim\u00e9e\" \/>\n\t<meta name=\"twitter:data2\" content=\"1 minute\" \/>\n<script type=\"application\/ld+json\" class=\"yoast-schema-graph\">{\"@context\":\"https:\\\/\\\/schema.org\",\"@graph\":[{\"@type\":\"Article\",\"@id\":\"https:\\\/\\\/batijournal.com\\\/index.php\\\/le-forum-bois-construction-laboratoires-de-la-neutralite-carbone-de-la-construction\\\/106067\\\/#article\",\"isPartOf\":{\"@id\":\"https:\\\/\\\/batijournal.com\\\/index.php\\\/le-forum-bois-construction-laboratoires-de-la-neutralite-carbone-de-la-construction\\\/106067\\\/\"},\"author\":{\"name\":\"St\u00e9phane Miget\",\"@id\":\"https:\\\/\\\/batijournal.com\\\/#\\\/schema\\\/person\\\/1dc96ec6957aa1ccb25ebe78bb19f100\"},\"headline\":\"Le Forum Bois Construction, laboratoires de la neutralit\u00e9 carbone de la construction\",\"datePublished\":\"2021-07-02T12:48:18+00:00\",\"mainEntityOfPage\":{\"@id\":\"https:\\\/\\\/batijournal.com\\\/index.php\\\/le-forum-bois-construction-laboratoires-de-la-neutralite-carbone-de-la-construction\\\/106067\\\/\"},\"wordCount\":306,\"image\":{\"@id\":\"https:\\\/\\\/batijournal.com\\\/index.php\\\/le-forum-bois-construction-laboratoires-de-la-neutralite-carbone-de-la-construction\\\/106067\\\/#primaryimage\"},\"thumbnailUrl\":\"https:\\\/\\\/batijournal.com\\\/wp-content\\\/uploads\\\/2021\\\/07\\\/Swatch.png\",\"keywords\":[\"forum bois construction\"],\"articleSection\":[\"Actualit\u00e9s\",\"Architecture &amp; Conception\",\"zz_Actualit\u00e9s - Plan\u00e8te\",\"zz_Actualit\u00e9s - Woodsurfer\",\"zz_Plan\u00e8te B\u00e2timent\",\"zz_Woodsurfer\"],\"inLanguage\":\"fr-FR\"},{\"@type\":\"WebPage\",\"@id\":\"https:\\\/\\\/batijournal.com\\\/index.php\\\/le-forum-bois-construction-laboratoires-de-la-neutralite-carbone-de-la-construction\\\/106067\\\/\",\"url\":\"https:\\\/\\\/batijournal.com\\\/index.php\\\/le-forum-bois-construction-laboratoires-de-la-neutralite-carbone-de-la-construction\\\/106067\\\/\",\"name\":\"Le Forum Bois Construction, laboratoires de la neutralit\u00e9 carbone de la construction\",\"isPartOf\":{\"@id\":\"https:\\\/\\\/batijournal.com\\\/#website\"},\"primaryImageOfPage\":{\"@id\":\"https:\\\/\\\/batijournal.com\\\/index.php\\\/le-forum-bois-construction-laboratoires-de-la-neutralite-carbone-de-la-construction\\\/106067\\\/#primaryimage\"},\"image\":{\"@id\":\"https:\\\/\\\/batijournal.com\\\/index.php\\\/le-forum-bois-construction-laboratoires-de-la-neutralite-carbone-de-la-construction\\\/106067\\\/#primaryimage\"},\"thumbnailUrl\":\"https:\\\/\\\/batijournal.com\\\/wp-content\\\/uploads\\\/2021\\\/07\\\/Swatch.png\",\"datePublished\":\"2021-07-02T12:48:18+00:00\",\"author\":{\"@id\":\"https:\\\/\\\/batijournal.com\\\/#\\\/schema\\\/person\\\/1dc96ec6957aa1ccb25ebe78bb19f100\"},\"breadcrumb\":{\"@id\":\"https:\\\/\\\/batijournal.com\\\/index.php\\\/le-forum-bois-construction-laboratoires-de-la-neutralite-carbone-de-la-construction\\\/106067\\\/#breadcrumb\"},\"inLanguage\":\"fr-FR\",\"potentialAction\":[{\"@type\":\"ReadAction\",\"target\":[\"https:\\\/\\\/batijournal.com\\\/index.php\\\/le-forum-bois-construction-laboratoires-de-la-neutralite-carbone-de-la-construction\\\/106067\\\/\"]}]},{\"@type\":\"ImageObject\",\"inLanguage\":\"fr-FR\",\"@id\":\"https:\\\/\\\/batijournal.com\\\/index.php\\\/le-forum-bois-construction-laboratoires-de-la-neutralite-carbone-de-la-construction\\\/106067\\\/#primaryimage\",\"url\":\"https:\\\/\\\/batijournal.com\\\/wp-content\\\/uploads\\\/2021\\\/07\\\/Swatch.png\",\"contentUrl\":\"https:\\\/\\\/batijournal.com\\\/wp-content\\\/uploads\\\/2021\\\/07\\\/Swatch.png\",\"width\":1311,\"height\":724},{\"@type\":\"BreadcrumbList\",\"@id\":\"https:\\\/\\\/batijournal.com\\\/index.php\\\/le-forum-bois-construction-laboratoires-de-la-neutralite-carbone-de-la-construction\\\/106067\\\/#breadcrumb\",\"itemListElement\":[{\"@type\":\"ListItem\",\"position\":1,\"name\":\"Accueil\",\"item\":\"https:\\\/\\\/batijournal.com\\\/\"},{\"@type\":\"ListItem\",\"position\":2,\"name\":\"Actualit\u00e9s\",\"item\":\"https:\\\/\\\/batijournal.com\\\/index.php\\\/category\\\/actualites\\\/\"},{\"@type\":\"ListItem\",\"position\":3,\"name\":\"Architecture &amp; Conception\",\"item\":\"https:\\\/\\\/batijournal.com\\\/index.php\\\/category\\\/actualites\\\/architecture-conception\\\/\"},{\"@type\":\"ListItem\",\"position\":4,\"name\":\"Le Forum Bois Construction, laboratoires de la neutralit\u00e9 carbone de la construction\"}]},{\"@type\":\"WebSite\",\"@id\":\"https:\\\/\\\/batijournal.com\\\/#website\",\"url\":\"https:\\\/\\\/batijournal.com\\\/\",\"name\":\"Batijournal\",\"description\":\"L&#039;actualit\u00e9 du b\u00e2timent\",\"potentialAction\":[{\"@type\":\"SearchAction\",\"target\":{\"@type\":\"EntryPoint\",\"urlTemplate\":\"https:\\\/\\\/batijournal.com\\\/?s={search_term_string}\"},\"query-input\":{\"@type\":\"PropertyValueSpecification\",\"valueRequired\":true,\"valueName\":\"search_term_string\"}}],\"inLanguage\":\"fr-FR\"},{\"@type\":\"Person\",\"@id\":\"https:\\\/\\\/batijournal.com\\\/#\\\/schema\\\/person\\\/1dc96ec6957aa1ccb25ebe78bb19f100\",\"name\":\"St\u00e9phane Miget\",\"image\":{\"@type\":\"ImageObject\",\"inLanguage\":\"fr-FR\",\"@id\":\"https:\\\/\\\/secure.gravatar.com\\\/avatar\\\/89915563d925342126b8ef0281b93d9d7fc337043e8df017f780908eb9644451?s=96&d=mm&r=g\",\"url\":\"https:\\\/\\\/secure.gravatar.com\\\/avatar\\\/89915563d925342126b8ef0281b93d9d7fc337043e8df017f780908eb9644451?s=96&d=mm&r=g\",\"contentUrl\":\"https:\\\/\\\/secure.gravatar.com\\\/avatar\\\/89915563d925342126b8ef0281b93d9d7fc337043e8df017f780908eb9644451?s=96&d=mm&r=g\",\"caption\":\"St\u00e9phane Miget\"},\"url\":\"https:\\\/\\\/batijournal.com\\\/index.php\\\/author\\\/stephane\\\/\"}]}<\/script>\n<!-- \/ Yoast SEO plugin. -->","yoast_head_json":{"title":"Le Forum Bois Construction, laboratoires de la neutralit\u00e9 carbone de la construction","robots":{"index":"index","follow":"follow","max-snippet":"max-snippet:-1","max-image-preview":"max-image-preview:large","max-video-preview":"max-video-preview:-1"},"canonical":"https:\/\/batijournal.com\/index.php\/le-forum-bois-construction-laboratoires-de-la-neutralite-carbone-de-la-construction\/106067\/","og_locale":"fr_FR","og_type":"article","og_title":"Le Forum Bois Construction, laboratoires de la neutralit\u00e9 carbone de la construction","og_description":"Cette ann\u00e9e, le Forum International Bois Construction porte \u00e0 Paris le message de la construction biosourc\u00e9e. Il pr\u00e9sente aux professionnels et au Grand Public une exposition : \u00ab La for\u00eat, le bois, la construction bois et l\u2019am\u00e9nagement bio-sourc\u00e9: tout un \u00e9cosyst\u00e8me \u00bb. Il le fait avec une d\u00e9marche citoyenne qui interroge sur l\u2019\u00e9missivit\u00e9 des nombreux [&hellip;]","og_url":"https:\/\/batijournal.com\/index.php\/le-forum-bois-construction-laboratoires-de-la-neutralite-carbone-de-la-construction\/106067\/","og_site_name":"Batijournal","article_published_time":"2021-07-02T12:48:18+00:00","og_image":[{"width":1311,"height":724,"url":"https:\/\/batijournal.com\/wp-content\/uploads\/2021\/07\/Swatch.png","type":"image\/png"}],"author":"St\u00e9phane Miget","twitter_card":"summary_large_image","twitter_creator":"@bati_journal","twitter_site":"@bati_journal","twitter_misc":{"\u00c9crit par":"St\u00e9phane Miget","Dur\u00e9e de lecture estim\u00e9e":"1 minute"},"schema":{"@context":"https:\/\/schema.org","@graph":[{"@type":"Article","@id":"https:\/\/batijournal.com\/index.php\/le-forum-bois-construction-laboratoires-de-la-neutralite-carbone-de-la-construction\/106067\/#article","isPartOf":{"@id":"https:\/\/batijournal.com\/index.php\/le-forum-bois-construction-laboratoires-de-la-neutralite-carbone-de-la-construction\/106067\/"},"author":{"name":"St\u00e9phane Miget","@id":"https:\/\/batijournal.com\/#\/schema\/person\/1dc96ec6957aa1ccb25ebe78bb19f100"},"headline":"Le Forum Bois Construction, laboratoires de la neutralit\u00e9 carbone de la construction","datePublished":"2021-07-02T12:48:18+00:00","mainEntityOfPage":{"@id":"https:\/\/batijournal.com\/index.php\/le-forum-bois-construction-laboratoires-de-la-neutralite-carbone-de-la-construction\/106067\/"},"wordCount":306,"image":{"@id":"https:\/\/batijournal.com\/index.php\/le-forum-bois-construction-laboratoires-de-la-neutralite-carbone-de-la-construction\/106067\/#primaryimage"},"thumbnailUrl":"https:\/\/batijournal.com\/wp-content\/uploads\/2021\/07\/Swatch.png","keywords":["forum bois construction"],"articleSection":["Actualit\u00e9s","Architecture &amp; Conception","zz_Actualit\u00e9s - Plan\u00e8te","zz_Actualit\u00e9s - Woodsurfer","zz_Plan\u00e8te B\u00e2timent","zz_Woodsurfer"],"inLanguage":"fr-FR"},{"@type":"WebPage","@id":"https:\/\/batijournal.com\/index.php\/le-forum-bois-construction-laboratoires-de-la-neutralite-carbone-de-la-construction\/106067\/","url":"https:\/\/batijournal.com\/index.php\/le-forum-bois-construction-laboratoires-de-la-neutralite-carbone-de-la-construction\/106067\/","name":"Le Forum Bois Construction, laboratoires de la neutralit\u00e9 carbone de la construction","isPartOf":{"@id":"https:\/\/batijournal.com\/#website"},"primaryImageOfPage":{"@id":"https:\/\/batijournal.com\/index.php\/le-forum-bois-construction-laboratoires-de-la-neutralite-carbone-de-la-construction\/106067\/#primaryimage"},"image":{"@id":"https:\/\/batijournal.com\/index.php\/le-forum-bois-construction-laboratoires-de-la-neutralite-carbone-de-la-construction\/106067\/#primaryimage"},"thumbnailUrl":"https:\/\/batijournal.com\/wp-content\/uploads\/2021\/07\/Swatch.png","datePublished":"2021-07-02T12:48:18+00:00","author":{"@id":"https:\/\/batijournal.com\/#\/schema\/person\/1dc96ec6957aa1ccb25ebe78bb19f100"},"breadcrumb":{"@id":"https:\/\/batijournal.com\/index.php\/le-forum-bois-construction-laboratoires-de-la-neutralite-carbone-de-la-construction\/106067\/#breadcrumb"},"inLanguage":"fr-FR","potentialAction":[{"@type":"ReadAction","target":["https:\/\/batijournal.com\/index.php\/le-forum-bois-construction-laboratoires-de-la-neutralite-carbone-de-la-construction\/106067\/"]}]},{"@type":"ImageObject","inLanguage":"fr-FR","@id":"https:\/\/batijournal.com\/index.php\/le-forum-bois-construction-laboratoires-de-la-neutralite-carbone-de-la-construction\/106067\/#primaryimage","url":"https:\/\/batijournal.com\/wp-content\/uploads\/2021\/07\/Swatch.png","contentUrl":"https:\/\/batijournal.com\/wp-content\/uploads\/2021\/07\/Swatch.png","width":1311,"height":724},{"@type":"BreadcrumbList","@id":"https:\/\/batijournal.com\/index.php\/le-forum-bois-construction-laboratoires-de-la-neutralite-carbone-de-la-construction\/106067\/#breadcrumb","itemListElement":[{"@type":"ListItem","position":1,"name":"Accueil","item":"https:\/\/batijournal.com\/"},{"@type":"ListItem","position":2,"name":"Actualit\u00e9s","item":"https:\/\/batijournal.com\/index.php\/category\/actualites\/"},{"@type":"ListItem","position":3,"name":"Architecture &amp; Conception","item":"https:\/\/batijournal.com\/index.php\/category\/actualites\/architecture-conception\/"},{"@type":"ListItem","position":4,"name":"Le Forum Bois Construction, laboratoires de la neutralit\u00e9 carbone de la construction"}]},{"@type":"WebSite","@id":"https:\/\/batijournal.com\/#website","url":"https:\/\/batijournal.com\/","name":"Batijournal","description":"L&#039;actualit\u00e9 du b\u00e2timent","potentialAction":[{"@type":"SearchAction","target":{"@type":"EntryPoint","urlTemplate":"https:\/\/batijournal.com\/?s={search_term_string}"},"query-input":{"@type":"PropertyValueSpecification","valueRequired":true,"valueName":"search_term_string"}}],"inLanguage":"fr-FR"},{"@type":"Person","@id":"https:\/\/batijournal.com\/#\/schema\/person\/1dc96ec6957aa1ccb25ebe78bb19f100","name":"St\u00e9phane Miget","image":{"@type":"ImageObject","inLanguage":"fr-FR","@id":"https:\/\/secure.gravatar.com\/avatar\/89915563d925342126b8ef0281b93d9d7fc337043e8df017f780908eb9644451?s=96&d=mm&r=g","url":"https:\/\/secure.gravatar.com\/avatar\/89915563d925342126b8ef0281b93d9d7fc337043e8df017f780908eb9644451?s=96&d=mm&r=g","contentUrl":"https:\/\/secure.gravatar.com\/avatar\/89915563d925342126b8ef0281b93d9d7fc337043e8df017f780908eb9644451?s=96&d=mm&r=g","caption":"St\u00e9phane Miget"},"url":"https:\/\/batijournal.com\/index.php\/author\/stephane\/"}]}},"_links":{"self":[{"href":"https:\/\/batijournal.com\/index.php\/wp-json\/wp\/v2\/posts\/106067","targetHints":{"allow":["GET"]}}],"collection":[{"href":"https:\/\/batijournal.com\/index.php\/wp-json\/wp\/v2\/posts"}],"about":[{"href":"https:\/\/batijournal.com\/index.php\/wp-json\/wp\/v2\/types\/post"}],"author":[{"embeddable":true,"href":"https:\/\/batijournal.com\/index.php\/wp-json\/wp\/v2\/users\/17"}],"replies":[{"embeddable":true,"href":"https:\/\/batijournal.com\/index.php\/wp-json\/wp\/v2\/comments?post=106067"}],"version-history":[{"count":0,"href":"https:\/\/batijournal.com\/index.php\/wp-json\/wp\/v2\/posts\/106067\/revisions"}],"wp:featuredmedia":[{"embeddable":true,"href":"https:\/\/batijournal.com\/index.php\/wp-json\/wp\/v2\/media\/106068"}],"wp:attachment":[{"href":"https:\/\/batijournal.com\/index.php\/wp-json\/wp\/v2\/media?parent=106067"}],"wp:term":[{"taxonomy":"category","embeddable":true,"href":"https:\/\/batijournal.com\/index.php\/wp-json\/wp\/v2\/categories?post=106067"},{"taxonomy":"post_tag","embeddable":true,"href":"https:\/\/batijournal.com\/index.php\/wp-json\/wp\/v2\/tags?post=106067"}],"curies":[{"name":"wp","href":"https:\/\/api.w.org\/{rel}","templated":true}]}}