{"id":106074,"date":"2021-07-05T16:42:14","date_gmt":"2021-07-05T14:42:14","guid":{"rendered":"https:\/\/batijournal.com\/?p=106074"},"modified":"2021-07-05T16:42:14","modified_gmt":"2021-07-05T14:42:14","slug":"duco-sassocie-a-daikin","status":"publish","type":"post","link":"https:\/\/batijournal.com\/index.php\/duco-sassocie-a-daikin\/106074\/","title":{"rendered":"DUCO s&rsquo;associe \u00e0 Daikin"},"content":{"rendered":"<p>DUCO garantit depuis 30 ans des produits innovants et de haute qualit\u00e9 qui assurent un climat int\u00e9rieur sain. Pour ce faire, l&rsquo;entreprise propose une gamme \u00e9tendue de grilles et de box de ventilation, de grilles \u00e0 lamelles et de protections solaires en toile. Daikin Europe s&rsquo;associe d\u00e9sormais \u00e0 ce positionnement unique et se lancera dans le segment de la ventilation r\u00e9sidentielle en partenariat avec la soci\u00e9t\u00e9 de Furnes. DUCO peut se targuer d&rsquo;avoir aujourd&rsquo;hui non seulement les VMC double flux les plus silencieux du march\u00e9 europ\u00e9en, mais aussi les plus intelligents. Ceci gr\u00e2ce \u00e0 un fonctionnement int\u00e9gr\u00e9 \u00e0 2 zones sur DucoBox Energy Premium et \u00e0 un contr\u00f4le \u00e0 la demande bas\u00e9e sur le CO2 et l&rsquo;humidit\u00e9 relative sur l&rsquo;ensemble de la gamme double flux. De cette fa\u00e7on, DUCO non seulement offre un rendement maximum pendant le processus de ventilation m\u00eame, mais parvient \u00e9galement \u00e0 limiter la ventilation aux seules zones o\u00f9 elle est n\u00e9cessaire et pour la dur\u00e9e n\u00e9cessaire. DUCO parvient ainsi \u00e0 offrir au client final un climat int\u00e9rieur sain, associ\u00e9 \u00e0 une consommation d&rsquo;\u00e9nergie minimale et \u00e0 un confort (acoustique) maximum. DAIKIN s&rsquo;associe d\u00e9sormais \u00e0 DUCO pour r\u00e9pondre \u00e0 la demande de plus en plus pressante de solutions r\u00e9sidentielles compl\u00e8tes. DAIKIN offrira d\u00e8s lors des solutions DUCO avanc\u00e9es \u00e0 ses clients dans l&rsquo;ensemble de son r\u00e9seau europ\u00e9en.<span class=\"Apple-converted-space\">\u00a0<\/span><\/p>\n","protected":false},"excerpt":{"rendered":"<p>DUCO garantit depuis 30 ans des produits innovants et de haute qualit\u00e9 qui assurent un climat int\u00e9rieur sain. Pour ce faire, l&rsquo;entreprise propose une gamme \u00e9tendue de grilles et de box de ventilation, de grilles \u00e0 lamelles et de protections solaires en toile. Daikin Europe s&rsquo;associe d\u00e9sormais \u00e0 ce positionnement unique et se lancera dans [&hellip;]<\/p>\n","protected":false},"author":17,"featured_media":106075,"comment_status":"closed","ping_status":"closed","sticky":false,"template":"","format":"standard","meta":{"_et_pb_use_builder":"","_et_pb_old_content":"","_et_gb_content_width":"","footnotes":""},"categories":[10530,6345,10781,10778],"tags":[1251],"class_list":["post-106074","post","type-post","status-publish","format-standard","has-post-thumbnail","hentry","category-actualites","category-economie-marches","category-publications-planete","category-planete","tag-ventilation-2"],"yoast_head":"<!-- This site is optimized with the Yoast SEO plugin v27.4 - https:\/\/yoast.com\/product\/yoast-seo-wordpress\/ -->\n<title>DUCO s&#039;associe \u00e0 Daikin<\/title>\n<meta name=\"robots\" content=\"index, follow, max-snippet:-1, max-image-preview:large, max-video-preview:-1\" \/>\n<link rel=\"canonical\" href=\"https:\/\/batijournal.com\/index.php\/duco-sassocie-a-daikin\/106074\/\" \/>\n<meta property=\"og:locale\" content=\"fr_FR\" \/>\n<meta property=\"og:type\" content=\"article\" \/>\n<meta property=\"og:title\" content=\"DUCO s&#039;associe \u00e0 Daikin\" \/>\n<meta property=\"og:description\" content=\"DUCO garantit depuis 30 ans des produits innovants et de haute qualit\u00e9 qui assurent un climat int\u00e9rieur sain. Pour ce faire, l&rsquo;entreprise propose une gamme \u00e9tendue de grilles et de box de ventilation, de grilles \u00e0 lamelles et de protections solaires en toile. Daikin Europe s&rsquo;associe d\u00e9sormais \u00e0 ce positionnement unique et se lancera dans [&hellip;]\" \/>\n<meta property=\"og:url\" content=\"https:\/\/batijournal.com\/index.php\/duco-sassocie-a-daikin\/106074\/\" \/>\n<meta property=\"og:site_name\" content=\"Batijournal\" \/>\n<meta property=\"article:published_time\" content=\"2021-07-05T14:42:14+00:00\" \/>\n<meta property=\"og:image\" content=\"https:\/\/batijournal.com\/wp-content\/uploads\/2021\/07\/duco-daikin.jpg\" \/>\n\t<meta property=\"og:image:width\" content=\"1200\" \/>\n\t<meta property=\"og:image:height\" content=\"782\" \/>\n\t<meta property=\"og:image:type\" content=\"image\/jpeg\" \/>\n<meta name=\"author\" content=\"St\u00e9phane Miget\" \/>\n<meta name=\"twitter:card\" content=\"summary_large_image\" \/>\n<meta name=\"twitter:creator\" content=\"@bati_journal\" \/>\n<meta name=\"twitter:site\" content=\"@bati_journal\" \/>\n<meta name=\"twitter:label1\" content=\"\u00c9crit par\" \/>\n\t<meta name=\"twitter:data1\" content=\"St\u00e9phane Miget\" \/>\n\t<meta name=\"twitter:label2\" content=\"Dur\u00e9e de lecture estim\u00e9e\" \/>\n\t<meta name=\"twitter:data2\" content=\"1 minute\" \/>\n<script type=\"application\/ld+json\" class=\"yoast-schema-graph\">{\"@context\":\"https:\\\/\\\/schema.org\",\"@graph\":[{\"@type\":\"Article\",\"@id\":\"https:\\\/\\\/batijournal.com\\\/index.php\\\/duco-sassocie-a-daikin\\\/106074\\\/#article\",\"isPartOf\":{\"@id\":\"https:\\\/\\\/batijournal.com\\\/index.php\\\/duco-sassocie-a-daikin\\\/106074\\\/\"},\"author\":{\"name\":\"St\u00e9phane Miget\",\"@id\":\"https:\\\/\\\/batijournal.com\\\/#\\\/schema\\\/person\\\/1dc96ec6957aa1ccb25ebe78bb19f100\"},\"headline\":\"DUCO s&rsquo;associe \u00e0 Daikin\",\"datePublished\":\"2021-07-05T14:42:14+00:00\",\"mainEntityOfPage\":{\"@id\":\"https:\\\/\\\/batijournal.com\\\/index.php\\\/duco-sassocie-a-daikin\\\/106074\\\/\"},\"wordCount\":241,\"image\":{\"@id\":\"https:\\\/\\\/batijournal.com\\\/index.php\\\/duco-sassocie-a-daikin\\\/106074\\\/#primaryimage\"},\"thumbnailUrl\":\"https:\\\/\\\/batijournal.com\\\/wp-content\\\/uploads\\\/2021\\\/07\\\/duco-daikin.jpg\",\"keywords\":[\"ventilation\"],\"articleSection\":[\"Actualit\u00e9s\",\"\u00c9conomie &amp; March\u00e9s\",\"zz_Actualit\u00e9s - Plan\u00e8te\",\"zz_Plan\u00e8te B\u00e2timent\"],\"inLanguage\":\"fr-FR\"},{\"@type\":\"WebPage\",\"@id\":\"https:\\\/\\\/batijournal.com\\\/index.php\\\/duco-sassocie-a-daikin\\\/106074\\\/\",\"url\":\"https:\\\/\\\/batijournal.com\\\/index.php\\\/duco-sassocie-a-daikin\\\/106074\\\/\",\"name\":\"DUCO s'associe \u00e0 Daikin\",\"isPartOf\":{\"@id\":\"https:\\\/\\\/batijournal.com\\\/#website\"},\"primaryImageOfPage\":{\"@id\":\"https:\\\/\\\/batijournal.com\\\/index.php\\\/duco-sassocie-a-daikin\\\/106074\\\/#primaryimage\"},\"image\":{\"@id\":\"https:\\\/\\\/batijournal.com\\\/index.php\\\/duco-sassocie-a-daikin\\\/106074\\\/#primaryimage\"},\"thumbnailUrl\":\"https:\\\/\\\/batijournal.com\\\/wp-content\\\/uploads\\\/2021\\\/07\\\/duco-daikin.jpg\",\"datePublished\":\"2021-07-05T14:42:14+00:00\",\"author\":{\"@id\":\"https:\\\/\\\/batijournal.com\\\/#\\\/schema\\\/person\\\/1dc96ec6957aa1ccb25ebe78bb19f100\"},\"breadcrumb\":{\"@id\":\"https:\\\/\\\/batijournal.com\\\/index.php\\\/duco-sassocie-a-daikin\\\/106074\\\/#breadcrumb\"},\"inLanguage\":\"fr-FR\",\"potentialAction\":[{\"@type\":\"ReadAction\",\"target\":[\"https:\\\/\\\/batijournal.com\\\/index.php\\\/duco-sassocie-a-daikin\\\/106074\\\/\"]}]},{\"@type\":\"ImageObject\",\"inLanguage\":\"fr-FR\",\"@id\":\"https:\\\/\\\/batijournal.com\\\/index.php\\\/duco-sassocie-a-daikin\\\/106074\\\/#primaryimage\",\"url\":\"https:\\\/\\\/batijournal.com\\\/wp-content\\\/uploads\\\/2021\\\/07\\\/duco-daikin.jpg\",\"contentUrl\":\"https:\\\/\\\/batijournal.com\\\/wp-content\\\/uploads\\\/2021\\\/07\\\/duco-daikin.jpg\",\"width\":1200,\"height\":782},{\"@type\":\"BreadcrumbList\",\"@id\":\"https:\\\/\\\/batijournal.com\\\/index.php\\\/duco-sassocie-a-daikin\\\/106074\\\/#breadcrumb\",\"itemListElement\":[{\"@type\":\"ListItem\",\"position\":1,\"name\":\"Accueil\",\"item\":\"https:\\\/\\\/batijournal.com\\\/\"},{\"@type\":\"ListItem\",\"position\":2,\"name\":\"Actualit\u00e9s\",\"item\":\"https:\\\/\\\/batijournal.com\\\/index.php\\\/category\\\/actualites\\\/\"},{\"@type\":\"ListItem\",\"position\":3,\"name\":\"\u00c9conomie &amp; March\u00e9s\",\"item\":\"https:\\\/\\\/batijournal.com\\\/index.php\\\/category\\\/actualites\\\/economie-marches\\\/\"},{\"@type\":\"ListItem\",\"position\":4,\"name\":\"DUCO s&rsquo;associe \u00e0 Daikin\"}]},{\"@type\":\"WebSite\",\"@id\":\"https:\\\/\\\/batijournal.com\\\/#website\",\"url\":\"https:\\\/\\\/batijournal.com\\\/\",\"name\":\"Batijournal\",\"description\":\"L&#039;actualit\u00e9 du b\u00e2timent\",\"potentialAction\":[{\"@type\":\"SearchAction\",\"target\":{\"@type\":\"EntryPoint\",\"urlTemplate\":\"https:\\\/\\\/batijournal.com\\\/?s={search_term_string}\"},\"query-input\":{\"@type\":\"PropertyValueSpecification\",\"valueRequired\":true,\"valueName\":\"search_term_string\"}}],\"inLanguage\":\"fr-FR\"},{\"@type\":\"Person\",\"@id\":\"https:\\\/\\\/batijournal.com\\\/#\\\/schema\\\/person\\\/1dc96ec6957aa1ccb25ebe78bb19f100\",\"name\":\"St\u00e9phane Miget\",\"image\":{\"@type\":\"ImageObject\",\"inLanguage\":\"fr-FR\",\"@id\":\"https:\\\/\\\/secure.gravatar.com\\\/avatar\\\/89915563d925342126b8ef0281b93d9d7fc337043e8df017f780908eb9644451?s=96&d=mm&r=g\",\"url\":\"https:\\\/\\\/secure.gravatar.com\\\/avatar\\\/89915563d925342126b8ef0281b93d9d7fc337043e8df017f780908eb9644451?s=96&d=mm&r=g\",\"contentUrl\":\"https:\\\/\\\/secure.gravatar.com\\\/avatar\\\/89915563d925342126b8ef0281b93d9d7fc337043e8df017f780908eb9644451?s=96&d=mm&r=g\",\"caption\":\"St\u00e9phane Miget\"},\"url\":\"https:\\\/\\\/batijournal.com\\\/index.php\\\/author\\\/stephane\\\/\"}]}<\/script>\n<!-- \/ Yoast SEO plugin. -->","yoast_head_json":{"title":"DUCO s'associe \u00e0 Daikin","robots":{"index":"index","follow":"follow","max-snippet":"max-snippet:-1","max-image-preview":"max-image-preview:large","max-video-preview":"max-video-preview:-1"},"canonical":"https:\/\/batijournal.com\/index.php\/duco-sassocie-a-daikin\/106074\/","og_locale":"fr_FR","og_type":"article","og_title":"DUCO s'associe \u00e0 Daikin","og_description":"DUCO garantit depuis 30 ans des produits innovants et de haute qualit\u00e9 qui assurent un climat int\u00e9rieur sain. Pour ce faire, l&rsquo;entreprise propose une gamme \u00e9tendue de grilles et de box de ventilation, de grilles \u00e0 lamelles et de protections solaires en toile. Daikin Europe s&rsquo;associe d\u00e9sormais \u00e0 ce positionnement unique et se lancera dans [&hellip;]","og_url":"https:\/\/batijournal.com\/index.php\/duco-sassocie-a-daikin\/106074\/","og_site_name":"Batijournal","article_published_time":"2021-07-05T14:42:14+00:00","og_image":[{"width":1200,"height":782,"url":"https:\/\/batijournal.com\/wp-content\/uploads\/2021\/07\/duco-daikin.jpg","type":"image\/jpeg"}],"author":"St\u00e9phane Miget","twitter_card":"summary_large_image","twitter_creator":"@bati_journal","twitter_site":"@bati_journal","twitter_misc":{"\u00c9crit par":"St\u00e9phane Miget","Dur\u00e9e de lecture estim\u00e9e":"1 minute"},"schema":{"@context":"https:\/\/schema.org","@graph":[{"@type":"Article","@id":"https:\/\/batijournal.com\/index.php\/duco-sassocie-a-daikin\/106074\/#article","isPartOf":{"@id":"https:\/\/batijournal.com\/index.php\/duco-sassocie-a-daikin\/106074\/"},"author":{"name":"St\u00e9phane Miget","@id":"https:\/\/batijournal.com\/#\/schema\/person\/1dc96ec6957aa1ccb25ebe78bb19f100"},"headline":"DUCO s&rsquo;associe \u00e0 Daikin","datePublished":"2021-07-05T14:42:14+00:00","mainEntityOfPage":{"@id":"https:\/\/batijournal.com\/index.php\/duco-sassocie-a-daikin\/106074\/"},"wordCount":241,"image":{"@id":"https:\/\/batijournal.com\/index.php\/duco-sassocie-a-daikin\/106074\/#primaryimage"},"thumbnailUrl":"https:\/\/batijournal.com\/wp-content\/uploads\/2021\/07\/duco-daikin.jpg","keywords":["ventilation"],"articleSection":["Actualit\u00e9s","\u00c9conomie &amp; March\u00e9s","zz_Actualit\u00e9s - Plan\u00e8te","zz_Plan\u00e8te B\u00e2timent"],"inLanguage":"fr-FR"},{"@type":"WebPage","@id":"https:\/\/batijournal.com\/index.php\/duco-sassocie-a-daikin\/106074\/","url":"https:\/\/batijournal.com\/index.php\/duco-sassocie-a-daikin\/106074\/","name":"DUCO s'associe \u00e0 Daikin","isPartOf":{"@id":"https:\/\/batijournal.com\/#website"},"primaryImageOfPage":{"@id":"https:\/\/batijournal.com\/index.php\/duco-sassocie-a-daikin\/106074\/#primaryimage"},"image":{"@id":"https:\/\/batijournal.com\/index.php\/duco-sassocie-a-daikin\/106074\/#primaryimage"},"thumbnailUrl":"https:\/\/batijournal.com\/wp-content\/uploads\/2021\/07\/duco-daikin.jpg","datePublished":"2021-07-05T14:42:14+00:00","author":{"@id":"https:\/\/batijournal.com\/#\/schema\/person\/1dc96ec6957aa1ccb25ebe78bb19f100"},"breadcrumb":{"@id":"https:\/\/batijournal.com\/index.php\/duco-sassocie-a-daikin\/106074\/#breadcrumb"},"inLanguage":"fr-FR","potentialAction":[{"@type":"ReadAction","target":["https:\/\/batijournal.com\/index.php\/duco-sassocie-a-daikin\/106074\/"]}]},{"@type":"ImageObject","inLanguage":"fr-FR","@id":"https:\/\/batijournal.com\/index.php\/duco-sassocie-a-daikin\/106074\/#primaryimage","url":"https:\/\/batijournal.com\/wp-content\/uploads\/2021\/07\/duco-daikin.jpg","contentUrl":"https:\/\/batijournal.com\/wp-content\/uploads\/2021\/07\/duco-daikin.jpg","width":1200,"height":782},{"@type":"BreadcrumbList","@id":"https:\/\/batijournal.com\/index.php\/duco-sassocie-a-daikin\/106074\/#breadcrumb","itemListElement":[{"@type":"ListItem","position":1,"name":"Accueil","item":"https:\/\/batijournal.com\/"},{"@type":"ListItem","position":2,"name":"Actualit\u00e9s","item":"https:\/\/batijournal.com\/index.php\/category\/actualites\/"},{"@type":"ListItem","position":3,"name":"\u00c9conomie &amp; March\u00e9s","item":"https:\/\/batijournal.com\/index.php\/category\/actualites\/economie-marches\/"},{"@type":"ListItem","position":4,"name":"DUCO s&rsquo;associe \u00e0 Daikin"}]},{"@type":"WebSite","@id":"https:\/\/batijournal.com\/#website","url":"https:\/\/batijournal.com\/","name":"Batijournal","description":"L&#039;actualit\u00e9 du b\u00e2timent","potentialAction":[{"@type":"SearchAction","target":{"@type":"EntryPoint","urlTemplate":"https:\/\/batijournal.com\/?s={search_term_string}"},"query-input":{"@type":"PropertyValueSpecification","valueRequired":true,"valueName":"search_term_string"}}],"inLanguage":"fr-FR"},{"@type":"Person","@id":"https:\/\/batijournal.com\/#\/schema\/person\/1dc96ec6957aa1ccb25ebe78bb19f100","name":"St\u00e9phane Miget","image":{"@type":"ImageObject","inLanguage":"fr-FR","@id":"https:\/\/secure.gravatar.com\/avatar\/89915563d925342126b8ef0281b93d9d7fc337043e8df017f780908eb9644451?s=96&d=mm&r=g","url":"https:\/\/secure.gravatar.com\/avatar\/89915563d925342126b8ef0281b93d9d7fc337043e8df017f780908eb9644451?s=96&d=mm&r=g","contentUrl":"https:\/\/secure.gravatar.com\/avatar\/89915563d925342126b8ef0281b93d9d7fc337043e8df017f780908eb9644451?s=96&d=mm&r=g","caption":"St\u00e9phane Miget"},"url":"https:\/\/batijournal.com\/index.php\/author\/stephane\/"}]}},"_links":{"self":[{"href":"https:\/\/batijournal.com\/index.php\/wp-json\/wp\/v2\/posts\/106074","targetHints":{"allow":["GET"]}}],"collection":[{"href":"https:\/\/batijournal.com\/index.php\/wp-json\/wp\/v2\/posts"}],"about":[{"href":"https:\/\/batijournal.com\/index.php\/wp-json\/wp\/v2\/types\/post"}],"author":[{"embeddable":true,"href":"https:\/\/batijournal.com\/index.php\/wp-json\/wp\/v2\/users\/17"}],"replies":[{"embeddable":true,"href":"https:\/\/batijournal.com\/index.php\/wp-json\/wp\/v2\/comments?post=106074"}],"version-history":[{"count":0,"href":"https:\/\/batijournal.com\/index.php\/wp-json\/wp\/v2\/posts\/106074\/revisions"}],"wp:featuredmedia":[{"embeddable":true,"href":"https:\/\/batijournal.com\/index.php\/wp-json\/wp\/v2\/media\/106075"}],"wp:attachment":[{"href":"https:\/\/batijournal.com\/index.php\/wp-json\/wp\/v2\/media?parent=106074"}],"wp:term":[{"taxonomy":"category","embeddable":true,"href":"https:\/\/batijournal.com\/index.php\/wp-json\/wp\/v2\/categories?post=106074"},{"taxonomy":"post_tag","embeddable":true,"href":"https:\/\/batijournal.com\/index.php\/wp-json\/wp\/v2\/tags?post=106074"}],"curies":[{"name":"wp","href":"https:\/\/api.w.org\/{rel}","templated":true}]}}