{"id":106083,"date":"2021-07-08T18:33:07","date_gmt":"2021-07-08T16:33:07","guid":{"rendered":"https:\/\/batijournal.com\/?p=106083"},"modified":"2021-07-08T18:33:07","modified_gmt":"2021-07-08T16:33:07","slug":"jean-michel-loyer-hascoet-nouveau-directeur-du-centre-de-recherche-et-de-restauration-des-musees-de-france","status":"publish","type":"post","link":"https:\/\/batijournal.com\/index.php\/jean-michel-loyer-hascoet-nouveau-directeur-du-centre-de-recherche-et-de-restauration-des-musees-de-france\/106083\/","title":{"rendered":"Jean-Michel Loyer-Hasco\u00ebt nouveau directeur du centre de recherche et de restauration des mus\u00e9es de France"},"content":{"rendered":"<p>Jean-Michel Loyer-Hasco\u00ebt a \u00e9t\u00e9 nomm\u00e9 \u00e0 la direction du centre de recherche et de restauration des mus\u00e9es de France. Il succ\u00e8dera \u00e0 compter du 1er ao\u00fbt 2021 \u00e0 Isabelle Pallot-Frossard. Acteur engag\u00e9 au service des politiques publiques du patrimoine depuis plus de quinze ans, Jean-Michel Loyer-Hasco\u00ebt \u00e9tait jusqu\u2019\u00e0 pr\u00e9sent adjoint au directeur g\u00e9n\u00e9ral des patrimoines et de l\u2019architecture, chef du service du patrimoine apr\u00e8s avoir \u00e9t\u00e9 sous-directeur des monuments historiques et des espaces prot\u00e9g\u00e9s. Dans le cadre de ces fonctions, il a notamment assur\u00e9 la tutelle du laboratoire de recherche des monuments historiques (LRMH) et du d\u00e9partement des recherches arch\u00e9ologiques subaquatiques et sous-marines (DRASSM), partenaires majeurs du C2RMF au sein de la direction g\u00e9n\u00e9rale des patrimoines. En tant que chef du service du patrimoine, il a contribu\u00e9 \u00e0 la d\u00e9finition des politiques de recherche dans le domaine des sciences du patrimoine et de l\u2019arch\u00e9ologie, et aux travaux de la direction g\u00e9n\u00e9rale et de ses op\u00e9rateurs en mati\u00e8re de conservation et de restauration des patrimoines. Fort de cette expertise, il f\u00e9d\u00e8rera les \u00e9quipes du C2RMF autour de projets scientifiques et patrimoniaux interdisciplinaires et veillera \u00e0 maintenir le niveau d\u2019excellence de l\u2019\u00e9tablissement en liaison avec l\u2019ensemble de ses partenaires nationaux et internationaux.<\/p>\n<p>Photo : le C2RMF est appel\u00e9 pour l&rsquo;analyse et la restauration d&rsquo;une trompe droite romaine r\u00e9cemment d\u00e9couverte sous le forum de Bagacum, l&rsquo;antique Bavay. \u00a9 P. Herbin, Service arch\u00e9ologie et patrimoine, D\u00e9partement du Nord.<\/p>\n","protected":false},"excerpt":{"rendered":"<p>Jean-Michel Loyer-Hasco\u00ebt a \u00e9t\u00e9 nomm\u00e9 \u00e0 la direction du centre de recherche et de restauration des mus\u00e9es de France. Il succ\u00e8dera \u00e0 compter du 1er ao\u00fbt 2021 \u00e0 Isabelle Pallot-Frossard. Acteur engag\u00e9 au service des politiques publiques du patrimoine depuis plus de quinze ans, Jean-Michel Loyer-Hasco\u00ebt \u00e9tait jusqu\u2019\u00e0 pr\u00e9sent adjoint au directeur g\u00e9n\u00e9ral des patrimoines [&hellip;]<\/p>\n","protected":false},"author":17,"featured_media":106084,"comment_status":"closed","ping_status":"closed","sticky":false,"template":"","format":"standard","meta":{"_et_pb_use_builder":"","_et_pb_old_content":"","_et_gb_content_width":"","footnotes":""},"categories":[10530,6362,10789,10785],"tags":[1308],"class_list":["post-106083","post","type-post","status-publish","format-standard","has-post-thumbnail","hentry","category-actualites","category-services-equipements","category-publications-atrium","category-atrium","tag-restauration"],"yoast_head":"<!-- This site is optimized with the Yoast SEO plugin v27.4 - https:\/\/yoast.com\/product\/yoast-seo-wordpress\/ -->\n<title>Jean-Michel Loyer-Hasco\u00ebt nouveau directeur du centre de recherche et de restauration des mus\u00e9es de France<\/title>\n<meta name=\"robots\" content=\"index, follow, max-snippet:-1, max-image-preview:large, max-video-preview:-1\" \/>\n<link rel=\"canonical\" href=\"https:\/\/batijournal.com\/index.php\/jean-michel-loyer-hascoet-nouveau-directeur-du-centre-de-recherche-et-de-restauration-des-musees-de-france\/106083\/\" \/>\n<meta property=\"og:locale\" content=\"fr_FR\" \/>\n<meta property=\"og:type\" content=\"article\" \/>\n<meta property=\"og:title\" content=\"Jean-Michel Loyer-Hasco\u00ebt nouveau directeur du centre de recherche et de restauration des mus\u00e9es de France\" \/>\n<meta property=\"og:description\" content=\"Jean-Michel Loyer-Hasco\u00ebt a \u00e9t\u00e9 nomm\u00e9 \u00e0 la direction du centre de recherche et de restauration des mus\u00e9es de France. Il succ\u00e8dera \u00e0 compter du 1er ao\u00fbt 2021 \u00e0 Isabelle Pallot-Frossard. Acteur engag\u00e9 au service des politiques publiques du patrimoine depuis plus de quinze ans, Jean-Michel Loyer-Hasco\u00ebt \u00e9tait jusqu\u2019\u00e0 pr\u00e9sent adjoint au directeur g\u00e9n\u00e9ral des patrimoines [&hellip;]\" \/>\n<meta property=\"og:url\" content=\"https:\/\/batijournal.com\/index.php\/jean-michel-loyer-hascoet-nouveau-directeur-du-centre-de-recherche-et-de-restauration-des-musees-de-france\/106083\/\" \/>\n<meta property=\"og:site_name\" content=\"Batijournal\" \/>\n<meta property=\"article:published_time\" content=\"2021-07-08T16:33:07+00:00\" \/>\n<meta property=\"og:image\" content=\"https:\/\/batijournal.com\/wp-content\/uploads\/2021\/07\/p5270069.jpg\" \/>\n\t<meta property=\"og:image:width\" content=\"332\" \/>\n\t<meta property=\"og:image:height\" content=\"354\" \/>\n\t<meta property=\"og:image:type\" content=\"image\/jpeg\" \/>\n<meta name=\"author\" content=\"St\u00e9phane Miget\" \/>\n<meta name=\"twitter:card\" content=\"summary_large_image\" \/>\n<meta name=\"twitter:creator\" content=\"@bati_journal\" \/>\n<meta name=\"twitter:site\" content=\"@bati_journal\" \/>\n<meta name=\"twitter:label1\" content=\"\u00c9crit par\" \/>\n\t<meta name=\"twitter:data1\" content=\"St\u00e9phane Miget\" \/>\n\t<meta name=\"twitter:label2\" content=\"Dur\u00e9e de lecture estim\u00e9e\" \/>\n\t<meta name=\"twitter:data2\" content=\"1 minute\" \/>\n<script type=\"application\/ld+json\" class=\"yoast-schema-graph\">{\"@context\":\"https:\\\/\\\/schema.org\",\"@graph\":[{\"@type\":\"Article\",\"@id\":\"https:\\\/\\\/batijournal.com\\\/index.php\\\/jean-michel-loyer-hascoet-nouveau-directeur-du-centre-de-recherche-et-de-restauration-des-musees-de-france\\\/106083\\\/#article\",\"isPartOf\":{\"@id\":\"https:\\\/\\\/batijournal.com\\\/index.php\\\/jean-michel-loyer-hascoet-nouveau-directeur-du-centre-de-recherche-et-de-restauration-des-musees-de-france\\\/106083\\\/\"},\"author\":{\"name\":\"St\u00e9phane Miget\",\"@id\":\"https:\\\/\\\/batijournal.com\\\/#\\\/schema\\\/person\\\/1dc96ec6957aa1ccb25ebe78bb19f100\"},\"headline\":\"Jean-Michel Loyer-Hasco\u00ebt nouveau directeur du centre de recherche et de restauration des mus\u00e9es de France\",\"datePublished\":\"2021-07-08T16:33:07+00:00\",\"mainEntityOfPage\":{\"@id\":\"https:\\\/\\\/batijournal.com\\\/index.php\\\/jean-michel-loyer-hascoet-nouveau-directeur-du-centre-de-recherche-et-de-restauration-des-musees-de-france\\\/106083\\\/\"},\"wordCount\":281,\"image\":{\"@id\":\"https:\\\/\\\/batijournal.com\\\/index.php\\\/jean-michel-loyer-hascoet-nouveau-directeur-du-centre-de-recherche-et-de-restauration-des-musees-de-france\\\/106083\\\/#primaryimage\"},\"thumbnailUrl\":\"https:\\\/\\\/batijournal.com\\\/wp-content\\\/uploads\\\/2021\\\/07\\\/p5270069.jpg\",\"keywords\":[\"restauration\"],\"articleSection\":[\"Actualit\u00e9s\",\"Divers\",\"zz_Actualit\u00e9s - Atrium\",\"zz_Atrium Patrimoine\"],\"inLanguage\":\"fr-FR\"},{\"@type\":\"WebPage\",\"@id\":\"https:\\\/\\\/batijournal.com\\\/index.php\\\/jean-michel-loyer-hascoet-nouveau-directeur-du-centre-de-recherche-et-de-restauration-des-musees-de-france\\\/106083\\\/\",\"url\":\"https:\\\/\\\/batijournal.com\\\/index.php\\\/jean-michel-loyer-hascoet-nouveau-directeur-du-centre-de-recherche-et-de-restauration-des-musees-de-france\\\/106083\\\/\",\"name\":\"Jean-Michel Loyer-Hasco\u00ebt nouveau directeur du centre de recherche et de restauration des mus\u00e9es de France\",\"isPartOf\":{\"@id\":\"https:\\\/\\\/batijournal.com\\\/#website\"},\"primaryImageOfPage\":{\"@id\":\"https:\\\/\\\/batijournal.com\\\/index.php\\\/jean-michel-loyer-hascoet-nouveau-directeur-du-centre-de-recherche-et-de-restauration-des-musees-de-france\\\/106083\\\/#primaryimage\"},\"image\":{\"@id\":\"https:\\\/\\\/batijournal.com\\\/index.php\\\/jean-michel-loyer-hascoet-nouveau-directeur-du-centre-de-recherche-et-de-restauration-des-musees-de-france\\\/106083\\\/#primaryimage\"},\"thumbnailUrl\":\"https:\\\/\\\/batijournal.com\\\/wp-content\\\/uploads\\\/2021\\\/07\\\/p5270069.jpg\",\"datePublished\":\"2021-07-08T16:33:07+00:00\",\"author\":{\"@id\":\"https:\\\/\\\/batijournal.com\\\/#\\\/schema\\\/person\\\/1dc96ec6957aa1ccb25ebe78bb19f100\"},\"breadcrumb\":{\"@id\":\"https:\\\/\\\/batijournal.com\\\/index.php\\\/jean-michel-loyer-hascoet-nouveau-directeur-du-centre-de-recherche-et-de-restauration-des-musees-de-france\\\/106083\\\/#breadcrumb\"},\"inLanguage\":\"fr-FR\",\"potentialAction\":[{\"@type\":\"ReadAction\",\"target\":[\"https:\\\/\\\/batijournal.com\\\/index.php\\\/jean-michel-loyer-hascoet-nouveau-directeur-du-centre-de-recherche-et-de-restauration-des-musees-de-france\\\/106083\\\/\"]}]},{\"@type\":\"ImageObject\",\"inLanguage\":\"fr-FR\",\"@id\":\"https:\\\/\\\/batijournal.com\\\/index.php\\\/jean-michel-loyer-hascoet-nouveau-directeur-du-centre-de-recherche-et-de-restauration-des-musees-de-france\\\/106083\\\/#primaryimage\",\"url\":\"https:\\\/\\\/batijournal.com\\\/wp-content\\\/uploads\\\/2021\\\/07\\\/p5270069.jpg\",\"contentUrl\":\"https:\\\/\\\/batijournal.com\\\/wp-content\\\/uploads\\\/2021\\\/07\\\/p5270069.jpg\",\"width\":332,\"height\":354},{\"@type\":\"BreadcrumbList\",\"@id\":\"https:\\\/\\\/batijournal.com\\\/index.php\\\/jean-michel-loyer-hascoet-nouveau-directeur-du-centre-de-recherche-et-de-restauration-des-musees-de-france\\\/106083\\\/#breadcrumb\",\"itemListElement\":[{\"@type\":\"ListItem\",\"position\":1,\"name\":\"Accueil\",\"item\":\"https:\\\/\\\/batijournal.com\\\/\"},{\"@type\":\"ListItem\",\"position\":2,\"name\":\"Actualit\u00e9s\",\"item\":\"https:\\\/\\\/batijournal.com\\\/index.php\\\/category\\\/actualites\\\/\"},{\"@type\":\"ListItem\",\"position\":3,\"name\":\"Divers\",\"item\":\"https:\\\/\\\/batijournal.com\\\/index.php\\\/category\\\/actualites\\\/services-equipements\\\/\"},{\"@type\":\"ListItem\",\"position\":4,\"name\":\"Jean-Michel Loyer-Hasco\u00ebt nouveau directeur du centre de recherche et de restauration des mus\u00e9es de France\"}]},{\"@type\":\"WebSite\",\"@id\":\"https:\\\/\\\/batijournal.com\\\/#website\",\"url\":\"https:\\\/\\\/batijournal.com\\\/\",\"name\":\"Batijournal\",\"description\":\"L&#039;actualit\u00e9 du b\u00e2timent\",\"potentialAction\":[{\"@type\":\"SearchAction\",\"target\":{\"@type\":\"EntryPoint\",\"urlTemplate\":\"https:\\\/\\\/batijournal.com\\\/?s={search_term_string}\"},\"query-input\":{\"@type\":\"PropertyValueSpecification\",\"valueRequired\":true,\"valueName\":\"search_term_string\"}}],\"inLanguage\":\"fr-FR\"},{\"@type\":\"Person\",\"@id\":\"https:\\\/\\\/batijournal.com\\\/#\\\/schema\\\/person\\\/1dc96ec6957aa1ccb25ebe78bb19f100\",\"name\":\"St\u00e9phane Miget\",\"image\":{\"@type\":\"ImageObject\",\"inLanguage\":\"fr-FR\",\"@id\":\"https:\\\/\\\/secure.gravatar.com\\\/avatar\\\/89915563d925342126b8ef0281b93d9d7fc337043e8df017f780908eb9644451?s=96&d=mm&r=g\",\"url\":\"https:\\\/\\\/secure.gravatar.com\\\/avatar\\\/89915563d925342126b8ef0281b93d9d7fc337043e8df017f780908eb9644451?s=96&d=mm&r=g\",\"contentUrl\":\"https:\\\/\\\/secure.gravatar.com\\\/avatar\\\/89915563d925342126b8ef0281b93d9d7fc337043e8df017f780908eb9644451?s=96&d=mm&r=g\",\"caption\":\"St\u00e9phane Miget\"},\"url\":\"https:\\\/\\\/batijournal.com\\\/index.php\\\/author\\\/stephane\\\/\"}]}<\/script>\n<!-- \/ Yoast SEO plugin. -->","yoast_head_json":{"title":"Jean-Michel Loyer-Hasco\u00ebt nouveau directeur du centre de recherche et de restauration des mus\u00e9es de France","robots":{"index":"index","follow":"follow","max-snippet":"max-snippet:-1","max-image-preview":"max-image-preview:large","max-video-preview":"max-video-preview:-1"},"canonical":"https:\/\/batijournal.com\/index.php\/jean-michel-loyer-hascoet-nouveau-directeur-du-centre-de-recherche-et-de-restauration-des-musees-de-france\/106083\/","og_locale":"fr_FR","og_type":"article","og_title":"Jean-Michel Loyer-Hasco\u00ebt nouveau directeur du centre de recherche et de restauration des mus\u00e9es de France","og_description":"Jean-Michel Loyer-Hasco\u00ebt a \u00e9t\u00e9 nomm\u00e9 \u00e0 la direction du centre de recherche et de restauration des mus\u00e9es de France. Il succ\u00e8dera \u00e0 compter du 1er ao\u00fbt 2021 \u00e0 Isabelle Pallot-Frossard. Acteur engag\u00e9 au service des politiques publiques du patrimoine depuis plus de quinze ans, Jean-Michel Loyer-Hasco\u00ebt \u00e9tait jusqu\u2019\u00e0 pr\u00e9sent adjoint au directeur g\u00e9n\u00e9ral des patrimoines [&hellip;]","og_url":"https:\/\/batijournal.com\/index.php\/jean-michel-loyer-hascoet-nouveau-directeur-du-centre-de-recherche-et-de-restauration-des-musees-de-france\/106083\/","og_site_name":"Batijournal","article_published_time":"2021-07-08T16:33:07+00:00","og_image":[{"width":332,"height":354,"url":"https:\/\/batijournal.com\/wp-content\/uploads\/2021\/07\/p5270069.jpg","type":"image\/jpeg"}],"author":"St\u00e9phane Miget","twitter_card":"summary_large_image","twitter_creator":"@bati_journal","twitter_site":"@bati_journal","twitter_misc":{"\u00c9crit par":"St\u00e9phane Miget","Dur\u00e9e de lecture estim\u00e9e":"1 minute"},"schema":{"@context":"https:\/\/schema.org","@graph":[{"@type":"Article","@id":"https:\/\/batijournal.com\/index.php\/jean-michel-loyer-hascoet-nouveau-directeur-du-centre-de-recherche-et-de-restauration-des-musees-de-france\/106083\/#article","isPartOf":{"@id":"https:\/\/batijournal.com\/index.php\/jean-michel-loyer-hascoet-nouveau-directeur-du-centre-de-recherche-et-de-restauration-des-musees-de-france\/106083\/"},"author":{"name":"St\u00e9phane Miget","@id":"https:\/\/batijournal.com\/#\/schema\/person\/1dc96ec6957aa1ccb25ebe78bb19f100"},"headline":"Jean-Michel Loyer-Hasco\u00ebt nouveau directeur du centre de recherche et de restauration des mus\u00e9es de France","datePublished":"2021-07-08T16:33:07+00:00","mainEntityOfPage":{"@id":"https:\/\/batijournal.com\/index.php\/jean-michel-loyer-hascoet-nouveau-directeur-du-centre-de-recherche-et-de-restauration-des-musees-de-france\/106083\/"},"wordCount":281,"image":{"@id":"https:\/\/batijournal.com\/index.php\/jean-michel-loyer-hascoet-nouveau-directeur-du-centre-de-recherche-et-de-restauration-des-musees-de-france\/106083\/#primaryimage"},"thumbnailUrl":"https:\/\/batijournal.com\/wp-content\/uploads\/2021\/07\/p5270069.jpg","keywords":["restauration"],"articleSection":["Actualit\u00e9s","Divers","zz_Actualit\u00e9s - Atrium","zz_Atrium Patrimoine"],"inLanguage":"fr-FR"},{"@type":"WebPage","@id":"https:\/\/batijournal.com\/index.php\/jean-michel-loyer-hascoet-nouveau-directeur-du-centre-de-recherche-et-de-restauration-des-musees-de-france\/106083\/","url":"https:\/\/batijournal.com\/index.php\/jean-michel-loyer-hascoet-nouveau-directeur-du-centre-de-recherche-et-de-restauration-des-musees-de-france\/106083\/","name":"Jean-Michel Loyer-Hasco\u00ebt nouveau directeur du centre de recherche et de restauration des mus\u00e9es de France","isPartOf":{"@id":"https:\/\/batijournal.com\/#website"},"primaryImageOfPage":{"@id":"https:\/\/batijournal.com\/index.php\/jean-michel-loyer-hascoet-nouveau-directeur-du-centre-de-recherche-et-de-restauration-des-musees-de-france\/106083\/#primaryimage"},"image":{"@id":"https:\/\/batijournal.com\/index.php\/jean-michel-loyer-hascoet-nouveau-directeur-du-centre-de-recherche-et-de-restauration-des-musees-de-france\/106083\/#primaryimage"},"thumbnailUrl":"https:\/\/batijournal.com\/wp-content\/uploads\/2021\/07\/p5270069.jpg","datePublished":"2021-07-08T16:33:07+00:00","author":{"@id":"https:\/\/batijournal.com\/#\/schema\/person\/1dc96ec6957aa1ccb25ebe78bb19f100"},"breadcrumb":{"@id":"https:\/\/batijournal.com\/index.php\/jean-michel-loyer-hascoet-nouveau-directeur-du-centre-de-recherche-et-de-restauration-des-musees-de-france\/106083\/#breadcrumb"},"inLanguage":"fr-FR","potentialAction":[{"@type":"ReadAction","target":["https:\/\/batijournal.com\/index.php\/jean-michel-loyer-hascoet-nouveau-directeur-du-centre-de-recherche-et-de-restauration-des-musees-de-france\/106083\/"]}]},{"@type":"ImageObject","inLanguage":"fr-FR","@id":"https:\/\/batijournal.com\/index.php\/jean-michel-loyer-hascoet-nouveau-directeur-du-centre-de-recherche-et-de-restauration-des-musees-de-france\/106083\/#primaryimage","url":"https:\/\/batijournal.com\/wp-content\/uploads\/2021\/07\/p5270069.jpg","contentUrl":"https:\/\/batijournal.com\/wp-content\/uploads\/2021\/07\/p5270069.jpg","width":332,"height":354},{"@type":"BreadcrumbList","@id":"https:\/\/batijournal.com\/index.php\/jean-michel-loyer-hascoet-nouveau-directeur-du-centre-de-recherche-et-de-restauration-des-musees-de-france\/106083\/#breadcrumb","itemListElement":[{"@type":"ListItem","position":1,"name":"Accueil","item":"https:\/\/batijournal.com\/"},{"@type":"ListItem","position":2,"name":"Actualit\u00e9s","item":"https:\/\/batijournal.com\/index.php\/category\/actualites\/"},{"@type":"ListItem","position":3,"name":"Divers","item":"https:\/\/batijournal.com\/index.php\/category\/actualites\/services-equipements\/"},{"@type":"ListItem","position":4,"name":"Jean-Michel Loyer-Hasco\u00ebt nouveau directeur du centre de recherche et de restauration des mus\u00e9es de France"}]},{"@type":"WebSite","@id":"https:\/\/batijournal.com\/#website","url":"https:\/\/batijournal.com\/","name":"Batijournal","description":"L&#039;actualit\u00e9 du b\u00e2timent","potentialAction":[{"@type":"SearchAction","target":{"@type":"EntryPoint","urlTemplate":"https:\/\/batijournal.com\/?s={search_term_string}"},"query-input":{"@type":"PropertyValueSpecification","valueRequired":true,"valueName":"search_term_string"}}],"inLanguage":"fr-FR"},{"@type":"Person","@id":"https:\/\/batijournal.com\/#\/schema\/person\/1dc96ec6957aa1ccb25ebe78bb19f100","name":"St\u00e9phane Miget","image":{"@type":"ImageObject","inLanguage":"fr-FR","@id":"https:\/\/secure.gravatar.com\/avatar\/89915563d925342126b8ef0281b93d9d7fc337043e8df017f780908eb9644451?s=96&d=mm&r=g","url":"https:\/\/secure.gravatar.com\/avatar\/89915563d925342126b8ef0281b93d9d7fc337043e8df017f780908eb9644451?s=96&d=mm&r=g","contentUrl":"https:\/\/secure.gravatar.com\/avatar\/89915563d925342126b8ef0281b93d9d7fc337043e8df017f780908eb9644451?s=96&d=mm&r=g","caption":"St\u00e9phane Miget"},"url":"https:\/\/batijournal.com\/index.php\/author\/stephane\/"}]}},"_links":{"self":[{"href":"https:\/\/batijournal.com\/index.php\/wp-json\/wp\/v2\/posts\/106083","targetHints":{"allow":["GET"]}}],"collection":[{"href":"https:\/\/batijournal.com\/index.php\/wp-json\/wp\/v2\/posts"}],"about":[{"href":"https:\/\/batijournal.com\/index.php\/wp-json\/wp\/v2\/types\/post"}],"author":[{"embeddable":true,"href":"https:\/\/batijournal.com\/index.php\/wp-json\/wp\/v2\/users\/17"}],"replies":[{"embeddable":true,"href":"https:\/\/batijournal.com\/index.php\/wp-json\/wp\/v2\/comments?post=106083"}],"version-history":[{"count":0,"href":"https:\/\/batijournal.com\/index.php\/wp-json\/wp\/v2\/posts\/106083\/revisions"}],"wp:featuredmedia":[{"embeddable":true,"href":"https:\/\/batijournal.com\/index.php\/wp-json\/wp\/v2\/media\/106084"}],"wp:attachment":[{"href":"https:\/\/batijournal.com\/index.php\/wp-json\/wp\/v2\/media?parent=106083"}],"wp:term":[{"taxonomy":"category","embeddable":true,"href":"https:\/\/batijournal.com\/index.php\/wp-json\/wp\/v2\/categories?post=106083"},{"taxonomy":"post_tag","embeddable":true,"href":"https:\/\/batijournal.com\/index.php\/wp-json\/wp\/v2\/tags?post=106083"}],"curies":[{"name":"wp","href":"https:\/\/api.w.org\/{rel}","templated":true}]}}