{"id":106095,"date":"2021-07-09T15:16:04","date_gmt":"2021-07-09T13:16:04","guid":{"rendered":"https:\/\/batijournal.com\/?p=106095"},"modified":"2021-07-09T15:16:04","modified_gmt":"2021-07-09T13:16:04","slug":"le-village-des-athletes-se-concretise","status":"publish","type":"post","link":"https:\/\/batijournal.com\/index.php\/le-village-des-athletes-se-concretise\/106095\/","title":{"rendered":"Le village des athl\u00e8tes se concr\u00e9tise"},"content":{"rendered":"<p>Le groupement compos\u00e9 de Nexity, Eiffage Immobilier, CDC Habitat, le groupe EDF et le Groupe Groupama a entam\u00e9 le chantier du secteur E du Village des athl\u00e8tes, \u00e0 Saint-Ouen-sur-Seine. Le Village des athl\u00e8tes est le plus grand chantier mono-site de France, r\u00e9unissant plus de 4.000 travailleurs du b\u00e2timent et r\u00e9pondant au double enjeu de la relance \u00e9conomique et de la performance<span class=\"Apple-converted-space\">\u00a0 <\/span>environnementale. Le secteur E du Village des athl\u00e8tes recouvrira environ 58 000 m2 de surface de plancher pour 527 logements (accession libre, logements locatifs (LLI et LAC) et logements sociaux), un immeuble de bureaux, une cr\u00e8che et<span class=\"Apple-converted-space\">\u00a0 <\/span>des locaux d\u2019activit\u00e9s et commerciaux. Il accueillera environ 2.500 athl\u00e8tes et para-athl\u00e8tes \u00e0 l\u2019\u00e9t\u00e9 2024 puis<span class=\"Apple-converted-space\">\u00a0 <\/span>d\u00e8s 2025, de futurs audoniens au sein d\u2019un nouveau quartier mixte, \u00e0 la qualit\u00e9 de vie augment\u00e9e.<span class=\"Apple-converted-space\">\u00a0<\/span>D\u2019une grande qualit\u00e9 architecturale, l\u2019ensemble a \u00e9t\u00e9 pens\u00e9 pour r\u00e9pondre aux d\u00e9fis environnementaux et soci\u00e9taux, et laisser ainsi aux habitants de Saint-Ouen, un h\u00e9ritage durable, gr\u00e2ce notamment \u00e0 un mode constructif \u00e9conome mixant bois et b\u00e9ton bas carbone. Le bois utilis\u00e9 pour les structures porteuses sera \u00e0 80% d\u2019origine de France M\u00e9tropolitaine (objectif cible), aussi bien pour la ressource que pour ces lieux de transformation. Par ailleurs, la consommation d\u2019\u00e9nergie sera r\u00e9duite gr\u00e2ce \u00e0 un pilotage \u00e9nerg\u00e9tique intelligent associ\u00e9 \u00e0 la production d\u2019\u00e9lectricit\u00e9 photovolta\u00efque en toiture \u00e0 hauteur d\u2019environ 20% des besoins g\u00e9n\u00e9r\u00e9s par le quartier. En compl\u00e9ment, une innovation sur le b\u00e2timent tertiaire du quartier permettra de<span class=\"Apple-converted-space\">\u00a0<\/span>limiter les \u00e9missions de CO2 par l\u2019int\u00e9gration des batteries des v\u00e9hicules comme source d\u2019\u00e9lectricit\u00e9 pour lisser les pointes de consommation. La conception laisse \u00e9galement une grande place \u00e0 la v\u00e9g\u00e9talisation et \u00e0 la d\u00e9sartificialisation des sols (biodiversit\u00e9 augment\u00e9e) pour lutter activement contre les ilots de chaleur urbains et anticiper les \u00e9volutions climatiques, avec 20% de pleine terre plant\u00e9e et des essences locales int\u00e9gr\u00e9es du sol aux toitures, et d\u00e9clin\u00e9es en plusieurs ambiances et strates : des plantes messicoles, une p\u00e9pini\u00e8re de plantes sauvages, un grand jardin partag\u00e9 \u00e0 l\u2019image des jardins mara\u00eechers traditionnels de Saint-Ouen mais aussi un paysage vertical sur de larges balcons et des terrasses v\u00e9g\u00e9talis\u00e9es.<span class=\"Apple-converted-space\">\u00a0<\/span><\/p>\n<p>Architectes :<span class=\"Apple-converted-space\">\u00a0<\/span><\/p>\n<p>&#8211; Agence Lambert-L\u00e9nack : E1a<br \/>\n&#8211; Agence SOA : E1b<br \/>\n&#8211; Agence KOZ : E2a1<br \/>\n&#8211; Agence ATELIER GEORGES : E2a2 et E2a3<span class=\"Apple-converted-space\"><br \/>\n<\/span>&#8211; Agence COBE : E2b<span class=\"Apple-converted-space\"><br \/>\n<\/span>&#8211; Agence DREAM<br \/>\n&#8211; Agence KOZ<br \/>\n&#8211; Agence Barrault-Pressaco<span class=\"Apple-converted-space\">\u00a0<\/span><\/p>\n","protected":false},"excerpt":{"rendered":"<p>Le groupement compos\u00e9 de Nexity, Eiffage Immobilier, CDC Habitat, le groupe EDF et le Groupe Groupama a entam\u00e9 le chantier du secteur E du Village des athl\u00e8tes, \u00e0 Saint-Ouen-sur-Seine. Le Village des athl\u00e8tes est le plus grand chantier mono-site de France, r\u00e9unissant plus de 4.000 travailleurs du b\u00e2timent et r\u00e9pondant au double enjeu de la [&hellip;]<\/p>\n","protected":false},"author":17,"featured_media":106096,"comment_status":"closed","ping_status":"closed","sticky":false,"template":"","format":"standard","meta":{"_et_pb_use_builder":"","_et_pb_old_content":"","_et_gb_content_width":"","footnotes":""},"categories":[10530,6340,10781,10769,10778,10764],"tags":[6784],"class_list":["post-106095","post","type-post","status-publish","format-standard","has-post-thumbnail","hentry","category-actualites","category-architecture-conception","category-publications-planete","category-publications","category-planete","category-woodsurfer","tag-jeux-olympiques"],"yoast_head":"<!-- This site is optimized with the Yoast SEO plugin v27.4 - https:\/\/yoast.com\/product\/yoast-seo-wordpress\/ -->\n<title>Le village des athl\u00e8tes se concr\u00e9tise<\/title>\n<meta name=\"robots\" content=\"index, follow, max-snippet:-1, max-image-preview:large, max-video-preview:-1\" \/>\n<link rel=\"canonical\" href=\"https:\/\/batijournal.com\/index.php\/le-village-des-athletes-se-concretise\/106095\/\" \/>\n<meta property=\"og:locale\" content=\"fr_FR\" \/>\n<meta property=\"og:type\" content=\"article\" \/>\n<meta property=\"og:title\" content=\"Le village des athl\u00e8tes se concr\u00e9tise\" \/>\n<meta property=\"og:description\" content=\"Le groupement compos\u00e9 de Nexity, Eiffage Immobilier, CDC Habitat, le groupe EDF et le Groupe Groupama a entam\u00e9 le chantier du secteur E du Village des athl\u00e8tes, \u00e0 Saint-Ouen-sur-Seine. Le Village des athl\u00e8tes est le plus grand chantier mono-site de France, r\u00e9unissant plus de 4.000 travailleurs du b\u00e2timent et r\u00e9pondant au double enjeu de la [&hellip;]\" \/>\n<meta property=\"og:url\" content=\"https:\/\/batijournal.com\/index.php\/le-village-des-athletes-se-concretise\/106095\/\" \/>\n<meta property=\"og:site_name\" content=\"Batijournal\" \/>\n<meta property=\"article:published_time\" content=\"2021-07-09T13:16:04+00:00\" \/>\n<meta property=\"og:image\" content=\"https:\/\/batijournal.com\/wp-content\/uploads\/2021\/07\/village-des-athletes.jpg\" \/>\n\t<meta property=\"og:image:width\" content=\"900\" \/>\n\t<meta property=\"og:image:height\" content=\"506\" \/>\n\t<meta property=\"og:image:type\" content=\"image\/jpeg\" \/>\n<meta name=\"author\" content=\"St\u00e9phane Miget\" \/>\n<meta name=\"twitter:card\" content=\"summary_large_image\" \/>\n<meta name=\"twitter:creator\" content=\"@bati_journal\" \/>\n<meta name=\"twitter:site\" content=\"@bati_journal\" \/>\n<meta name=\"twitter:label1\" content=\"\u00c9crit par\" \/>\n\t<meta name=\"twitter:data1\" content=\"St\u00e9phane Miget\" \/>\n\t<meta name=\"twitter:label2\" content=\"Dur\u00e9e de lecture estim\u00e9e\" \/>\n\t<meta name=\"twitter:data2\" content=\"2 minutes\" \/>\n<script type=\"application\/ld+json\" class=\"yoast-schema-graph\">{\"@context\":\"https:\\\/\\\/schema.org\",\"@graph\":[{\"@type\":\"Article\",\"@id\":\"https:\\\/\\\/batijournal.com\\\/index.php\\\/le-village-des-athletes-se-concretise\\\/106095\\\/#article\",\"isPartOf\":{\"@id\":\"https:\\\/\\\/batijournal.com\\\/index.php\\\/le-village-des-athletes-se-concretise\\\/106095\\\/\"},\"author\":{\"name\":\"St\u00e9phane Miget\",\"@id\":\"https:\\\/\\\/batijournal.com\\\/#\\\/schema\\\/person\\\/1dc96ec6957aa1ccb25ebe78bb19f100\"},\"headline\":\"Le village des athl\u00e8tes se concr\u00e9tise\",\"datePublished\":\"2021-07-09T13:16:04+00:00\",\"mainEntityOfPage\":{\"@id\":\"https:\\\/\\\/batijournal.com\\\/index.php\\\/le-village-des-athletes-se-concretise\\\/106095\\\/\"},\"wordCount\":430,\"image\":{\"@id\":\"https:\\\/\\\/batijournal.com\\\/index.php\\\/le-village-des-athletes-se-concretise\\\/106095\\\/#primaryimage\"},\"thumbnailUrl\":\"https:\\\/\\\/batijournal.com\\\/wp-content\\\/uploads\\\/2021\\\/07\\\/village-des-athletes.jpg\",\"keywords\":[\"jeux olympiques\"],\"articleSection\":[\"Actualit\u00e9s\",\"Architecture &amp; Conception\",\"zz_Actualit\u00e9s - Plan\u00e8te\",\"zz_Actualit\u00e9s - Woodsurfer\",\"zz_Plan\u00e8te B\u00e2timent\",\"zz_Woodsurfer\"],\"inLanguage\":\"fr-FR\"},{\"@type\":\"WebPage\",\"@id\":\"https:\\\/\\\/batijournal.com\\\/index.php\\\/le-village-des-athletes-se-concretise\\\/106095\\\/\",\"url\":\"https:\\\/\\\/batijournal.com\\\/index.php\\\/le-village-des-athletes-se-concretise\\\/106095\\\/\",\"name\":\"Le village des athl\u00e8tes se concr\u00e9tise\",\"isPartOf\":{\"@id\":\"https:\\\/\\\/batijournal.com\\\/#website\"},\"primaryImageOfPage\":{\"@id\":\"https:\\\/\\\/batijournal.com\\\/index.php\\\/le-village-des-athletes-se-concretise\\\/106095\\\/#primaryimage\"},\"image\":{\"@id\":\"https:\\\/\\\/batijournal.com\\\/index.php\\\/le-village-des-athletes-se-concretise\\\/106095\\\/#primaryimage\"},\"thumbnailUrl\":\"https:\\\/\\\/batijournal.com\\\/wp-content\\\/uploads\\\/2021\\\/07\\\/village-des-athletes.jpg\",\"datePublished\":\"2021-07-09T13:16:04+00:00\",\"author\":{\"@id\":\"https:\\\/\\\/batijournal.com\\\/#\\\/schema\\\/person\\\/1dc96ec6957aa1ccb25ebe78bb19f100\"},\"breadcrumb\":{\"@id\":\"https:\\\/\\\/batijournal.com\\\/index.php\\\/le-village-des-athletes-se-concretise\\\/106095\\\/#breadcrumb\"},\"inLanguage\":\"fr-FR\",\"potentialAction\":[{\"@type\":\"ReadAction\",\"target\":[\"https:\\\/\\\/batijournal.com\\\/index.php\\\/le-village-des-athletes-se-concretise\\\/106095\\\/\"]}]},{\"@type\":\"ImageObject\",\"inLanguage\":\"fr-FR\",\"@id\":\"https:\\\/\\\/batijournal.com\\\/index.php\\\/le-village-des-athletes-se-concretise\\\/106095\\\/#primaryimage\",\"url\":\"https:\\\/\\\/batijournal.com\\\/wp-content\\\/uploads\\\/2021\\\/07\\\/village-des-athletes.jpg\",\"contentUrl\":\"https:\\\/\\\/batijournal.com\\\/wp-content\\\/uploads\\\/2021\\\/07\\\/village-des-athletes.jpg\",\"width\":900,\"height\":506},{\"@type\":\"BreadcrumbList\",\"@id\":\"https:\\\/\\\/batijournal.com\\\/index.php\\\/le-village-des-athletes-se-concretise\\\/106095\\\/#breadcrumb\",\"itemListElement\":[{\"@type\":\"ListItem\",\"position\":1,\"name\":\"Accueil\",\"item\":\"https:\\\/\\\/batijournal.com\\\/\"},{\"@type\":\"ListItem\",\"position\":2,\"name\":\"Actualit\u00e9s\",\"item\":\"https:\\\/\\\/batijournal.com\\\/index.php\\\/category\\\/actualites\\\/\"},{\"@type\":\"ListItem\",\"position\":3,\"name\":\"Architecture &amp; Conception\",\"item\":\"https:\\\/\\\/batijournal.com\\\/index.php\\\/category\\\/actualites\\\/architecture-conception\\\/\"},{\"@type\":\"ListItem\",\"position\":4,\"name\":\"Le village des athl\u00e8tes se concr\u00e9tise\"}]},{\"@type\":\"WebSite\",\"@id\":\"https:\\\/\\\/batijournal.com\\\/#website\",\"url\":\"https:\\\/\\\/batijournal.com\\\/\",\"name\":\"Batijournal\",\"description\":\"L&#039;actualit\u00e9 du b\u00e2timent\",\"potentialAction\":[{\"@type\":\"SearchAction\",\"target\":{\"@type\":\"EntryPoint\",\"urlTemplate\":\"https:\\\/\\\/batijournal.com\\\/?s={search_term_string}\"},\"query-input\":{\"@type\":\"PropertyValueSpecification\",\"valueRequired\":true,\"valueName\":\"search_term_string\"}}],\"inLanguage\":\"fr-FR\"},{\"@type\":\"Person\",\"@id\":\"https:\\\/\\\/batijournal.com\\\/#\\\/schema\\\/person\\\/1dc96ec6957aa1ccb25ebe78bb19f100\",\"name\":\"St\u00e9phane Miget\",\"image\":{\"@type\":\"ImageObject\",\"inLanguage\":\"fr-FR\",\"@id\":\"https:\\\/\\\/secure.gravatar.com\\\/avatar\\\/89915563d925342126b8ef0281b93d9d7fc337043e8df017f780908eb9644451?s=96&d=mm&r=g\",\"url\":\"https:\\\/\\\/secure.gravatar.com\\\/avatar\\\/89915563d925342126b8ef0281b93d9d7fc337043e8df017f780908eb9644451?s=96&d=mm&r=g\",\"contentUrl\":\"https:\\\/\\\/secure.gravatar.com\\\/avatar\\\/89915563d925342126b8ef0281b93d9d7fc337043e8df017f780908eb9644451?s=96&d=mm&r=g\",\"caption\":\"St\u00e9phane Miget\"},\"url\":\"https:\\\/\\\/batijournal.com\\\/index.php\\\/author\\\/stephane\\\/\"}]}<\/script>\n<!-- \/ Yoast SEO plugin. -->","yoast_head_json":{"title":"Le village des athl\u00e8tes se concr\u00e9tise","robots":{"index":"index","follow":"follow","max-snippet":"max-snippet:-1","max-image-preview":"max-image-preview:large","max-video-preview":"max-video-preview:-1"},"canonical":"https:\/\/batijournal.com\/index.php\/le-village-des-athletes-se-concretise\/106095\/","og_locale":"fr_FR","og_type":"article","og_title":"Le village des athl\u00e8tes se concr\u00e9tise","og_description":"Le groupement compos\u00e9 de Nexity, Eiffage Immobilier, CDC Habitat, le groupe EDF et le Groupe Groupama a entam\u00e9 le chantier du secteur E du Village des athl\u00e8tes, \u00e0 Saint-Ouen-sur-Seine. Le Village des athl\u00e8tes est le plus grand chantier mono-site de France, r\u00e9unissant plus de 4.000 travailleurs du b\u00e2timent et r\u00e9pondant au double enjeu de la [&hellip;]","og_url":"https:\/\/batijournal.com\/index.php\/le-village-des-athletes-se-concretise\/106095\/","og_site_name":"Batijournal","article_published_time":"2021-07-09T13:16:04+00:00","og_image":[{"width":900,"height":506,"url":"https:\/\/batijournal.com\/wp-content\/uploads\/2021\/07\/village-des-athletes.jpg","type":"image\/jpeg"}],"author":"St\u00e9phane Miget","twitter_card":"summary_large_image","twitter_creator":"@bati_journal","twitter_site":"@bati_journal","twitter_misc":{"\u00c9crit par":"St\u00e9phane Miget","Dur\u00e9e de lecture estim\u00e9e":"2 minutes"},"schema":{"@context":"https:\/\/schema.org","@graph":[{"@type":"Article","@id":"https:\/\/batijournal.com\/index.php\/le-village-des-athletes-se-concretise\/106095\/#article","isPartOf":{"@id":"https:\/\/batijournal.com\/index.php\/le-village-des-athletes-se-concretise\/106095\/"},"author":{"name":"St\u00e9phane Miget","@id":"https:\/\/batijournal.com\/#\/schema\/person\/1dc96ec6957aa1ccb25ebe78bb19f100"},"headline":"Le village des athl\u00e8tes se concr\u00e9tise","datePublished":"2021-07-09T13:16:04+00:00","mainEntityOfPage":{"@id":"https:\/\/batijournal.com\/index.php\/le-village-des-athletes-se-concretise\/106095\/"},"wordCount":430,"image":{"@id":"https:\/\/batijournal.com\/index.php\/le-village-des-athletes-se-concretise\/106095\/#primaryimage"},"thumbnailUrl":"https:\/\/batijournal.com\/wp-content\/uploads\/2021\/07\/village-des-athletes.jpg","keywords":["jeux olympiques"],"articleSection":["Actualit\u00e9s","Architecture &amp; Conception","zz_Actualit\u00e9s - Plan\u00e8te","zz_Actualit\u00e9s - Woodsurfer","zz_Plan\u00e8te B\u00e2timent","zz_Woodsurfer"],"inLanguage":"fr-FR"},{"@type":"WebPage","@id":"https:\/\/batijournal.com\/index.php\/le-village-des-athletes-se-concretise\/106095\/","url":"https:\/\/batijournal.com\/index.php\/le-village-des-athletes-se-concretise\/106095\/","name":"Le village des athl\u00e8tes se concr\u00e9tise","isPartOf":{"@id":"https:\/\/batijournal.com\/#website"},"primaryImageOfPage":{"@id":"https:\/\/batijournal.com\/index.php\/le-village-des-athletes-se-concretise\/106095\/#primaryimage"},"image":{"@id":"https:\/\/batijournal.com\/index.php\/le-village-des-athletes-se-concretise\/106095\/#primaryimage"},"thumbnailUrl":"https:\/\/batijournal.com\/wp-content\/uploads\/2021\/07\/village-des-athletes.jpg","datePublished":"2021-07-09T13:16:04+00:00","author":{"@id":"https:\/\/batijournal.com\/#\/schema\/person\/1dc96ec6957aa1ccb25ebe78bb19f100"},"breadcrumb":{"@id":"https:\/\/batijournal.com\/index.php\/le-village-des-athletes-se-concretise\/106095\/#breadcrumb"},"inLanguage":"fr-FR","potentialAction":[{"@type":"ReadAction","target":["https:\/\/batijournal.com\/index.php\/le-village-des-athletes-se-concretise\/106095\/"]}]},{"@type":"ImageObject","inLanguage":"fr-FR","@id":"https:\/\/batijournal.com\/index.php\/le-village-des-athletes-se-concretise\/106095\/#primaryimage","url":"https:\/\/batijournal.com\/wp-content\/uploads\/2021\/07\/village-des-athletes.jpg","contentUrl":"https:\/\/batijournal.com\/wp-content\/uploads\/2021\/07\/village-des-athletes.jpg","width":900,"height":506},{"@type":"BreadcrumbList","@id":"https:\/\/batijournal.com\/index.php\/le-village-des-athletes-se-concretise\/106095\/#breadcrumb","itemListElement":[{"@type":"ListItem","position":1,"name":"Accueil","item":"https:\/\/batijournal.com\/"},{"@type":"ListItem","position":2,"name":"Actualit\u00e9s","item":"https:\/\/batijournal.com\/index.php\/category\/actualites\/"},{"@type":"ListItem","position":3,"name":"Architecture &amp; Conception","item":"https:\/\/batijournal.com\/index.php\/category\/actualites\/architecture-conception\/"},{"@type":"ListItem","position":4,"name":"Le village des athl\u00e8tes se concr\u00e9tise"}]},{"@type":"WebSite","@id":"https:\/\/batijournal.com\/#website","url":"https:\/\/batijournal.com\/","name":"Batijournal","description":"L&#039;actualit\u00e9 du b\u00e2timent","potentialAction":[{"@type":"SearchAction","target":{"@type":"EntryPoint","urlTemplate":"https:\/\/batijournal.com\/?s={search_term_string}"},"query-input":{"@type":"PropertyValueSpecification","valueRequired":true,"valueName":"search_term_string"}}],"inLanguage":"fr-FR"},{"@type":"Person","@id":"https:\/\/batijournal.com\/#\/schema\/person\/1dc96ec6957aa1ccb25ebe78bb19f100","name":"St\u00e9phane Miget","image":{"@type":"ImageObject","inLanguage":"fr-FR","@id":"https:\/\/secure.gravatar.com\/avatar\/89915563d925342126b8ef0281b93d9d7fc337043e8df017f780908eb9644451?s=96&d=mm&r=g","url":"https:\/\/secure.gravatar.com\/avatar\/89915563d925342126b8ef0281b93d9d7fc337043e8df017f780908eb9644451?s=96&d=mm&r=g","contentUrl":"https:\/\/secure.gravatar.com\/avatar\/89915563d925342126b8ef0281b93d9d7fc337043e8df017f780908eb9644451?s=96&d=mm&r=g","caption":"St\u00e9phane Miget"},"url":"https:\/\/batijournal.com\/index.php\/author\/stephane\/"}]}},"_links":{"self":[{"href":"https:\/\/batijournal.com\/index.php\/wp-json\/wp\/v2\/posts\/106095","targetHints":{"allow":["GET"]}}],"collection":[{"href":"https:\/\/batijournal.com\/index.php\/wp-json\/wp\/v2\/posts"}],"about":[{"href":"https:\/\/batijournal.com\/index.php\/wp-json\/wp\/v2\/types\/post"}],"author":[{"embeddable":true,"href":"https:\/\/batijournal.com\/index.php\/wp-json\/wp\/v2\/users\/17"}],"replies":[{"embeddable":true,"href":"https:\/\/batijournal.com\/index.php\/wp-json\/wp\/v2\/comments?post=106095"}],"version-history":[{"count":0,"href":"https:\/\/batijournal.com\/index.php\/wp-json\/wp\/v2\/posts\/106095\/revisions"}],"wp:featuredmedia":[{"embeddable":true,"href":"https:\/\/batijournal.com\/index.php\/wp-json\/wp\/v2\/media\/106096"}],"wp:attachment":[{"href":"https:\/\/batijournal.com\/index.php\/wp-json\/wp\/v2\/media?parent=106095"}],"wp:term":[{"taxonomy":"category","embeddable":true,"href":"https:\/\/batijournal.com\/index.php\/wp-json\/wp\/v2\/categories?post=106095"},{"taxonomy":"post_tag","embeddable":true,"href":"https:\/\/batijournal.com\/index.php\/wp-json\/wp\/v2\/tags?post=106095"}],"curies":[{"name":"wp","href":"https:\/\/api.w.org\/{rel}","templated":true}]}}