{"id":106102,"date":"2021-07-12T11:38:39","date_gmt":"2021-07-12T09:38:39","guid":{"rendered":"https:\/\/batijournal.com\/?p=106102"},"modified":"2021-07-12T11:38:39","modified_gmt":"2021-07-12T09:38:39","slug":"sobriete-fonciere-et-qualite-du-cadre-de-vie","status":"publish","type":"post","link":"https:\/\/batijournal.com\/index.php\/sobriete-fonciere-et-qualite-du-cadre-de-vie\/106102\/","title":{"rendered":"Sobri\u00e9t\u00e9 fonci\u00e8re et qualit\u00e9 du cadre de vie"},"content":{"rendered":"<p>Le projet de loi dit \u00ab climat et r\u00e9silience \u00bb vient traduire sur le plan l\u00e9gislatif les attentes exprim\u00e9es par la Convention citoyenne pour le climat, mais aussi donner corps aux ambitions du Gouvernement de r\u00e9duire consid\u00e9rablement le rythme actuel de l\u2019artificialisation des sols. Le titre IV \u00ab Se loger \u00bb comporte une s\u00e9rie de mesures visant \u00e0 renforcer la lutte contre l\u2019artificialisation des sols, en d\u00e9finissant une trajectoire de sobri\u00e9t\u00e9 fonci\u00e8re, dont l\u2019objectif est d\u2019atteindre \u00e0 l\u2019\u00e9chelle du pays le \u00ab z\u00e9ro artificialisation nette des sols \u00bb en 2050.<span class=\"Apple-converted-space\">\u00a0 <\/span>L\u2019application de ces objectifs aura pour effet de r\u00e9duire encore plus le foncier disponible, avec pour cons\u00e9quence directe une hausse des prix du foncier et des logements. Or, les besoins en augmentation li\u00e9s \u00e0 la hausse de la population et du nombre des m\u00e9nages n\u00e9cessitent plus que jamais de concilier sobri\u00e9t\u00e9 fonci\u00e8re et constructions de logements \u00e0 un co\u00fbt abordable. Les membres de l\u2019Observatoire National du Cadre de Vie (ONCV) craignent que les nouveaux objectifs de r\u00e9duction de l\u2019artificialisation des sols viennent freiner la politique volontariste du gouvernement en mati\u00e8re de construction de logements, alors que les objectifs annuels de production de logements n\u2019ont jamais \u00e9t\u00e9 atteints et que le nombre de mises en chantiers est actuellement \u00e0 la baisse. Dans les ann\u00e9es \u00e0 venir, \u00e9lus, collectivit\u00e9s, acteurs de l\u2019am\u00e9nagement et de la construction devront apprendre \u00e0 concilier les objectifs de sobri\u00e9t\u00e9 fonci\u00e8re et les objectifs de construction de logements tout en r\u00e9pondant aux attentes des fran\u00e7ais en mati\u00e8re de cadre de vie.<span class=\"Apple-converted-space\">\u00a0<\/span><\/p>\n<p>Le barom\u00e8tre r\u00e9alis\u00e9 par l\u2019ONCV d\u00e9montre que les fran\u00e7ais consid\u00e8rent la proximit\u00e9 de la nature et le logement comme des composantes essentielles de leur cadre de vie. En ce qui concerne le logement, sa surface, la qualit\u00e9 de son isolation thermique, ainsi que son prix sont les principaux facteurs de satisfaction. Enfin, cette enqu\u00eate confirme l\u2019app\u00e9tence des fran\u00e7ais pour le logement individuel, 80% le pr\u00e9f\u00e9rant aux logements collectifs, rajoutant \u00e0 l\u2019\u00e9quation l\u2019acceptabilit\u00e9 sociale par les habitants des mesures qui pourront \u00eatre prises. Les membres de l\u2019ONCV sont persuad\u00e9s que les crises successives que nous avons travers\u00e9es ces derni\u00e8res ann\u00e9es n\u2019ont fait que renforcer ces constats et les prochaines \u00e9ditions du barom\u00e8tre du cadre de vie chercheront \u00e0 les pr\u00e9ciser.<span class=\"Apple-converted-space\">\u00a0<\/span><\/p>\n<p>La sobri\u00e9t\u00e9 fonci\u00e8re contribue \u00e0 la pr\u00e9servation des terres naturelles et agricoles mais aussi \u00e0 la rar\u00e9faction du foncier constructible. Les possibilit\u00e9s de construire sont aujourd&rsquo;hui tributaires de politiques d\u2019urbanisme volontaristes de la part des \u00e9lus locaux. L&rsquo;urbanisme qui cr\u00e9e des valeurs fonci\u00e8res et immobili\u00e8res en autorisant des constructions de surfaces suppl\u00e9mentaires au sein des espaces d\u00e9j\u00e0 b\u00e2tis, \u00e0 travers les plans locaux d&rsquo;urbanisme, n&rsquo;a pas encore trouv\u00e9 le mod\u00e8le \u00e9conomique lui permettant de garantir les conditions d\u2019acceptabilit\u00e9 de la densification : financement des \u00e9quipements et des infrastructures li\u00e9es \u00e0 l&rsquo;accueil de nouvelles populations, ainsi que de l&rsquo;ing\u00e9nierie de planification et d&rsquo;accompagnement des projets. Une \u00e9volution de la fiscalit\u00e9 immobili\u00e8re (droits de mutation, taxe sur la plus-value immobili\u00e8re, &#8230;) directement engendr\u00e9e par ces politiques d&rsquo;urbanisme permettrait de financer logiquement les \u00e9lus locaux courageux. En parall\u00e8le, le travail sur le parc existant n\u00e9cessite un renforcement des aides \u00e0 la pierre et le d\u00e9ploiement plus large du dispositif \u00ab Denormandie \u00bb, en mettant en \u0153uvre un v\u00e9ritable plan de r\u00e9sorption de l\u2019habitat vacant, voire insalubre. Le projet de loi \u00ab climat et r\u00e9silience devra encourager les projets innovants et performants d\u2019un point de vue environnemental, et qui allient sobri\u00e9t\u00e9 fonci\u00e8re et qualit\u00e9 du cadre de vie.<span class=\"Apple-converted-space\">\u00a0<\/span><\/p>\n","protected":false},"excerpt":{"rendered":"<p>Le projet de loi dit \u00ab climat et r\u00e9silience \u00bb vient traduire sur le plan l\u00e9gislatif les attentes exprim\u00e9es par la Convention citoyenne pour le climat, mais aussi donner corps aux ambitions du Gouvernement de r\u00e9duire consid\u00e9rablement le rythme actuel de l\u2019artificialisation des sols. Le titre IV \u00ab Se loger \u00bb comporte une s\u00e9rie de [&hellip;]<\/p>\n","protected":false},"author":17,"featured_media":89165,"comment_status":"closed","ping_status":"closed","sticky":false,"template":"","format":"standard","meta":{"_et_pb_use_builder":"","_et_pb_old_content":"","_et_gb_content_width":"","footnotes":""},"categories":[10736,10530,6345,10781,10778],"tags":[53],"class_list":["post-106102","post","type-post","status-publish","format-standard","has-post-thumbnail","hentry","category-a-la-une","category-actualites","category-economie-marches","category-publications-planete","category-planete","tag-construction"],"yoast_head":"<!-- This site is optimized with the Yoast SEO plugin v27.4 - https:\/\/yoast.com\/product\/yoast-seo-wordpress\/ -->\n<title>Sobri\u00e9t\u00e9 fonci\u00e8re et qualit\u00e9 du cadre de vie<\/title>\n<meta name=\"robots\" content=\"index, follow, max-snippet:-1, max-image-preview:large, max-video-preview:-1\" \/>\n<link rel=\"canonical\" href=\"https:\/\/batijournal.com\/index.php\/sobriete-fonciere-et-qualite-du-cadre-de-vie\/106102\/\" \/>\n<meta property=\"og:locale\" content=\"fr_FR\" \/>\n<meta property=\"og:type\" content=\"article\" \/>\n<meta property=\"og:title\" content=\"Sobri\u00e9t\u00e9 fonci\u00e8re et qualit\u00e9 du cadre de vie\" \/>\n<meta property=\"og:description\" content=\"Le projet de loi dit \u00ab climat et r\u00e9silience \u00bb vient traduire sur le plan l\u00e9gislatif les attentes exprim\u00e9es par la Convention citoyenne pour le climat, mais aussi donner corps aux ambitions du Gouvernement de r\u00e9duire consid\u00e9rablement le rythme actuel de l\u2019artificialisation des sols. Le titre IV \u00ab Se loger \u00bb comporte une s\u00e9rie de [&hellip;]\" \/>\n<meta property=\"og:url\" content=\"https:\/\/batijournal.com\/index.php\/sobriete-fonciere-et-qualite-du-cadre-de-vie\/106102\/\" \/>\n<meta property=\"og:site_name\" content=\"Batijournal\" \/>\n<meta property=\"article:published_time\" content=\"2021-07-12T09:38:39+00:00\" \/>\n<meta property=\"og:image\" content=\"https:\/\/batijournal.com\/wp-content\/uploads\/2015\/09\/cadastre.jpg\" \/>\n\t<meta property=\"og:image:width\" content=\"1000\" \/>\n\t<meta property=\"og:image:height\" content=\"654\" \/>\n\t<meta property=\"og:image:type\" content=\"image\/jpeg\" \/>\n<meta name=\"author\" content=\"St\u00e9phane Miget\" \/>\n<meta name=\"twitter:card\" content=\"summary_large_image\" \/>\n<meta name=\"twitter:creator\" content=\"@bati_journal\" \/>\n<meta name=\"twitter:site\" content=\"@bati_journal\" \/>\n<meta name=\"twitter:label1\" content=\"\u00c9crit par\" \/>\n\t<meta name=\"twitter:data1\" content=\"St\u00e9phane Miget\" \/>\n\t<meta name=\"twitter:label2\" content=\"Dur\u00e9e de lecture estim\u00e9e\" \/>\n\t<meta name=\"twitter:data2\" content=\"3 minutes\" \/>\n<script type=\"application\/ld+json\" class=\"yoast-schema-graph\">{\"@context\":\"https:\\\/\\\/schema.org\",\"@graph\":[{\"@type\":\"Article\",\"@id\":\"https:\\\/\\\/batijournal.com\\\/index.php\\\/sobriete-fonciere-et-qualite-du-cadre-de-vie\\\/106102\\\/#article\",\"isPartOf\":{\"@id\":\"https:\\\/\\\/batijournal.com\\\/index.php\\\/sobriete-fonciere-et-qualite-du-cadre-de-vie\\\/106102\\\/\"},\"author\":{\"name\":\"St\u00e9phane Miget\",\"@id\":\"https:\\\/\\\/batijournal.com\\\/#\\\/schema\\\/person\\\/1dc96ec6957aa1ccb25ebe78bb19f100\"},\"headline\":\"Sobri\u00e9t\u00e9 fonci\u00e8re et qualit\u00e9 du cadre de vie\",\"datePublished\":\"2021-07-12T09:38:39+00:00\",\"mainEntityOfPage\":{\"@id\":\"https:\\\/\\\/batijournal.com\\\/index.php\\\/sobriete-fonciere-et-qualite-du-cadre-de-vie\\\/106102\\\/\"},\"wordCount\":656,\"image\":{\"@id\":\"https:\\\/\\\/batijournal.com\\\/index.php\\\/sobriete-fonciere-et-qualite-du-cadre-de-vie\\\/106102\\\/#primaryimage\"},\"thumbnailUrl\":\"https:\\\/\\\/batijournal.com\\\/wp-content\\\/uploads\\\/2015\\\/09\\\/cadastre.jpg\",\"keywords\":[\"construction\"],\"articleSection\":[\"A la Une\",\"Actualit\u00e9s\",\"\u00c9conomie &amp; March\u00e9s\",\"zz_Actualit\u00e9s - Plan\u00e8te\",\"zz_Plan\u00e8te B\u00e2timent\"],\"inLanguage\":\"fr-FR\"},{\"@type\":\"WebPage\",\"@id\":\"https:\\\/\\\/batijournal.com\\\/index.php\\\/sobriete-fonciere-et-qualite-du-cadre-de-vie\\\/106102\\\/\",\"url\":\"https:\\\/\\\/batijournal.com\\\/index.php\\\/sobriete-fonciere-et-qualite-du-cadre-de-vie\\\/106102\\\/\",\"name\":\"Sobri\u00e9t\u00e9 fonci\u00e8re et qualit\u00e9 du cadre de vie\",\"isPartOf\":{\"@id\":\"https:\\\/\\\/batijournal.com\\\/#website\"},\"primaryImageOfPage\":{\"@id\":\"https:\\\/\\\/batijournal.com\\\/index.php\\\/sobriete-fonciere-et-qualite-du-cadre-de-vie\\\/106102\\\/#primaryimage\"},\"image\":{\"@id\":\"https:\\\/\\\/batijournal.com\\\/index.php\\\/sobriete-fonciere-et-qualite-du-cadre-de-vie\\\/106102\\\/#primaryimage\"},\"thumbnailUrl\":\"https:\\\/\\\/batijournal.com\\\/wp-content\\\/uploads\\\/2015\\\/09\\\/cadastre.jpg\",\"datePublished\":\"2021-07-12T09:38:39+00:00\",\"author\":{\"@id\":\"https:\\\/\\\/batijournal.com\\\/#\\\/schema\\\/person\\\/1dc96ec6957aa1ccb25ebe78bb19f100\"},\"breadcrumb\":{\"@id\":\"https:\\\/\\\/batijournal.com\\\/index.php\\\/sobriete-fonciere-et-qualite-du-cadre-de-vie\\\/106102\\\/#breadcrumb\"},\"inLanguage\":\"fr-FR\",\"potentialAction\":[{\"@type\":\"ReadAction\",\"target\":[\"https:\\\/\\\/batijournal.com\\\/index.php\\\/sobriete-fonciere-et-qualite-du-cadre-de-vie\\\/106102\\\/\"]}]},{\"@type\":\"ImageObject\",\"inLanguage\":\"fr-FR\",\"@id\":\"https:\\\/\\\/batijournal.com\\\/index.php\\\/sobriete-fonciere-et-qualite-du-cadre-de-vie\\\/106102\\\/#primaryimage\",\"url\":\"https:\\\/\\\/batijournal.com\\\/wp-content\\\/uploads\\\/2015\\\/09\\\/cadastre.jpg\",\"contentUrl\":\"https:\\\/\\\/batijournal.com\\\/wp-content\\\/uploads\\\/2015\\\/09\\\/cadastre.jpg\",\"width\":1000,\"height\":654,\"caption\":\"autorisation d\u2019urbanisme\"},{\"@type\":\"BreadcrumbList\",\"@id\":\"https:\\\/\\\/batijournal.com\\\/index.php\\\/sobriete-fonciere-et-qualite-du-cadre-de-vie\\\/106102\\\/#breadcrumb\",\"itemListElement\":[{\"@type\":\"ListItem\",\"position\":1,\"name\":\"Accueil\",\"item\":\"https:\\\/\\\/batijournal.com\\\/\"},{\"@type\":\"ListItem\",\"position\":2,\"name\":\"Actualit\u00e9s\",\"item\":\"https:\\\/\\\/batijournal.com\\\/index.php\\\/category\\\/actualites\\\/\"},{\"@type\":\"ListItem\",\"position\":3,\"name\":\"\u00c9conomie &amp; March\u00e9s\",\"item\":\"https:\\\/\\\/batijournal.com\\\/index.php\\\/category\\\/actualites\\\/economie-marches\\\/\"},{\"@type\":\"ListItem\",\"position\":4,\"name\":\"Sobri\u00e9t\u00e9 fonci\u00e8re et qualit\u00e9 du cadre de vie\"}]},{\"@type\":\"WebSite\",\"@id\":\"https:\\\/\\\/batijournal.com\\\/#website\",\"url\":\"https:\\\/\\\/batijournal.com\\\/\",\"name\":\"Batijournal\",\"description\":\"L&#039;actualit\u00e9 du b\u00e2timent\",\"potentialAction\":[{\"@type\":\"SearchAction\",\"target\":{\"@type\":\"EntryPoint\",\"urlTemplate\":\"https:\\\/\\\/batijournal.com\\\/?s={search_term_string}\"},\"query-input\":{\"@type\":\"PropertyValueSpecification\",\"valueRequired\":true,\"valueName\":\"search_term_string\"}}],\"inLanguage\":\"fr-FR\"},{\"@type\":\"Person\",\"@id\":\"https:\\\/\\\/batijournal.com\\\/#\\\/schema\\\/person\\\/1dc96ec6957aa1ccb25ebe78bb19f100\",\"name\":\"St\u00e9phane Miget\",\"image\":{\"@type\":\"ImageObject\",\"inLanguage\":\"fr-FR\",\"@id\":\"https:\\\/\\\/secure.gravatar.com\\\/avatar\\\/89915563d925342126b8ef0281b93d9d7fc337043e8df017f780908eb9644451?s=96&d=mm&r=g\",\"url\":\"https:\\\/\\\/secure.gravatar.com\\\/avatar\\\/89915563d925342126b8ef0281b93d9d7fc337043e8df017f780908eb9644451?s=96&d=mm&r=g\",\"contentUrl\":\"https:\\\/\\\/secure.gravatar.com\\\/avatar\\\/89915563d925342126b8ef0281b93d9d7fc337043e8df017f780908eb9644451?s=96&d=mm&r=g\",\"caption\":\"St\u00e9phane Miget\"},\"url\":\"https:\\\/\\\/batijournal.com\\\/index.php\\\/author\\\/stephane\\\/\"}]}<\/script>\n<!-- \/ Yoast SEO plugin. -->","yoast_head_json":{"title":"Sobri\u00e9t\u00e9 fonci\u00e8re et qualit\u00e9 du cadre de vie","robots":{"index":"index","follow":"follow","max-snippet":"max-snippet:-1","max-image-preview":"max-image-preview:large","max-video-preview":"max-video-preview:-1"},"canonical":"https:\/\/batijournal.com\/index.php\/sobriete-fonciere-et-qualite-du-cadre-de-vie\/106102\/","og_locale":"fr_FR","og_type":"article","og_title":"Sobri\u00e9t\u00e9 fonci\u00e8re et qualit\u00e9 du cadre de vie","og_description":"Le projet de loi dit \u00ab climat et r\u00e9silience \u00bb vient traduire sur le plan l\u00e9gislatif les attentes exprim\u00e9es par la Convention citoyenne pour le climat, mais aussi donner corps aux ambitions du Gouvernement de r\u00e9duire consid\u00e9rablement le rythme actuel de l\u2019artificialisation des sols. Le titre IV \u00ab Se loger \u00bb comporte une s\u00e9rie de [&hellip;]","og_url":"https:\/\/batijournal.com\/index.php\/sobriete-fonciere-et-qualite-du-cadre-de-vie\/106102\/","og_site_name":"Batijournal","article_published_time":"2021-07-12T09:38:39+00:00","og_image":[{"width":1000,"height":654,"url":"https:\/\/batijournal.com\/wp-content\/uploads\/2015\/09\/cadastre.jpg","type":"image\/jpeg"}],"author":"St\u00e9phane Miget","twitter_card":"summary_large_image","twitter_creator":"@bati_journal","twitter_site":"@bati_journal","twitter_misc":{"\u00c9crit par":"St\u00e9phane Miget","Dur\u00e9e de lecture estim\u00e9e":"3 minutes"},"schema":{"@context":"https:\/\/schema.org","@graph":[{"@type":"Article","@id":"https:\/\/batijournal.com\/index.php\/sobriete-fonciere-et-qualite-du-cadre-de-vie\/106102\/#article","isPartOf":{"@id":"https:\/\/batijournal.com\/index.php\/sobriete-fonciere-et-qualite-du-cadre-de-vie\/106102\/"},"author":{"name":"St\u00e9phane Miget","@id":"https:\/\/batijournal.com\/#\/schema\/person\/1dc96ec6957aa1ccb25ebe78bb19f100"},"headline":"Sobri\u00e9t\u00e9 fonci\u00e8re et qualit\u00e9 du cadre de vie","datePublished":"2021-07-12T09:38:39+00:00","mainEntityOfPage":{"@id":"https:\/\/batijournal.com\/index.php\/sobriete-fonciere-et-qualite-du-cadre-de-vie\/106102\/"},"wordCount":656,"image":{"@id":"https:\/\/batijournal.com\/index.php\/sobriete-fonciere-et-qualite-du-cadre-de-vie\/106102\/#primaryimage"},"thumbnailUrl":"https:\/\/batijournal.com\/wp-content\/uploads\/2015\/09\/cadastre.jpg","keywords":["construction"],"articleSection":["A la Une","Actualit\u00e9s","\u00c9conomie &amp; March\u00e9s","zz_Actualit\u00e9s - Plan\u00e8te","zz_Plan\u00e8te B\u00e2timent"],"inLanguage":"fr-FR"},{"@type":"WebPage","@id":"https:\/\/batijournal.com\/index.php\/sobriete-fonciere-et-qualite-du-cadre-de-vie\/106102\/","url":"https:\/\/batijournal.com\/index.php\/sobriete-fonciere-et-qualite-du-cadre-de-vie\/106102\/","name":"Sobri\u00e9t\u00e9 fonci\u00e8re et qualit\u00e9 du cadre de vie","isPartOf":{"@id":"https:\/\/batijournal.com\/#website"},"primaryImageOfPage":{"@id":"https:\/\/batijournal.com\/index.php\/sobriete-fonciere-et-qualite-du-cadre-de-vie\/106102\/#primaryimage"},"image":{"@id":"https:\/\/batijournal.com\/index.php\/sobriete-fonciere-et-qualite-du-cadre-de-vie\/106102\/#primaryimage"},"thumbnailUrl":"https:\/\/batijournal.com\/wp-content\/uploads\/2015\/09\/cadastre.jpg","datePublished":"2021-07-12T09:38:39+00:00","author":{"@id":"https:\/\/batijournal.com\/#\/schema\/person\/1dc96ec6957aa1ccb25ebe78bb19f100"},"breadcrumb":{"@id":"https:\/\/batijournal.com\/index.php\/sobriete-fonciere-et-qualite-du-cadre-de-vie\/106102\/#breadcrumb"},"inLanguage":"fr-FR","potentialAction":[{"@type":"ReadAction","target":["https:\/\/batijournal.com\/index.php\/sobriete-fonciere-et-qualite-du-cadre-de-vie\/106102\/"]}]},{"@type":"ImageObject","inLanguage":"fr-FR","@id":"https:\/\/batijournal.com\/index.php\/sobriete-fonciere-et-qualite-du-cadre-de-vie\/106102\/#primaryimage","url":"https:\/\/batijournal.com\/wp-content\/uploads\/2015\/09\/cadastre.jpg","contentUrl":"https:\/\/batijournal.com\/wp-content\/uploads\/2015\/09\/cadastre.jpg","width":1000,"height":654,"caption":"autorisation d\u2019urbanisme"},{"@type":"BreadcrumbList","@id":"https:\/\/batijournal.com\/index.php\/sobriete-fonciere-et-qualite-du-cadre-de-vie\/106102\/#breadcrumb","itemListElement":[{"@type":"ListItem","position":1,"name":"Accueil","item":"https:\/\/batijournal.com\/"},{"@type":"ListItem","position":2,"name":"Actualit\u00e9s","item":"https:\/\/batijournal.com\/index.php\/category\/actualites\/"},{"@type":"ListItem","position":3,"name":"\u00c9conomie &amp; March\u00e9s","item":"https:\/\/batijournal.com\/index.php\/category\/actualites\/economie-marches\/"},{"@type":"ListItem","position":4,"name":"Sobri\u00e9t\u00e9 fonci\u00e8re et qualit\u00e9 du cadre de vie"}]},{"@type":"WebSite","@id":"https:\/\/batijournal.com\/#website","url":"https:\/\/batijournal.com\/","name":"Batijournal","description":"L&#039;actualit\u00e9 du b\u00e2timent","potentialAction":[{"@type":"SearchAction","target":{"@type":"EntryPoint","urlTemplate":"https:\/\/batijournal.com\/?s={search_term_string}"},"query-input":{"@type":"PropertyValueSpecification","valueRequired":true,"valueName":"search_term_string"}}],"inLanguage":"fr-FR"},{"@type":"Person","@id":"https:\/\/batijournal.com\/#\/schema\/person\/1dc96ec6957aa1ccb25ebe78bb19f100","name":"St\u00e9phane Miget","image":{"@type":"ImageObject","inLanguage":"fr-FR","@id":"https:\/\/secure.gravatar.com\/avatar\/89915563d925342126b8ef0281b93d9d7fc337043e8df017f780908eb9644451?s=96&d=mm&r=g","url":"https:\/\/secure.gravatar.com\/avatar\/89915563d925342126b8ef0281b93d9d7fc337043e8df017f780908eb9644451?s=96&d=mm&r=g","contentUrl":"https:\/\/secure.gravatar.com\/avatar\/89915563d925342126b8ef0281b93d9d7fc337043e8df017f780908eb9644451?s=96&d=mm&r=g","caption":"St\u00e9phane Miget"},"url":"https:\/\/batijournal.com\/index.php\/author\/stephane\/"}]}},"_links":{"self":[{"href":"https:\/\/batijournal.com\/index.php\/wp-json\/wp\/v2\/posts\/106102","targetHints":{"allow":["GET"]}}],"collection":[{"href":"https:\/\/batijournal.com\/index.php\/wp-json\/wp\/v2\/posts"}],"about":[{"href":"https:\/\/batijournal.com\/index.php\/wp-json\/wp\/v2\/types\/post"}],"author":[{"embeddable":true,"href":"https:\/\/batijournal.com\/index.php\/wp-json\/wp\/v2\/users\/17"}],"replies":[{"embeddable":true,"href":"https:\/\/batijournal.com\/index.php\/wp-json\/wp\/v2\/comments?post=106102"}],"version-history":[{"count":0,"href":"https:\/\/batijournal.com\/index.php\/wp-json\/wp\/v2\/posts\/106102\/revisions"}],"wp:featuredmedia":[{"embeddable":true,"href":"https:\/\/batijournal.com\/index.php\/wp-json\/wp\/v2\/media\/89165"}],"wp:attachment":[{"href":"https:\/\/batijournal.com\/index.php\/wp-json\/wp\/v2\/media?parent=106102"}],"wp:term":[{"taxonomy":"category","embeddable":true,"href":"https:\/\/batijournal.com\/index.php\/wp-json\/wp\/v2\/categories?post=106102"},{"taxonomy":"post_tag","embeddable":true,"href":"https:\/\/batijournal.com\/index.php\/wp-json\/wp\/v2\/tags?post=106102"}],"curies":[{"name":"wp","href":"https:\/\/api.w.org\/{rel}","templated":true}]}}