{"id":106105,"date":"2021-07-14T17:00:53","date_gmt":"2021-07-14T15:00:53","guid":{"rendered":"https:\/\/batijournal.com\/?p=106105"},"modified":"2021-07-14T17:00:53","modified_gmt":"2021-07-14T15:00:53","slug":"protection-solaire-passive-avec-des-volets-alu-coulissants","status":"publish","type":"post","link":"https:\/\/batijournal.com\/index.php\/protection-solaire-passive-avec-des-volets-alu-coulissants\/106105\/","title":{"rendered":"Protection solaire passive avec des volets alu coulissants"},"content":{"rendered":"<p>Le programme Patio du Lac \u00e0 Monteux (84) s\u2019inscrit au sein d\u2019un quartier vert incluant un lac artificiel de 10 hectares et de vastes espaces naturels. Il est issu d\u2019une d\u00e9marche environnementale garantissant la maitrise des factures \u00e9nerg\u00e9tiques et la durabilit\u00e9 du b\u00e2timent. Pour la gestion du confort d\u2019\u00e9t\u00e9, les usagers ont recours \u00e0 un syst\u00e8me de rafra\u00eechissement passif en faisant coulisser sans effort des vantaux aluminium gr\u00e2ce \u00e0 un syst\u00e8me de rails suspendus. Compos\u00e9s d\u2019un cadre tubulaire de 50 x 50 mm \u00e0 coupes droites (assemblage des montants et des traverses par visserie inox) et d\u2019un remplissage en lames trap\u00e9zo\u00efdales les volets BOR\u00c9ALES de TELLIER BRISE-SOLEIL ont \u00e9t\u00e9 enti\u00e8rement usin\u00e9s dans les ateliers de Chemill\u00e9-en-Anjou (49). Toutes les pi\u00e8ces n\u00e9cessaires \u00e0 leur fonctionnement ont \u00e9t\u00e9 assembl\u00e9es en usine, y compris les montures \u00e0 galets plac\u00e9s aux extr\u00e9mit\u00e9s des volets.<span class=\"Apple-converted-space\">\u00a0 <\/span>Le syst\u00e8me de montage des vantaux a permis aux installateurs de gagner du temps en facilitant la pose sur le chantier. A raison d\u2019une semaine de pose par fa\u00e7ade, 400 volets et claustras ont \u00e9t\u00e9 install\u00e9s et r\u00e9gl\u00e9s par les \u00e9quipes de la soci\u00e9t\u00e9 VSM SAS.<span class=\"Apple-converted-space\">\u00a0<\/span><\/p>\n<p>Ma\u00eetrise d\u2019ouvrage : EQUILIS \u2022 SCCV Patio du Lac<br \/>\nMa\u00eetrise d\u2019\u0153uvre : Art &amp; Build Architects<br \/>\nPhotos : Alexandra Rolland<span class=\"Apple-converted-space\">\u00a0<\/span><\/p>\n","protected":false},"excerpt":{"rendered":"<p>Le programme Patio du Lac \u00e0 Monteux (84) s\u2019inscrit au sein d\u2019un quartier vert incluant un lac artificiel de 10 hectares et de vastes espaces naturels. Il est issu d\u2019une d\u00e9marche environnementale garantissant la maitrise des factures \u00e9nerg\u00e9tiques et la durabilit\u00e9 du b\u00e2timent. Pour la gestion du confort d\u2019\u00e9t\u00e9, les usagers ont recours \u00e0 un [&hellip;]<\/p>\n","protected":false},"author":17,"featured_media":106106,"comment_status":"closed","ping_status":"closed","sticky":false,"template":"","format":"standard","meta":{"_et_pb_use_builder":"","_et_pb_old_content":"","_et_gb_content_width":"","footnotes":""},"categories":[10530,6340,10771,10775,10781,10778],"tags":[3786,9766],"class_list":["post-106105","post","type-post","status-publish","format-standard","has-post-thumbnail","hentry","category-actualites","category-architecture-conception","category-5facades","category-actualites-5facades","category-publications-planete","category-planete","tag-protection-solaire","tag-volet-coulissant"],"yoast_head":"<!-- This site is optimized with the Yoast SEO plugin v27.4 - https:\/\/yoast.com\/product\/yoast-seo-wordpress\/ -->\n<title>Protection solaire passive avec des volets alu coulissants<\/title>\n<meta name=\"robots\" content=\"index, follow, max-snippet:-1, max-image-preview:large, max-video-preview:-1\" \/>\n<link rel=\"canonical\" href=\"https:\/\/batijournal.com\/index.php\/protection-solaire-passive-avec-des-volets-alu-coulissants\/106105\/\" \/>\n<meta property=\"og:locale\" content=\"fr_FR\" \/>\n<meta property=\"og:type\" content=\"article\" \/>\n<meta property=\"og:title\" content=\"Protection solaire passive avec des volets alu coulissants\" \/>\n<meta property=\"og:description\" content=\"Le programme Patio du Lac \u00e0 Monteux (84) s\u2019inscrit au sein d\u2019un quartier vert incluant un lac artificiel de 10 hectares et de vastes espaces naturels. Il est issu d\u2019une d\u00e9marche environnementale garantissant la maitrise des factures \u00e9nerg\u00e9tiques et la durabilit\u00e9 du b\u00e2timent. Pour la gestion du confort d\u2019\u00e9t\u00e9, les usagers ont recours \u00e0 un [&hellip;]\" \/>\n<meta property=\"og:url\" content=\"https:\/\/batijournal.com\/index.php\/protection-solaire-passive-avec-des-volets-alu-coulissants\/106105\/\" \/>\n<meta property=\"og:site_name\" content=\"Batijournal\" \/>\n<meta property=\"article:published_time\" content=\"2021-07-14T15:00:53+00:00\" \/>\n<meta property=\"og:image\" content=\"https:\/\/batijournal.com\/wp-content\/uploads\/2021\/07\/tellier-brise-soleil.jpg\" \/>\n\t<meta property=\"og:image:width\" content=\"1200\" \/>\n\t<meta property=\"og:image:height\" content=\"750\" \/>\n\t<meta property=\"og:image:type\" content=\"image\/jpeg\" \/>\n<meta name=\"author\" content=\"St\u00e9phane Miget\" \/>\n<meta name=\"twitter:card\" content=\"summary_large_image\" \/>\n<meta name=\"twitter:creator\" content=\"@bati_journal\" \/>\n<meta name=\"twitter:site\" content=\"@bati_journal\" \/>\n<meta name=\"twitter:label1\" content=\"\u00c9crit par\" \/>\n\t<meta name=\"twitter:data1\" content=\"St\u00e9phane Miget\" \/>\n\t<meta name=\"twitter:label2\" content=\"Dur\u00e9e de lecture estim\u00e9e\" \/>\n\t<meta name=\"twitter:data2\" content=\"1 minute\" \/>\n<script type=\"application\/ld+json\" class=\"yoast-schema-graph\">{\"@context\":\"https:\\\/\\\/schema.org\",\"@graph\":[{\"@type\":\"Article\",\"@id\":\"https:\\\/\\\/batijournal.com\\\/index.php\\\/protection-solaire-passive-avec-des-volets-alu-coulissants\\\/106105\\\/#article\",\"isPartOf\":{\"@id\":\"https:\\\/\\\/batijournal.com\\\/index.php\\\/protection-solaire-passive-avec-des-volets-alu-coulissants\\\/106105\\\/\"},\"author\":{\"name\":\"St\u00e9phane Miget\",\"@id\":\"https:\\\/\\\/batijournal.com\\\/#\\\/schema\\\/person\\\/1dc96ec6957aa1ccb25ebe78bb19f100\"},\"headline\":\"Protection solaire passive avec des volets alu coulissants\",\"datePublished\":\"2021-07-14T15:00:53+00:00\",\"mainEntityOfPage\":{\"@id\":\"https:\\\/\\\/batijournal.com\\\/index.php\\\/protection-solaire-passive-avec-des-volets-alu-coulissants\\\/106105\\\/\"},\"wordCount\":235,\"image\":{\"@id\":\"https:\\\/\\\/batijournal.com\\\/index.php\\\/protection-solaire-passive-avec-des-volets-alu-coulissants\\\/106105\\\/#primaryimage\"},\"thumbnailUrl\":\"https:\\\/\\\/batijournal.com\\\/wp-content\\\/uploads\\\/2021\\\/07\\\/tellier-brise-soleil.jpg\",\"keywords\":[\"protection solaire\",\"volet coulissant\"],\"articleSection\":[\"Actualit\u00e9s\",\"Architecture &amp; Conception\",\"zz_5fa\u00e7ades\",\"zz_Actualit\u00e9s - 5fa\u00e7ades\",\"zz_Actualit\u00e9s - Plan\u00e8te\",\"zz_Plan\u00e8te B\u00e2timent\"],\"inLanguage\":\"fr-FR\"},{\"@type\":\"WebPage\",\"@id\":\"https:\\\/\\\/batijournal.com\\\/index.php\\\/protection-solaire-passive-avec-des-volets-alu-coulissants\\\/106105\\\/\",\"url\":\"https:\\\/\\\/batijournal.com\\\/index.php\\\/protection-solaire-passive-avec-des-volets-alu-coulissants\\\/106105\\\/\",\"name\":\"Protection solaire passive avec des volets alu coulissants\",\"isPartOf\":{\"@id\":\"https:\\\/\\\/batijournal.com\\\/#website\"},\"primaryImageOfPage\":{\"@id\":\"https:\\\/\\\/batijournal.com\\\/index.php\\\/protection-solaire-passive-avec-des-volets-alu-coulissants\\\/106105\\\/#primaryimage\"},\"image\":{\"@id\":\"https:\\\/\\\/batijournal.com\\\/index.php\\\/protection-solaire-passive-avec-des-volets-alu-coulissants\\\/106105\\\/#primaryimage\"},\"thumbnailUrl\":\"https:\\\/\\\/batijournal.com\\\/wp-content\\\/uploads\\\/2021\\\/07\\\/tellier-brise-soleil.jpg\",\"datePublished\":\"2021-07-14T15:00:53+00:00\",\"author\":{\"@id\":\"https:\\\/\\\/batijournal.com\\\/#\\\/schema\\\/person\\\/1dc96ec6957aa1ccb25ebe78bb19f100\"},\"breadcrumb\":{\"@id\":\"https:\\\/\\\/batijournal.com\\\/index.php\\\/protection-solaire-passive-avec-des-volets-alu-coulissants\\\/106105\\\/#breadcrumb\"},\"inLanguage\":\"fr-FR\",\"potentialAction\":[{\"@type\":\"ReadAction\",\"target\":[\"https:\\\/\\\/batijournal.com\\\/index.php\\\/protection-solaire-passive-avec-des-volets-alu-coulissants\\\/106105\\\/\"]}]},{\"@type\":\"ImageObject\",\"inLanguage\":\"fr-FR\",\"@id\":\"https:\\\/\\\/batijournal.com\\\/index.php\\\/protection-solaire-passive-avec-des-volets-alu-coulissants\\\/106105\\\/#primaryimage\",\"url\":\"https:\\\/\\\/batijournal.com\\\/wp-content\\\/uploads\\\/2021\\\/07\\\/tellier-brise-soleil.jpg\",\"contentUrl\":\"https:\\\/\\\/batijournal.com\\\/wp-content\\\/uploads\\\/2021\\\/07\\\/tellier-brise-soleil.jpg\",\"width\":1200,\"height\":750},{\"@type\":\"BreadcrumbList\",\"@id\":\"https:\\\/\\\/batijournal.com\\\/index.php\\\/protection-solaire-passive-avec-des-volets-alu-coulissants\\\/106105\\\/#breadcrumb\",\"itemListElement\":[{\"@type\":\"ListItem\",\"position\":1,\"name\":\"Accueil\",\"item\":\"https:\\\/\\\/batijournal.com\\\/\"},{\"@type\":\"ListItem\",\"position\":2,\"name\":\"Actualit\u00e9s\",\"item\":\"https:\\\/\\\/batijournal.com\\\/index.php\\\/category\\\/actualites\\\/\"},{\"@type\":\"ListItem\",\"position\":3,\"name\":\"Architecture &amp; Conception\",\"item\":\"https:\\\/\\\/batijournal.com\\\/index.php\\\/category\\\/actualites\\\/architecture-conception\\\/\"},{\"@type\":\"ListItem\",\"position\":4,\"name\":\"Protection solaire passive avec des volets alu coulissants\"}]},{\"@type\":\"WebSite\",\"@id\":\"https:\\\/\\\/batijournal.com\\\/#website\",\"url\":\"https:\\\/\\\/batijournal.com\\\/\",\"name\":\"Batijournal\",\"description\":\"L&#039;actualit\u00e9 du b\u00e2timent\",\"potentialAction\":[{\"@type\":\"SearchAction\",\"target\":{\"@type\":\"EntryPoint\",\"urlTemplate\":\"https:\\\/\\\/batijournal.com\\\/?s={search_term_string}\"},\"query-input\":{\"@type\":\"PropertyValueSpecification\",\"valueRequired\":true,\"valueName\":\"search_term_string\"}}],\"inLanguage\":\"fr-FR\"},{\"@type\":\"Person\",\"@id\":\"https:\\\/\\\/batijournal.com\\\/#\\\/schema\\\/person\\\/1dc96ec6957aa1ccb25ebe78bb19f100\",\"name\":\"St\u00e9phane Miget\",\"image\":{\"@type\":\"ImageObject\",\"inLanguage\":\"fr-FR\",\"@id\":\"https:\\\/\\\/secure.gravatar.com\\\/avatar\\\/89915563d925342126b8ef0281b93d9d7fc337043e8df017f780908eb9644451?s=96&d=mm&r=g\",\"url\":\"https:\\\/\\\/secure.gravatar.com\\\/avatar\\\/89915563d925342126b8ef0281b93d9d7fc337043e8df017f780908eb9644451?s=96&d=mm&r=g\",\"contentUrl\":\"https:\\\/\\\/secure.gravatar.com\\\/avatar\\\/89915563d925342126b8ef0281b93d9d7fc337043e8df017f780908eb9644451?s=96&d=mm&r=g\",\"caption\":\"St\u00e9phane Miget\"},\"url\":\"https:\\\/\\\/batijournal.com\\\/index.php\\\/author\\\/stephane\\\/\"}]}<\/script>\n<!-- \/ Yoast SEO plugin. -->","yoast_head_json":{"title":"Protection solaire passive avec des volets alu coulissants","robots":{"index":"index","follow":"follow","max-snippet":"max-snippet:-1","max-image-preview":"max-image-preview:large","max-video-preview":"max-video-preview:-1"},"canonical":"https:\/\/batijournal.com\/index.php\/protection-solaire-passive-avec-des-volets-alu-coulissants\/106105\/","og_locale":"fr_FR","og_type":"article","og_title":"Protection solaire passive avec des volets alu coulissants","og_description":"Le programme Patio du Lac \u00e0 Monteux (84) s\u2019inscrit au sein d\u2019un quartier vert incluant un lac artificiel de 10 hectares et de vastes espaces naturels. Il est issu d\u2019une d\u00e9marche environnementale garantissant la maitrise des factures \u00e9nerg\u00e9tiques et la durabilit\u00e9 du b\u00e2timent. Pour la gestion du confort d\u2019\u00e9t\u00e9, les usagers ont recours \u00e0 un [&hellip;]","og_url":"https:\/\/batijournal.com\/index.php\/protection-solaire-passive-avec-des-volets-alu-coulissants\/106105\/","og_site_name":"Batijournal","article_published_time":"2021-07-14T15:00:53+00:00","og_image":[{"width":1200,"height":750,"url":"https:\/\/batijournal.com\/wp-content\/uploads\/2021\/07\/tellier-brise-soleil.jpg","type":"image\/jpeg"}],"author":"St\u00e9phane Miget","twitter_card":"summary_large_image","twitter_creator":"@bati_journal","twitter_site":"@bati_journal","twitter_misc":{"\u00c9crit par":"St\u00e9phane Miget","Dur\u00e9e de lecture estim\u00e9e":"1 minute"},"schema":{"@context":"https:\/\/schema.org","@graph":[{"@type":"Article","@id":"https:\/\/batijournal.com\/index.php\/protection-solaire-passive-avec-des-volets-alu-coulissants\/106105\/#article","isPartOf":{"@id":"https:\/\/batijournal.com\/index.php\/protection-solaire-passive-avec-des-volets-alu-coulissants\/106105\/"},"author":{"name":"St\u00e9phane Miget","@id":"https:\/\/batijournal.com\/#\/schema\/person\/1dc96ec6957aa1ccb25ebe78bb19f100"},"headline":"Protection solaire passive avec des volets alu coulissants","datePublished":"2021-07-14T15:00:53+00:00","mainEntityOfPage":{"@id":"https:\/\/batijournal.com\/index.php\/protection-solaire-passive-avec-des-volets-alu-coulissants\/106105\/"},"wordCount":235,"image":{"@id":"https:\/\/batijournal.com\/index.php\/protection-solaire-passive-avec-des-volets-alu-coulissants\/106105\/#primaryimage"},"thumbnailUrl":"https:\/\/batijournal.com\/wp-content\/uploads\/2021\/07\/tellier-brise-soleil.jpg","keywords":["protection solaire","volet coulissant"],"articleSection":["Actualit\u00e9s","Architecture &amp; Conception","zz_5fa\u00e7ades","zz_Actualit\u00e9s - 5fa\u00e7ades","zz_Actualit\u00e9s - Plan\u00e8te","zz_Plan\u00e8te B\u00e2timent"],"inLanguage":"fr-FR"},{"@type":"WebPage","@id":"https:\/\/batijournal.com\/index.php\/protection-solaire-passive-avec-des-volets-alu-coulissants\/106105\/","url":"https:\/\/batijournal.com\/index.php\/protection-solaire-passive-avec-des-volets-alu-coulissants\/106105\/","name":"Protection solaire passive avec des volets alu coulissants","isPartOf":{"@id":"https:\/\/batijournal.com\/#website"},"primaryImageOfPage":{"@id":"https:\/\/batijournal.com\/index.php\/protection-solaire-passive-avec-des-volets-alu-coulissants\/106105\/#primaryimage"},"image":{"@id":"https:\/\/batijournal.com\/index.php\/protection-solaire-passive-avec-des-volets-alu-coulissants\/106105\/#primaryimage"},"thumbnailUrl":"https:\/\/batijournal.com\/wp-content\/uploads\/2021\/07\/tellier-brise-soleil.jpg","datePublished":"2021-07-14T15:00:53+00:00","author":{"@id":"https:\/\/batijournal.com\/#\/schema\/person\/1dc96ec6957aa1ccb25ebe78bb19f100"},"breadcrumb":{"@id":"https:\/\/batijournal.com\/index.php\/protection-solaire-passive-avec-des-volets-alu-coulissants\/106105\/#breadcrumb"},"inLanguage":"fr-FR","potentialAction":[{"@type":"ReadAction","target":["https:\/\/batijournal.com\/index.php\/protection-solaire-passive-avec-des-volets-alu-coulissants\/106105\/"]}]},{"@type":"ImageObject","inLanguage":"fr-FR","@id":"https:\/\/batijournal.com\/index.php\/protection-solaire-passive-avec-des-volets-alu-coulissants\/106105\/#primaryimage","url":"https:\/\/batijournal.com\/wp-content\/uploads\/2021\/07\/tellier-brise-soleil.jpg","contentUrl":"https:\/\/batijournal.com\/wp-content\/uploads\/2021\/07\/tellier-brise-soleil.jpg","width":1200,"height":750},{"@type":"BreadcrumbList","@id":"https:\/\/batijournal.com\/index.php\/protection-solaire-passive-avec-des-volets-alu-coulissants\/106105\/#breadcrumb","itemListElement":[{"@type":"ListItem","position":1,"name":"Accueil","item":"https:\/\/batijournal.com\/"},{"@type":"ListItem","position":2,"name":"Actualit\u00e9s","item":"https:\/\/batijournal.com\/index.php\/category\/actualites\/"},{"@type":"ListItem","position":3,"name":"Architecture &amp; Conception","item":"https:\/\/batijournal.com\/index.php\/category\/actualites\/architecture-conception\/"},{"@type":"ListItem","position":4,"name":"Protection solaire passive avec des volets alu coulissants"}]},{"@type":"WebSite","@id":"https:\/\/batijournal.com\/#website","url":"https:\/\/batijournal.com\/","name":"Batijournal","description":"L&#039;actualit\u00e9 du b\u00e2timent","potentialAction":[{"@type":"SearchAction","target":{"@type":"EntryPoint","urlTemplate":"https:\/\/batijournal.com\/?s={search_term_string}"},"query-input":{"@type":"PropertyValueSpecification","valueRequired":true,"valueName":"search_term_string"}}],"inLanguage":"fr-FR"},{"@type":"Person","@id":"https:\/\/batijournal.com\/#\/schema\/person\/1dc96ec6957aa1ccb25ebe78bb19f100","name":"St\u00e9phane Miget","image":{"@type":"ImageObject","inLanguage":"fr-FR","@id":"https:\/\/secure.gravatar.com\/avatar\/89915563d925342126b8ef0281b93d9d7fc337043e8df017f780908eb9644451?s=96&d=mm&r=g","url":"https:\/\/secure.gravatar.com\/avatar\/89915563d925342126b8ef0281b93d9d7fc337043e8df017f780908eb9644451?s=96&d=mm&r=g","contentUrl":"https:\/\/secure.gravatar.com\/avatar\/89915563d925342126b8ef0281b93d9d7fc337043e8df017f780908eb9644451?s=96&d=mm&r=g","caption":"St\u00e9phane Miget"},"url":"https:\/\/batijournal.com\/index.php\/author\/stephane\/"}]}},"_links":{"self":[{"href":"https:\/\/batijournal.com\/index.php\/wp-json\/wp\/v2\/posts\/106105","targetHints":{"allow":["GET"]}}],"collection":[{"href":"https:\/\/batijournal.com\/index.php\/wp-json\/wp\/v2\/posts"}],"about":[{"href":"https:\/\/batijournal.com\/index.php\/wp-json\/wp\/v2\/types\/post"}],"author":[{"embeddable":true,"href":"https:\/\/batijournal.com\/index.php\/wp-json\/wp\/v2\/users\/17"}],"replies":[{"embeddable":true,"href":"https:\/\/batijournal.com\/index.php\/wp-json\/wp\/v2\/comments?post=106105"}],"version-history":[{"count":0,"href":"https:\/\/batijournal.com\/index.php\/wp-json\/wp\/v2\/posts\/106105\/revisions"}],"wp:featuredmedia":[{"embeddable":true,"href":"https:\/\/batijournal.com\/index.php\/wp-json\/wp\/v2\/media\/106106"}],"wp:attachment":[{"href":"https:\/\/batijournal.com\/index.php\/wp-json\/wp\/v2\/media?parent=106105"}],"wp:term":[{"taxonomy":"category","embeddable":true,"href":"https:\/\/batijournal.com\/index.php\/wp-json\/wp\/v2\/categories?post=106105"},{"taxonomy":"post_tag","embeddable":true,"href":"https:\/\/batijournal.com\/index.php\/wp-json\/wp\/v2\/tags?post=106105"}],"curies":[{"name":"wp","href":"https:\/\/api.w.org\/{rel}","templated":true}]}}