{"id":106178,"date":"2021-07-19T10:08:43","date_gmt":"2021-07-19T08:08:43","guid":{"rendered":"https:\/\/batijournal.com\/?p=106178"},"modified":"2021-07-19T10:08:43","modified_gmt":"2021-07-19T08:08:43","slug":"le-grand-palais-ephemere","status":"publish","type":"post","link":"https:\/\/batijournal.com\/index.php\/le-grand-palais-ephemere\/106178\/","title":{"rendered":"Le Grand Palais \u00c9ph\u00e9m\u00e8re"},"content":{"rendered":"<p>[vc_row][vc_column][vc_column_text]<\/p>\n<h1 class=\"p1\" style=\"text-align: center;\"><span class=\"s1\">\u00c9mission Bati-Journal.TV<span class=\"Apple-converted-space\">\u00a0<\/span><\/span><\/h1>\n<h1 class=\"p3\" style=\"text-align: center;\"><span class=\"s1\">Construction \u00c9ph\u00e9m\u00e8re en bois : Le Grand Palais \u00c9ph\u00e9m\u00e8re<\/span><\/h1>\n<p>[\/vc_column_text][\/vc_column][\/vc_row][vc_row][vc_column][vc_column_text]<\/p>\n<p class=\"p1\">Bati-Journal.TV, un \u00e9v\u00e9nement organis\u00e9 par \u00c9ditions des Halles et le Forum Bois Construction, avec le soutien de l\u2019interprofession nationale France Bois For\u00eat en partenariat avec Wood Surfer, Plan\u00e8te B\u00e2timent et Atrium, patrimoine et r\u00e9novation.<\/p>\n<p>[\/vc_column_text][\/vc_column][\/vc_row][vc_row][vc_column][vc_single_image image=\u00a0\u00bb106179&Prime; img_size=\u00a0\u00bblarge\u00a0\u00bb alignment=\u00a0\u00bbcenter\u00a0\u00bb][\/vc_column][\/vc_row][vc_row][vc_column][vc_column_text]<\/p>\n<p class=\"p1\">Du 15 au 17 juillet 2021, \u00e0 l\u2019occasion du Forum Bois Construction, les \u00e9quipes de Bati-Journal.TV donnent la parole aux professionnels en pr\u00e9sentant une nouvelle \u00e9dition du plateau TV install\u00e9e dans le Grand Palais \u00c9ph\u00e9m\u00e8re.<\/p>\n<p class=\"p1\">Retrouvez l\u2019\u00e9mission sur la th\u00e9matique \u00ab\u00a0<span class=\"s1\">Construction \u00c9ph\u00e9m\u00e8re en bois \u00bb <\/span>avec Christophe Veau-Cahon, directeur g\u00e9n\u00e9ral projets de GL Events<span class=\"Apple-converted-space\">\u00a0 <\/span>venu nous parler du Grand Palais \u00c9ph\u00e9m\u00e8re de Paris.<\/p>\n<p>[\/vc_column_text][\/vc_column][\/vc_row][vc_row][vc_column][vc_video link=\u00a0\u00bbhttps:\/\/www.youtube.com\/watch?v=UvfqNf-Ve4c\u00a0\u00bb align=\u00a0\u00bbcenter\u00a0\u00bb][\/vc_column][\/vc_row][vc_row][vc_column][vc_column_text]<\/p>\n<p class=\"p1\">Bati-Journal.TV, un \u00e9v\u00e9nement organis\u00e9 par \u00c9ditions des Halles et le Forum Bois Construction, avec le soutien de l\u2019interprofession nationale France Bois For\u00eat en partenariat avec Wood Surfer, Plan\u00e8te B\u00e2timent et Atrium, patrimoine et r\u00e9novation.<\/p>\n<p>[\/vc_column_text][\/vc_column][\/vc_row]<\/p>\n","protected":false},"excerpt":{"rendered":"<p>[vc_row][vc_column][vc_column_text] \u00c9mission Bati-Journal.TV\u00a0 Construction \u00c9ph\u00e9m\u00e8re en bois : Le Grand Palais \u00c9ph\u00e9m\u00e8re [\/vc_column_text][\/vc_column][\/vc_row][vc_row][vc_column][vc_column_text] Bati-Journal.TV, un \u00e9v\u00e9nement organis\u00e9 par \u00c9ditions des Halles et le Forum Bois Construction, avec le soutien de l\u2019interprofession nationale France Bois For\u00eat en partenariat avec Wood Surfer, Plan\u00e8te B\u00e2timent et Atrium, patrimoine et r\u00e9novation. [\/vc_column_text][\/vc_column][\/vc_row][vc_row][vc_column][vc_single_image image=\u00a0\u00bb106179&Prime; img_size=\u00a0\u00bblarge\u00a0\u00bb alignment=\u00a0\u00bbcenter\u00a0\u00bb][\/vc_column][\/vc_row][vc_row][vc_column][vc_column_text] Du 15 au 17 [&hellip;]<\/p>\n","protected":false},"author":1,"featured_media":106180,"comment_status":"closed","ping_status":"closed","sticky":false,"template":"","format":"standard","meta":{"_et_pb_use_builder":"","_et_pb_old_content":"","_et_gb_content_width":"","footnotes":""},"categories":[10530,6340,10781,10769,10764],"tags":[374,9312,6854,12501],"class_list":["post-106178","post","type-post","status-publish","format-standard","has-post-thumbnail","hentry","category-actualites","category-architecture-conception","category-publications-planete","category-publications","category-woodsurfer","tag-construction-bois-2","tag-forum-bois-construction","tag-grand-palais","tag-plateau-tv"],"yoast_head":"<!-- This site is optimized with the Yoast SEO plugin v27.4 - https:\/\/yoast.com\/product\/yoast-seo-wordpress\/ -->\n<title>Le Grand Palais \u00c9ph\u00e9m\u00e8re<\/title>\n<meta name=\"robots\" content=\"index, follow, max-snippet:-1, max-image-preview:large, max-video-preview:-1\" \/>\n<link rel=\"canonical\" href=\"https:\/\/batijournal.com\/index.php\/le-grand-palais-ephemere\/106178\/\" \/>\n<meta property=\"og:locale\" content=\"fr_FR\" \/>\n<meta property=\"og:type\" content=\"article\" \/>\n<meta property=\"og:title\" content=\"Le Grand Palais \u00c9ph\u00e9m\u00e8re\" \/>\n<meta property=\"og:description\" content=\"[vc_row][vc_column][vc_column_text] \u00c9mission Bati-Journal.TV\u00a0 Construction \u00c9ph\u00e9m\u00e8re en bois : Le Grand Palais \u00c9ph\u00e9m\u00e8re [\/vc_column_text][\/vc_column][\/vc_row][vc_row][vc_column][vc_column_text] Bati-Journal.TV, un \u00e9v\u00e9nement organis\u00e9 par \u00c9ditions des Halles et le Forum Bois Construction, avec le soutien de l\u2019interprofession nationale France Bois For\u00eat en partenariat avec Wood Surfer, Plan\u00e8te B\u00e2timent et Atrium, patrimoine et r\u00e9novation. [\/vc_column_text][\/vc_column][\/vc_row][vc_row][vc_column][vc_single_image image=\u00a0\u00bb106179&Prime; img_size=\u00a0\u00bblarge\u00a0\u00bb alignment=\u00a0\u00bbcenter\u00a0\u00bb][\/vc_column][\/vc_row][vc_row][vc_column][vc_column_text] Du 15 au 17 [&hellip;]\" \/>\n<meta property=\"og:url\" content=\"https:\/\/batijournal.com\/index.php\/le-grand-palais-ephemere\/106178\/\" \/>\n<meta property=\"og:site_name\" content=\"Batijournal\" \/>\n<meta property=\"article:published_time\" content=\"2021-07-19T08:08:43+00:00\" \/>\n<meta property=\"og:image\" content=\"https:\/\/batijournal.com\/wp-content\/uploads\/2021\/07\/E19_construction_grand_palais1-scaled.jpg\" \/>\n\t<meta property=\"og:image:width\" content=\"2560\" \/>\n\t<meta property=\"og:image:height\" content=\"1600\" \/>\n\t<meta property=\"og:image:type\" content=\"image\/jpeg\" \/>\n<meta name=\"author\" content=\"Bati-journal\" \/>\n<meta name=\"twitter:card\" content=\"summary_large_image\" \/>\n<meta name=\"twitter:creator\" content=\"@bati_journal\" \/>\n<meta name=\"twitter:site\" content=\"@bati_journal\" \/>\n<meta name=\"twitter:label1\" content=\"\u00c9crit par\" \/>\n\t<meta name=\"twitter:data1\" content=\"Bati-journal\" \/>\n\t<meta name=\"twitter:label2\" content=\"Dur\u00e9e de lecture estim\u00e9e\" \/>\n\t<meta name=\"twitter:data2\" content=\"1 minute\" \/>\n<script type=\"application\/ld+json\" class=\"yoast-schema-graph\">{\"@context\":\"https:\\\/\\\/schema.org\",\"@graph\":[{\"@type\":\"Article\",\"@id\":\"https:\\\/\\\/batijournal.com\\\/index.php\\\/le-grand-palais-ephemere\\\/106178\\\/#article\",\"isPartOf\":{\"@id\":\"https:\\\/\\\/batijournal.com\\\/index.php\\\/le-grand-palais-ephemere\\\/106178\\\/\"},\"author\":{\"name\":\"Bati-journal\",\"@id\":\"https:\\\/\\\/batijournal.com\\\/#\\\/schema\\\/person\\\/6a657e8967569e1b299972574848aa76\"},\"headline\":\"Le Grand Palais \u00c9ph\u00e9m\u00e8re\",\"datePublished\":\"2021-07-19T08:08:43+00:00\",\"mainEntityOfPage\":{\"@id\":\"https:\\\/\\\/batijournal.com\\\/index.php\\\/le-grand-palais-ephemere\\\/106178\\\/\"},\"wordCount\":269,\"image\":{\"@id\":\"https:\\\/\\\/batijournal.com\\\/index.php\\\/le-grand-palais-ephemere\\\/106178\\\/#primaryimage\"},\"thumbnailUrl\":\"https:\\\/\\\/batijournal.com\\\/wp-content\\\/uploads\\\/2021\\\/07\\\/E19_construction_grand_palais1-scaled.jpg\",\"keywords\":[\"construction bois\",\"forum bois construction\",\"grand palais\",\"plateau TV\"],\"articleSection\":[\"Actualit\u00e9s\",\"Architecture &amp; Conception\",\"zz_Actualit\u00e9s - Plan\u00e8te\",\"zz_Actualit\u00e9s - Woodsurfer\",\"zz_Woodsurfer\"],\"inLanguage\":\"fr-FR\"},{\"@type\":\"WebPage\",\"@id\":\"https:\\\/\\\/batijournal.com\\\/index.php\\\/le-grand-palais-ephemere\\\/106178\\\/\",\"url\":\"https:\\\/\\\/batijournal.com\\\/index.php\\\/le-grand-palais-ephemere\\\/106178\\\/\",\"name\":\"Le Grand Palais \u00c9ph\u00e9m\u00e8re\",\"isPartOf\":{\"@id\":\"https:\\\/\\\/batijournal.com\\\/#website\"},\"primaryImageOfPage\":{\"@id\":\"https:\\\/\\\/batijournal.com\\\/index.php\\\/le-grand-palais-ephemere\\\/106178\\\/#primaryimage\"},\"image\":{\"@id\":\"https:\\\/\\\/batijournal.com\\\/index.php\\\/le-grand-palais-ephemere\\\/106178\\\/#primaryimage\"},\"thumbnailUrl\":\"https:\\\/\\\/batijournal.com\\\/wp-content\\\/uploads\\\/2021\\\/07\\\/E19_construction_grand_palais1-scaled.jpg\",\"datePublished\":\"2021-07-19T08:08:43+00:00\",\"author\":{\"@id\":\"https:\\\/\\\/batijournal.com\\\/#\\\/schema\\\/person\\\/6a657e8967569e1b299972574848aa76\"},\"breadcrumb\":{\"@id\":\"https:\\\/\\\/batijournal.com\\\/index.php\\\/le-grand-palais-ephemere\\\/106178\\\/#breadcrumb\"},\"inLanguage\":\"fr-FR\",\"potentialAction\":[{\"@type\":\"ReadAction\",\"target\":[\"https:\\\/\\\/batijournal.com\\\/index.php\\\/le-grand-palais-ephemere\\\/106178\\\/\"]}]},{\"@type\":\"ImageObject\",\"inLanguage\":\"fr-FR\",\"@id\":\"https:\\\/\\\/batijournal.com\\\/index.php\\\/le-grand-palais-ephemere\\\/106178\\\/#primaryimage\",\"url\":\"https:\\\/\\\/batijournal.com\\\/wp-content\\\/uploads\\\/2021\\\/07\\\/E19_construction_grand_palais1-scaled.jpg\",\"contentUrl\":\"https:\\\/\\\/batijournal.com\\\/wp-content\\\/uploads\\\/2021\\\/07\\\/E19_construction_grand_palais1-scaled.jpg\",\"width\":2560,\"height\":1600},{\"@type\":\"BreadcrumbList\",\"@id\":\"https:\\\/\\\/batijournal.com\\\/index.php\\\/le-grand-palais-ephemere\\\/106178\\\/#breadcrumb\",\"itemListElement\":[{\"@type\":\"ListItem\",\"position\":1,\"name\":\"Accueil\",\"item\":\"https:\\\/\\\/batijournal.com\\\/\"},{\"@type\":\"ListItem\",\"position\":2,\"name\":\"Actualit\u00e9s\",\"item\":\"https:\\\/\\\/batijournal.com\\\/index.php\\\/category\\\/actualites\\\/\"},{\"@type\":\"ListItem\",\"position\":3,\"name\":\"Architecture &amp; Conception\",\"item\":\"https:\\\/\\\/batijournal.com\\\/index.php\\\/category\\\/actualites\\\/architecture-conception\\\/\"},{\"@type\":\"ListItem\",\"position\":4,\"name\":\"Le Grand Palais \u00c9ph\u00e9m\u00e8re\"}]},{\"@type\":\"WebSite\",\"@id\":\"https:\\\/\\\/batijournal.com\\\/#website\",\"url\":\"https:\\\/\\\/batijournal.com\\\/\",\"name\":\"Batijournal\",\"description\":\"L&#039;actualit\u00e9 du b\u00e2timent\",\"potentialAction\":[{\"@type\":\"SearchAction\",\"target\":{\"@type\":\"EntryPoint\",\"urlTemplate\":\"https:\\\/\\\/batijournal.com\\\/?s={search_term_string}\"},\"query-input\":{\"@type\":\"PropertyValueSpecification\",\"valueRequired\":true,\"valueName\":\"search_term_string\"}}],\"inLanguage\":\"fr-FR\"},{\"@type\":\"Person\",\"@id\":\"https:\\\/\\\/batijournal.com\\\/#\\\/schema\\\/person\\\/6a657e8967569e1b299972574848aa76\",\"name\":\"Bati-journal\",\"image\":{\"@type\":\"ImageObject\",\"inLanguage\":\"fr-FR\",\"@id\":\"https:\\\/\\\/secure.gravatar.com\\\/avatar\\\/a64364ea26392f9b4dd47e017ddaec74ff03aefc073b49e492e847201258f777?s=96&d=mm&r=g\",\"url\":\"https:\\\/\\\/secure.gravatar.com\\\/avatar\\\/a64364ea26392f9b4dd47e017ddaec74ff03aefc073b49e492e847201258f777?s=96&d=mm&r=g\",\"contentUrl\":\"https:\\\/\\\/secure.gravatar.com\\\/avatar\\\/a64364ea26392f9b4dd47e017ddaec74ff03aefc073b49e492e847201258f777?s=96&d=mm&r=g\",\"caption\":\"Bati-journal\"},\"url\":\"https:\\\/\\\/batijournal.com\\\/index.php\\\/author\\\/elodie\\\/\"}]}<\/script>\n<!-- \/ Yoast SEO plugin. -->","yoast_head_json":{"title":"Le Grand Palais \u00c9ph\u00e9m\u00e8re","robots":{"index":"index","follow":"follow","max-snippet":"max-snippet:-1","max-image-preview":"max-image-preview:large","max-video-preview":"max-video-preview:-1"},"canonical":"https:\/\/batijournal.com\/index.php\/le-grand-palais-ephemere\/106178\/","og_locale":"fr_FR","og_type":"article","og_title":"Le Grand Palais \u00c9ph\u00e9m\u00e8re","og_description":"[vc_row][vc_column][vc_column_text] \u00c9mission Bati-Journal.TV\u00a0 Construction \u00c9ph\u00e9m\u00e8re en bois : Le Grand Palais \u00c9ph\u00e9m\u00e8re [\/vc_column_text][\/vc_column][\/vc_row][vc_row][vc_column][vc_column_text] Bati-Journal.TV, un \u00e9v\u00e9nement organis\u00e9 par \u00c9ditions des Halles et le Forum Bois Construction, avec le soutien de l\u2019interprofession nationale France Bois For\u00eat en partenariat avec Wood Surfer, Plan\u00e8te B\u00e2timent et Atrium, patrimoine et r\u00e9novation. [\/vc_column_text][\/vc_column][\/vc_row][vc_row][vc_column][vc_single_image image=\u00a0\u00bb106179&Prime; img_size=\u00a0\u00bblarge\u00a0\u00bb alignment=\u00a0\u00bbcenter\u00a0\u00bb][\/vc_column][\/vc_row][vc_row][vc_column][vc_column_text] Du 15 au 17 [&hellip;]","og_url":"https:\/\/batijournal.com\/index.php\/le-grand-palais-ephemere\/106178\/","og_site_name":"Batijournal","article_published_time":"2021-07-19T08:08:43+00:00","og_image":[{"width":2560,"height":1600,"url":"https:\/\/batijournal.com\/wp-content\/uploads\/2021\/07\/E19_construction_grand_palais1-scaled.jpg","type":"image\/jpeg"}],"author":"Bati-journal","twitter_card":"summary_large_image","twitter_creator":"@bati_journal","twitter_site":"@bati_journal","twitter_misc":{"\u00c9crit par":"Bati-journal","Dur\u00e9e de lecture estim\u00e9e":"1 minute"},"schema":{"@context":"https:\/\/schema.org","@graph":[{"@type":"Article","@id":"https:\/\/batijournal.com\/index.php\/le-grand-palais-ephemere\/106178\/#article","isPartOf":{"@id":"https:\/\/batijournal.com\/index.php\/le-grand-palais-ephemere\/106178\/"},"author":{"name":"Bati-journal","@id":"https:\/\/batijournal.com\/#\/schema\/person\/6a657e8967569e1b299972574848aa76"},"headline":"Le Grand Palais \u00c9ph\u00e9m\u00e8re","datePublished":"2021-07-19T08:08:43+00:00","mainEntityOfPage":{"@id":"https:\/\/batijournal.com\/index.php\/le-grand-palais-ephemere\/106178\/"},"wordCount":269,"image":{"@id":"https:\/\/batijournal.com\/index.php\/le-grand-palais-ephemere\/106178\/#primaryimage"},"thumbnailUrl":"https:\/\/batijournal.com\/wp-content\/uploads\/2021\/07\/E19_construction_grand_palais1-scaled.jpg","keywords":["construction bois","forum bois construction","grand palais","plateau TV"],"articleSection":["Actualit\u00e9s","Architecture &amp; Conception","zz_Actualit\u00e9s - Plan\u00e8te","zz_Actualit\u00e9s - Woodsurfer","zz_Woodsurfer"],"inLanguage":"fr-FR"},{"@type":"WebPage","@id":"https:\/\/batijournal.com\/index.php\/le-grand-palais-ephemere\/106178\/","url":"https:\/\/batijournal.com\/index.php\/le-grand-palais-ephemere\/106178\/","name":"Le Grand Palais \u00c9ph\u00e9m\u00e8re","isPartOf":{"@id":"https:\/\/batijournal.com\/#website"},"primaryImageOfPage":{"@id":"https:\/\/batijournal.com\/index.php\/le-grand-palais-ephemere\/106178\/#primaryimage"},"image":{"@id":"https:\/\/batijournal.com\/index.php\/le-grand-palais-ephemere\/106178\/#primaryimage"},"thumbnailUrl":"https:\/\/batijournal.com\/wp-content\/uploads\/2021\/07\/E19_construction_grand_palais1-scaled.jpg","datePublished":"2021-07-19T08:08:43+00:00","author":{"@id":"https:\/\/batijournal.com\/#\/schema\/person\/6a657e8967569e1b299972574848aa76"},"breadcrumb":{"@id":"https:\/\/batijournal.com\/index.php\/le-grand-palais-ephemere\/106178\/#breadcrumb"},"inLanguage":"fr-FR","potentialAction":[{"@type":"ReadAction","target":["https:\/\/batijournal.com\/index.php\/le-grand-palais-ephemere\/106178\/"]}]},{"@type":"ImageObject","inLanguage":"fr-FR","@id":"https:\/\/batijournal.com\/index.php\/le-grand-palais-ephemere\/106178\/#primaryimage","url":"https:\/\/batijournal.com\/wp-content\/uploads\/2021\/07\/E19_construction_grand_palais1-scaled.jpg","contentUrl":"https:\/\/batijournal.com\/wp-content\/uploads\/2021\/07\/E19_construction_grand_palais1-scaled.jpg","width":2560,"height":1600},{"@type":"BreadcrumbList","@id":"https:\/\/batijournal.com\/index.php\/le-grand-palais-ephemere\/106178\/#breadcrumb","itemListElement":[{"@type":"ListItem","position":1,"name":"Accueil","item":"https:\/\/batijournal.com\/"},{"@type":"ListItem","position":2,"name":"Actualit\u00e9s","item":"https:\/\/batijournal.com\/index.php\/category\/actualites\/"},{"@type":"ListItem","position":3,"name":"Architecture &amp; Conception","item":"https:\/\/batijournal.com\/index.php\/category\/actualites\/architecture-conception\/"},{"@type":"ListItem","position":4,"name":"Le Grand Palais \u00c9ph\u00e9m\u00e8re"}]},{"@type":"WebSite","@id":"https:\/\/batijournal.com\/#website","url":"https:\/\/batijournal.com\/","name":"Batijournal","description":"L&#039;actualit\u00e9 du b\u00e2timent","potentialAction":[{"@type":"SearchAction","target":{"@type":"EntryPoint","urlTemplate":"https:\/\/batijournal.com\/?s={search_term_string}"},"query-input":{"@type":"PropertyValueSpecification","valueRequired":true,"valueName":"search_term_string"}}],"inLanguage":"fr-FR"},{"@type":"Person","@id":"https:\/\/batijournal.com\/#\/schema\/person\/6a657e8967569e1b299972574848aa76","name":"Bati-journal","image":{"@type":"ImageObject","inLanguage":"fr-FR","@id":"https:\/\/secure.gravatar.com\/avatar\/a64364ea26392f9b4dd47e017ddaec74ff03aefc073b49e492e847201258f777?s=96&d=mm&r=g","url":"https:\/\/secure.gravatar.com\/avatar\/a64364ea26392f9b4dd47e017ddaec74ff03aefc073b49e492e847201258f777?s=96&d=mm&r=g","contentUrl":"https:\/\/secure.gravatar.com\/avatar\/a64364ea26392f9b4dd47e017ddaec74ff03aefc073b49e492e847201258f777?s=96&d=mm&r=g","caption":"Bati-journal"},"url":"https:\/\/batijournal.com\/index.php\/author\/elodie\/"}]}},"_links":{"self":[{"href":"https:\/\/batijournal.com\/index.php\/wp-json\/wp\/v2\/posts\/106178","targetHints":{"allow":["GET"]}}],"collection":[{"href":"https:\/\/batijournal.com\/index.php\/wp-json\/wp\/v2\/posts"}],"about":[{"href":"https:\/\/batijournal.com\/index.php\/wp-json\/wp\/v2\/types\/post"}],"author":[{"embeddable":true,"href":"https:\/\/batijournal.com\/index.php\/wp-json\/wp\/v2\/users\/1"}],"replies":[{"embeddable":true,"href":"https:\/\/batijournal.com\/index.php\/wp-json\/wp\/v2\/comments?post=106178"}],"version-history":[{"count":0,"href":"https:\/\/batijournal.com\/index.php\/wp-json\/wp\/v2\/posts\/106178\/revisions"}],"wp:featuredmedia":[{"embeddable":true,"href":"https:\/\/batijournal.com\/index.php\/wp-json\/wp\/v2\/media\/106180"}],"wp:attachment":[{"href":"https:\/\/batijournal.com\/index.php\/wp-json\/wp\/v2\/media?parent=106178"}],"wp:term":[{"taxonomy":"category","embeddable":true,"href":"https:\/\/batijournal.com\/index.php\/wp-json\/wp\/v2\/categories?post=106178"},{"taxonomy":"post_tag","embeddable":true,"href":"https:\/\/batijournal.com\/index.php\/wp-json\/wp\/v2\/tags?post=106178"}],"curies":[{"name":"wp","href":"https:\/\/api.w.org\/{rel}","templated":true}]}}