{"id":106205,"date":"2021-07-21T11:10:15","date_gmt":"2021-07-21T09:10:15","guid":{"rendered":"https:\/\/batijournal.com\/?p=106205"},"modified":"2021-07-21T11:10:15","modified_gmt":"2021-07-21T09:10:15","slug":"passage-au-senat-avancees-et-dangers-de-la-loi-climat-pour-le-patrimoine","status":"publish","type":"post","link":"https:\/\/batijournal.com\/index.php\/passage-au-senat-avancees-et-dangers-de-la-loi-climat-pour-le-patrimoine\/106205\/","title":{"rendered":"Passage au S\u00e9nat : avanc\u00e9es et dangers de la Loi Climat pour le patrimoine"},"content":{"rendered":"<p>Apr\u00e8s le vote en premi\u00e8re lecture du projet de loi climat par l\u2019Assembl\u00e9e nationale et par le S\u00e9nat, sept associations et fondations de d\u00e9fense du patrimoine reconnues d\u2019utilit\u00e9 publique font le point sur des dispositions vot\u00e9es par le S\u00e9nat dans 5 domaines.<span class=\"Apple-converted-space\">\u00a0<\/span><\/p>\n<p>Les dispositions approuv\u00e9es par l\u2019Assembl\u00e9e nationale interdisant la destruction des seuils des moulins \u00e0 eau ont fait l\u2019objet d\u2019un vote conforme du S\u00e9nat et sont donc acquises. Les associations se f\u00e9licitent de ce coup d\u2019arr\u00eat donn\u00e9 aux atteintes port\u00e9es \u00e0 un \u00e9l\u00e9ment important du patrimoine rural fran\u00e7ais.<span class=\"Apple-converted-space\">\u00a0<\/span><\/p>\n<p>En mati\u00e8re d\u2019\u00e9nergie \u00e9olienne, le S\u00e9nat cr\u00e9e la possibilit\u00e9 d\u2019un veto de la commune devant accueillir un projet d\u2019implantation. Cette disposition a notamment le m\u00e9rite de permettre enfin aux habitants d\u2019\u00eatre inform\u00e9s en amont du d\u00e9p\u00f4t d\u2019un projet. Elle doit donc \u00eatre salu\u00e9e, encourag\u00e9e et am\u00e9lior\u00e9e. En effet, le d\u00e9lai de 15 jours pour rendre cet avis ne permet pas l\u2019organisation d\u2019une analyse des projets ni d\u2019un d\u00e9bat approfondi. De plus, les projets en cause concernent \u00e9galement les communaut\u00e9s de communes (EPCI), non vis\u00e9es par cette disposition. La d\u00e9clinaison d\u2019une Programmation pluriannuelle de l\u2019\u00e9nergie (PPE) d\u00e9raisonnable (6 500 nouvelles \u00e9oliennes terrestres \u00e0 l\u2019horizon 2028) en quotas r\u00e9gionaux n\u2019a pas \u00e9t\u00e9 amend\u00e9e par le S\u00e9nat alors que sa simple \u00ab\u00a0prise en compte\u00a0\u00bb dans les documents d\u2019urbanisme (dont les SRADDET) aurait \u00e9t\u00e9 pr\u00e9f\u00e9rable \u00e0 la \u00ab\u00a0compatibilit\u00e9\u00a0\u00bb exig\u00e9e par le texte de loi (voir ici). Les associations condamnent ce dispositif qui veut permettre d\u2019imposer de mani\u00e8re abrupte des objectifs intenables.<\/p>\n<p>Dans le domaine de l\u2019isolation thermique des b\u00e2timents, les associations regrettent que la n\u00e9cessit\u00e9 imp\u00e9rieuse de distinguer le b\u00e2ti ancien d\u2019avant 1948 de celui, moderne, d\u2019apr\u00e8s cette date, ne soit pas express\u00e9ment rappel\u00e9e et d\u00e9clin\u00e9e dans l\u2019ensemble du texte. Elles s\u2019inqui\u00e8tent en particulier qu\u2019aucune mention ne soit faite sur la sp\u00e9cificit\u00e9 des comp\u00e9tences et garanties requises pour l\u2019\u00e9tablissement du diagnostic global sur cette cat\u00e9gorie \u00e0 part du b\u00e2ti qui constitue l\u2019essentiel du patrimoine fran\u00e7ais.<\/p>\n<p>Les associations soulignent les cons\u00e9quences de nouvelles mesures densificatrices (d\u00e9rogations aux r\u00e8gles de gabarit notamment) pour les villes anciennes et s\u2019\u00e9tonnent que le recyclage du b\u00e2ti vacant ne soit pas privil\u00e9gi\u00e9 par une v\u00e9ritable politique d\u2019am\u00e9nagement du territoire.<\/p>\n<p>En mati\u00e8re de publicit\u00e9 ext\u00e9rieure, le S\u00e9nat fait de la comp\u00e9tence du pr\u00e9fet le principe mais donne la possibilit\u00e9 aux communes de l\u2019en dessaisir \u00ab\u00a0sans condition\u00a0\u00bb m\u00eame lorsqu\u2019elles ne sont pas dot\u00e9es d\u2019un r\u00e8glement local de publicit\u00e9 (RLP). Il confirme de surcro\u00eet la suppression du pouvoir de substitution reconnu aux pr\u00e9fets lorsque les communes comp\u00e9tentes sont inactives. Une France \u00ab\u00a0mosa\u00efque\u00a0\u00bb sans politique nationale des paysages est ainsi encourag\u00e9e.<\/p>\n<p>Les associations : La Demeure Historique &#8211; Maisons Paysannes De France &#8211; Patrimoine Environnement &#8211; Rempart &#8211;<span class=\"Apple-converted-space\">\u00a0 <\/span>Sauvegarde De L\u2019art Fran\u00e7ais &#8211; Sites &amp; Monuments &#8211; Vmf<\/p>\n","protected":false},"excerpt":{"rendered":"<p>Apr\u00e8s le vote en premi\u00e8re lecture du projet de loi climat par l\u2019Assembl\u00e9e nationale et par le S\u00e9nat, sept associations et fondations de d\u00e9fense du patrimoine reconnues d\u2019utilit\u00e9 publique font le point sur des dispositions vot\u00e9es par le S\u00e9nat dans 5 domaines.\u00a0 Les dispositions approuv\u00e9es par l\u2019Assembl\u00e9e nationale interdisant la destruction des seuils des moulins [&hellip;]<\/p>\n","protected":false},"author":17,"featured_media":96533,"comment_status":"closed","ping_status":"closed","sticky":false,"template":"","format":"standard","meta":{"_et_pb_use_builder":"","_et_pb_old_content":"","_et_gb_content_width":"","footnotes":""},"categories":[10530,6362,10789,10785],"tags":[2327],"class_list":["post-106205","post","type-post","status-publish","format-standard","has-post-thumbnail","hentry","category-actualites","category-services-equipements","category-publications-atrium","category-atrium","tag-paysage"],"yoast_head":"<!-- This site is optimized with the Yoast SEO plugin v27.4 - https:\/\/yoast.com\/product\/yoast-seo-wordpress\/ -->\n<title>Passage au S\u00e9nat : avanc\u00e9es et dangers de la Loi Climat pour le patrimoine<\/title>\n<meta name=\"robots\" content=\"index, follow, max-snippet:-1, max-image-preview:large, max-video-preview:-1\" \/>\n<link rel=\"canonical\" href=\"https:\/\/batijournal.com\/index.php\/passage-au-senat-avancees-et-dangers-de-la-loi-climat-pour-le-patrimoine\/106205\/\" \/>\n<meta property=\"og:locale\" content=\"fr_FR\" \/>\n<meta property=\"og:type\" content=\"article\" \/>\n<meta property=\"og:title\" content=\"Passage au S\u00e9nat : avanc\u00e9es et dangers de la Loi Climat pour le patrimoine\" \/>\n<meta property=\"og:description\" content=\"Apr\u00e8s le vote en premi\u00e8re lecture du projet de loi climat par l\u2019Assembl\u00e9e nationale et par le S\u00e9nat, sept associations et fondations de d\u00e9fense du patrimoine reconnues d\u2019utilit\u00e9 publique font le point sur des dispositions vot\u00e9es par le S\u00e9nat dans 5 domaines.\u00a0 Les dispositions approuv\u00e9es par l\u2019Assembl\u00e9e nationale interdisant la destruction des seuils des moulins [&hellip;]\" \/>\n<meta property=\"og:url\" content=\"https:\/\/batijournal.com\/index.php\/passage-au-senat-avancees-et-dangers-de-la-loi-climat-pour-le-patrimoine\/106205\/\" \/>\n<meta property=\"og:site_name\" content=\"Batijournal\" \/>\n<meta property=\"article:published_time\" content=\"2021-07-21T09:10:15+00:00\" \/>\n<meta property=\"og:image\" content=\"https:\/\/batijournal.com\/wp-content\/uploads\/2017\/07\/eolienne.jpg\" \/>\n\t<meta property=\"og:image:width\" content=\"1200\" \/>\n\t<meta property=\"og:image:height\" content=\"703\" \/>\n\t<meta property=\"og:image:type\" content=\"image\/jpeg\" \/>\n<meta name=\"author\" content=\"St\u00e9phane Miget\" \/>\n<meta name=\"twitter:card\" content=\"summary_large_image\" \/>\n<meta name=\"twitter:creator\" content=\"@bati_journal\" \/>\n<meta name=\"twitter:site\" content=\"@bati_journal\" \/>\n<meta name=\"twitter:label1\" content=\"\u00c9crit par\" \/>\n\t<meta name=\"twitter:data1\" content=\"St\u00e9phane Miget\" \/>\n\t<meta name=\"twitter:label2\" content=\"Dur\u00e9e de lecture estim\u00e9e\" \/>\n\t<meta name=\"twitter:data2\" content=\"3 minutes\" \/>\n<script type=\"application\/ld+json\" class=\"yoast-schema-graph\">{\"@context\":\"https:\\\/\\\/schema.org\",\"@graph\":[{\"@type\":\"Article\",\"@id\":\"https:\\\/\\\/batijournal.com\\\/index.php\\\/passage-au-senat-avancees-et-dangers-de-la-loi-climat-pour-le-patrimoine\\\/106205\\\/#article\",\"isPartOf\":{\"@id\":\"https:\\\/\\\/batijournal.com\\\/index.php\\\/passage-au-senat-avancees-et-dangers-de-la-loi-climat-pour-le-patrimoine\\\/106205\\\/\"},\"author\":{\"name\":\"St\u00e9phane Miget\",\"@id\":\"https:\\\/\\\/batijournal.com\\\/#\\\/schema\\\/person\\\/1dc96ec6957aa1ccb25ebe78bb19f100\"},\"headline\":\"Passage au S\u00e9nat : avanc\u00e9es et dangers de la Loi Climat pour le patrimoine\",\"datePublished\":\"2021-07-21T09:10:15+00:00\",\"mainEntityOfPage\":{\"@id\":\"https:\\\/\\\/batijournal.com\\\/index.php\\\/passage-au-senat-avancees-et-dangers-de-la-loi-climat-pour-le-patrimoine\\\/106205\\\/\"},\"wordCount\":565,\"image\":{\"@id\":\"https:\\\/\\\/batijournal.com\\\/index.php\\\/passage-au-senat-avancees-et-dangers-de-la-loi-climat-pour-le-patrimoine\\\/106205\\\/#primaryimage\"},\"thumbnailUrl\":\"https:\\\/\\\/batijournal.com\\\/wp-content\\\/uploads\\\/2017\\\/07\\\/eolienne.jpg\",\"keywords\":[\"paysage\"],\"articleSection\":[\"Actualit\u00e9s\",\"Divers\",\"zz_Actualit\u00e9s - Atrium\",\"zz_Atrium Patrimoine\"],\"inLanguage\":\"fr-FR\"},{\"@type\":\"WebPage\",\"@id\":\"https:\\\/\\\/batijournal.com\\\/index.php\\\/passage-au-senat-avancees-et-dangers-de-la-loi-climat-pour-le-patrimoine\\\/106205\\\/\",\"url\":\"https:\\\/\\\/batijournal.com\\\/index.php\\\/passage-au-senat-avancees-et-dangers-de-la-loi-climat-pour-le-patrimoine\\\/106205\\\/\",\"name\":\"Passage au S\u00e9nat : avanc\u00e9es et dangers de la Loi Climat pour le patrimoine\",\"isPartOf\":{\"@id\":\"https:\\\/\\\/batijournal.com\\\/#website\"},\"primaryImageOfPage\":{\"@id\":\"https:\\\/\\\/batijournal.com\\\/index.php\\\/passage-au-senat-avancees-et-dangers-de-la-loi-climat-pour-le-patrimoine\\\/106205\\\/#primaryimage\"},\"image\":{\"@id\":\"https:\\\/\\\/batijournal.com\\\/index.php\\\/passage-au-senat-avancees-et-dangers-de-la-loi-climat-pour-le-patrimoine\\\/106205\\\/#primaryimage\"},\"thumbnailUrl\":\"https:\\\/\\\/batijournal.com\\\/wp-content\\\/uploads\\\/2017\\\/07\\\/eolienne.jpg\",\"datePublished\":\"2021-07-21T09:10:15+00:00\",\"author\":{\"@id\":\"https:\\\/\\\/batijournal.com\\\/#\\\/schema\\\/person\\\/1dc96ec6957aa1ccb25ebe78bb19f100\"},\"breadcrumb\":{\"@id\":\"https:\\\/\\\/batijournal.com\\\/index.php\\\/passage-au-senat-avancees-et-dangers-de-la-loi-climat-pour-le-patrimoine\\\/106205\\\/#breadcrumb\"},\"inLanguage\":\"fr-FR\",\"potentialAction\":[{\"@type\":\"ReadAction\",\"target\":[\"https:\\\/\\\/batijournal.com\\\/index.php\\\/passage-au-senat-avancees-et-dangers-de-la-loi-climat-pour-le-patrimoine\\\/106205\\\/\"]}]},{\"@type\":\"ImageObject\",\"inLanguage\":\"fr-FR\",\"@id\":\"https:\\\/\\\/batijournal.com\\\/index.php\\\/passage-au-senat-avancees-et-dangers-de-la-loi-climat-pour-le-patrimoine\\\/106205\\\/#primaryimage\",\"url\":\"https:\\\/\\\/batijournal.com\\\/wp-content\\\/uploads\\\/2017\\\/07\\\/eolienne.jpg\",\"contentUrl\":\"https:\\\/\\\/batijournal.com\\\/wp-content\\\/uploads\\\/2017\\\/07\\\/eolienne.jpg\",\"width\":1200,\"height\":703},{\"@type\":\"BreadcrumbList\",\"@id\":\"https:\\\/\\\/batijournal.com\\\/index.php\\\/passage-au-senat-avancees-et-dangers-de-la-loi-climat-pour-le-patrimoine\\\/106205\\\/#breadcrumb\",\"itemListElement\":[{\"@type\":\"ListItem\",\"position\":1,\"name\":\"Accueil\",\"item\":\"https:\\\/\\\/batijournal.com\\\/\"},{\"@type\":\"ListItem\",\"position\":2,\"name\":\"Actualit\u00e9s\",\"item\":\"https:\\\/\\\/batijournal.com\\\/index.php\\\/category\\\/actualites\\\/\"},{\"@type\":\"ListItem\",\"position\":3,\"name\":\"Divers\",\"item\":\"https:\\\/\\\/batijournal.com\\\/index.php\\\/category\\\/actualites\\\/services-equipements\\\/\"},{\"@type\":\"ListItem\",\"position\":4,\"name\":\"Passage au S\u00e9nat : avanc\u00e9es et dangers de la Loi Climat pour le patrimoine\"}]},{\"@type\":\"WebSite\",\"@id\":\"https:\\\/\\\/batijournal.com\\\/#website\",\"url\":\"https:\\\/\\\/batijournal.com\\\/\",\"name\":\"Batijournal\",\"description\":\"L&#039;actualit\u00e9 du b\u00e2timent\",\"potentialAction\":[{\"@type\":\"SearchAction\",\"target\":{\"@type\":\"EntryPoint\",\"urlTemplate\":\"https:\\\/\\\/batijournal.com\\\/?s={search_term_string}\"},\"query-input\":{\"@type\":\"PropertyValueSpecification\",\"valueRequired\":true,\"valueName\":\"search_term_string\"}}],\"inLanguage\":\"fr-FR\"},{\"@type\":\"Person\",\"@id\":\"https:\\\/\\\/batijournal.com\\\/#\\\/schema\\\/person\\\/1dc96ec6957aa1ccb25ebe78bb19f100\",\"name\":\"St\u00e9phane Miget\",\"image\":{\"@type\":\"ImageObject\",\"inLanguage\":\"fr-FR\",\"@id\":\"https:\\\/\\\/secure.gravatar.com\\\/avatar\\\/89915563d925342126b8ef0281b93d9d7fc337043e8df017f780908eb9644451?s=96&d=mm&r=g\",\"url\":\"https:\\\/\\\/secure.gravatar.com\\\/avatar\\\/89915563d925342126b8ef0281b93d9d7fc337043e8df017f780908eb9644451?s=96&d=mm&r=g\",\"contentUrl\":\"https:\\\/\\\/secure.gravatar.com\\\/avatar\\\/89915563d925342126b8ef0281b93d9d7fc337043e8df017f780908eb9644451?s=96&d=mm&r=g\",\"caption\":\"St\u00e9phane Miget\"},\"url\":\"https:\\\/\\\/batijournal.com\\\/index.php\\\/author\\\/stephane\\\/\"}]}<\/script>\n<!-- \/ Yoast SEO plugin. -->","yoast_head_json":{"title":"Passage au S\u00e9nat : avanc\u00e9es et dangers de la Loi Climat pour le patrimoine","robots":{"index":"index","follow":"follow","max-snippet":"max-snippet:-1","max-image-preview":"max-image-preview:large","max-video-preview":"max-video-preview:-1"},"canonical":"https:\/\/batijournal.com\/index.php\/passage-au-senat-avancees-et-dangers-de-la-loi-climat-pour-le-patrimoine\/106205\/","og_locale":"fr_FR","og_type":"article","og_title":"Passage au S\u00e9nat : avanc\u00e9es et dangers de la Loi Climat pour le patrimoine","og_description":"Apr\u00e8s le vote en premi\u00e8re lecture du projet de loi climat par l\u2019Assembl\u00e9e nationale et par le S\u00e9nat, sept associations et fondations de d\u00e9fense du patrimoine reconnues d\u2019utilit\u00e9 publique font le point sur des dispositions vot\u00e9es par le S\u00e9nat dans 5 domaines.\u00a0 Les dispositions approuv\u00e9es par l\u2019Assembl\u00e9e nationale interdisant la destruction des seuils des moulins [&hellip;]","og_url":"https:\/\/batijournal.com\/index.php\/passage-au-senat-avancees-et-dangers-de-la-loi-climat-pour-le-patrimoine\/106205\/","og_site_name":"Batijournal","article_published_time":"2021-07-21T09:10:15+00:00","og_image":[{"width":1200,"height":703,"url":"https:\/\/batijournal.com\/wp-content\/uploads\/2017\/07\/eolienne.jpg","type":"image\/jpeg"}],"author":"St\u00e9phane Miget","twitter_card":"summary_large_image","twitter_creator":"@bati_journal","twitter_site":"@bati_journal","twitter_misc":{"\u00c9crit par":"St\u00e9phane Miget","Dur\u00e9e de lecture estim\u00e9e":"3 minutes"},"schema":{"@context":"https:\/\/schema.org","@graph":[{"@type":"Article","@id":"https:\/\/batijournal.com\/index.php\/passage-au-senat-avancees-et-dangers-de-la-loi-climat-pour-le-patrimoine\/106205\/#article","isPartOf":{"@id":"https:\/\/batijournal.com\/index.php\/passage-au-senat-avancees-et-dangers-de-la-loi-climat-pour-le-patrimoine\/106205\/"},"author":{"name":"St\u00e9phane Miget","@id":"https:\/\/batijournal.com\/#\/schema\/person\/1dc96ec6957aa1ccb25ebe78bb19f100"},"headline":"Passage au S\u00e9nat : avanc\u00e9es et dangers de la Loi Climat pour le patrimoine","datePublished":"2021-07-21T09:10:15+00:00","mainEntityOfPage":{"@id":"https:\/\/batijournal.com\/index.php\/passage-au-senat-avancees-et-dangers-de-la-loi-climat-pour-le-patrimoine\/106205\/"},"wordCount":565,"image":{"@id":"https:\/\/batijournal.com\/index.php\/passage-au-senat-avancees-et-dangers-de-la-loi-climat-pour-le-patrimoine\/106205\/#primaryimage"},"thumbnailUrl":"https:\/\/batijournal.com\/wp-content\/uploads\/2017\/07\/eolienne.jpg","keywords":["paysage"],"articleSection":["Actualit\u00e9s","Divers","zz_Actualit\u00e9s - Atrium","zz_Atrium Patrimoine"],"inLanguage":"fr-FR"},{"@type":"WebPage","@id":"https:\/\/batijournal.com\/index.php\/passage-au-senat-avancees-et-dangers-de-la-loi-climat-pour-le-patrimoine\/106205\/","url":"https:\/\/batijournal.com\/index.php\/passage-au-senat-avancees-et-dangers-de-la-loi-climat-pour-le-patrimoine\/106205\/","name":"Passage au S\u00e9nat : avanc\u00e9es et dangers de la Loi Climat pour le patrimoine","isPartOf":{"@id":"https:\/\/batijournal.com\/#website"},"primaryImageOfPage":{"@id":"https:\/\/batijournal.com\/index.php\/passage-au-senat-avancees-et-dangers-de-la-loi-climat-pour-le-patrimoine\/106205\/#primaryimage"},"image":{"@id":"https:\/\/batijournal.com\/index.php\/passage-au-senat-avancees-et-dangers-de-la-loi-climat-pour-le-patrimoine\/106205\/#primaryimage"},"thumbnailUrl":"https:\/\/batijournal.com\/wp-content\/uploads\/2017\/07\/eolienne.jpg","datePublished":"2021-07-21T09:10:15+00:00","author":{"@id":"https:\/\/batijournal.com\/#\/schema\/person\/1dc96ec6957aa1ccb25ebe78bb19f100"},"breadcrumb":{"@id":"https:\/\/batijournal.com\/index.php\/passage-au-senat-avancees-et-dangers-de-la-loi-climat-pour-le-patrimoine\/106205\/#breadcrumb"},"inLanguage":"fr-FR","potentialAction":[{"@type":"ReadAction","target":["https:\/\/batijournal.com\/index.php\/passage-au-senat-avancees-et-dangers-de-la-loi-climat-pour-le-patrimoine\/106205\/"]}]},{"@type":"ImageObject","inLanguage":"fr-FR","@id":"https:\/\/batijournal.com\/index.php\/passage-au-senat-avancees-et-dangers-de-la-loi-climat-pour-le-patrimoine\/106205\/#primaryimage","url":"https:\/\/batijournal.com\/wp-content\/uploads\/2017\/07\/eolienne.jpg","contentUrl":"https:\/\/batijournal.com\/wp-content\/uploads\/2017\/07\/eolienne.jpg","width":1200,"height":703},{"@type":"BreadcrumbList","@id":"https:\/\/batijournal.com\/index.php\/passage-au-senat-avancees-et-dangers-de-la-loi-climat-pour-le-patrimoine\/106205\/#breadcrumb","itemListElement":[{"@type":"ListItem","position":1,"name":"Accueil","item":"https:\/\/batijournal.com\/"},{"@type":"ListItem","position":2,"name":"Actualit\u00e9s","item":"https:\/\/batijournal.com\/index.php\/category\/actualites\/"},{"@type":"ListItem","position":3,"name":"Divers","item":"https:\/\/batijournal.com\/index.php\/category\/actualites\/services-equipements\/"},{"@type":"ListItem","position":4,"name":"Passage au S\u00e9nat : avanc\u00e9es et dangers de la Loi Climat pour le patrimoine"}]},{"@type":"WebSite","@id":"https:\/\/batijournal.com\/#website","url":"https:\/\/batijournal.com\/","name":"Batijournal","description":"L&#039;actualit\u00e9 du b\u00e2timent","potentialAction":[{"@type":"SearchAction","target":{"@type":"EntryPoint","urlTemplate":"https:\/\/batijournal.com\/?s={search_term_string}"},"query-input":{"@type":"PropertyValueSpecification","valueRequired":true,"valueName":"search_term_string"}}],"inLanguage":"fr-FR"},{"@type":"Person","@id":"https:\/\/batijournal.com\/#\/schema\/person\/1dc96ec6957aa1ccb25ebe78bb19f100","name":"St\u00e9phane Miget","image":{"@type":"ImageObject","inLanguage":"fr-FR","@id":"https:\/\/secure.gravatar.com\/avatar\/89915563d925342126b8ef0281b93d9d7fc337043e8df017f780908eb9644451?s=96&d=mm&r=g","url":"https:\/\/secure.gravatar.com\/avatar\/89915563d925342126b8ef0281b93d9d7fc337043e8df017f780908eb9644451?s=96&d=mm&r=g","contentUrl":"https:\/\/secure.gravatar.com\/avatar\/89915563d925342126b8ef0281b93d9d7fc337043e8df017f780908eb9644451?s=96&d=mm&r=g","caption":"St\u00e9phane Miget"},"url":"https:\/\/batijournal.com\/index.php\/author\/stephane\/"}]}},"_links":{"self":[{"href":"https:\/\/batijournal.com\/index.php\/wp-json\/wp\/v2\/posts\/106205","targetHints":{"allow":["GET"]}}],"collection":[{"href":"https:\/\/batijournal.com\/index.php\/wp-json\/wp\/v2\/posts"}],"about":[{"href":"https:\/\/batijournal.com\/index.php\/wp-json\/wp\/v2\/types\/post"}],"author":[{"embeddable":true,"href":"https:\/\/batijournal.com\/index.php\/wp-json\/wp\/v2\/users\/17"}],"replies":[{"embeddable":true,"href":"https:\/\/batijournal.com\/index.php\/wp-json\/wp\/v2\/comments?post=106205"}],"version-history":[{"count":0,"href":"https:\/\/batijournal.com\/index.php\/wp-json\/wp\/v2\/posts\/106205\/revisions"}],"wp:featuredmedia":[{"embeddable":true,"href":"https:\/\/batijournal.com\/index.php\/wp-json\/wp\/v2\/media\/96533"}],"wp:attachment":[{"href":"https:\/\/batijournal.com\/index.php\/wp-json\/wp\/v2\/media?parent=106205"}],"wp:term":[{"taxonomy":"category","embeddable":true,"href":"https:\/\/batijournal.com\/index.php\/wp-json\/wp\/v2\/categories?post=106205"},{"taxonomy":"post_tag","embeddable":true,"href":"https:\/\/batijournal.com\/index.php\/wp-json\/wp\/v2\/tags?post=106205"}],"curies":[{"name":"wp","href":"https:\/\/api.w.org\/{rel}","templated":true}]}}