{"id":106217,"date":"2021-07-26T14:54:52","date_gmt":"2021-07-26T12:54:52","guid":{"rendered":"https:\/\/batijournal.com\/?p=106217"},"modified":"2021-07-26T14:54:52","modified_gmt":"2021-07-26T12:54:52","slug":"favoriser-lacces-des-jeunes-sans-qualification-aux-entreprises-du-batiment","status":"publish","type":"post","link":"https:\/\/batijournal.com\/index.php\/favoriser-lacces-des-jeunes-sans-qualification-aux-entreprises-du-batiment\/106217\/","title":{"rendered":"Favoriser l\u2019acc\u00e8s des jeunes sans qualification aux entreprises du b\u00e2timent"},"content":{"rendered":"<p>Une convention de partenariat nationale vient d\u2019\u00eatre sign\u00e9e entre le R\u00e9seau E2C France et la FFB afin de favoriser l\u2019acc\u00e8s aux entreprises du b\u00e2timent pour les jeunes sans qualification. Cet objectif implique notamment le d\u00e9veloppement de comp\u00e9tences pour des jeunes sortis du syst\u00e8me scolaire souhaitant acc\u00e9der au monde du travail. L\u2019accord-cadre est b\u00e2ti sur la volont\u00e9 commune de contribuer \u00e0 l\u2019entr\u00e9e des stagiaires E2C, notamment des jeunes issus des Quartiers de la politique de la ville (QPV), dans le monde du b\u00e2timent. Le parcours intensif vers une insertion sociale, citoyenne et professionnelle propos\u00e9 aux stagiaires par les E2C favorise leur autonomie. L\u2019entreprise est un acteur majeur pour faciliter l\u2019acquisition de comp\u00e9tences techniques et professionnelles des stagiaires.<\/p>\n","protected":false},"excerpt":{"rendered":"<p>Une convention de partenariat nationale vient d\u2019\u00eatre sign\u00e9e entre le R\u00e9seau E2C France et la FFB afin de favoriser l\u2019acc\u00e8s aux entreprises du b\u00e2timent pour les jeunes sans qualification. Cet objectif implique notamment le d\u00e9veloppement de comp\u00e9tences pour des jeunes sortis du syst\u00e8me scolaire souhaitant acc\u00e9der au monde du travail. L\u2019accord-cadre est b\u00e2ti sur la [&hellip;]<\/p>\n","protected":false},"author":17,"featured_media":87184,"comment_status":"closed","ping_status":"closed","sticky":false,"template":"","format":"standard","meta":{"_et_pb_use_builder":"","_et_pb_old_content":"","_et_gb_content_width":"","footnotes":""},"categories":[10530,6362],"tags":[373,517],"class_list":["post-106217","post","type-post","status-publish","format-standard","has-post-thumbnail","hentry","category-actualites","category-services-equipements","tag-ffb","tag-formation"],"yoast_head":"<!-- This site is optimized with the Yoast SEO plugin v27.4 - https:\/\/yoast.com\/product\/yoast-seo-wordpress\/ -->\n<title>Favoriser l\u2019acc\u00e8s des jeunes sans qualification aux entreprises du b\u00e2timent<\/title>\n<meta name=\"robots\" content=\"index, follow, max-snippet:-1, max-image-preview:large, max-video-preview:-1\" \/>\n<link rel=\"canonical\" href=\"https:\/\/batijournal.com\/index.php\/favoriser-lacces-des-jeunes-sans-qualification-aux-entreprises-du-batiment\/106217\/\" \/>\n<meta property=\"og:locale\" content=\"fr_FR\" \/>\n<meta property=\"og:type\" content=\"article\" \/>\n<meta property=\"og:title\" content=\"Favoriser l\u2019acc\u00e8s des jeunes sans qualification aux entreprises du b\u00e2timent\" \/>\n<meta property=\"og:description\" content=\"Une convention de partenariat nationale vient d\u2019\u00eatre sign\u00e9e entre le R\u00e9seau E2C France et la FFB afin de favoriser l\u2019acc\u00e8s aux entreprises du b\u00e2timent pour les jeunes sans qualification. Cet objectif implique notamment le d\u00e9veloppement de comp\u00e9tences pour des jeunes sortis du syst\u00e8me scolaire souhaitant acc\u00e9der au monde du travail. L\u2019accord-cadre est b\u00e2ti sur la [&hellip;]\" \/>\n<meta property=\"og:url\" content=\"https:\/\/batijournal.com\/index.php\/favoriser-lacces-des-jeunes-sans-qualification-aux-entreprises-du-batiment\/106217\/\" \/>\n<meta property=\"og:site_name\" content=\"Batijournal\" \/>\n<meta property=\"article:published_time\" content=\"2021-07-26T12:54:52+00:00\" \/>\n<meta property=\"og:image\" content=\"https:\/\/batijournal.com\/wp-content\/uploads\/2015\/05\/99696222.jpg\" \/>\n\t<meta property=\"og:image:width\" content=\"600\" \/>\n\t<meta property=\"og:image:height\" content=\"400\" \/>\n\t<meta property=\"og:image:type\" content=\"image\/jpeg\" \/>\n<meta name=\"author\" content=\"St\u00e9phane Miget\" \/>\n<meta name=\"twitter:card\" content=\"summary_large_image\" \/>\n<meta name=\"twitter:creator\" content=\"@bati_journal\" \/>\n<meta name=\"twitter:site\" content=\"@bati_journal\" \/>\n<meta name=\"twitter:label1\" content=\"\u00c9crit par\" \/>\n\t<meta name=\"twitter:data1\" content=\"St\u00e9phane Miget\" \/>\n\t<meta name=\"twitter:label2\" content=\"Dur\u00e9e de lecture estim\u00e9e\" \/>\n\t<meta name=\"twitter:data2\" content=\"1 minute\" \/>\n<script type=\"application\/ld+json\" class=\"yoast-schema-graph\">{\"@context\":\"https:\\\/\\\/schema.org\",\"@graph\":[{\"@type\":\"Article\",\"@id\":\"https:\\\/\\\/batijournal.com\\\/index.php\\\/favoriser-lacces-des-jeunes-sans-qualification-aux-entreprises-du-batiment\\\/106217\\\/#article\",\"isPartOf\":{\"@id\":\"https:\\\/\\\/batijournal.com\\\/index.php\\\/favoriser-lacces-des-jeunes-sans-qualification-aux-entreprises-du-batiment\\\/106217\\\/\"},\"author\":{\"name\":\"St\u00e9phane Miget\",\"@id\":\"https:\\\/\\\/batijournal.com\\\/#\\\/schema\\\/person\\\/1dc96ec6957aa1ccb25ebe78bb19f100\"},\"headline\":\"Favoriser l\u2019acc\u00e8s des jeunes sans qualification aux entreprises du b\u00e2timent\",\"datePublished\":\"2021-07-26T12:54:52+00:00\",\"mainEntityOfPage\":{\"@id\":\"https:\\\/\\\/batijournal.com\\\/index.php\\\/favoriser-lacces-des-jeunes-sans-qualification-aux-entreprises-du-batiment\\\/106217\\\/\"},\"wordCount\":149,\"image\":{\"@id\":\"https:\\\/\\\/batijournal.com\\\/index.php\\\/favoriser-lacces-des-jeunes-sans-qualification-aux-entreprises-du-batiment\\\/106217\\\/#primaryimage\"},\"thumbnailUrl\":\"https:\\\/\\\/batijournal.com\\\/wp-content\\\/uploads\\\/2015\\\/05\\\/99696222.jpg\",\"keywords\":[\"ffb\",\"formation\"],\"articleSection\":[\"Actualit\u00e9s\",\"Divers\"],\"inLanguage\":\"fr-FR\"},{\"@type\":\"WebPage\",\"@id\":\"https:\\\/\\\/batijournal.com\\\/index.php\\\/favoriser-lacces-des-jeunes-sans-qualification-aux-entreprises-du-batiment\\\/106217\\\/\",\"url\":\"https:\\\/\\\/batijournal.com\\\/index.php\\\/favoriser-lacces-des-jeunes-sans-qualification-aux-entreprises-du-batiment\\\/106217\\\/\",\"name\":\"Favoriser l\u2019acc\u00e8s des jeunes sans qualification aux entreprises du b\u00e2timent\",\"isPartOf\":{\"@id\":\"https:\\\/\\\/batijournal.com\\\/#website\"},\"primaryImageOfPage\":{\"@id\":\"https:\\\/\\\/batijournal.com\\\/index.php\\\/favoriser-lacces-des-jeunes-sans-qualification-aux-entreprises-du-batiment\\\/106217\\\/#primaryimage\"},\"image\":{\"@id\":\"https:\\\/\\\/batijournal.com\\\/index.php\\\/favoriser-lacces-des-jeunes-sans-qualification-aux-entreprises-du-batiment\\\/106217\\\/#primaryimage\"},\"thumbnailUrl\":\"https:\\\/\\\/batijournal.com\\\/wp-content\\\/uploads\\\/2015\\\/05\\\/99696222.jpg\",\"datePublished\":\"2021-07-26T12:54:52+00:00\",\"author\":{\"@id\":\"https:\\\/\\\/batijournal.com\\\/#\\\/schema\\\/person\\\/1dc96ec6957aa1ccb25ebe78bb19f100\"},\"breadcrumb\":{\"@id\":\"https:\\\/\\\/batijournal.com\\\/index.php\\\/favoriser-lacces-des-jeunes-sans-qualification-aux-entreprises-du-batiment\\\/106217\\\/#breadcrumb\"},\"inLanguage\":\"fr-FR\",\"potentialAction\":[{\"@type\":\"ReadAction\",\"target\":[\"https:\\\/\\\/batijournal.com\\\/index.php\\\/favoriser-lacces-des-jeunes-sans-qualification-aux-entreprises-du-batiment\\\/106217\\\/\"]}]},{\"@type\":\"ImageObject\",\"inLanguage\":\"fr-FR\",\"@id\":\"https:\\\/\\\/batijournal.com\\\/index.php\\\/favoriser-lacces-des-jeunes-sans-qualification-aux-entreprises-du-batiment\\\/106217\\\/#primaryimage\",\"url\":\"https:\\\/\\\/batijournal.com\\\/wp-content\\\/uploads\\\/2015\\\/05\\\/99696222.jpg\",\"contentUrl\":\"https:\\\/\\\/batijournal.com\\\/wp-content\\\/uploads\\\/2015\\\/05\\\/99696222.jpg\",\"width\":600,\"height\":400,\"caption\":\"10Kverts-verdissement-des-formations\"},{\"@type\":\"BreadcrumbList\",\"@id\":\"https:\\\/\\\/batijournal.com\\\/index.php\\\/favoriser-lacces-des-jeunes-sans-qualification-aux-entreprises-du-batiment\\\/106217\\\/#breadcrumb\",\"itemListElement\":[{\"@type\":\"ListItem\",\"position\":1,\"name\":\"Accueil\",\"item\":\"https:\\\/\\\/batijournal.com\\\/\"},{\"@type\":\"ListItem\",\"position\":2,\"name\":\"Actualit\u00e9s\",\"item\":\"https:\\\/\\\/batijournal.com\\\/index.php\\\/category\\\/actualites\\\/\"},{\"@type\":\"ListItem\",\"position\":3,\"name\":\"Divers\",\"item\":\"https:\\\/\\\/batijournal.com\\\/index.php\\\/category\\\/actualites\\\/services-equipements\\\/\"},{\"@type\":\"ListItem\",\"position\":4,\"name\":\"Favoriser l\u2019acc\u00e8s des jeunes sans qualification aux entreprises du b\u00e2timent\"}]},{\"@type\":\"WebSite\",\"@id\":\"https:\\\/\\\/batijournal.com\\\/#website\",\"url\":\"https:\\\/\\\/batijournal.com\\\/\",\"name\":\"Batijournal\",\"description\":\"L&#039;actualit\u00e9 du b\u00e2timent\",\"potentialAction\":[{\"@type\":\"SearchAction\",\"target\":{\"@type\":\"EntryPoint\",\"urlTemplate\":\"https:\\\/\\\/batijournal.com\\\/?s={search_term_string}\"},\"query-input\":{\"@type\":\"PropertyValueSpecification\",\"valueRequired\":true,\"valueName\":\"search_term_string\"}}],\"inLanguage\":\"fr-FR\"},{\"@type\":\"Person\",\"@id\":\"https:\\\/\\\/batijournal.com\\\/#\\\/schema\\\/person\\\/1dc96ec6957aa1ccb25ebe78bb19f100\",\"name\":\"St\u00e9phane Miget\",\"image\":{\"@type\":\"ImageObject\",\"inLanguage\":\"fr-FR\",\"@id\":\"https:\\\/\\\/secure.gravatar.com\\\/avatar\\\/89915563d925342126b8ef0281b93d9d7fc337043e8df017f780908eb9644451?s=96&d=mm&r=g\",\"url\":\"https:\\\/\\\/secure.gravatar.com\\\/avatar\\\/89915563d925342126b8ef0281b93d9d7fc337043e8df017f780908eb9644451?s=96&d=mm&r=g\",\"contentUrl\":\"https:\\\/\\\/secure.gravatar.com\\\/avatar\\\/89915563d925342126b8ef0281b93d9d7fc337043e8df017f780908eb9644451?s=96&d=mm&r=g\",\"caption\":\"St\u00e9phane Miget\"},\"url\":\"https:\\\/\\\/batijournal.com\\\/index.php\\\/author\\\/stephane\\\/\"}]}<\/script>\n<!-- \/ Yoast SEO plugin. -->","yoast_head_json":{"title":"Favoriser l\u2019acc\u00e8s des jeunes sans qualification aux entreprises du b\u00e2timent","robots":{"index":"index","follow":"follow","max-snippet":"max-snippet:-1","max-image-preview":"max-image-preview:large","max-video-preview":"max-video-preview:-1"},"canonical":"https:\/\/batijournal.com\/index.php\/favoriser-lacces-des-jeunes-sans-qualification-aux-entreprises-du-batiment\/106217\/","og_locale":"fr_FR","og_type":"article","og_title":"Favoriser l\u2019acc\u00e8s des jeunes sans qualification aux entreprises du b\u00e2timent","og_description":"Une convention de partenariat nationale vient d\u2019\u00eatre sign\u00e9e entre le R\u00e9seau E2C France et la FFB afin de favoriser l\u2019acc\u00e8s aux entreprises du b\u00e2timent pour les jeunes sans qualification. Cet objectif implique notamment le d\u00e9veloppement de comp\u00e9tences pour des jeunes sortis du syst\u00e8me scolaire souhaitant acc\u00e9der au monde du travail. L\u2019accord-cadre est b\u00e2ti sur la [&hellip;]","og_url":"https:\/\/batijournal.com\/index.php\/favoriser-lacces-des-jeunes-sans-qualification-aux-entreprises-du-batiment\/106217\/","og_site_name":"Batijournal","article_published_time":"2021-07-26T12:54:52+00:00","og_image":[{"width":600,"height":400,"url":"https:\/\/batijournal.com\/wp-content\/uploads\/2015\/05\/99696222.jpg","type":"image\/jpeg"}],"author":"St\u00e9phane Miget","twitter_card":"summary_large_image","twitter_creator":"@bati_journal","twitter_site":"@bati_journal","twitter_misc":{"\u00c9crit par":"St\u00e9phane Miget","Dur\u00e9e de lecture estim\u00e9e":"1 minute"},"schema":{"@context":"https:\/\/schema.org","@graph":[{"@type":"Article","@id":"https:\/\/batijournal.com\/index.php\/favoriser-lacces-des-jeunes-sans-qualification-aux-entreprises-du-batiment\/106217\/#article","isPartOf":{"@id":"https:\/\/batijournal.com\/index.php\/favoriser-lacces-des-jeunes-sans-qualification-aux-entreprises-du-batiment\/106217\/"},"author":{"name":"St\u00e9phane Miget","@id":"https:\/\/batijournal.com\/#\/schema\/person\/1dc96ec6957aa1ccb25ebe78bb19f100"},"headline":"Favoriser l\u2019acc\u00e8s des jeunes sans qualification aux entreprises du b\u00e2timent","datePublished":"2021-07-26T12:54:52+00:00","mainEntityOfPage":{"@id":"https:\/\/batijournal.com\/index.php\/favoriser-lacces-des-jeunes-sans-qualification-aux-entreprises-du-batiment\/106217\/"},"wordCount":149,"image":{"@id":"https:\/\/batijournal.com\/index.php\/favoriser-lacces-des-jeunes-sans-qualification-aux-entreprises-du-batiment\/106217\/#primaryimage"},"thumbnailUrl":"https:\/\/batijournal.com\/wp-content\/uploads\/2015\/05\/99696222.jpg","keywords":["ffb","formation"],"articleSection":["Actualit\u00e9s","Divers"],"inLanguage":"fr-FR"},{"@type":"WebPage","@id":"https:\/\/batijournal.com\/index.php\/favoriser-lacces-des-jeunes-sans-qualification-aux-entreprises-du-batiment\/106217\/","url":"https:\/\/batijournal.com\/index.php\/favoriser-lacces-des-jeunes-sans-qualification-aux-entreprises-du-batiment\/106217\/","name":"Favoriser l\u2019acc\u00e8s des jeunes sans qualification aux entreprises du b\u00e2timent","isPartOf":{"@id":"https:\/\/batijournal.com\/#website"},"primaryImageOfPage":{"@id":"https:\/\/batijournal.com\/index.php\/favoriser-lacces-des-jeunes-sans-qualification-aux-entreprises-du-batiment\/106217\/#primaryimage"},"image":{"@id":"https:\/\/batijournal.com\/index.php\/favoriser-lacces-des-jeunes-sans-qualification-aux-entreprises-du-batiment\/106217\/#primaryimage"},"thumbnailUrl":"https:\/\/batijournal.com\/wp-content\/uploads\/2015\/05\/99696222.jpg","datePublished":"2021-07-26T12:54:52+00:00","author":{"@id":"https:\/\/batijournal.com\/#\/schema\/person\/1dc96ec6957aa1ccb25ebe78bb19f100"},"breadcrumb":{"@id":"https:\/\/batijournal.com\/index.php\/favoriser-lacces-des-jeunes-sans-qualification-aux-entreprises-du-batiment\/106217\/#breadcrumb"},"inLanguage":"fr-FR","potentialAction":[{"@type":"ReadAction","target":["https:\/\/batijournal.com\/index.php\/favoriser-lacces-des-jeunes-sans-qualification-aux-entreprises-du-batiment\/106217\/"]}]},{"@type":"ImageObject","inLanguage":"fr-FR","@id":"https:\/\/batijournal.com\/index.php\/favoriser-lacces-des-jeunes-sans-qualification-aux-entreprises-du-batiment\/106217\/#primaryimage","url":"https:\/\/batijournal.com\/wp-content\/uploads\/2015\/05\/99696222.jpg","contentUrl":"https:\/\/batijournal.com\/wp-content\/uploads\/2015\/05\/99696222.jpg","width":600,"height":400,"caption":"10Kverts-verdissement-des-formations"},{"@type":"BreadcrumbList","@id":"https:\/\/batijournal.com\/index.php\/favoriser-lacces-des-jeunes-sans-qualification-aux-entreprises-du-batiment\/106217\/#breadcrumb","itemListElement":[{"@type":"ListItem","position":1,"name":"Accueil","item":"https:\/\/batijournal.com\/"},{"@type":"ListItem","position":2,"name":"Actualit\u00e9s","item":"https:\/\/batijournal.com\/index.php\/category\/actualites\/"},{"@type":"ListItem","position":3,"name":"Divers","item":"https:\/\/batijournal.com\/index.php\/category\/actualites\/services-equipements\/"},{"@type":"ListItem","position":4,"name":"Favoriser l\u2019acc\u00e8s des jeunes sans qualification aux entreprises du b\u00e2timent"}]},{"@type":"WebSite","@id":"https:\/\/batijournal.com\/#website","url":"https:\/\/batijournal.com\/","name":"Batijournal","description":"L&#039;actualit\u00e9 du b\u00e2timent","potentialAction":[{"@type":"SearchAction","target":{"@type":"EntryPoint","urlTemplate":"https:\/\/batijournal.com\/?s={search_term_string}"},"query-input":{"@type":"PropertyValueSpecification","valueRequired":true,"valueName":"search_term_string"}}],"inLanguage":"fr-FR"},{"@type":"Person","@id":"https:\/\/batijournal.com\/#\/schema\/person\/1dc96ec6957aa1ccb25ebe78bb19f100","name":"St\u00e9phane Miget","image":{"@type":"ImageObject","inLanguage":"fr-FR","@id":"https:\/\/secure.gravatar.com\/avatar\/89915563d925342126b8ef0281b93d9d7fc337043e8df017f780908eb9644451?s=96&d=mm&r=g","url":"https:\/\/secure.gravatar.com\/avatar\/89915563d925342126b8ef0281b93d9d7fc337043e8df017f780908eb9644451?s=96&d=mm&r=g","contentUrl":"https:\/\/secure.gravatar.com\/avatar\/89915563d925342126b8ef0281b93d9d7fc337043e8df017f780908eb9644451?s=96&d=mm&r=g","caption":"St\u00e9phane Miget"},"url":"https:\/\/batijournal.com\/index.php\/author\/stephane\/"}]}},"_links":{"self":[{"href":"https:\/\/batijournal.com\/index.php\/wp-json\/wp\/v2\/posts\/106217","targetHints":{"allow":["GET"]}}],"collection":[{"href":"https:\/\/batijournal.com\/index.php\/wp-json\/wp\/v2\/posts"}],"about":[{"href":"https:\/\/batijournal.com\/index.php\/wp-json\/wp\/v2\/types\/post"}],"author":[{"embeddable":true,"href":"https:\/\/batijournal.com\/index.php\/wp-json\/wp\/v2\/users\/17"}],"replies":[{"embeddable":true,"href":"https:\/\/batijournal.com\/index.php\/wp-json\/wp\/v2\/comments?post=106217"}],"version-history":[{"count":0,"href":"https:\/\/batijournal.com\/index.php\/wp-json\/wp\/v2\/posts\/106217\/revisions"}],"wp:featuredmedia":[{"embeddable":true,"href":"https:\/\/batijournal.com\/index.php\/wp-json\/wp\/v2\/media\/87184"}],"wp:attachment":[{"href":"https:\/\/batijournal.com\/index.php\/wp-json\/wp\/v2\/media?parent=106217"}],"wp:term":[{"taxonomy":"category","embeddable":true,"href":"https:\/\/batijournal.com\/index.php\/wp-json\/wp\/v2\/categories?post=106217"},{"taxonomy":"post_tag","embeddable":true,"href":"https:\/\/batijournal.com\/index.php\/wp-json\/wp\/v2\/tags?post=106217"}],"curies":[{"name":"wp","href":"https:\/\/api.w.org\/{rel}","templated":true}]}}