{"id":106253,"date":"2021-09-03T10:20:05","date_gmt":"2021-09-03T08:20:05","guid":{"rendered":"https:\/\/batijournal.com\/?p=106253"},"modified":"2021-09-03T10:21:39","modified_gmt":"2021-09-03T08:21:39","slug":"couper-moins-et-laisser-reposer-une-nouvelle-gestion-des-forets-tropicales-simpose","status":"publish","type":"post","link":"https:\/\/batijournal.com\/index.php\/couper-moins-et-laisser-reposer-une-nouvelle-gestion-des-forets-tropicales-simpose\/106253\/","title":{"rendered":"Couper moins et laisser reposer\u00a0: une\u00a0nouvelle gestion des for\u00eats tropicales\u00a0s\u2019impose"},"content":{"rendered":"<figure><figcaption><\/figcaption><\/figure>\n<p>Depuis plusieurs d\u00e9cennies, les \u00e9quipes du <a href=\"https:\/\/theconversation.com\/institutions\/cirad-2208\">Cirad<\/a> et leurs partenaires effectuent un suivi des for\u00eats tropicales humides pour observer leur dynamique apr\u00e8s exploitation.<\/p>\n<figure class=\"align-right zoomable\"><a href=\"https:\/\/images.theconversation.com\/files\/405051\/original\/file-20210608-28272-cmsdry.png?ixlib=rb-1.1.0&amp;q=45&amp;auto=format&amp;w=1000&amp;fit=clip\"><img decoding=\"async\" src=\"https:\/\/images.theconversation.com\/files\/405051\/original\/file-20210608-28272-cmsdry.png?ixlib=rb-1.1.0&amp;q=45&amp;auto=format&amp;w=237&amp;fit=clip\" sizes=\"(min-width: 1466px) 754px, (max-width: 599px) 100vw, (min-width: 600px) 600px, 237px\" srcset=\"https:\/\/images.theconversation.com\/files\/405051\/original\/file-20210608-28272-cmsdry.png?ixlib=rb-1.1.0&amp;q=45&amp;auto=format&amp;w=600&amp;h=605&amp;fit=crop&amp;dpr=1 600w, https:\/\/images.theconversation.com\/files\/405051\/original\/file-20210608-28272-cmsdry.png?ixlib=rb-1.1.0&amp;q=30&amp;auto=format&amp;w=600&amp;h=605&amp;fit=crop&amp;dpr=2 1200w, https:\/\/images.theconversation.com\/files\/405051\/original\/file-20210608-28272-cmsdry.png?ixlib=rb-1.1.0&amp;q=15&amp;auto=format&amp;w=600&amp;h=605&amp;fit=crop&amp;dpr=3 1800w, https:\/\/images.theconversation.com\/files\/405051\/original\/file-20210608-28272-cmsdry.png?ixlib=rb-1.1.0&amp;q=45&amp;auto=format&amp;w=754&amp;h=760&amp;fit=crop&amp;dpr=1 754w, https:\/\/images.theconversation.com\/files\/405051\/original\/file-20210608-28272-cmsdry.png?ixlib=rb-1.1.0&amp;q=30&amp;auto=format&amp;w=754&amp;h=760&amp;fit=crop&amp;dpr=2 1508w, https:\/\/images.theconversation.com\/files\/405051\/original\/file-20210608-28272-cmsdry.png?ixlib=rb-1.1.0&amp;q=15&amp;auto=format&amp;w=754&amp;h=760&amp;fit=crop&amp;dpr=3 2262w\" alt=\"\" \/><\/a><figcaption><span class=\"caption\">Les diff\u00e9rents types de for\u00eats dans le monde.<\/span><br \/>\n<span class=\"attribution\"><a class=\"source\" href=\"https:\/\/www.museo-editions.com\/product-page\/vivre-avec-les-for%C3%AAts-tropicales\">Cirad<\/a><\/span><\/figcaption><\/figure>\n<p>Les for\u00eats tropicales humides couvrent actuellement 1070\u00a0millions d\u2019hectares (Mha) dans le monde\u00a0; plus de 90\u00a0% d\u2019entre elles se situent dans trois r\u00e9gions\u00a0: en Afrique centrale, dans le bassin du Congo (200\u00a0millions ha)\u00a0; en Am\u00e9rique du Sud, Amazonie principalement (582 Mha)\u00a0; en Asie du Sud-Est, en Indon\u00e9sie, Malaisie et Papouasie (190 Mha).<\/p>\n<p>On estime que 400\u00a0millions d\u2019hectares de ces for\u00eats sont officiellement attribu\u00e9s \u00e0 la production de bois d\u2019\u0153uvre \u2013 on d\u00e9signe ainsi le bois utilis\u00e9 comme mat\u00e9riau de construction ou pour fabriquer une multiplicit\u00e9 de produits \u2013 par les \u00c9tats.<\/p>\n<h2>Une gestion \u00ab\u00a0durable\u00a0\u00bb qui ne l\u2019est pas assez<\/h2>\n<p>Or il appara\u00eet aujourd\u2019hui que les r\u00e8gles d\u2019exploitation de ce bois d\u2019\u0153uvre \u2013 r\u00e8gles fix\u00e9es actuellement par la plupart des l\u00e9gislations foresti\u00e8res sur des crit\u00e8res d\u2019intensit\u00e9 de coupe et dur\u00e9e des rotations \u2013 ne permettent pas une reconstitution durable sur le long terme du stock de bois pr\u00e9lev\u00e9 <a href=\"https:\/\/conbio.onlinelibrary.wiley.com\/doi\/full\/10.1111\/j.1755-263X.2012.00242.x\">dans ces \u00e9cosyst\u00e8mes<\/a>.<\/p>\n<p>Ce constat remet en question les fondements de la gestion dite \u00ab\u00a0durable\u00a0\u00bb qui pr\u00e9vaut aujourd\u2019hui\u2026 et annonce une d\u00e9gradation accrue des derni\u00e8res for\u00eats tropicales humides de production. Il devient ainsi urgent d\u2019anticiper de nouvelles sources de bois d\u2019\u0153uvre\u00a0: les for\u00eats naturelles ne pourront pas, \u00e0 elles seules, r\u00e9pondre \u00e0 la demande actuelle et future.<\/p>\n<p>Les principes de la sylviculture tropicale et la place des for\u00eats naturelles tropicales de production sont \u00e9galement \u00e0 revoir compl\u00e8tement. Dans ce contexte, les programmes de restauration constituent une opportunit\u00e9 \u00e0 saisir.<\/p>\n<h2>Des rotations pour reconstituer les stocks<\/h2>\n<p>Contrairement aux id\u00e9es re\u00e7ues, l\u2019exploitation de bois d\u2019\u0153uvre en for\u00eat tropicale ne concerne qu\u2019un tr\u00e8s faible nombre d\u2019arbres d\u2019int\u00e9r\u00eat commercial\u00a0: un \u00e0 trois arbres par hectare en Afrique, cinq \u00e0 sept en Amazonie, plus de huit en Asie du Sud-est.<\/p>\n<p>Elle est d\u2019ailleurs dite \u00ab\u00a0s\u00e9lective\u00a0\u00bb\u00a0: seules quelques esp\u00e8ces \u2013 comme l\u2019ip\u00e9 ou le cumaru en Amazonie, les m\u00e9rantis en Asie du Sud-Est ou encore l\u2019okoum\u00e9 et le sapelli en Afrique centrale \u2013 sont exploit\u00e9es.<\/p>\n<p>En pratique, seuls les arbres les plus imposants \u2013 de plus de 50 \u00e0 80 cm de diam\u00e8tre \u2013 sont abattus et r\u00e9colt\u00e9s. La for\u00eat est alors laiss\u00e9e en repos, en g\u00e9n\u00e9ral <a href=\"https:\/\/www.museo-editions.com\/product-page\/vivre-avec-les-for%C3%AAts-tropicales\">entre 25 et 35\u00a0ans<\/a> selon la l\u00e9gislation du pays.<\/p>\n<p>Ces p\u00e9riodes de repos appel\u00e9es \u00ab\u00a0rotation\u00a0\u00bb doivent th\u00e9oriquement permettre \u00e0 la for\u00eat de reconstituer le stock de bois exploit\u00e9.<\/p>\n<div data-react-class=\"Tweet\" data-react-props=\"{&quot;tweetId&quot;:&quot;1385043137584898052&quot;}\"><\/div>\n<p>Les <a href=\"https:\/\/www.museo-editions.com\/product-page\/vivre-avec-les-for%C3%AAts-tropicales\">donn\u00e9es de suivis de la reconstitution<\/a> de ce stock montrent qu\u2019en r\u00e9alit\u00e9 ces p\u00e9riodes fix\u00e9es par les l\u00e9gislations foresti\u00e8res sont largement sous-estim\u00e9es et d\u00e9pendent essentiellement de l\u2019intensit\u00e9 de pr\u00e9l\u00e8vement et du nombre d\u2019esp\u00e8ces consid\u00e9r\u00e9es comme commerciales (c\u2019est-\u00e0-dire pour lesquelles il y a un march\u00e9 porteur).<\/p>\n<h2>Des temps de r\u00e9cup\u00e9ration trop courts<\/h2>\n<p>D\u00e8s le d\u00e9but des ann\u00e9es\u00a01980, le Cirad et ses partenaires ont mis en place des dispositifs de suivi de la dynamique foresti\u00e8re tropicale, afin d\u2019\u00e9valuer les effets de l\u2019exploitation s\u00e9lective sur la reconstitution du stock de bois.<\/p>\n<p>La plupart de ces dispositifs sont aujourd\u2019hui r\u00e9unis <a href=\"https:\/\/tmfo.org\/\">au sein de l\u2019observatoire TmFO<\/a> (Tropical managed Forest Observatory).<\/p>\n<p>Accumul\u00e9es depuis plus de trente ans, ces informations permettent aujourd\u2019hui de simuler les trajectoires des for\u00eats tropicales humides exploit\u00e9es selon l\u2019intensit\u00e9 d\u2019exploitation, mais aussi d\u2019autres variables \u2013 comme la pluviom\u00e9trie ou le type de sol.<\/p>\n<p>Il a \u00e9t\u00e9 ainsi possible de calculer la reconstitution de la biomasse, du volume commercial et l\u2019\u00e9volution de la biodiversit\u00e9 \u00e0 l\u2019\u00e9chelle du bassin amazonien et de mettre en \u00e9vidence des <a href=\"https:\/\/iopscience.iop.org\/article\/10.1088\/1748-9326\/ab195e\">diff\u00e9rences notables<\/a> au sein d\u2019une m\u00eame r\u00e9gion.<\/p>\n<figure class=\"align-center \"><img decoding=\"async\" src=\"https:\/\/images.theconversation.com\/files\/412097\/original\/file-20210720-25-1n0l5mh.JPG?ixlib=rb-1.1.0&amp;q=45&amp;auto=format&amp;w=754&amp;fit=clip\" sizes=\"(min-width: 1466px) 754px, (max-width: 599px) 100vw, (min-width: 600px) 600px, 237px\" srcset=\"https:\/\/images.theconversation.com\/files\/412097\/original\/file-20210720-25-1n0l5mh.JPG?ixlib=rb-1.1.0&amp;q=45&amp;auto=format&amp;w=600&amp;h=450&amp;fit=crop&amp;dpr=1 600w, https:\/\/images.theconversation.com\/files\/412097\/original\/file-20210720-25-1n0l5mh.JPG?ixlib=rb-1.1.0&amp;q=30&amp;auto=format&amp;w=600&amp;h=450&amp;fit=crop&amp;dpr=2 1200w, https:\/\/images.theconversation.com\/files\/412097\/original\/file-20210720-25-1n0l5mh.JPG?ixlib=rb-1.1.0&amp;q=15&amp;auto=format&amp;w=600&amp;h=450&amp;fit=crop&amp;dpr=3 1800w, https:\/\/images.theconversation.com\/files\/412097\/original\/file-20210720-25-1n0l5mh.JPG?ixlib=rb-1.1.0&amp;q=45&amp;auto=format&amp;w=754&amp;h=566&amp;fit=crop&amp;dpr=1 754w, https:\/\/images.theconversation.com\/files\/412097\/original\/file-20210720-25-1n0l5mh.JPG?ixlib=rb-1.1.0&amp;q=30&amp;auto=format&amp;w=754&amp;h=566&amp;fit=crop&amp;dpr=2 1508w, https:\/\/images.theconversation.com\/files\/412097\/original\/file-20210720-25-1n0l5mh.JPG?ixlib=rb-1.1.0&amp;q=15&amp;auto=format&amp;w=754&amp;h=566&amp;fit=crop&amp;dpr=3 2262w\" alt=\"\" \/><figcaption><span class=\"caption\">For\u00eats de colline \u00e0 Born\u00e9o (Indon\u00e9sie).<\/span><br \/>\n<span class=\"attribution\"><span class=\"source\">Plinio Sist<\/span><\/span><\/figcaption><\/figure>\n<p>Ces donn\u00e9es montrent, d\u2019une fa\u00e7on g\u00e9n\u00e9rale, que les dur\u00e9es de rotation de 25-35\u00a0ans en vigueur dans la plupart des pays tropicaux sont largement insuffisantes pour reconstituer totalement le volume de bois pr\u00e9lev\u00e9, et que la reconstitution du stock de bois pr\u00e9lev\u00e9 ne d\u00e9passe pas 50\u00a0%, 30\u00a0ans apr\u00e8s la premi\u00e8re exploitation.<\/p>\n<p>En revanche, la biodiversit\u00e9 et la biomasse semblent se reconstituer <a href=\"https:\/\/conbio.onlinelibrary.wiley.com\/doi\/full\/10.1111\/j.1755-263X.2012.00242.x\">assez rapidement, en 20-25\u00a0ans<\/a>\u00a0; la biodiversit\u00e9 demeure, \u00e0 plus de 80\u00a0%, celle d\u2019avant exploitation.<\/p>\n<h2>Au Br\u00e9sil, diviser la r\u00e9colte par deux<\/h2>\n<p>En Amazonie br\u00e9silienne, la l\u00e9gislation actuelle repose sur un cycle de 35\u00a0ans, avec une intensit\u00e9 d\u2019exploitation situ\u00e9e entre 15 et 20 m<sup>3<\/sup>\u00a0par hectare et une proportion initiale d\u2019esp\u00e8ces commerciales de 20\u00a0%.<\/p>\n<p>\u00c0 ce rythme, et en consid\u00e9rant une surface d\u2019exploitation de 35\u00a0millions d\u2019hectares, le niveau de production ne pourra pas se maintenir au-del\u00e0 d\u2019un cycle d\u2019exploitation, soit 35\u00a0ans, puis d\u00e9clinera chaque ann\u00e9e jusqu\u2019\u00e0 d\u00e9pl\u00e9tion des ressources.<\/p>\n<p>Seule une r\u00e9duction de moiti\u00e9 de l\u2019intensit\u00e9 d\u2019exploitation et un cycle de rotation de 65\u00a0ans permettrait une production durable et constante de bois d\u2019\u0153uvre\u00a0; dans cette situation toutefois, seuls <a href=\"https:\/\/www.cirad.fr\/espace-presse\/communiques-de-presse\/2021\/durabilite-des-concessions-forestieres-bresiliennes\">31\u00a0% de la demande actuelle<\/a> pourraient \u00eatre satisfaits\u2026<\/p>\n<h2>40\u00a0% du stock reconstitu\u00e9 apr\u00e8s 25\u00a0ans<\/h2>\n<p>En Asie du Sud-Est, la dur\u00e9e de rotation est de 20 \u00e0 30\u00a0ans et les intensit\u00e9s d\u2019exploitation en for\u00eat primaire, en moyenne de 80m3\/ha, peuvent d\u00e9passer 100m3\/ha.<\/p>\n<p>Or, les donn\u00e9es du suivi de la dynamique foresti\u00e8re indiquent que seule une <a href=\"https:\/\/www.cifor.org\/knowledge\/publication\/1409\">intensit\u00e9 de 60m3\/ha tous les 40\u00a0ans<\/a> assurerait une production durable et constante au cours du temps.<\/p>\n<div data-react-class=\"Tweet\" data-react-props=\"{&quot;tweetId&quot;:&quot;1303086821904130050&quot;}\"><\/div>\n<p>Enfin, en Afrique centrale, la reconstitution du stock de bois pr\u00e9lev\u00e9 25\u00a0ans apr\u00e8s exploitation est de seulement 40\u00a0%, laissant pr\u00e9sager une reconstitution <a href=\"https:\/\/royalsocietypublishing.org\/doi\/10.1098\/rstb.2012.0302\">d\u2019\u00e0 peine 50\u00a0% sur une dur\u00e9e de rotation de 30\u00a0ans<\/a>.<\/p>\n<h2>Baisser l\u2019intensit\u00e9 d\u2019exploitation, prolonger les rotations<\/h2>\n<p>Le principal dogme de la sylviculture tropicale, b\u00e2tie il y a plus d\u2019un demi-si\u00e8cle, laisse \u00e0 penser que les for\u00eats naturelles tropicales seraient capables de produire de fa\u00e7on soutenue et durable du bois d\u2019\u0153uvre\u00a0; \u00e0 la lumi\u00e8re de nos r\u00e9sultats, cette position doit \u00eatre totalement r\u00e9vis\u00e9e.<\/p>\n<p>En effet, le suivi des for\u00eats tropicales apr\u00e8s exploitation montre que celles-ci ne pourront pas \u00e0 elles seules r\u00e9pondre \u00e0 la demande de bois croissante du march\u00e9 d\u2019ici 30\u00a0ans, selon les r\u00e8gles \u00e9tablies par la plupart des l\u00e9gislations foresti\u00e8res des pays tropicaux.<\/p>\n<p>Dans la grande majorit\u00e9 des cas, la durabilit\u00e9 exige de r\u00e9duire consid\u00e9rablement l\u2019intensit\u00e9 d\u2019exploitation et d\u2019augmenter significativement la dur\u00e9e des rotations\u00a0; ce qui compromet malheureusement, dans le syst\u00e8me actuel, la durabilit\u00e9 \u00e9conomique de l\u2019exploitation s\u00e9lective.<\/p>\n<h2>Valoriser les services rendus par les for\u00eats<\/h2>\n<p>Les for\u00eats naturelles tropicales ne peuvent plus \u00eatre per\u00e7ues comme une simple source de bois d\u2019\u0153uvre\u00a0: les services environnementaux qu\u2019elles produisent m\u00e9ritent d\u2019\u00eatre \u00e9galement pris en compte.<\/p>\n<p>On pourrait, par exemple, envisager de fixer un prix du bois d\u2019\u0153uvre issu de for\u00eats naturelles plus \u00e9lev\u00e9 que celui issu de plantations, avec des utilisations adapt\u00e9es \u00e0 la qualit\u00e9 sup\u00e9rieure de leur bois en comparaison avec les bois produits en plantations \u2013 et pouvant donc faire l\u2019objet d\u2019usages moins nobles.<\/p>\n<p>Ce prix plus \u00e9lev\u00e9 permettrait alors d\u2019accro\u00eetre la rentabilit\u00e9 \u00e9conomique de l\u2019exploitation de bois d\u2019\u0153uvre en for\u00eat naturelle.<\/p>\n<p>Il est ainsi urgent de mettre en \u0153uvre d\u00e8s maintenant une sylviculture tropicale diversifi\u00e9e, alliant production de bois d\u2019\u0153uvre issue de for\u00eats naturelles, de plantations mixtes, d\u2019agrofor\u00eats (terme d\u00e9signant des syst\u00e8mes forestiers complexes cr\u00e9\u00e9s par les humains, dot\u00e9s d\u2019une structure multistrate de la v\u00e9g\u00e9tation et d\u2019un fonctionnement \u00e9cologique similaire aux for\u00eats naturelles) et de for\u00eats secondaires (se r\u00e9g\u00e9n\u00e9rant sur des zones d\u00e9bois\u00e9es laiss\u00e9es \u00e0 l\u2019abandon).<\/p>\n<p>Le r\u00e9cent engouement pour la restauration foresti\u00e8re dans le cadre du <a href=\"https:\/\/www.bonnchallenge.org\/\">d\u00e9fi de Bonn<\/a>, ou la toute r\u00e9cente proclamation de la <a href=\"https:\/\/www.un.org\/press\/fr\/2019\/ag12124.doc.htm\">d\u00e9cennie des Nations unies pour la restauration des \u00e9cosyst\u00e8mes<\/a> (2021-2030), sont autant d\u2019opportunit\u00e9s \u00e0 saisir pour mettre en \u0153uvre cette nouvelle approche sylvicole en r\u00e9gion tropicale.<\/p>\n<p>Cependant, aucun nouveau syst\u00e8me de sylviculture visant une production de bois durable ne saurait \u00eatre mis en place avec succ\u00e8s sans le d\u00e9ploiement de politiques volontaires et efficaces de lutte contre l\u2019exploitation ill\u00e9gale et la d\u00e9forestation, qui continuent \u00e0 fournir le march\u00e9 du bois \u00e0 moindres co\u00fbts et concurrencent tout syst\u00e8me d\u2019exploitation visant la durabilit\u00e9 \u00e0 long terme.<!-- Ci-dessous se trouve le compteur de pages de The Conversation. Veuillez ne pas l'enlever. --><img loading=\"lazy\" decoding=\"async\" style=\"border: none !important; box-shadow: none !important; margin: 0 !important; max-height: 1px !important; max-width: 1px !important; min-height: 1px !important; min-width: 1px !important; opacity: 0 !important; outline: none !important; padding: 0 !important; text-shadow: none !important;\" src=\"https:\/\/counter.theconversation.com\/content\/164637\/count.gif?distributor=republish-lightbox-basic\" alt=\"The Conversation\" width=\"1\" height=\"1\" \/><!-- Fin du code. Si vous ne voyez aucun code ci-dessus, veuillez obtenir un nouveau code dans l'onglet \u00ab Avanc\u00e9 \u00bb apr\u00e8s avoir cliqu\u00e9 sur le bouton \u00ab Republier \u00bb. Le compteur de pages ne collecte aucune donn\u00e9e personnelle. Plus d'informations : http:\/\/theconversation.com\/republishing-guidelines --><\/p>\n<p><a href=\"https:\/\/theconversation.com\/profiles\/plinio-sist-1228457\">Plinio Sist<\/a>, \u00c9cologue des for\u00eats tropicales, <em><a href=\"https:\/\/theconversation.com\/institutions\/cirad-2208\">Cirad<\/a><\/em><\/p>\n<p>Cet article est republi\u00e9 \u00e0 partir de <a href=\"https:\/\/theconversation.com\">The Conversation<\/a> sous licence Creative Commons. Lire l\u2019<a href=\"https:\/\/theconversation.com\/couper-moins-et-laisser-reposer-une-nouvelle-gestion-des-forets-tropicales-simpose-164637\">article original<\/a>.<\/p>\n<p>Photo en-t\u00eate : Transport de grumes en Amazonie br\u00e9silienne.\u00a0<span class=\"attribution\"><span class=\"source\">Plinio Sist<\/span>, <span class=\"license\">Author provided<\/span><\/span><\/p>\n","protected":false},"excerpt":{"rendered":"<p>Depuis plusieurs d\u00e9cennies, les \u00e9quipes du Cirad et leurs partenaires effectuent un suivi des for\u00eats tropicales humides pour observer leur dynamique apr\u00e8s exploitation. Les diff\u00e9rents types de for\u00eats dans le monde. Cirad Les for\u00eats tropicales humides couvrent actuellement 1070\u00a0millions d\u2019hectares (Mha) dans le monde\u00a0; plus de 90\u00a0% d\u2019entre elles se situent dans trois r\u00e9gions\u00a0: en [&hellip;]<\/p>\n","protected":false},"author":17,"featured_media":106254,"comment_status":"closed","ping_status":"closed","sticky":false,"template":"","format":"standard","meta":{"_et_pb_use_builder":"","_et_pb_old_content":"","_et_gb_content_width":"","footnotes":""},"categories":[10530,6351],"tags":[44,772],"class_list":["post-106253","post","type-post","status-publish","format-standard","has-post-thumbnail","hentry","category-actualites","category-energie-environnement","tag-bois","tag-foret"],"yoast_head":"<!-- This site is optimized with the Yoast SEO plugin v27.4 - https:\/\/yoast.com\/product\/yoast-seo-wordpress\/ -->\n<title>Couper moins et laisser reposer\u00a0: une\u00a0nouvelle gestion des for\u00eats tropicales\u00a0s\u2019impose<\/title>\n<meta name=\"robots\" content=\"index, follow, max-snippet:-1, max-image-preview:large, max-video-preview:-1\" \/>\n<link rel=\"canonical\" href=\"https:\/\/batijournal.com\/index.php\/couper-moins-et-laisser-reposer-une-nouvelle-gestion-des-forets-tropicales-simpose\/106253\/\" \/>\n<meta property=\"og:locale\" content=\"fr_FR\" \/>\n<meta property=\"og:type\" content=\"article\" \/>\n<meta property=\"og:title\" content=\"Couper moins et laisser reposer\u00a0: une\u00a0nouvelle gestion des for\u00eats tropicales\u00a0s\u2019impose\" \/>\n<meta property=\"og:description\" content=\"Depuis plusieurs d\u00e9cennies, les \u00e9quipes du Cirad et leurs partenaires effectuent un suivi des for\u00eats tropicales humides pour observer leur dynamique apr\u00e8s exploitation. Les diff\u00e9rents types de for\u00eats dans le monde. Cirad Les for\u00eats tropicales humides couvrent actuellement 1070\u00a0millions d\u2019hectares (Mha) dans le monde\u00a0; plus de 90\u00a0% d\u2019entre elles se situent dans trois r\u00e9gions\u00a0: en [&hellip;]\" \/>\n<meta property=\"og:url\" content=\"https:\/\/batijournal.com\/index.php\/couper-moins-et-laisser-reposer-une-nouvelle-gestion-des-forets-tropicales-simpose\/106253\/\" \/>\n<meta property=\"og:site_name\" content=\"Batijournal\" \/>\n<meta property=\"article:published_time\" content=\"2021-09-03T08:20:05+00:00\" \/>\n<meta property=\"article:modified_time\" content=\"2021-09-03T08:21:39+00:00\" \/>\n<meta property=\"og:image\" content=\"https:\/\/batijournal.com\/wp-content\/uploads\/2021\/09\/foret-tropicale.jpg\" \/>\n\t<meta property=\"og:image:width\" content=\"754\" \/>\n\t<meta property=\"og:image:height\" content=\"476\" \/>\n\t<meta property=\"og:image:type\" content=\"image\/jpeg\" \/>\n<meta name=\"author\" content=\"St\u00e9phane Miget\" \/>\n<meta name=\"twitter:card\" content=\"summary_large_image\" \/>\n<meta name=\"twitter:creator\" content=\"@bati_journal\" \/>\n<meta name=\"twitter:site\" content=\"@bati_journal\" \/>\n<meta name=\"twitter:label1\" content=\"\u00c9crit par\" \/>\n\t<meta name=\"twitter:data1\" content=\"St\u00e9phane Miget\" \/>\n\t<meta name=\"twitter:label2\" content=\"Dur\u00e9e de lecture estim\u00e9e\" \/>\n\t<meta name=\"twitter:data2\" content=\"8 minutes\" \/>\n<script type=\"application\/ld+json\" class=\"yoast-schema-graph\">{\"@context\":\"https:\\\/\\\/schema.org\",\"@graph\":[{\"@type\":\"Article\",\"@id\":\"https:\\\/\\\/batijournal.com\\\/index.php\\\/couper-moins-et-laisser-reposer-une-nouvelle-gestion-des-forets-tropicales-simpose\\\/106253\\\/#article\",\"isPartOf\":{\"@id\":\"https:\\\/\\\/batijournal.com\\\/index.php\\\/couper-moins-et-laisser-reposer-une-nouvelle-gestion-des-forets-tropicales-simpose\\\/106253\\\/\"},\"author\":{\"name\":\"St\u00e9phane Miget\",\"@id\":\"https:\\\/\\\/batijournal.com\\\/#\\\/schema\\\/person\\\/1dc96ec6957aa1ccb25ebe78bb19f100\"},\"headline\":\"Couper moins et laisser reposer\u00a0: une\u00a0nouvelle gestion des for\u00eats tropicales\u00a0s\u2019impose\",\"datePublished\":\"2021-09-03T08:20:05+00:00\",\"dateModified\":\"2021-09-03T08:21:39+00:00\",\"mainEntityOfPage\":{\"@id\":\"https:\\\/\\\/batijournal.com\\\/index.php\\\/couper-moins-et-laisser-reposer-une-nouvelle-gestion-des-forets-tropicales-simpose\\\/106253\\\/\"},\"wordCount\":1534,\"image\":{\"@id\":\"https:\\\/\\\/batijournal.com\\\/index.php\\\/couper-moins-et-laisser-reposer-une-nouvelle-gestion-des-forets-tropicales-simpose\\\/106253\\\/#primaryimage\"},\"thumbnailUrl\":\"https:\\\/\\\/batijournal.com\\\/wp-content\\\/uploads\\\/2021\\\/09\\\/foret-tropicale.jpg\",\"keywords\":[\"bois\",\"for\u00eat\"],\"articleSection\":[\"Actualit\u00e9s\",\"\u00c9nergie &amp; Environnement\"],\"inLanguage\":\"fr-FR\"},{\"@type\":\"WebPage\",\"@id\":\"https:\\\/\\\/batijournal.com\\\/index.php\\\/couper-moins-et-laisser-reposer-une-nouvelle-gestion-des-forets-tropicales-simpose\\\/106253\\\/\",\"url\":\"https:\\\/\\\/batijournal.com\\\/index.php\\\/couper-moins-et-laisser-reposer-une-nouvelle-gestion-des-forets-tropicales-simpose\\\/106253\\\/\",\"name\":\"Couper moins et laisser reposer\u00a0: une\u00a0nouvelle gestion des for\u00eats tropicales\u00a0s\u2019impose\",\"isPartOf\":{\"@id\":\"https:\\\/\\\/batijournal.com\\\/#website\"},\"primaryImageOfPage\":{\"@id\":\"https:\\\/\\\/batijournal.com\\\/index.php\\\/couper-moins-et-laisser-reposer-une-nouvelle-gestion-des-forets-tropicales-simpose\\\/106253\\\/#primaryimage\"},\"image\":{\"@id\":\"https:\\\/\\\/batijournal.com\\\/index.php\\\/couper-moins-et-laisser-reposer-une-nouvelle-gestion-des-forets-tropicales-simpose\\\/106253\\\/#primaryimage\"},\"thumbnailUrl\":\"https:\\\/\\\/batijournal.com\\\/wp-content\\\/uploads\\\/2021\\\/09\\\/foret-tropicale.jpg\",\"datePublished\":\"2021-09-03T08:20:05+00:00\",\"dateModified\":\"2021-09-03T08:21:39+00:00\",\"author\":{\"@id\":\"https:\\\/\\\/batijournal.com\\\/#\\\/schema\\\/person\\\/1dc96ec6957aa1ccb25ebe78bb19f100\"},\"breadcrumb\":{\"@id\":\"https:\\\/\\\/batijournal.com\\\/index.php\\\/couper-moins-et-laisser-reposer-une-nouvelle-gestion-des-forets-tropicales-simpose\\\/106253\\\/#breadcrumb\"},\"inLanguage\":\"fr-FR\",\"potentialAction\":[{\"@type\":\"ReadAction\",\"target\":[\"https:\\\/\\\/batijournal.com\\\/index.php\\\/couper-moins-et-laisser-reposer-une-nouvelle-gestion-des-forets-tropicales-simpose\\\/106253\\\/\"]}]},{\"@type\":\"ImageObject\",\"inLanguage\":\"fr-FR\",\"@id\":\"https:\\\/\\\/batijournal.com\\\/index.php\\\/couper-moins-et-laisser-reposer-une-nouvelle-gestion-des-forets-tropicales-simpose\\\/106253\\\/#primaryimage\",\"url\":\"https:\\\/\\\/batijournal.com\\\/wp-content\\\/uploads\\\/2021\\\/09\\\/foret-tropicale.jpg\",\"contentUrl\":\"https:\\\/\\\/batijournal.com\\\/wp-content\\\/uploads\\\/2021\\\/09\\\/foret-tropicale.jpg\",\"width\":754,\"height\":476},{\"@type\":\"BreadcrumbList\",\"@id\":\"https:\\\/\\\/batijournal.com\\\/index.php\\\/couper-moins-et-laisser-reposer-une-nouvelle-gestion-des-forets-tropicales-simpose\\\/106253\\\/#breadcrumb\",\"itemListElement\":[{\"@type\":\"ListItem\",\"position\":1,\"name\":\"Accueil\",\"item\":\"https:\\\/\\\/batijournal.com\\\/\"},{\"@type\":\"ListItem\",\"position\":2,\"name\":\"Actualit\u00e9s\",\"item\":\"https:\\\/\\\/batijournal.com\\\/index.php\\\/category\\\/actualites\\\/\"},{\"@type\":\"ListItem\",\"position\":3,\"name\":\"\u00c9nergie &amp; Environnement\",\"item\":\"https:\\\/\\\/batijournal.com\\\/index.php\\\/category\\\/actualites\\\/energie-environnement\\\/\"},{\"@type\":\"ListItem\",\"position\":4,\"name\":\"Couper moins et laisser reposer\u00a0: une\u00a0nouvelle gestion des for\u00eats tropicales\u00a0s\u2019impose\"}]},{\"@type\":\"WebSite\",\"@id\":\"https:\\\/\\\/batijournal.com\\\/#website\",\"url\":\"https:\\\/\\\/batijournal.com\\\/\",\"name\":\"Batijournal\",\"description\":\"L&#039;actualit\u00e9 du b\u00e2timent\",\"potentialAction\":[{\"@type\":\"SearchAction\",\"target\":{\"@type\":\"EntryPoint\",\"urlTemplate\":\"https:\\\/\\\/batijournal.com\\\/?s={search_term_string}\"},\"query-input\":{\"@type\":\"PropertyValueSpecification\",\"valueRequired\":true,\"valueName\":\"search_term_string\"}}],\"inLanguage\":\"fr-FR\"},{\"@type\":\"Person\",\"@id\":\"https:\\\/\\\/batijournal.com\\\/#\\\/schema\\\/person\\\/1dc96ec6957aa1ccb25ebe78bb19f100\",\"name\":\"St\u00e9phane Miget\",\"image\":{\"@type\":\"ImageObject\",\"inLanguage\":\"fr-FR\",\"@id\":\"https:\\\/\\\/secure.gravatar.com\\\/avatar\\\/89915563d925342126b8ef0281b93d9d7fc337043e8df017f780908eb9644451?s=96&d=mm&r=g\",\"url\":\"https:\\\/\\\/secure.gravatar.com\\\/avatar\\\/89915563d925342126b8ef0281b93d9d7fc337043e8df017f780908eb9644451?s=96&d=mm&r=g\",\"contentUrl\":\"https:\\\/\\\/secure.gravatar.com\\\/avatar\\\/89915563d925342126b8ef0281b93d9d7fc337043e8df017f780908eb9644451?s=96&d=mm&r=g\",\"caption\":\"St\u00e9phane Miget\"},\"url\":\"https:\\\/\\\/batijournal.com\\\/index.php\\\/author\\\/stephane\\\/\"}]}<\/script>\n<!-- \/ Yoast SEO plugin. -->","yoast_head_json":{"title":"Couper moins et laisser reposer\u00a0: une\u00a0nouvelle gestion des for\u00eats tropicales\u00a0s\u2019impose","robots":{"index":"index","follow":"follow","max-snippet":"max-snippet:-1","max-image-preview":"max-image-preview:large","max-video-preview":"max-video-preview:-1"},"canonical":"https:\/\/batijournal.com\/index.php\/couper-moins-et-laisser-reposer-une-nouvelle-gestion-des-forets-tropicales-simpose\/106253\/","og_locale":"fr_FR","og_type":"article","og_title":"Couper moins et laisser reposer\u00a0: une\u00a0nouvelle gestion des for\u00eats tropicales\u00a0s\u2019impose","og_description":"Depuis plusieurs d\u00e9cennies, les \u00e9quipes du Cirad et leurs partenaires effectuent un suivi des for\u00eats tropicales humides pour observer leur dynamique apr\u00e8s exploitation. Les diff\u00e9rents types de for\u00eats dans le monde. Cirad Les for\u00eats tropicales humides couvrent actuellement 1070\u00a0millions d\u2019hectares (Mha) dans le monde\u00a0; plus de 90\u00a0% d\u2019entre elles se situent dans trois r\u00e9gions\u00a0: en [&hellip;]","og_url":"https:\/\/batijournal.com\/index.php\/couper-moins-et-laisser-reposer-une-nouvelle-gestion-des-forets-tropicales-simpose\/106253\/","og_site_name":"Batijournal","article_published_time":"2021-09-03T08:20:05+00:00","article_modified_time":"2021-09-03T08:21:39+00:00","og_image":[{"width":754,"height":476,"url":"https:\/\/batijournal.com\/wp-content\/uploads\/2021\/09\/foret-tropicale.jpg","type":"image\/jpeg"}],"author":"St\u00e9phane Miget","twitter_card":"summary_large_image","twitter_creator":"@bati_journal","twitter_site":"@bati_journal","twitter_misc":{"\u00c9crit par":"St\u00e9phane Miget","Dur\u00e9e de lecture estim\u00e9e":"8 minutes"},"schema":{"@context":"https:\/\/schema.org","@graph":[{"@type":"Article","@id":"https:\/\/batijournal.com\/index.php\/couper-moins-et-laisser-reposer-une-nouvelle-gestion-des-forets-tropicales-simpose\/106253\/#article","isPartOf":{"@id":"https:\/\/batijournal.com\/index.php\/couper-moins-et-laisser-reposer-une-nouvelle-gestion-des-forets-tropicales-simpose\/106253\/"},"author":{"name":"St\u00e9phane Miget","@id":"https:\/\/batijournal.com\/#\/schema\/person\/1dc96ec6957aa1ccb25ebe78bb19f100"},"headline":"Couper moins et laisser reposer\u00a0: une\u00a0nouvelle gestion des for\u00eats tropicales\u00a0s\u2019impose","datePublished":"2021-09-03T08:20:05+00:00","dateModified":"2021-09-03T08:21:39+00:00","mainEntityOfPage":{"@id":"https:\/\/batijournal.com\/index.php\/couper-moins-et-laisser-reposer-une-nouvelle-gestion-des-forets-tropicales-simpose\/106253\/"},"wordCount":1534,"image":{"@id":"https:\/\/batijournal.com\/index.php\/couper-moins-et-laisser-reposer-une-nouvelle-gestion-des-forets-tropicales-simpose\/106253\/#primaryimage"},"thumbnailUrl":"https:\/\/batijournal.com\/wp-content\/uploads\/2021\/09\/foret-tropicale.jpg","keywords":["bois","for\u00eat"],"articleSection":["Actualit\u00e9s","\u00c9nergie &amp; Environnement"],"inLanguage":"fr-FR"},{"@type":"WebPage","@id":"https:\/\/batijournal.com\/index.php\/couper-moins-et-laisser-reposer-une-nouvelle-gestion-des-forets-tropicales-simpose\/106253\/","url":"https:\/\/batijournal.com\/index.php\/couper-moins-et-laisser-reposer-une-nouvelle-gestion-des-forets-tropicales-simpose\/106253\/","name":"Couper moins et laisser reposer\u00a0: une\u00a0nouvelle gestion des for\u00eats tropicales\u00a0s\u2019impose","isPartOf":{"@id":"https:\/\/batijournal.com\/#website"},"primaryImageOfPage":{"@id":"https:\/\/batijournal.com\/index.php\/couper-moins-et-laisser-reposer-une-nouvelle-gestion-des-forets-tropicales-simpose\/106253\/#primaryimage"},"image":{"@id":"https:\/\/batijournal.com\/index.php\/couper-moins-et-laisser-reposer-une-nouvelle-gestion-des-forets-tropicales-simpose\/106253\/#primaryimage"},"thumbnailUrl":"https:\/\/batijournal.com\/wp-content\/uploads\/2021\/09\/foret-tropicale.jpg","datePublished":"2021-09-03T08:20:05+00:00","dateModified":"2021-09-03T08:21:39+00:00","author":{"@id":"https:\/\/batijournal.com\/#\/schema\/person\/1dc96ec6957aa1ccb25ebe78bb19f100"},"breadcrumb":{"@id":"https:\/\/batijournal.com\/index.php\/couper-moins-et-laisser-reposer-une-nouvelle-gestion-des-forets-tropicales-simpose\/106253\/#breadcrumb"},"inLanguage":"fr-FR","potentialAction":[{"@type":"ReadAction","target":["https:\/\/batijournal.com\/index.php\/couper-moins-et-laisser-reposer-une-nouvelle-gestion-des-forets-tropicales-simpose\/106253\/"]}]},{"@type":"ImageObject","inLanguage":"fr-FR","@id":"https:\/\/batijournal.com\/index.php\/couper-moins-et-laisser-reposer-une-nouvelle-gestion-des-forets-tropicales-simpose\/106253\/#primaryimage","url":"https:\/\/batijournal.com\/wp-content\/uploads\/2021\/09\/foret-tropicale.jpg","contentUrl":"https:\/\/batijournal.com\/wp-content\/uploads\/2021\/09\/foret-tropicale.jpg","width":754,"height":476},{"@type":"BreadcrumbList","@id":"https:\/\/batijournal.com\/index.php\/couper-moins-et-laisser-reposer-une-nouvelle-gestion-des-forets-tropicales-simpose\/106253\/#breadcrumb","itemListElement":[{"@type":"ListItem","position":1,"name":"Accueil","item":"https:\/\/batijournal.com\/"},{"@type":"ListItem","position":2,"name":"Actualit\u00e9s","item":"https:\/\/batijournal.com\/index.php\/category\/actualites\/"},{"@type":"ListItem","position":3,"name":"\u00c9nergie &amp; Environnement","item":"https:\/\/batijournal.com\/index.php\/category\/actualites\/energie-environnement\/"},{"@type":"ListItem","position":4,"name":"Couper moins et laisser reposer\u00a0: une\u00a0nouvelle gestion des for\u00eats tropicales\u00a0s\u2019impose"}]},{"@type":"WebSite","@id":"https:\/\/batijournal.com\/#website","url":"https:\/\/batijournal.com\/","name":"Batijournal","description":"L&#039;actualit\u00e9 du b\u00e2timent","potentialAction":[{"@type":"SearchAction","target":{"@type":"EntryPoint","urlTemplate":"https:\/\/batijournal.com\/?s={search_term_string}"},"query-input":{"@type":"PropertyValueSpecification","valueRequired":true,"valueName":"search_term_string"}}],"inLanguage":"fr-FR"},{"@type":"Person","@id":"https:\/\/batijournal.com\/#\/schema\/person\/1dc96ec6957aa1ccb25ebe78bb19f100","name":"St\u00e9phane Miget","image":{"@type":"ImageObject","inLanguage":"fr-FR","@id":"https:\/\/secure.gravatar.com\/avatar\/89915563d925342126b8ef0281b93d9d7fc337043e8df017f780908eb9644451?s=96&d=mm&r=g","url":"https:\/\/secure.gravatar.com\/avatar\/89915563d925342126b8ef0281b93d9d7fc337043e8df017f780908eb9644451?s=96&d=mm&r=g","contentUrl":"https:\/\/secure.gravatar.com\/avatar\/89915563d925342126b8ef0281b93d9d7fc337043e8df017f780908eb9644451?s=96&d=mm&r=g","caption":"St\u00e9phane Miget"},"url":"https:\/\/batijournal.com\/index.php\/author\/stephane\/"}]}},"_links":{"self":[{"href":"https:\/\/batijournal.com\/index.php\/wp-json\/wp\/v2\/posts\/106253","targetHints":{"allow":["GET"]}}],"collection":[{"href":"https:\/\/batijournal.com\/index.php\/wp-json\/wp\/v2\/posts"}],"about":[{"href":"https:\/\/batijournal.com\/index.php\/wp-json\/wp\/v2\/types\/post"}],"author":[{"embeddable":true,"href":"https:\/\/batijournal.com\/index.php\/wp-json\/wp\/v2\/users\/17"}],"replies":[{"embeddable":true,"href":"https:\/\/batijournal.com\/index.php\/wp-json\/wp\/v2\/comments?post=106253"}],"version-history":[{"count":0,"href":"https:\/\/batijournal.com\/index.php\/wp-json\/wp\/v2\/posts\/106253\/revisions"}],"wp:featuredmedia":[{"embeddable":true,"href":"https:\/\/batijournal.com\/index.php\/wp-json\/wp\/v2\/media\/106254"}],"wp:attachment":[{"href":"https:\/\/batijournal.com\/index.php\/wp-json\/wp\/v2\/media?parent=106253"}],"wp:term":[{"taxonomy":"category","embeddable":true,"href":"https:\/\/batijournal.com\/index.php\/wp-json\/wp\/v2\/categories?post=106253"},{"taxonomy":"post_tag","embeddable":true,"href":"https:\/\/batijournal.com\/index.php\/wp-json\/wp\/v2\/tags?post=106253"}],"curies":[{"name":"wp","href":"https:\/\/api.w.org\/{rel}","templated":true}]}}