{"id":106267,"date":"2021-09-08T17:05:15","date_gmt":"2021-09-08T15:05:15","guid":{"rendered":"https:\/\/batijournal.com\/?p=106267"},"modified":"2021-09-08T17:05:15","modified_gmt":"2021-09-08T15:05:15","slug":"traces-du-haut-moyen-age-et-de-la-seconde-guerre-mises-en-evidence-a-bondoufle","status":"publish","type":"post","link":"https:\/\/batijournal.com\/index.php\/traces-du-haut-moyen-age-et-de-la-seconde-guerre-mises-en-evidence-a-bondoufle\/106267\/","title":{"rendered":"Traces du Haut Moyen \u00c2ge et de la Seconde Guerre mises en \u00e9vidence \u00e0 Bondoufle"},"content":{"rendered":"<p>Pr\u00e9alablement aux projets de Grand Paris Am\u00e9nagement \u00e0 Bondoufle (Essonne), l\u2019Inrap fouille, sur prescription de la Drac \u00cele-de-France une parcelle d\u2019environ un hectare et demi. Les recherches actuelles ont d\u00e9but\u00e9 en avril et vont s\u2019achever. Sur le site, les arch\u00e9ologues ont mis au jour l\u2019emplacement des poteaux de cabanes carolingiennes, le sol semi-enterr\u00e9 de ces ateliers et des fours culinaires dont un, situ\u00e9 \u00e0 c\u00f4t\u00e9 d\u2019une mare avec son aire de chauffe, pr\u00e9sente un tr\u00e8s bon \u00e9tat de conservation. La mesure de la r\u00e9sistivit\u00e9 magn\u00e9tique du sol et de ses composantes permet a permis de rep\u00e9rer des points de forte concentration de battitures (\u00e9clats de fer, fait de battre le fer lorsqu\u2019il est chaud) qui t\u00e9moignent de la pr\u00e9sence d\u2019une enclume en pierre \u00e0 proximit\u00e9, outil du forgeron. D\u00e8s le d\u00e9but du Moyen-\u00c2ge, la plupart des habitants des campagnes disposent en effet d\u2019une forge pour fabriquer ou r\u00e9parer des objets. Des fosses contenant des scories (100 kg sur l\u2019une), des r\u00e9sidus d\u2019activit\u00e9s de forge, confirment qu\u2019il devait s\u2019agir d\u2019une activit\u00e9 professionnelle \u00e9ventuellement accompagn\u00e9e d\u2019un point de vente.<\/p>\n<p>Pour la p\u00e9riode contemporaine, des soutes \u00e0 munitions au service d\u2019un canon de DCA qui date de la seconde guerre mondiale sont pr\u00e9sentes sur le chantier. L\u2019a\u00e9rodrome de Br\u00e9tigny-sur-Orge, alors r\u00e9quisitionn\u00e9, est \u00e0 proximit\u00e9 du site et \u00e9tait une base de bombardiers. Un peu plus loin, au sein d\u2019une autre construction, du mobilier de toilette allemand a \u00e9galement \u00e9t\u00e9 retrouv\u00e9.<\/p>\n<p>Photo : Exemples de trous de poteau \u00a9 Sol\u00e8ne Bonleu, Inrap<\/p>\n<p>&nbsp;<\/p>\n","protected":false},"excerpt":{"rendered":"<p>Pr\u00e9alablement aux projets de Grand Paris Am\u00e9nagement \u00e0 Bondoufle (Essonne), l\u2019Inrap fouille, sur prescription de la Drac \u00cele-de-France une parcelle d\u2019environ un hectare et demi. Les recherches actuelles ont d\u00e9but\u00e9 en avril et vont s\u2019achever. Sur le site, les arch\u00e9ologues ont mis au jour l\u2019emplacement des poteaux de cabanes carolingiennes, le sol semi-enterr\u00e9 de ces [&hellip;]<\/p>\n","protected":false},"author":17,"featured_media":106268,"comment_status":"closed","ping_status":"closed","sticky":false,"template":"","format":"standard","meta":{"_et_pb_use_builder":"","_et_pb_old_content":"","_et_gb_content_width":"","footnotes":""},"categories":[10530,6362,10789,10785],"tags":[12875,6454],"class_list":["post-106267","post","type-post","status-publish","format-standard","has-post-thumbnail","hentry","category-actualites","category-services-equipements","category-publications-atrium","category-atrium","tag-archeologie","tag-inrap"],"yoast_head":"<!-- This site is optimized with the Yoast SEO plugin v27.4 - https:\/\/yoast.com\/product\/yoast-seo-wordpress\/ -->\n<title>Traces du Haut Moyen \u00c2ge et de la Seconde Guerre mises en \u00e9vidence \u00e0 Bondoufle<\/title>\n<meta name=\"robots\" content=\"index, follow, max-snippet:-1, max-image-preview:large, max-video-preview:-1\" \/>\n<link rel=\"canonical\" href=\"https:\/\/batijournal.com\/index.php\/traces-du-haut-moyen-age-et-de-la-seconde-guerre-mises-en-evidence-a-bondoufle\/106267\/\" \/>\n<meta property=\"og:locale\" content=\"fr_FR\" \/>\n<meta property=\"og:type\" content=\"article\" \/>\n<meta property=\"og:title\" content=\"Traces du Haut Moyen \u00c2ge et de la Seconde Guerre mises en \u00e9vidence \u00e0 Bondoufle\" \/>\n<meta property=\"og:description\" content=\"Pr\u00e9alablement aux projets de Grand Paris Am\u00e9nagement \u00e0 Bondoufle (Essonne), l\u2019Inrap fouille, sur prescription de la Drac \u00cele-de-France une parcelle d\u2019environ un hectare et demi. Les recherches actuelles ont d\u00e9but\u00e9 en avril et vont s\u2019achever. Sur le site, les arch\u00e9ologues ont mis au jour l\u2019emplacement des poteaux de cabanes carolingiennes, le sol semi-enterr\u00e9 de ces [&hellip;]\" \/>\n<meta property=\"og:url\" content=\"https:\/\/batijournal.com\/index.php\/traces-du-haut-moyen-age-et-de-la-seconde-guerre-mises-en-evidence-a-bondoufle\/106267\/\" \/>\n<meta property=\"og:site_name\" content=\"Batijournal\" \/>\n<meta property=\"article:published_time\" content=\"2021-09-08T15:05:15+00:00\" \/>\n<meta property=\"og:image\" content=\"https:\/\/batijournal.com\/wp-content\/uploads\/2021\/09\/solene-bonleu-inrap.jpg\" \/>\n\t<meta property=\"og:image:width\" content=\"825\" \/>\n\t<meta property=\"og:image:height\" content=\"550\" \/>\n\t<meta property=\"og:image:type\" content=\"image\/jpeg\" \/>\n<meta name=\"author\" content=\"St\u00e9phane Miget\" \/>\n<meta name=\"twitter:card\" content=\"summary_large_image\" \/>\n<meta name=\"twitter:creator\" content=\"@bati_journal\" \/>\n<meta name=\"twitter:site\" content=\"@bati_journal\" \/>\n<meta name=\"twitter:label1\" content=\"\u00c9crit par\" \/>\n\t<meta name=\"twitter:data1\" content=\"St\u00e9phane Miget\" \/>\n\t<meta name=\"twitter:label2\" content=\"Dur\u00e9e de lecture estim\u00e9e\" \/>\n\t<meta name=\"twitter:data2\" content=\"1 minute\" \/>\n<script type=\"application\/ld+json\" class=\"yoast-schema-graph\">{\"@context\":\"https:\\\/\\\/schema.org\",\"@graph\":[{\"@type\":\"Article\",\"@id\":\"https:\\\/\\\/batijournal.com\\\/index.php\\\/traces-du-haut-moyen-age-et-de-la-seconde-guerre-mises-en-evidence-a-bondoufle\\\/106267\\\/#article\",\"isPartOf\":{\"@id\":\"https:\\\/\\\/batijournal.com\\\/index.php\\\/traces-du-haut-moyen-age-et-de-la-seconde-guerre-mises-en-evidence-a-bondoufle\\\/106267\\\/\"},\"author\":{\"name\":\"St\u00e9phane Miget\",\"@id\":\"https:\\\/\\\/batijournal.com\\\/#\\\/schema\\\/person\\\/1dc96ec6957aa1ccb25ebe78bb19f100\"},\"headline\":\"Traces du Haut Moyen \u00c2ge et de la Seconde Guerre mises en \u00e9vidence \u00e0 Bondoufle\",\"datePublished\":\"2021-09-08T15:05:15+00:00\",\"mainEntityOfPage\":{\"@id\":\"https:\\\/\\\/batijournal.com\\\/index.php\\\/traces-du-haut-moyen-age-et-de-la-seconde-guerre-mises-en-evidence-a-bondoufle\\\/106267\\\/\"},\"wordCount\":297,\"image\":{\"@id\":\"https:\\\/\\\/batijournal.com\\\/index.php\\\/traces-du-haut-moyen-age-et-de-la-seconde-guerre-mises-en-evidence-a-bondoufle\\\/106267\\\/#primaryimage\"},\"thumbnailUrl\":\"https:\\\/\\\/batijournal.com\\\/wp-content\\\/uploads\\\/2021\\\/09\\\/solene-bonleu-inrap.jpg\",\"keywords\":[\"arch\u00e9ologie\",\"inrap\"],\"articleSection\":[\"Actualit\u00e9s\",\"Divers\",\"zz_Actualit\u00e9s - Atrium\",\"zz_Atrium Patrimoine\"],\"inLanguage\":\"fr-FR\"},{\"@type\":\"WebPage\",\"@id\":\"https:\\\/\\\/batijournal.com\\\/index.php\\\/traces-du-haut-moyen-age-et-de-la-seconde-guerre-mises-en-evidence-a-bondoufle\\\/106267\\\/\",\"url\":\"https:\\\/\\\/batijournal.com\\\/index.php\\\/traces-du-haut-moyen-age-et-de-la-seconde-guerre-mises-en-evidence-a-bondoufle\\\/106267\\\/\",\"name\":\"Traces du Haut Moyen \u00c2ge et de la Seconde Guerre mises en \u00e9vidence \u00e0 Bondoufle\",\"isPartOf\":{\"@id\":\"https:\\\/\\\/batijournal.com\\\/#website\"},\"primaryImageOfPage\":{\"@id\":\"https:\\\/\\\/batijournal.com\\\/index.php\\\/traces-du-haut-moyen-age-et-de-la-seconde-guerre-mises-en-evidence-a-bondoufle\\\/106267\\\/#primaryimage\"},\"image\":{\"@id\":\"https:\\\/\\\/batijournal.com\\\/index.php\\\/traces-du-haut-moyen-age-et-de-la-seconde-guerre-mises-en-evidence-a-bondoufle\\\/106267\\\/#primaryimage\"},\"thumbnailUrl\":\"https:\\\/\\\/batijournal.com\\\/wp-content\\\/uploads\\\/2021\\\/09\\\/solene-bonleu-inrap.jpg\",\"datePublished\":\"2021-09-08T15:05:15+00:00\",\"author\":{\"@id\":\"https:\\\/\\\/batijournal.com\\\/#\\\/schema\\\/person\\\/1dc96ec6957aa1ccb25ebe78bb19f100\"},\"breadcrumb\":{\"@id\":\"https:\\\/\\\/batijournal.com\\\/index.php\\\/traces-du-haut-moyen-age-et-de-la-seconde-guerre-mises-en-evidence-a-bondoufle\\\/106267\\\/#breadcrumb\"},\"inLanguage\":\"fr-FR\",\"potentialAction\":[{\"@type\":\"ReadAction\",\"target\":[\"https:\\\/\\\/batijournal.com\\\/index.php\\\/traces-du-haut-moyen-age-et-de-la-seconde-guerre-mises-en-evidence-a-bondoufle\\\/106267\\\/\"]}]},{\"@type\":\"ImageObject\",\"inLanguage\":\"fr-FR\",\"@id\":\"https:\\\/\\\/batijournal.com\\\/index.php\\\/traces-du-haut-moyen-age-et-de-la-seconde-guerre-mises-en-evidence-a-bondoufle\\\/106267\\\/#primaryimage\",\"url\":\"https:\\\/\\\/batijournal.com\\\/wp-content\\\/uploads\\\/2021\\\/09\\\/solene-bonleu-inrap.jpg\",\"contentUrl\":\"https:\\\/\\\/batijournal.com\\\/wp-content\\\/uploads\\\/2021\\\/09\\\/solene-bonleu-inrap.jpg\",\"width\":825,\"height\":550},{\"@type\":\"BreadcrumbList\",\"@id\":\"https:\\\/\\\/batijournal.com\\\/index.php\\\/traces-du-haut-moyen-age-et-de-la-seconde-guerre-mises-en-evidence-a-bondoufle\\\/106267\\\/#breadcrumb\",\"itemListElement\":[{\"@type\":\"ListItem\",\"position\":1,\"name\":\"Accueil\",\"item\":\"https:\\\/\\\/batijournal.com\\\/\"},{\"@type\":\"ListItem\",\"position\":2,\"name\":\"Actualit\u00e9s\",\"item\":\"https:\\\/\\\/batijournal.com\\\/index.php\\\/category\\\/actualites\\\/\"},{\"@type\":\"ListItem\",\"position\":3,\"name\":\"Divers\",\"item\":\"https:\\\/\\\/batijournal.com\\\/index.php\\\/category\\\/actualites\\\/services-equipements\\\/\"},{\"@type\":\"ListItem\",\"position\":4,\"name\":\"Traces du Haut Moyen \u00c2ge et de la Seconde Guerre mises en \u00e9vidence \u00e0 Bondoufle\"}]},{\"@type\":\"WebSite\",\"@id\":\"https:\\\/\\\/batijournal.com\\\/#website\",\"url\":\"https:\\\/\\\/batijournal.com\\\/\",\"name\":\"Batijournal\",\"description\":\"L&#039;actualit\u00e9 du b\u00e2timent\",\"potentialAction\":[{\"@type\":\"SearchAction\",\"target\":{\"@type\":\"EntryPoint\",\"urlTemplate\":\"https:\\\/\\\/batijournal.com\\\/?s={search_term_string}\"},\"query-input\":{\"@type\":\"PropertyValueSpecification\",\"valueRequired\":true,\"valueName\":\"search_term_string\"}}],\"inLanguage\":\"fr-FR\"},{\"@type\":\"Person\",\"@id\":\"https:\\\/\\\/batijournal.com\\\/#\\\/schema\\\/person\\\/1dc96ec6957aa1ccb25ebe78bb19f100\",\"name\":\"St\u00e9phane Miget\",\"image\":{\"@type\":\"ImageObject\",\"inLanguage\":\"fr-FR\",\"@id\":\"https:\\\/\\\/secure.gravatar.com\\\/avatar\\\/89915563d925342126b8ef0281b93d9d7fc337043e8df017f780908eb9644451?s=96&d=mm&r=g\",\"url\":\"https:\\\/\\\/secure.gravatar.com\\\/avatar\\\/89915563d925342126b8ef0281b93d9d7fc337043e8df017f780908eb9644451?s=96&d=mm&r=g\",\"contentUrl\":\"https:\\\/\\\/secure.gravatar.com\\\/avatar\\\/89915563d925342126b8ef0281b93d9d7fc337043e8df017f780908eb9644451?s=96&d=mm&r=g\",\"caption\":\"St\u00e9phane Miget\"},\"url\":\"https:\\\/\\\/batijournal.com\\\/index.php\\\/author\\\/stephane\\\/\"}]}<\/script>\n<!-- \/ Yoast SEO plugin. -->","yoast_head_json":{"title":"Traces du Haut Moyen \u00c2ge et de la Seconde Guerre mises en \u00e9vidence \u00e0 Bondoufle","robots":{"index":"index","follow":"follow","max-snippet":"max-snippet:-1","max-image-preview":"max-image-preview:large","max-video-preview":"max-video-preview:-1"},"canonical":"https:\/\/batijournal.com\/index.php\/traces-du-haut-moyen-age-et-de-la-seconde-guerre-mises-en-evidence-a-bondoufle\/106267\/","og_locale":"fr_FR","og_type":"article","og_title":"Traces du Haut Moyen \u00c2ge et de la Seconde Guerre mises en \u00e9vidence \u00e0 Bondoufle","og_description":"Pr\u00e9alablement aux projets de Grand Paris Am\u00e9nagement \u00e0 Bondoufle (Essonne), l\u2019Inrap fouille, sur prescription de la Drac \u00cele-de-France une parcelle d\u2019environ un hectare et demi. Les recherches actuelles ont d\u00e9but\u00e9 en avril et vont s\u2019achever. Sur le site, les arch\u00e9ologues ont mis au jour l\u2019emplacement des poteaux de cabanes carolingiennes, le sol semi-enterr\u00e9 de ces [&hellip;]","og_url":"https:\/\/batijournal.com\/index.php\/traces-du-haut-moyen-age-et-de-la-seconde-guerre-mises-en-evidence-a-bondoufle\/106267\/","og_site_name":"Batijournal","article_published_time":"2021-09-08T15:05:15+00:00","og_image":[{"width":825,"height":550,"url":"https:\/\/batijournal.com\/wp-content\/uploads\/2021\/09\/solene-bonleu-inrap.jpg","type":"image\/jpeg"}],"author":"St\u00e9phane Miget","twitter_card":"summary_large_image","twitter_creator":"@bati_journal","twitter_site":"@bati_journal","twitter_misc":{"\u00c9crit par":"St\u00e9phane Miget","Dur\u00e9e de lecture estim\u00e9e":"1 minute"},"schema":{"@context":"https:\/\/schema.org","@graph":[{"@type":"Article","@id":"https:\/\/batijournal.com\/index.php\/traces-du-haut-moyen-age-et-de-la-seconde-guerre-mises-en-evidence-a-bondoufle\/106267\/#article","isPartOf":{"@id":"https:\/\/batijournal.com\/index.php\/traces-du-haut-moyen-age-et-de-la-seconde-guerre-mises-en-evidence-a-bondoufle\/106267\/"},"author":{"name":"St\u00e9phane Miget","@id":"https:\/\/batijournal.com\/#\/schema\/person\/1dc96ec6957aa1ccb25ebe78bb19f100"},"headline":"Traces du Haut Moyen \u00c2ge et de la Seconde Guerre mises en \u00e9vidence \u00e0 Bondoufle","datePublished":"2021-09-08T15:05:15+00:00","mainEntityOfPage":{"@id":"https:\/\/batijournal.com\/index.php\/traces-du-haut-moyen-age-et-de-la-seconde-guerre-mises-en-evidence-a-bondoufle\/106267\/"},"wordCount":297,"image":{"@id":"https:\/\/batijournal.com\/index.php\/traces-du-haut-moyen-age-et-de-la-seconde-guerre-mises-en-evidence-a-bondoufle\/106267\/#primaryimage"},"thumbnailUrl":"https:\/\/batijournal.com\/wp-content\/uploads\/2021\/09\/solene-bonleu-inrap.jpg","keywords":["arch\u00e9ologie","inrap"],"articleSection":["Actualit\u00e9s","Divers","zz_Actualit\u00e9s - Atrium","zz_Atrium Patrimoine"],"inLanguage":"fr-FR"},{"@type":"WebPage","@id":"https:\/\/batijournal.com\/index.php\/traces-du-haut-moyen-age-et-de-la-seconde-guerre-mises-en-evidence-a-bondoufle\/106267\/","url":"https:\/\/batijournal.com\/index.php\/traces-du-haut-moyen-age-et-de-la-seconde-guerre-mises-en-evidence-a-bondoufle\/106267\/","name":"Traces du Haut Moyen \u00c2ge et de la Seconde Guerre mises en \u00e9vidence \u00e0 Bondoufle","isPartOf":{"@id":"https:\/\/batijournal.com\/#website"},"primaryImageOfPage":{"@id":"https:\/\/batijournal.com\/index.php\/traces-du-haut-moyen-age-et-de-la-seconde-guerre-mises-en-evidence-a-bondoufle\/106267\/#primaryimage"},"image":{"@id":"https:\/\/batijournal.com\/index.php\/traces-du-haut-moyen-age-et-de-la-seconde-guerre-mises-en-evidence-a-bondoufle\/106267\/#primaryimage"},"thumbnailUrl":"https:\/\/batijournal.com\/wp-content\/uploads\/2021\/09\/solene-bonleu-inrap.jpg","datePublished":"2021-09-08T15:05:15+00:00","author":{"@id":"https:\/\/batijournal.com\/#\/schema\/person\/1dc96ec6957aa1ccb25ebe78bb19f100"},"breadcrumb":{"@id":"https:\/\/batijournal.com\/index.php\/traces-du-haut-moyen-age-et-de-la-seconde-guerre-mises-en-evidence-a-bondoufle\/106267\/#breadcrumb"},"inLanguage":"fr-FR","potentialAction":[{"@type":"ReadAction","target":["https:\/\/batijournal.com\/index.php\/traces-du-haut-moyen-age-et-de-la-seconde-guerre-mises-en-evidence-a-bondoufle\/106267\/"]}]},{"@type":"ImageObject","inLanguage":"fr-FR","@id":"https:\/\/batijournal.com\/index.php\/traces-du-haut-moyen-age-et-de-la-seconde-guerre-mises-en-evidence-a-bondoufle\/106267\/#primaryimage","url":"https:\/\/batijournal.com\/wp-content\/uploads\/2021\/09\/solene-bonleu-inrap.jpg","contentUrl":"https:\/\/batijournal.com\/wp-content\/uploads\/2021\/09\/solene-bonleu-inrap.jpg","width":825,"height":550},{"@type":"BreadcrumbList","@id":"https:\/\/batijournal.com\/index.php\/traces-du-haut-moyen-age-et-de-la-seconde-guerre-mises-en-evidence-a-bondoufle\/106267\/#breadcrumb","itemListElement":[{"@type":"ListItem","position":1,"name":"Accueil","item":"https:\/\/batijournal.com\/"},{"@type":"ListItem","position":2,"name":"Actualit\u00e9s","item":"https:\/\/batijournal.com\/index.php\/category\/actualites\/"},{"@type":"ListItem","position":3,"name":"Divers","item":"https:\/\/batijournal.com\/index.php\/category\/actualites\/services-equipements\/"},{"@type":"ListItem","position":4,"name":"Traces du Haut Moyen \u00c2ge et de la Seconde Guerre mises en \u00e9vidence \u00e0 Bondoufle"}]},{"@type":"WebSite","@id":"https:\/\/batijournal.com\/#website","url":"https:\/\/batijournal.com\/","name":"Batijournal","description":"L&#039;actualit\u00e9 du b\u00e2timent","potentialAction":[{"@type":"SearchAction","target":{"@type":"EntryPoint","urlTemplate":"https:\/\/batijournal.com\/?s={search_term_string}"},"query-input":{"@type":"PropertyValueSpecification","valueRequired":true,"valueName":"search_term_string"}}],"inLanguage":"fr-FR"},{"@type":"Person","@id":"https:\/\/batijournal.com\/#\/schema\/person\/1dc96ec6957aa1ccb25ebe78bb19f100","name":"St\u00e9phane Miget","image":{"@type":"ImageObject","inLanguage":"fr-FR","@id":"https:\/\/secure.gravatar.com\/avatar\/89915563d925342126b8ef0281b93d9d7fc337043e8df017f780908eb9644451?s=96&d=mm&r=g","url":"https:\/\/secure.gravatar.com\/avatar\/89915563d925342126b8ef0281b93d9d7fc337043e8df017f780908eb9644451?s=96&d=mm&r=g","contentUrl":"https:\/\/secure.gravatar.com\/avatar\/89915563d925342126b8ef0281b93d9d7fc337043e8df017f780908eb9644451?s=96&d=mm&r=g","caption":"St\u00e9phane Miget"},"url":"https:\/\/batijournal.com\/index.php\/author\/stephane\/"}]}},"_links":{"self":[{"href":"https:\/\/batijournal.com\/index.php\/wp-json\/wp\/v2\/posts\/106267","targetHints":{"allow":["GET"]}}],"collection":[{"href":"https:\/\/batijournal.com\/index.php\/wp-json\/wp\/v2\/posts"}],"about":[{"href":"https:\/\/batijournal.com\/index.php\/wp-json\/wp\/v2\/types\/post"}],"author":[{"embeddable":true,"href":"https:\/\/batijournal.com\/index.php\/wp-json\/wp\/v2\/users\/17"}],"replies":[{"embeddable":true,"href":"https:\/\/batijournal.com\/index.php\/wp-json\/wp\/v2\/comments?post=106267"}],"version-history":[{"count":0,"href":"https:\/\/batijournal.com\/index.php\/wp-json\/wp\/v2\/posts\/106267\/revisions"}],"wp:featuredmedia":[{"embeddable":true,"href":"https:\/\/batijournal.com\/index.php\/wp-json\/wp\/v2\/media\/106268"}],"wp:attachment":[{"href":"https:\/\/batijournal.com\/index.php\/wp-json\/wp\/v2\/media?parent=106267"}],"wp:term":[{"taxonomy":"category","embeddable":true,"href":"https:\/\/batijournal.com\/index.php\/wp-json\/wp\/v2\/categories?post=106267"},{"taxonomy":"post_tag","embeddable":true,"href":"https:\/\/batijournal.com\/index.php\/wp-json\/wp\/v2\/tags?post=106267"}],"curies":[{"name":"wp","href":"https:\/\/api.w.org\/{rel}","templated":true}]}}