{"id":106294,"date":"2021-09-16T10:14:03","date_gmt":"2021-09-16T08:14:03","guid":{"rendered":"https:\/\/batijournal.com\/?p=106294"},"modified":"2021-09-16T10:14:03","modified_gmt":"2021-09-16T08:14:03","slug":"la-tour-emblem-entierement-renovee","status":"publish","type":"post","link":"https:\/\/batijournal.com\/index.php\/la-tour-emblem-entierement-renovee\/106294\/","title":{"rendered":"La tour Emblem enti\u00e8rement r\u00e9nov\u00e9e"},"content":{"rendered":"<p>Petit, filiale de VINCI Construction France, a livr\u00e9 en juillet 2021 \u00e0 RedTree Capital et Invesco la r\u00e9novation de la tour Emblem \u00e0 La D\u00e9fense, IGH de 29 \u00e9tages construit en 1998 et situ\u00e9 sur la commune de Courbevoie. L\u2019op\u00e9ration d\u00e9velopp\u00e9e par JLL dont les travaux ont \u00e9t\u00e9 conduits par les \u00e9quipes de Petit a port\u00e9 sur la restructuration lourde de la tour de 29 000 m2 afin d\u2019offrir aux utilisateurs 24 plateaux de 89 postes de travail, un espace multiservice, un food court d\u2019une capacit\u00e9 de 1140 repas par jour, ainsi qu\u2019un rooftop de plus de 400 m2. Cette enti\u00e8re r\u00e9novation conf\u00e8re \u00e0 la tour un nouveau visage avec les fa\u00e7ades en granit, qui se d\u00e9ploient sur 103 m de hauteur, remplac\u00e9es par 1 455 panneaux de BFUHP (B\u00e9ton Fibr\u00e9 \u00e0 Ultra Haute Performance) de 450 Kg chacun, qui incluent d\u00e9sormais un \u00e9clairage LED et font l\u2019objet d\u2019une proc\u00e9dure d\u2019ATEx. Ce proc\u00e9d\u00e9 a permis de mettre en conformit\u00e9 la tour avec les nouvelles r\u00e9glementations thermiques et les normes vis-\u00e0-vis du feu.<\/p>\n<p>&nbsp;<\/p>\n<p>Photo : Shoootin<\/p>\n<p>&nbsp;<\/p>\n","protected":false},"excerpt":{"rendered":"<p>Petit, filiale de VINCI Construction France, a livr\u00e9 en juillet 2021 \u00e0 RedTree Capital et Invesco la r\u00e9novation de la tour Emblem \u00e0 La D\u00e9fense, IGH de 29 \u00e9tages construit en 1998 et situ\u00e9 sur la commune de Courbevoie. L\u2019op\u00e9ration d\u00e9velopp\u00e9e par JLL dont les travaux ont \u00e9t\u00e9 conduits par les \u00e9quipes de Petit a [&hellip;]<\/p>\n","protected":false},"author":17,"featured_media":106295,"comment_status":"closed","ping_status":"closed","sticky":false,"template":"","format":"standard","meta":{"_et_pb_use_builder":"","_et_pb_old_content":"","_et_gb_content_width":"","footnotes":""},"categories":[10530,6340,10771,10775],"tags":[12495],"class_list":["post-106294","post","type-post","status-publish","format-standard","has-post-thumbnail","hentry","category-actualites","category-architecture-conception","category-5facades","category-actualites-5facades","tag-immeubles-de-grandes-hauteurs"],"yoast_head":"<!-- This site is optimized with the Yoast SEO plugin v27.4 - https:\/\/yoast.com\/product\/yoast-seo-wordpress\/ -->\n<title>La tour Emblem enti\u00e8rement r\u00e9nov\u00e9e<\/title>\n<meta name=\"robots\" content=\"index, follow, max-snippet:-1, max-image-preview:large, max-video-preview:-1\" \/>\n<link rel=\"canonical\" href=\"https:\/\/batijournal.com\/index.php\/la-tour-emblem-entierement-renovee\/106294\/\" \/>\n<meta property=\"og:locale\" content=\"fr_FR\" \/>\n<meta property=\"og:type\" content=\"article\" \/>\n<meta property=\"og:title\" content=\"La tour Emblem enti\u00e8rement r\u00e9nov\u00e9e\" \/>\n<meta property=\"og:description\" content=\"Petit, filiale de VINCI Construction France, a livr\u00e9 en juillet 2021 \u00e0 RedTree Capital et Invesco la r\u00e9novation de la tour Emblem \u00e0 La D\u00e9fense, IGH de 29 \u00e9tages construit en 1998 et situ\u00e9 sur la commune de Courbevoie. L\u2019op\u00e9ration d\u00e9velopp\u00e9e par JLL dont les travaux ont \u00e9t\u00e9 conduits par les \u00e9quipes de Petit a [&hellip;]\" \/>\n<meta property=\"og:url\" content=\"https:\/\/batijournal.com\/index.php\/la-tour-emblem-entierement-renovee\/106294\/\" \/>\n<meta property=\"og:site_name\" content=\"Batijournal\" \/>\n<meta property=\"article:published_time\" content=\"2021-09-16T08:14:03+00:00\" \/>\n<meta property=\"og:image\" content=\"https:\/\/batijournal.com\/wp-content\/uploads\/2021\/09\/tour-emblem-la-defense.png\" \/>\n\t<meta property=\"og:image:width\" content=\"1181\" \/>\n\t<meta property=\"og:image:height\" content=\"787\" \/>\n\t<meta property=\"og:image:type\" content=\"image\/png\" \/>\n<meta name=\"author\" content=\"St\u00e9phane Miget\" \/>\n<meta name=\"twitter:card\" content=\"summary_large_image\" \/>\n<meta name=\"twitter:creator\" content=\"@bati_journal\" \/>\n<meta name=\"twitter:site\" content=\"@bati_journal\" \/>\n<meta name=\"twitter:label1\" content=\"\u00c9crit par\" \/>\n\t<meta name=\"twitter:data1\" content=\"St\u00e9phane Miget\" \/>\n\t<meta name=\"twitter:label2\" content=\"Dur\u00e9e de lecture estim\u00e9e\" \/>\n\t<meta name=\"twitter:data2\" content=\"1 minute\" \/>\n<script type=\"application\/ld+json\" class=\"yoast-schema-graph\">{\"@context\":\"https:\\\/\\\/schema.org\",\"@graph\":[{\"@type\":\"Article\",\"@id\":\"https:\\\/\\\/batijournal.com\\\/index.php\\\/la-tour-emblem-entierement-renovee\\\/106294\\\/#article\",\"isPartOf\":{\"@id\":\"https:\\\/\\\/batijournal.com\\\/index.php\\\/la-tour-emblem-entierement-renovee\\\/106294\\\/\"},\"author\":{\"name\":\"St\u00e9phane Miget\",\"@id\":\"https:\\\/\\\/batijournal.com\\\/#\\\/schema\\\/person\\\/1dc96ec6957aa1ccb25ebe78bb19f100\"},\"headline\":\"La tour Emblem enti\u00e8rement r\u00e9nov\u00e9e\",\"datePublished\":\"2021-09-16T08:14:03+00:00\",\"mainEntityOfPage\":{\"@id\":\"https:\\\/\\\/batijournal.com\\\/index.php\\\/la-tour-emblem-entierement-renovee\\\/106294\\\/\"},\"wordCount\":191,\"image\":{\"@id\":\"https:\\\/\\\/batijournal.com\\\/index.php\\\/la-tour-emblem-entierement-renovee\\\/106294\\\/#primaryimage\"},\"thumbnailUrl\":\"https:\\\/\\\/batijournal.com\\\/wp-content\\\/uploads\\\/2021\\\/09\\\/tour-emblem-la-defense.png\",\"keywords\":[\"immeubles de grandes hauteurs\"],\"articleSection\":[\"Actualit\u00e9s\",\"Architecture &amp; Conception\",\"zz_5fa\u00e7ades\",\"zz_Actualit\u00e9s - 5fa\u00e7ades\"],\"inLanguage\":\"fr-FR\"},{\"@type\":\"WebPage\",\"@id\":\"https:\\\/\\\/batijournal.com\\\/index.php\\\/la-tour-emblem-entierement-renovee\\\/106294\\\/\",\"url\":\"https:\\\/\\\/batijournal.com\\\/index.php\\\/la-tour-emblem-entierement-renovee\\\/106294\\\/\",\"name\":\"La tour Emblem enti\u00e8rement r\u00e9nov\u00e9e\",\"isPartOf\":{\"@id\":\"https:\\\/\\\/batijournal.com\\\/#website\"},\"primaryImageOfPage\":{\"@id\":\"https:\\\/\\\/batijournal.com\\\/index.php\\\/la-tour-emblem-entierement-renovee\\\/106294\\\/#primaryimage\"},\"image\":{\"@id\":\"https:\\\/\\\/batijournal.com\\\/index.php\\\/la-tour-emblem-entierement-renovee\\\/106294\\\/#primaryimage\"},\"thumbnailUrl\":\"https:\\\/\\\/batijournal.com\\\/wp-content\\\/uploads\\\/2021\\\/09\\\/tour-emblem-la-defense.png\",\"datePublished\":\"2021-09-16T08:14:03+00:00\",\"author\":{\"@id\":\"https:\\\/\\\/batijournal.com\\\/#\\\/schema\\\/person\\\/1dc96ec6957aa1ccb25ebe78bb19f100\"},\"breadcrumb\":{\"@id\":\"https:\\\/\\\/batijournal.com\\\/index.php\\\/la-tour-emblem-entierement-renovee\\\/106294\\\/#breadcrumb\"},\"inLanguage\":\"fr-FR\",\"potentialAction\":[{\"@type\":\"ReadAction\",\"target\":[\"https:\\\/\\\/batijournal.com\\\/index.php\\\/la-tour-emblem-entierement-renovee\\\/106294\\\/\"]}]},{\"@type\":\"ImageObject\",\"inLanguage\":\"fr-FR\",\"@id\":\"https:\\\/\\\/batijournal.com\\\/index.php\\\/la-tour-emblem-entierement-renovee\\\/106294\\\/#primaryimage\",\"url\":\"https:\\\/\\\/batijournal.com\\\/wp-content\\\/uploads\\\/2021\\\/09\\\/tour-emblem-la-defense.png\",\"contentUrl\":\"https:\\\/\\\/batijournal.com\\\/wp-content\\\/uploads\\\/2021\\\/09\\\/tour-emblem-la-defense.png\",\"width\":1181,\"height\":787},{\"@type\":\"BreadcrumbList\",\"@id\":\"https:\\\/\\\/batijournal.com\\\/index.php\\\/la-tour-emblem-entierement-renovee\\\/106294\\\/#breadcrumb\",\"itemListElement\":[{\"@type\":\"ListItem\",\"position\":1,\"name\":\"Accueil\",\"item\":\"https:\\\/\\\/batijournal.com\\\/\"},{\"@type\":\"ListItem\",\"position\":2,\"name\":\"Actualit\u00e9s\",\"item\":\"https:\\\/\\\/batijournal.com\\\/index.php\\\/category\\\/actualites\\\/\"},{\"@type\":\"ListItem\",\"position\":3,\"name\":\"Architecture &amp; Conception\",\"item\":\"https:\\\/\\\/batijournal.com\\\/index.php\\\/category\\\/actualites\\\/architecture-conception\\\/\"},{\"@type\":\"ListItem\",\"position\":4,\"name\":\"La tour Emblem enti\u00e8rement r\u00e9nov\u00e9e\"}]},{\"@type\":\"WebSite\",\"@id\":\"https:\\\/\\\/batijournal.com\\\/#website\",\"url\":\"https:\\\/\\\/batijournal.com\\\/\",\"name\":\"Batijournal\",\"description\":\"L&#039;actualit\u00e9 du b\u00e2timent\",\"potentialAction\":[{\"@type\":\"SearchAction\",\"target\":{\"@type\":\"EntryPoint\",\"urlTemplate\":\"https:\\\/\\\/batijournal.com\\\/?s={search_term_string}\"},\"query-input\":{\"@type\":\"PropertyValueSpecification\",\"valueRequired\":true,\"valueName\":\"search_term_string\"}}],\"inLanguage\":\"fr-FR\"},{\"@type\":\"Person\",\"@id\":\"https:\\\/\\\/batijournal.com\\\/#\\\/schema\\\/person\\\/1dc96ec6957aa1ccb25ebe78bb19f100\",\"name\":\"St\u00e9phane Miget\",\"image\":{\"@type\":\"ImageObject\",\"inLanguage\":\"fr-FR\",\"@id\":\"https:\\\/\\\/secure.gravatar.com\\\/avatar\\\/89915563d925342126b8ef0281b93d9d7fc337043e8df017f780908eb9644451?s=96&d=mm&r=g\",\"url\":\"https:\\\/\\\/secure.gravatar.com\\\/avatar\\\/89915563d925342126b8ef0281b93d9d7fc337043e8df017f780908eb9644451?s=96&d=mm&r=g\",\"contentUrl\":\"https:\\\/\\\/secure.gravatar.com\\\/avatar\\\/89915563d925342126b8ef0281b93d9d7fc337043e8df017f780908eb9644451?s=96&d=mm&r=g\",\"caption\":\"St\u00e9phane Miget\"},\"url\":\"https:\\\/\\\/batijournal.com\\\/index.php\\\/author\\\/stephane\\\/\"}]}<\/script>\n<!-- \/ Yoast SEO plugin. -->","yoast_head_json":{"title":"La tour Emblem enti\u00e8rement r\u00e9nov\u00e9e","robots":{"index":"index","follow":"follow","max-snippet":"max-snippet:-1","max-image-preview":"max-image-preview:large","max-video-preview":"max-video-preview:-1"},"canonical":"https:\/\/batijournal.com\/index.php\/la-tour-emblem-entierement-renovee\/106294\/","og_locale":"fr_FR","og_type":"article","og_title":"La tour Emblem enti\u00e8rement r\u00e9nov\u00e9e","og_description":"Petit, filiale de VINCI Construction France, a livr\u00e9 en juillet 2021 \u00e0 RedTree Capital et Invesco la r\u00e9novation de la tour Emblem \u00e0 La D\u00e9fense, IGH de 29 \u00e9tages construit en 1998 et situ\u00e9 sur la commune de Courbevoie. L\u2019op\u00e9ration d\u00e9velopp\u00e9e par JLL dont les travaux ont \u00e9t\u00e9 conduits par les \u00e9quipes de Petit a [&hellip;]","og_url":"https:\/\/batijournal.com\/index.php\/la-tour-emblem-entierement-renovee\/106294\/","og_site_name":"Batijournal","article_published_time":"2021-09-16T08:14:03+00:00","og_image":[{"width":1181,"height":787,"url":"https:\/\/batijournal.com\/wp-content\/uploads\/2021\/09\/tour-emblem-la-defense.png","type":"image\/png"}],"author":"St\u00e9phane Miget","twitter_card":"summary_large_image","twitter_creator":"@bati_journal","twitter_site":"@bati_journal","twitter_misc":{"\u00c9crit par":"St\u00e9phane Miget","Dur\u00e9e de lecture estim\u00e9e":"1 minute"},"schema":{"@context":"https:\/\/schema.org","@graph":[{"@type":"Article","@id":"https:\/\/batijournal.com\/index.php\/la-tour-emblem-entierement-renovee\/106294\/#article","isPartOf":{"@id":"https:\/\/batijournal.com\/index.php\/la-tour-emblem-entierement-renovee\/106294\/"},"author":{"name":"St\u00e9phane Miget","@id":"https:\/\/batijournal.com\/#\/schema\/person\/1dc96ec6957aa1ccb25ebe78bb19f100"},"headline":"La tour Emblem enti\u00e8rement r\u00e9nov\u00e9e","datePublished":"2021-09-16T08:14:03+00:00","mainEntityOfPage":{"@id":"https:\/\/batijournal.com\/index.php\/la-tour-emblem-entierement-renovee\/106294\/"},"wordCount":191,"image":{"@id":"https:\/\/batijournal.com\/index.php\/la-tour-emblem-entierement-renovee\/106294\/#primaryimage"},"thumbnailUrl":"https:\/\/batijournal.com\/wp-content\/uploads\/2021\/09\/tour-emblem-la-defense.png","keywords":["immeubles de grandes hauteurs"],"articleSection":["Actualit\u00e9s","Architecture &amp; Conception","zz_5fa\u00e7ades","zz_Actualit\u00e9s - 5fa\u00e7ades"],"inLanguage":"fr-FR"},{"@type":"WebPage","@id":"https:\/\/batijournal.com\/index.php\/la-tour-emblem-entierement-renovee\/106294\/","url":"https:\/\/batijournal.com\/index.php\/la-tour-emblem-entierement-renovee\/106294\/","name":"La tour Emblem enti\u00e8rement r\u00e9nov\u00e9e","isPartOf":{"@id":"https:\/\/batijournal.com\/#website"},"primaryImageOfPage":{"@id":"https:\/\/batijournal.com\/index.php\/la-tour-emblem-entierement-renovee\/106294\/#primaryimage"},"image":{"@id":"https:\/\/batijournal.com\/index.php\/la-tour-emblem-entierement-renovee\/106294\/#primaryimage"},"thumbnailUrl":"https:\/\/batijournal.com\/wp-content\/uploads\/2021\/09\/tour-emblem-la-defense.png","datePublished":"2021-09-16T08:14:03+00:00","author":{"@id":"https:\/\/batijournal.com\/#\/schema\/person\/1dc96ec6957aa1ccb25ebe78bb19f100"},"breadcrumb":{"@id":"https:\/\/batijournal.com\/index.php\/la-tour-emblem-entierement-renovee\/106294\/#breadcrumb"},"inLanguage":"fr-FR","potentialAction":[{"@type":"ReadAction","target":["https:\/\/batijournal.com\/index.php\/la-tour-emblem-entierement-renovee\/106294\/"]}]},{"@type":"ImageObject","inLanguage":"fr-FR","@id":"https:\/\/batijournal.com\/index.php\/la-tour-emblem-entierement-renovee\/106294\/#primaryimage","url":"https:\/\/batijournal.com\/wp-content\/uploads\/2021\/09\/tour-emblem-la-defense.png","contentUrl":"https:\/\/batijournal.com\/wp-content\/uploads\/2021\/09\/tour-emblem-la-defense.png","width":1181,"height":787},{"@type":"BreadcrumbList","@id":"https:\/\/batijournal.com\/index.php\/la-tour-emblem-entierement-renovee\/106294\/#breadcrumb","itemListElement":[{"@type":"ListItem","position":1,"name":"Accueil","item":"https:\/\/batijournal.com\/"},{"@type":"ListItem","position":2,"name":"Actualit\u00e9s","item":"https:\/\/batijournal.com\/index.php\/category\/actualites\/"},{"@type":"ListItem","position":3,"name":"Architecture &amp; Conception","item":"https:\/\/batijournal.com\/index.php\/category\/actualites\/architecture-conception\/"},{"@type":"ListItem","position":4,"name":"La tour Emblem enti\u00e8rement r\u00e9nov\u00e9e"}]},{"@type":"WebSite","@id":"https:\/\/batijournal.com\/#website","url":"https:\/\/batijournal.com\/","name":"Batijournal","description":"L&#039;actualit\u00e9 du b\u00e2timent","potentialAction":[{"@type":"SearchAction","target":{"@type":"EntryPoint","urlTemplate":"https:\/\/batijournal.com\/?s={search_term_string}"},"query-input":{"@type":"PropertyValueSpecification","valueRequired":true,"valueName":"search_term_string"}}],"inLanguage":"fr-FR"},{"@type":"Person","@id":"https:\/\/batijournal.com\/#\/schema\/person\/1dc96ec6957aa1ccb25ebe78bb19f100","name":"St\u00e9phane Miget","image":{"@type":"ImageObject","inLanguage":"fr-FR","@id":"https:\/\/secure.gravatar.com\/avatar\/89915563d925342126b8ef0281b93d9d7fc337043e8df017f780908eb9644451?s=96&d=mm&r=g","url":"https:\/\/secure.gravatar.com\/avatar\/89915563d925342126b8ef0281b93d9d7fc337043e8df017f780908eb9644451?s=96&d=mm&r=g","contentUrl":"https:\/\/secure.gravatar.com\/avatar\/89915563d925342126b8ef0281b93d9d7fc337043e8df017f780908eb9644451?s=96&d=mm&r=g","caption":"St\u00e9phane Miget"},"url":"https:\/\/batijournal.com\/index.php\/author\/stephane\/"}]}},"_links":{"self":[{"href":"https:\/\/batijournal.com\/index.php\/wp-json\/wp\/v2\/posts\/106294","targetHints":{"allow":["GET"]}}],"collection":[{"href":"https:\/\/batijournal.com\/index.php\/wp-json\/wp\/v2\/posts"}],"about":[{"href":"https:\/\/batijournal.com\/index.php\/wp-json\/wp\/v2\/types\/post"}],"author":[{"embeddable":true,"href":"https:\/\/batijournal.com\/index.php\/wp-json\/wp\/v2\/users\/17"}],"replies":[{"embeddable":true,"href":"https:\/\/batijournal.com\/index.php\/wp-json\/wp\/v2\/comments?post=106294"}],"version-history":[{"count":0,"href":"https:\/\/batijournal.com\/index.php\/wp-json\/wp\/v2\/posts\/106294\/revisions"}],"wp:featuredmedia":[{"embeddable":true,"href":"https:\/\/batijournal.com\/index.php\/wp-json\/wp\/v2\/media\/106295"}],"wp:attachment":[{"href":"https:\/\/batijournal.com\/index.php\/wp-json\/wp\/v2\/media?parent=106294"}],"wp:term":[{"taxonomy":"category","embeddable":true,"href":"https:\/\/batijournal.com\/index.php\/wp-json\/wp\/v2\/categories?post=106294"},{"taxonomy":"post_tag","embeddable":true,"href":"https:\/\/batijournal.com\/index.php\/wp-json\/wp\/v2\/tags?post=106294"}],"curies":[{"name":"wp","href":"https:\/\/api.w.org\/{rel}","templated":true}]}}