{"id":106303,"date":"2021-09-18T07:01:12","date_gmt":"2021-09-18T05:01:12","guid":{"rendered":"https:\/\/batijournal.com\/?p=106303"},"modified":"2021-09-18T07:01:12","modified_gmt":"2021-09-18T05:01:12","slug":"appel-aux-dons-pour-lhotel-de-la-mer-du-domaine-du-rayol","status":"publish","type":"post","link":"https:\/\/batijournal.com\/index.php\/appel-aux-dons-pour-lhotel-de-la-mer-du-domaine-du-rayol\/106303\/","title":{"rendered":"Appel aux dons pour l&rsquo;h\u00f4tel de la mer du Domaine du Rayol"},"content":{"rendered":"<p>Le Domaine du Rayol, acquis en 1989 par le Conservatoire du littoral, s\u2019\u00e9tend sur 20 ha de la corniche des Maures, dont 7 ha am\u00e9nag\u00e9s sous la conduite du paysagiste Gilles Cl\u00e9ment en \u00ab Jardin des paysages m\u00e9diterran\u00e9ens du monde \u00bb. Ce site labellis\u00e9 \u00ab Jardin remarquable \u00bb, g\u00e9r\u00e9 par l\u2019Association du Domaine du Rayol, est devenu l\u2019un des premiers sites touristiques du Var, recevant 80 000 visiteurs par an. A l\u2019entr\u00e9e du site, l\u2019H\u00f4tel de la Mer est le principal b\u00e2timent d\u2019accueil du public,. Il s\u2019agit d\u2019un h\u00f4tel particulier de 1 200 m\u00b2 repr\u00e9sentatif de l\u2019architecture baln\u00e9aire d\u2019inspiration classique, b\u00e2ti au d\u00e9but du XXe si\u00e8cle. Il a \u00e9t\u00e9 dessin\u00e9 par l\u2019architecte Guillaume Tronchet, architecte en chef du gouvernement. Il souffre de son aspect d\u00e9grad\u00e9 qui interroge beaucoup les visiteurs, et d\u00e9note fortement avec le reste du site . La restauration ext\u00e9rieure de cet \u00e9difice est un projet initi\u00e9 d\u00e8s le d\u00e9but des ann\u00e9es 2000 mais pour lequel il a toujours \u00e9t\u00e9 difficile de mobiliser les financements suffisants. Le plan de relance lanc\u00e9 en 2021 par l\u2019Etat, et dont l\u2019H\u00f4tel de la Mer va pouvoir b\u00e9n\u00e9ficier, est une opportunit\u00e9 sans pr\u00e9c\u00e9dent. Il reste n\u00e9anmoins \u00e0 mobiliser des financements compl\u00e9mentaires. Le Conservatoire du littoral a lanc\u00e9 un appel aux dons pour la restauration de cet \u00e9difice. Ce projet tant attendu va pouvoir \u00eatre engag\u00e9 en 2022. La restauration concerne l\u2019ensemble de la structure du corps de b\u00e2timents qui pr\u00e9sente de nombreuses fissures, des menuiseries en tr\u00e8s mauvais \u00e9tat ainsi que d\u2019importantes d\u00e9gradations visibles sur la totalit\u00e9 des fa\u00e7ades. Tout un ensemble de fresques et de bas-reliefs en tr\u00e8s mauvais \u00e9tat est aussi \u00e0 restaurer.<\/p>\n<p>Photo : Jean-Pierre Juigner<\/p>\n<p>&nbsp;<\/p>\n","protected":false},"excerpt":{"rendered":"<p>Le Domaine du Rayol, acquis en 1989 par le Conservatoire du littoral, s\u2019\u00e9tend sur 20 ha de la corniche des Maures, dont 7 ha am\u00e9nag\u00e9s sous la conduite du paysagiste Gilles Cl\u00e9ment en \u00ab Jardin des paysages m\u00e9diterran\u00e9ens du monde \u00bb. Ce site labellis\u00e9 \u00ab Jardin remarquable \u00bb, g\u00e9r\u00e9 par l\u2019Association du Domaine du Rayol, [&hellip;]<\/p>\n","protected":false},"author":17,"featured_media":106304,"comment_status":"closed","ping_status":"closed","sticky":false,"template":"","format":"standard","meta":{"_et_pb_use_builder":"","_et_pb_old_content":"","_et_gb_content_width":"","footnotes":""},"categories":[10530,6340,10789,10785],"tags":[8535,12382,12036],"class_list":["post-106303","post","type-post","status-publish","format-standard","has-post-thumbnail","hentry","category-actualites","category-architecture-conception","category-publications-atrium","category-atrium","tag-jardin-historique","tag-littoral","tag-rayolet"],"yoast_head":"<!-- This site is optimized with the Yoast SEO plugin v27.4 - https:\/\/yoast.com\/product\/yoast-seo-wordpress\/ -->\n<title>Appel aux dons pour l&#039;h\u00f4tel de la mer du Domaine du Rayol<\/title>\n<meta name=\"robots\" content=\"index, follow, max-snippet:-1, max-image-preview:large, max-video-preview:-1\" \/>\n<link rel=\"canonical\" href=\"https:\/\/batijournal.com\/index.php\/appel-aux-dons-pour-lhotel-de-la-mer-du-domaine-du-rayol\/106303\/\" \/>\n<meta property=\"og:locale\" content=\"fr_FR\" \/>\n<meta property=\"og:type\" content=\"article\" \/>\n<meta property=\"og:title\" content=\"Appel aux dons pour l&#039;h\u00f4tel de la mer du Domaine du Rayol\" \/>\n<meta property=\"og:description\" content=\"Le Domaine du Rayol, acquis en 1989 par le Conservatoire du littoral, s\u2019\u00e9tend sur 20 ha de la corniche des Maures, dont 7 ha am\u00e9nag\u00e9s sous la conduite du paysagiste Gilles Cl\u00e9ment en \u00ab Jardin des paysages m\u00e9diterran\u00e9ens du monde \u00bb. Ce site labellis\u00e9 \u00ab Jardin remarquable \u00bb, g\u00e9r\u00e9 par l\u2019Association du Domaine du Rayol, [&hellip;]\" \/>\n<meta property=\"og:url\" content=\"https:\/\/batijournal.com\/index.php\/appel-aux-dons-pour-lhotel-de-la-mer-du-domaine-du-rayol\/106303\/\" \/>\n<meta property=\"og:site_name\" content=\"Batijournal\" \/>\n<meta property=\"article:published_time\" content=\"2021-09-18T05:01:12+00:00\" \/>\n<meta property=\"og:image\" content=\"https:\/\/batijournal.com\/wp-content\/uploads\/2021\/09\/hotel-de-la-mer-domaine-rayol.jpg\" \/>\n\t<meta property=\"og:image:width\" content=\"1200\" \/>\n\t<meta property=\"og:image:height\" content=\"900\" \/>\n\t<meta property=\"og:image:type\" content=\"image\/jpeg\" \/>\n<meta name=\"author\" content=\"St\u00e9phane Miget\" \/>\n<meta name=\"twitter:card\" content=\"summary_large_image\" \/>\n<meta name=\"twitter:creator\" content=\"@bati_journal\" \/>\n<meta name=\"twitter:site\" content=\"@bati_journal\" \/>\n<meta name=\"twitter:label1\" content=\"\u00c9crit par\" \/>\n\t<meta name=\"twitter:data1\" content=\"St\u00e9phane Miget\" \/>\n\t<meta name=\"twitter:label2\" content=\"Dur\u00e9e de lecture estim\u00e9e\" \/>\n\t<meta name=\"twitter:data2\" content=\"2 minutes\" \/>\n<script type=\"application\/ld+json\" class=\"yoast-schema-graph\">{\"@context\":\"https:\\\/\\\/schema.org\",\"@graph\":[{\"@type\":\"Article\",\"@id\":\"https:\\\/\\\/batijournal.com\\\/index.php\\\/appel-aux-dons-pour-lhotel-de-la-mer-du-domaine-du-rayol\\\/106303\\\/#article\",\"isPartOf\":{\"@id\":\"https:\\\/\\\/batijournal.com\\\/index.php\\\/appel-aux-dons-pour-lhotel-de-la-mer-du-domaine-du-rayol\\\/106303\\\/\"},\"author\":{\"name\":\"St\u00e9phane Miget\",\"@id\":\"https:\\\/\\\/batijournal.com\\\/#\\\/schema\\\/person\\\/1dc96ec6957aa1ccb25ebe78bb19f100\"},\"headline\":\"Appel aux dons pour l&rsquo;h\u00f4tel de la mer du Domaine du Rayol\",\"datePublished\":\"2021-09-18T05:01:12+00:00\",\"mainEntityOfPage\":{\"@id\":\"https:\\\/\\\/batijournal.com\\\/index.php\\\/appel-aux-dons-pour-lhotel-de-la-mer-du-domaine-du-rayol\\\/106303\\\/\"},\"wordCount\":323,\"image\":{\"@id\":\"https:\\\/\\\/batijournal.com\\\/index.php\\\/appel-aux-dons-pour-lhotel-de-la-mer-du-domaine-du-rayol\\\/106303\\\/#primaryimage\"},\"thumbnailUrl\":\"https:\\\/\\\/batijournal.com\\\/wp-content\\\/uploads\\\/2021\\\/09\\\/hotel-de-la-mer-domaine-rayol.jpg\",\"keywords\":[\"jardin historique\",\"littoral\",\"Rayolet\"],\"articleSection\":[\"Actualit\u00e9s\",\"Architecture &amp; Conception\",\"zz_Actualit\u00e9s - Atrium\",\"zz_Atrium Patrimoine\"],\"inLanguage\":\"fr-FR\"},{\"@type\":\"WebPage\",\"@id\":\"https:\\\/\\\/batijournal.com\\\/index.php\\\/appel-aux-dons-pour-lhotel-de-la-mer-du-domaine-du-rayol\\\/106303\\\/\",\"url\":\"https:\\\/\\\/batijournal.com\\\/index.php\\\/appel-aux-dons-pour-lhotel-de-la-mer-du-domaine-du-rayol\\\/106303\\\/\",\"name\":\"Appel aux dons pour l'h\u00f4tel de la mer du Domaine du Rayol\",\"isPartOf\":{\"@id\":\"https:\\\/\\\/batijournal.com\\\/#website\"},\"primaryImageOfPage\":{\"@id\":\"https:\\\/\\\/batijournal.com\\\/index.php\\\/appel-aux-dons-pour-lhotel-de-la-mer-du-domaine-du-rayol\\\/106303\\\/#primaryimage\"},\"image\":{\"@id\":\"https:\\\/\\\/batijournal.com\\\/index.php\\\/appel-aux-dons-pour-lhotel-de-la-mer-du-domaine-du-rayol\\\/106303\\\/#primaryimage\"},\"thumbnailUrl\":\"https:\\\/\\\/batijournal.com\\\/wp-content\\\/uploads\\\/2021\\\/09\\\/hotel-de-la-mer-domaine-rayol.jpg\",\"datePublished\":\"2021-09-18T05:01:12+00:00\",\"author\":{\"@id\":\"https:\\\/\\\/batijournal.com\\\/#\\\/schema\\\/person\\\/1dc96ec6957aa1ccb25ebe78bb19f100\"},\"breadcrumb\":{\"@id\":\"https:\\\/\\\/batijournal.com\\\/index.php\\\/appel-aux-dons-pour-lhotel-de-la-mer-du-domaine-du-rayol\\\/106303\\\/#breadcrumb\"},\"inLanguage\":\"fr-FR\",\"potentialAction\":[{\"@type\":\"ReadAction\",\"target\":[\"https:\\\/\\\/batijournal.com\\\/index.php\\\/appel-aux-dons-pour-lhotel-de-la-mer-du-domaine-du-rayol\\\/106303\\\/\"]}]},{\"@type\":\"ImageObject\",\"inLanguage\":\"fr-FR\",\"@id\":\"https:\\\/\\\/batijournal.com\\\/index.php\\\/appel-aux-dons-pour-lhotel-de-la-mer-du-domaine-du-rayol\\\/106303\\\/#primaryimage\",\"url\":\"https:\\\/\\\/batijournal.com\\\/wp-content\\\/uploads\\\/2021\\\/09\\\/hotel-de-la-mer-domaine-rayol.jpg\",\"contentUrl\":\"https:\\\/\\\/batijournal.com\\\/wp-content\\\/uploads\\\/2021\\\/09\\\/hotel-de-la-mer-domaine-rayol.jpg\",\"width\":1200,\"height\":900,\"caption\":\"Jardin du Rayol\"},{\"@type\":\"BreadcrumbList\",\"@id\":\"https:\\\/\\\/batijournal.com\\\/index.php\\\/appel-aux-dons-pour-lhotel-de-la-mer-du-domaine-du-rayol\\\/106303\\\/#breadcrumb\",\"itemListElement\":[{\"@type\":\"ListItem\",\"position\":1,\"name\":\"Accueil\",\"item\":\"https:\\\/\\\/batijournal.com\\\/\"},{\"@type\":\"ListItem\",\"position\":2,\"name\":\"Actualit\u00e9s\",\"item\":\"https:\\\/\\\/batijournal.com\\\/index.php\\\/category\\\/actualites\\\/\"},{\"@type\":\"ListItem\",\"position\":3,\"name\":\"Architecture &amp; Conception\",\"item\":\"https:\\\/\\\/batijournal.com\\\/index.php\\\/category\\\/actualites\\\/architecture-conception\\\/\"},{\"@type\":\"ListItem\",\"position\":4,\"name\":\"Appel aux dons pour l&rsquo;h\u00f4tel de la mer du Domaine du Rayol\"}]},{\"@type\":\"WebSite\",\"@id\":\"https:\\\/\\\/batijournal.com\\\/#website\",\"url\":\"https:\\\/\\\/batijournal.com\\\/\",\"name\":\"Batijournal\",\"description\":\"L&#039;actualit\u00e9 du b\u00e2timent\",\"potentialAction\":[{\"@type\":\"SearchAction\",\"target\":{\"@type\":\"EntryPoint\",\"urlTemplate\":\"https:\\\/\\\/batijournal.com\\\/?s={search_term_string}\"},\"query-input\":{\"@type\":\"PropertyValueSpecification\",\"valueRequired\":true,\"valueName\":\"search_term_string\"}}],\"inLanguage\":\"fr-FR\"},{\"@type\":\"Person\",\"@id\":\"https:\\\/\\\/batijournal.com\\\/#\\\/schema\\\/person\\\/1dc96ec6957aa1ccb25ebe78bb19f100\",\"name\":\"St\u00e9phane Miget\",\"image\":{\"@type\":\"ImageObject\",\"inLanguage\":\"fr-FR\",\"@id\":\"https:\\\/\\\/secure.gravatar.com\\\/avatar\\\/89915563d925342126b8ef0281b93d9d7fc337043e8df017f780908eb9644451?s=96&d=mm&r=g\",\"url\":\"https:\\\/\\\/secure.gravatar.com\\\/avatar\\\/89915563d925342126b8ef0281b93d9d7fc337043e8df017f780908eb9644451?s=96&d=mm&r=g\",\"contentUrl\":\"https:\\\/\\\/secure.gravatar.com\\\/avatar\\\/89915563d925342126b8ef0281b93d9d7fc337043e8df017f780908eb9644451?s=96&d=mm&r=g\",\"caption\":\"St\u00e9phane Miget\"},\"url\":\"https:\\\/\\\/batijournal.com\\\/index.php\\\/author\\\/stephane\\\/\"}]}<\/script>\n<!-- \/ Yoast SEO plugin. -->","yoast_head_json":{"title":"Appel aux dons pour l'h\u00f4tel de la mer du Domaine du Rayol","robots":{"index":"index","follow":"follow","max-snippet":"max-snippet:-1","max-image-preview":"max-image-preview:large","max-video-preview":"max-video-preview:-1"},"canonical":"https:\/\/batijournal.com\/index.php\/appel-aux-dons-pour-lhotel-de-la-mer-du-domaine-du-rayol\/106303\/","og_locale":"fr_FR","og_type":"article","og_title":"Appel aux dons pour l'h\u00f4tel de la mer du Domaine du Rayol","og_description":"Le Domaine du Rayol, acquis en 1989 par le Conservatoire du littoral, s\u2019\u00e9tend sur 20 ha de la corniche des Maures, dont 7 ha am\u00e9nag\u00e9s sous la conduite du paysagiste Gilles Cl\u00e9ment en \u00ab Jardin des paysages m\u00e9diterran\u00e9ens du monde \u00bb. Ce site labellis\u00e9 \u00ab Jardin remarquable \u00bb, g\u00e9r\u00e9 par l\u2019Association du Domaine du Rayol, [&hellip;]","og_url":"https:\/\/batijournal.com\/index.php\/appel-aux-dons-pour-lhotel-de-la-mer-du-domaine-du-rayol\/106303\/","og_site_name":"Batijournal","article_published_time":"2021-09-18T05:01:12+00:00","og_image":[{"width":1200,"height":900,"url":"https:\/\/batijournal.com\/wp-content\/uploads\/2021\/09\/hotel-de-la-mer-domaine-rayol.jpg","type":"image\/jpeg"}],"author":"St\u00e9phane Miget","twitter_card":"summary_large_image","twitter_creator":"@bati_journal","twitter_site":"@bati_journal","twitter_misc":{"\u00c9crit par":"St\u00e9phane Miget","Dur\u00e9e de lecture estim\u00e9e":"2 minutes"},"schema":{"@context":"https:\/\/schema.org","@graph":[{"@type":"Article","@id":"https:\/\/batijournal.com\/index.php\/appel-aux-dons-pour-lhotel-de-la-mer-du-domaine-du-rayol\/106303\/#article","isPartOf":{"@id":"https:\/\/batijournal.com\/index.php\/appel-aux-dons-pour-lhotel-de-la-mer-du-domaine-du-rayol\/106303\/"},"author":{"name":"St\u00e9phane Miget","@id":"https:\/\/batijournal.com\/#\/schema\/person\/1dc96ec6957aa1ccb25ebe78bb19f100"},"headline":"Appel aux dons pour l&rsquo;h\u00f4tel de la mer du Domaine du Rayol","datePublished":"2021-09-18T05:01:12+00:00","mainEntityOfPage":{"@id":"https:\/\/batijournal.com\/index.php\/appel-aux-dons-pour-lhotel-de-la-mer-du-domaine-du-rayol\/106303\/"},"wordCount":323,"image":{"@id":"https:\/\/batijournal.com\/index.php\/appel-aux-dons-pour-lhotel-de-la-mer-du-domaine-du-rayol\/106303\/#primaryimage"},"thumbnailUrl":"https:\/\/batijournal.com\/wp-content\/uploads\/2021\/09\/hotel-de-la-mer-domaine-rayol.jpg","keywords":["jardin historique","littoral","Rayolet"],"articleSection":["Actualit\u00e9s","Architecture &amp; Conception","zz_Actualit\u00e9s - Atrium","zz_Atrium Patrimoine"],"inLanguage":"fr-FR"},{"@type":"WebPage","@id":"https:\/\/batijournal.com\/index.php\/appel-aux-dons-pour-lhotel-de-la-mer-du-domaine-du-rayol\/106303\/","url":"https:\/\/batijournal.com\/index.php\/appel-aux-dons-pour-lhotel-de-la-mer-du-domaine-du-rayol\/106303\/","name":"Appel aux dons pour l'h\u00f4tel de la mer du Domaine du Rayol","isPartOf":{"@id":"https:\/\/batijournal.com\/#website"},"primaryImageOfPage":{"@id":"https:\/\/batijournal.com\/index.php\/appel-aux-dons-pour-lhotel-de-la-mer-du-domaine-du-rayol\/106303\/#primaryimage"},"image":{"@id":"https:\/\/batijournal.com\/index.php\/appel-aux-dons-pour-lhotel-de-la-mer-du-domaine-du-rayol\/106303\/#primaryimage"},"thumbnailUrl":"https:\/\/batijournal.com\/wp-content\/uploads\/2021\/09\/hotel-de-la-mer-domaine-rayol.jpg","datePublished":"2021-09-18T05:01:12+00:00","author":{"@id":"https:\/\/batijournal.com\/#\/schema\/person\/1dc96ec6957aa1ccb25ebe78bb19f100"},"breadcrumb":{"@id":"https:\/\/batijournal.com\/index.php\/appel-aux-dons-pour-lhotel-de-la-mer-du-domaine-du-rayol\/106303\/#breadcrumb"},"inLanguage":"fr-FR","potentialAction":[{"@type":"ReadAction","target":["https:\/\/batijournal.com\/index.php\/appel-aux-dons-pour-lhotel-de-la-mer-du-domaine-du-rayol\/106303\/"]}]},{"@type":"ImageObject","inLanguage":"fr-FR","@id":"https:\/\/batijournal.com\/index.php\/appel-aux-dons-pour-lhotel-de-la-mer-du-domaine-du-rayol\/106303\/#primaryimage","url":"https:\/\/batijournal.com\/wp-content\/uploads\/2021\/09\/hotel-de-la-mer-domaine-rayol.jpg","contentUrl":"https:\/\/batijournal.com\/wp-content\/uploads\/2021\/09\/hotel-de-la-mer-domaine-rayol.jpg","width":1200,"height":900,"caption":"Jardin du Rayol"},{"@type":"BreadcrumbList","@id":"https:\/\/batijournal.com\/index.php\/appel-aux-dons-pour-lhotel-de-la-mer-du-domaine-du-rayol\/106303\/#breadcrumb","itemListElement":[{"@type":"ListItem","position":1,"name":"Accueil","item":"https:\/\/batijournal.com\/"},{"@type":"ListItem","position":2,"name":"Actualit\u00e9s","item":"https:\/\/batijournal.com\/index.php\/category\/actualites\/"},{"@type":"ListItem","position":3,"name":"Architecture &amp; Conception","item":"https:\/\/batijournal.com\/index.php\/category\/actualites\/architecture-conception\/"},{"@type":"ListItem","position":4,"name":"Appel aux dons pour l&rsquo;h\u00f4tel de la mer du Domaine du Rayol"}]},{"@type":"WebSite","@id":"https:\/\/batijournal.com\/#website","url":"https:\/\/batijournal.com\/","name":"Batijournal","description":"L&#039;actualit\u00e9 du b\u00e2timent","potentialAction":[{"@type":"SearchAction","target":{"@type":"EntryPoint","urlTemplate":"https:\/\/batijournal.com\/?s={search_term_string}"},"query-input":{"@type":"PropertyValueSpecification","valueRequired":true,"valueName":"search_term_string"}}],"inLanguage":"fr-FR"},{"@type":"Person","@id":"https:\/\/batijournal.com\/#\/schema\/person\/1dc96ec6957aa1ccb25ebe78bb19f100","name":"St\u00e9phane Miget","image":{"@type":"ImageObject","inLanguage":"fr-FR","@id":"https:\/\/secure.gravatar.com\/avatar\/89915563d925342126b8ef0281b93d9d7fc337043e8df017f780908eb9644451?s=96&d=mm&r=g","url":"https:\/\/secure.gravatar.com\/avatar\/89915563d925342126b8ef0281b93d9d7fc337043e8df017f780908eb9644451?s=96&d=mm&r=g","contentUrl":"https:\/\/secure.gravatar.com\/avatar\/89915563d925342126b8ef0281b93d9d7fc337043e8df017f780908eb9644451?s=96&d=mm&r=g","caption":"St\u00e9phane Miget"},"url":"https:\/\/batijournal.com\/index.php\/author\/stephane\/"}]}},"_links":{"self":[{"href":"https:\/\/batijournal.com\/index.php\/wp-json\/wp\/v2\/posts\/106303","targetHints":{"allow":["GET"]}}],"collection":[{"href":"https:\/\/batijournal.com\/index.php\/wp-json\/wp\/v2\/posts"}],"about":[{"href":"https:\/\/batijournal.com\/index.php\/wp-json\/wp\/v2\/types\/post"}],"author":[{"embeddable":true,"href":"https:\/\/batijournal.com\/index.php\/wp-json\/wp\/v2\/users\/17"}],"replies":[{"embeddable":true,"href":"https:\/\/batijournal.com\/index.php\/wp-json\/wp\/v2\/comments?post=106303"}],"version-history":[{"count":0,"href":"https:\/\/batijournal.com\/index.php\/wp-json\/wp\/v2\/posts\/106303\/revisions"}],"wp:featuredmedia":[{"embeddable":true,"href":"https:\/\/batijournal.com\/index.php\/wp-json\/wp\/v2\/media\/106304"}],"wp:attachment":[{"href":"https:\/\/batijournal.com\/index.php\/wp-json\/wp\/v2\/media?parent=106303"}],"wp:term":[{"taxonomy":"category","embeddable":true,"href":"https:\/\/batijournal.com\/index.php\/wp-json\/wp\/v2\/categories?post=106303"},{"taxonomy":"post_tag","embeddable":true,"href":"https:\/\/batijournal.com\/index.php\/wp-json\/wp\/v2\/tags?post=106303"}],"curies":[{"name":"wp","href":"https:\/\/api.w.org\/{rel}","templated":true}]}}