{"id":106322,"date":"2021-09-24T11:57:03","date_gmt":"2021-09-24T09:57:03","guid":{"rendered":"https:\/\/batijournal.com\/?p=106322"},"modified":"2021-09-24T11:57:03","modified_gmt":"2021-09-24T09:57:03","slug":"la-pathologie-des-facades","status":"publish","type":"post","link":"https:\/\/batijournal.com\/index.php\/la-pathologie-des-facades\/106322\/","title":{"rendered":"La pathologie des fa\u00e7ades"},"content":{"rendered":"<p>CSTB Editions publie la 3e \u00e9dition du guide \u00ab La pathologie des fa\u00e7ades \u00bb dans sa collection \u00ab Pathologies des b\u00e2timents \u00bb, en partenariat avec l\u2019AQC. Ouvrage de synth\u00e8se tr\u00e8s illustr\u00e9 et bas\u00e9 sur des cas r\u00e9els, il permet facilement d\u2019identifier les d\u00e9sordres, de comprendre leurs origines, d\u2019analyser la gravit\u00e9 du sinistre et de mettre en \u0153uvre les rem\u00e8des adapt\u00e9s. Cette derni\u00e8re \u00e9dition est enrichie de nouveaux commentaires, sch\u00e9mas et photographies.<\/p>\n<p><a href=\"https:\/\/boutique.cstb.fr\/pathologies-des-batiments\/654-la-pathologie-des-facades-9782868917263.html\">https:\/\/boutique.cstb.fr\/pathologies-des-batiments\/654-la-pathologie-des-facades-9782868917263.html<\/a><\/p>\n<p>&nbsp;<\/p>\n","protected":false},"excerpt":{"rendered":"<p>CSTB Editions publie la 3e \u00e9dition du guide \u00ab La pathologie des fa\u00e7ades \u00bb dans sa collection \u00ab Pathologies des b\u00e2timents \u00bb, en partenariat avec l\u2019AQC. Ouvrage de synth\u00e8se tr\u00e8s illustr\u00e9 et bas\u00e9 sur des cas r\u00e9els, il permet facilement d\u2019identifier les d\u00e9sordres, de comprendre leurs origines, d\u2019analyser la gravit\u00e9 du sinistre et de mettre [&hellip;]<\/p>\n","protected":false},"author":17,"featured_media":106323,"comment_status":"closed","ping_status":"closed","sticky":false,"template":"","format":"standard","meta":{"_et_pb_use_builder":"","_et_pb_old_content":"","_et_gb_content_width":"","footnotes":""},"categories":[10530,6362,10771,10775],"tags":[126,11361],"class_list":["post-106322","post","type-post","status-publish","format-standard","has-post-thumbnail","hentry","category-actualites","category-services-equipements","category-5facades","category-actualites-5facades","tag-facade","tag-librairie"],"yoast_head":"<!-- This site is optimized with the Yoast SEO plugin v27.4 - https:\/\/yoast.com\/product\/yoast-seo-wordpress\/ -->\n<title>La pathologie des fa\u00e7ades<\/title>\n<meta name=\"robots\" content=\"index, follow, max-snippet:-1, max-image-preview:large, max-video-preview:-1\" \/>\n<link rel=\"canonical\" href=\"https:\/\/batijournal.com\/index.php\/la-pathologie-des-facades\/106322\/\" \/>\n<meta property=\"og:locale\" content=\"fr_FR\" \/>\n<meta property=\"og:type\" content=\"article\" \/>\n<meta property=\"og:title\" content=\"La pathologie des fa\u00e7ades\" \/>\n<meta property=\"og:description\" content=\"CSTB Editions publie la 3e \u00e9dition du guide \u00ab La pathologie des fa\u00e7ades \u00bb dans sa collection \u00ab Pathologies des b\u00e2timents \u00bb, en partenariat avec l\u2019AQC. Ouvrage de synth\u00e8se tr\u00e8s illustr\u00e9 et bas\u00e9 sur des cas r\u00e9els, il permet facilement d\u2019identifier les d\u00e9sordres, de comprendre leurs origines, d\u2019analyser la gravit\u00e9 du sinistre et de mettre [&hellip;]\" \/>\n<meta property=\"og:url\" content=\"https:\/\/batijournal.com\/index.php\/la-pathologie-des-facades\/106322\/\" \/>\n<meta property=\"og:site_name\" content=\"Batijournal\" \/>\n<meta property=\"article:published_time\" content=\"2021-09-24T09:57:03+00:00\" \/>\n<meta property=\"og:image\" content=\"https:\/\/batijournal.com\/wp-content\/uploads\/2021\/09\/la-pathologie-des-facades.jpg\" \/>\n\t<meta property=\"og:image:width\" content=\"800\" \/>\n\t<meta property=\"og:image:height\" content=\"800\" \/>\n\t<meta property=\"og:image:type\" content=\"image\/jpeg\" \/>\n<meta name=\"author\" content=\"St\u00e9phane Miget\" \/>\n<meta name=\"twitter:card\" content=\"summary_large_image\" \/>\n<meta name=\"twitter:creator\" content=\"@bati_journal\" \/>\n<meta name=\"twitter:site\" content=\"@bati_journal\" \/>\n<meta name=\"twitter:label1\" content=\"\u00c9crit par\" \/>\n\t<meta name=\"twitter:data1\" content=\"St\u00e9phane Miget\" \/>\n<script type=\"application\/ld+json\" class=\"yoast-schema-graph\">{\"@context\":\"https:\\\/\\\/schema.org\",\"@graph\":[{\"@type\":\"Article\",\"@id\":\"https:\\\/\\\/batijournal.com\\\/index.php\\\/la-pathologie-des-facades\\\/106322\\\/#article\",\"isPartOf\":{\"@id\":\"https:\\\/\\\/batijournal.com\\\/index.php\\\/la-pathologie-des-facades\\\/106322\\\/\"},\"author\":{\"name\":\"St\u00e9phane Miget\",\"@id\":\"https:\\\/\\\/batijournal.com\\\/#\\\/schema\\\/person\\\/1dc96ec6957aa1ccb25ebe78bb19f100\"},\"headline\":\"La pathologie des fa\u00e7ades\",\"datePublished\":\"2021-09-24T09:57:03+00:00\",\"mainEntityOfPage\":{\"@id\":\"https:\\\/\\\/batijournal.com\\\/index.php\\\/la-pathologie-des-facades\\\/106322\\\/\"},\"wordCount\":93,\"image\":{\"@id\":\"https:\\\/\\\/batijournal.com\\\/index.php\\\/la-pathologie-des-facades\\\/106322\\\/#primaryimage\"},\"thumbnailUrl\":\"https:\\\/\\\/batijournal.com\\\/wp-content\\\/uploads\\\/2021\\\/09\\\/la-pathologie-des-facades.jpg\",\"keywords\":[\"fa\u00e7ade\",\"librairie\"],\"articleSection\":[\"Actualit\u00e9s\",\"Divers\",\"zz_5fa\u00e7ades\",\"zz_Actualit\u00e9s - 5fa\u00e7ades\"],\"inLanguage\":\"fr-FR\"},{\"@type\":\"WebPage\",\"@id\":\"https:\\\/\\\/batijournal.com\\\/index.php\\\/la-pathologie-des-facades\\\/106322\\\/\",\"url\":\"https:\\\/\\\/batijournal.com\\\/index.php\\\/la-pathologie-des-facades\\\/106322\\\/\",\"name\":\"La pathologie des fa\u00e7ades\",\"isPartOf\":{\"@id\":\"https:\\\/\\\/batijournal.com\\\/#website\"},\"primaryImageOfPage\":{\"@id\":\"https:\\\/\\\/batijournal.com\\\/index.php\\\/la-pathologie-des-facades\\\/106322\\\/#primaryimage\"},\"image\":{\"@id\":\"https:\\\/\\\/batijournal.com\\\/index.php\\\/la-pathologie-des-facades\\\/106322\\\/#primaryimage\"},\"thumbnailUrl\":\"https:\\\/\\\/batijournal.com\\\/wp-content\\\/uploads\\\/2021\\\/09\\\/la-pathologie-des-facades.jpg\",\"datePublished\":\"2021-09-24T09:57:03+00:00\",\"author\":{\"@id\":\"https:\\\/\\\/batijournal.com\\\/#\\\/schema\\\/person\\\/1dc96ec6957aa1ccb25ebe78bb19f100\"},\"breadcrumb\":{\"@id\":\"https:\\\/\\\/batijournal.com\\\/index.php\\\/la-pathologie-des-facades\\\/106322\\\/#breadcrumb\"},\"inLanguage\":\"fr-FR\",\"potentialAction\":[{\"@type\":\"ReadAction\",\"target\":[\"https:\\\/\\\/batijournal.com\\\/index.php\\\/la-pathologie-des-facades\\\/106322\\\/\"]}]},{\"@type\":\"ImageObject\",\"inLanguage\":\"fr-FR\",\"@id\":\"https:\\\/\\\/batijournal.com\\\/index.php\\\/la-pathologie-des-facades\\\/106322\\\/#primaryimage\",\"url\":\"https:\\\/\\\/batijournal.com\\\/wp-content\\\/uploads\\\/2021\\\/09\\\/la-pathologie-des-facades.jpg\",\"contentUrl\":\"https:\\\/\\\/batijournal.com\\\/wp-content\\\/uploads\\\/2021\\\/09\\\/la-pathologie-des-facades.jpg\",\"width\":800,\"height\":800},{\"@type\":\"BreadcrumbList\",\"@id\":\"https:\\\/\\\/batijournal.com\\\/index.php\\\/la-pathologie-des-facades\\\/106322\\\/#breadcrumb\",\"itemListElement\":[{\"@type\":\"ListItem\",\"position\":1,\"name\":\"Accueil\",\"item\":\"https:\\\/\\\/batijournal.com\\\/\"},{\"@type\":\"ListItem\",\"position\":2,\"name\":\"Actualit\u00e9s\",\"item\":\"https:\\\/\\\/batijournal.com\\\/index.php\\\/category\\\/actualites\\\/\"},{\"@type\":\"ListItem\",\"position\":3,\"name\":\"Divers\",\"item\":\"https:\\\/\\\/batijournal.com\\\/index.php\\\/category\\\/actualites\\\/services-equipements\\\/\"},{\"@type\":\"ListItem\",\"position\":4,\"name\":\"La pathologie des fa\u00e7ades\"}]},{\"@type\":\"WebSite\",\"@id\":\"https:\\\/\\\/batijournal.com\\\/#website\",\"url\":\"https:\\\/\\\/batijournal.com\\\/\",\"name\":\"Batijournal\",\"description\":\"L&#039;actualit\u00e9 du b\u00e2timent\",\"potentialAction\":[{\"@type\":\"SearchAction\",\"target\":{\"@type\":\"EntryPoint\",\"urlTemplate\":\"https:\\\/\\\/batijournal.com\\\/?s={search_term_string}\"},\"query-input\":{\"@type\":\"PropertyValueSpecification\",\"valueRequired\":true,\"valueName\":\"search_term_string\"}}],\"inLanguage\":\"fr-FR\"},{\"@type\":\"Person\",\"@id\":\"https:\\\/\\\/batijournal.com\\\/#\\\/schema\\\/person\\\/1dc96ec6957aa1ccb25ebe78bb19f100\",\"name\":\"St\u00e9phane Miget\",\"image\":{\"@type\":\"ImageObject\",\"inLanguage\":\"fr-FR\",\"@id\":\"https:\\\/\\\/secure.gravatar.com\\\/avatar\\\/89915563d925342126b8ef0281b93d9d7fc337043e8df017f780908eb9644451?s=96&d=mm&r=g\",\"url\":\"https:\\\/\\\/secure.gravatar.com\\\/avatar\\\/89915563d925342126b8ef0281b93d9d7fc337043e8df017f780908eb9644451?s=96&d=mm&r=g\",\"contentUrl\":\"https:\\\/\\\/secure.gravatar.com\\\/avatar\\\/89915563d925342126b8ef0281b93d9d7fc337043e8df017f780908eb9644451?s=96&d=mm&r=g\",\"caption\":\"St\u00e9phane Miget\"},\"url\":\"https:\\\/\\\/batijournal.com\\\/index.php\\\/author\\\/stephane\\\/\"}]}<\/script>\n<!-- \/ Yoast SEO plugin. -->","yoast_head_json":{"title":"La pathologie des fa\u00e7ades","robots":{"index":"index","follow":"follow","max-snippet":"max-snippet:-1","max-image-preview":"max-image-preview:large","max-video-preview":"max-video-preview:-1"},"canonical":"https:\/\/batijournal.com\/index.php\/la-pathologie-des-facades\/106322\/","og_locale":"fr_FR","og_type":"article","og_title":"La pathologie des fa\u00e7ades","og_description":"CSTB Editions publie la 3e \u00e9dition du guide \u00ab La pathologie des fa\u00e7ades \u00bb dans sa collection \u00ab Pathologies des b\u00e2timents \u00bb, en partenariat avec l\u2019AQC. Ouvrage de synth\u00e8se tr\u00e8s illustr\u00e9 et bas\u00e9 sur des cas r\u00e9els, il permet facilement d\u2019identifier les d\u00e9sordres, de comprendre leurs origines, d\u2019analyser la gravit\u00e9 du sinistre et de mettre [&hellip;]","og_url":"https:\/\/batijournal.com\/index.php\/la-pathologie-des-facades\/106322\/","og_site_name":"Batijournal","article_published_time":"2021-09-24T09:57:03+00:00","og_image":[{"width":800,"height":800,"url":"https:\/\/batijournal.com\/wp-content\/uploads\/2021\/09\/la-pathologie-des-facades.jpg","type":"image\/jpeg"}],"author":"St\u00e9phane Miget","twitter_card":"summary_large_image","twitter_creator":"@bati_journal","twitter_site":"@bati_journal","twitter_misc":{"\u00c9crit par":"St\u00e9phane Miget"},"schema":{"@context":"https:\/\/schema.org","@graph":[{"@type":"Article","@id":"https:\/\/batijournal.com\/index.php\/la-pathologie-des-facades\/106322\/#article","isPartOf":{"@id":"https:\/\/batijournal.com\/index.php\/la-pathologie-des-facades\/106322\/"},"author":{"name":"St\u00e9phane Miget","@id":"https:\/\/batijournal.com\/#\/schema\/person\/1dc96ec6957aa1ccb25ebe78bb19f100"},"headline":"La pathologie des fa\u00e7ades","datePublished":"2021-09-24T09:57:03+00:00","mainEntityOfPage":{"@id":"https:\/\/batijournal.com\/index.php\/la-pathologie-des-facades\/106322\/"},"wordCount":93,"image":{"@id":"https:\/\/batijournal.com\/index.php\/la-pathologie-des-facades\/106322\/#primaryimage"},"thumbnailUrl":"https:\/\/batijournal.com\/wp-content\/uploads\/2021\/09\/la-pathologie-des-facades.jpg","keywords":["fa\u00e7ade","librairie"],"articleSection":["Actualit\u00e9s","Divers","zz_5fa\u00e7ades","zz_Actualit\u00e9s - 5fa\u00e7ades"],"inLanguage":"fr-FR"},{"@type":"WebPage","@id":"https:\/\/batijournal.com\/index.php\/la-pathologie-des-facades\/106322\/","url":"https:\/\/batijournal.com\/index.php\/la-pathologie-des-facades\/106322\/","name":"La pathologie des fa\u00e7ades","isPartOf":{"@id":"https:\/\/batijournal.com\/#website"},"primaryImageOfPage":{"@id":"https:\/\/batijournal.com\/index.php\/la-pathologie-des-facades\/106322\/#primaryimage"},"image":{"@id":"https:\/\/batijournal.com\/index.php\/la-pathologie-des-facades\/106322\/#primaryimage"},"thumbnailUrl":"https:\/\/batijournal.com\/wp-content\/uploads\/2021\/09\/la-pathologie-des-facades.jpg","datePublished":"2021-09-24T09:57:03+00:00","author":{"@id":"https:\/\/batijournal.com\/#\/schema\/person\/1dc96ec6957aa1ccb25ebe78bb19f100"},"breadcrumb":{"@id":"https:\/\/batijournal.com\/index.php\/la-pathologie-des-facades\/106322\/#breadcrumb"},"inLanguage":"fr-FR","potentialAction":[{"@type":"ReadAction","target":["https:\/\/batijournal.com\/index.php\/la-pathologie-des-facades\/106322\/"]}]},{"@type":"ImageObject","inLanguage":"fr-FR","@id":"https:\/\/batijournal.com\/index.php\/la-pathologie-des-facades\/106322\/#primaryimage","url":"https:\/\/batijournal.com\/wp-content\/uploads\/2021\/09\/la-pathologie-des-facades.jpg","contentUrl":"https:\/\/batijournal.com\/wp-content\/uploads\/2021\/09\/la-pathologie-des-facades.jpg","width":800,"height":800},{"@type":"BreadcrumbList","@id":"https:\/\/batijournal.com\/index.php\/la-pathologie-des-facades\/106322\/#breadcrumb","itemListElement":[{"@type":"ListItem","position":1,"name":"Accueil","item":"https:\/\/batijournal.com\/"},{"@type":"ListItem","position":2,"name":"Actualit\u00e9s","item":"https:\/\/batijournal.com\/index.php\/category\/actualites\/"},{"@type":"ListItem","position":3,"name":"Divers","item":"https:\/\/batijournal.com\/index.php\/category\/actualites\/services-equipements\/"},{"@type":"ListItem","position":4,"name":"La pathologie des fa\u00e7ades"}]},{"@type":"WebSite","@id":"https:\/\/batijournal.com\/#website","url":"https:\/\/batijournal.com\/","name":"Batijournal","description":"L&#039;actualit\u00e9 du b\u00e2timent","potentialAction":[{"@type":"SearchAction","target":{"@type":"EntryPoint","urlTemplate":"https:\/\/batijournal.com\/?s={search_term_string}"},"query-input":{"@type":"PropertyValueSpecification","valueRequired":true,"valueName":"search_term_string"}}],"inLanguage":"fr-FR"},{"@type":"Person","@id":"https:\/\/batijournal.com\/#\/schema\/person\/1dc96ec6957aa1ccb25ebe78bb19f100","name":"St\u00e9phane Miget","image":{"@type":"ImageObject","inLanguage":"fr-FR","@id":"https:\/\/secure.gravatar.com\/avatar\/89915563d925342126b8ef0281b93d9d7fc337043e8df017f780908eb9644451?s=96&d=mm&r=g","url":"https:\/\/secure.gravatar.com\/avatar\/89915563d925342126b8ef0281b93d9d7fc337043e8df017f780908eb9644451?s=96&d=mm&r=g","contentUrl":"https:\/\/secure.gravatar.com\/avatar\/89915563d925342126b8ef0281b93d9d7fc337043e8df017f780908eb9644451?s=96&d=mm&r=g","caption":"St\u00e9phane Miget"},"url":"https:\/\/batijournal.com\/index.php\/author\/stephane\/"}]}},"_links":{"self":[{"href":"https:\/\/batijournal.com\/index.php\/wp-json\/wp\/v2\/posts\/106322","targetHints":{"allow":["GET"]}}],"collection":[{"href":"https:\/\/batijournal.com\/index.php\/wp-json\/wp\/v2\/posts"}],"about":[{"href":"https:\/\/batijournal.com\/index.php\/wp-json\/wp\/v2\/types\/post"}],"author":[{"embeddable":true,"href":"https:\/\/batijournal.com\/index.php\/wp-json\/wp\/v2\/users\/17"}],"replies":[{"embeddable":true,"href":"https:\/\/batijournal.com\/index.php\/wp-json\/wp\/v2\/comments?post=106322"}],"version-history":[{"count":0,"href":"https:\/\/batijournal.com\/index.php\/wp-json\/wp\/v2\/posts\/106322\/revisions"}],"wp:featuredmedia":[{"embeddable":true,"href":"https:\/\/batijournal.com\/index.php\/wp-json\/wp\/v2\/media\/106323"}],"wp:attachment":[{"href":"https:\/\/batijournal.com\/index.php\/wp-json\/wp\/v2\/media?parent=106322"}],"wp:term":[{"taxonomy":"category","embeddable":true,"href":"https:\/\/batijournal.com\/index.php\/wp-json\/wp\/v2\/categories?post=106322"},{"taxonomy":"post_tag","embeddable":true,"href":"https:\/\/batijournal.com\/index.php\/wp-json\/wp\/v2\/tags?post=106322"}],"curies":[{"name":"wp","href":"https:\/\/api.w.org\/{rel}","templated":true}]}}