{"id":106352,"date":"2021-10-01T13:45:26","date_gmt":"2021-10-01T11:45:26","guid":{"rendered":"https:\/\/batijournal.com\/?p=106352"},"modified":"2021-10-01T13:45:26","modified_gmt":"2021-10-01T11:45:26","slug":"22eme-colloque-du-ser","status":"publish","type":"post","link":"https:\/\/batijournal.com\/index.php\/22eme-colloque-du-ser\/106352\/","title":{"rendered":"22\u00e8me colloque du SER"},"content":{"rendered":"<p>Le Colloque annuel du Syndicat des \u00e9nergies renouvelables se tiendra le jeudi 7 octobre 2021 \u00e0 la Maison de l&rsquo;UNESCO \u00e0 Paris. Intitul\u00e9e \u00ab\u00a0Avec une relance verte, redonnons du sens au progr\u00e8s\u00a0\u00bb, et plac\u00e9e sous le Haut patronage du Pr\u00e9sident de la R\u00e9publique, cette 22\u00e8me \u00e9dition se d\u00e9roulera dans un contexte tr\u00e8s sp\u00e9cifique, li\u00e9 \u00e0 la situation sanitaire, \u00e0 la relance de l&rsquo;\u00e9conomie, aux engagements europ\u00e9ens en mati\u00e8re de climat et quelques mois avant l&rsquo;\u00e9lection pr\u00e9sidentielle, \u00e0 l&rsquo;or\u00e9e d&rsquo;un quinquennat d\u00e9cisif pour la transition \u00e9nerg\u00e9tique.<\/p>\n","protected":false},"excerpt":{"rendered":"<p>Le Colloque annuel du Syndicat des \u00e9nergies renouvelables se tiendra le jeudi 7 octobre 2021 \u00e0 la Maison de l&rsquo;UNESCO \u00e0 Paris. Intitul\u00e9e \u00ab\u00a0Avec une relance verte, redonnons du sens au progr\u00e8s\u00a0\u00bb, et plac\u00e9e sous le Haut patronage du Pr\u00e9sident de la R\u00e9publique, cette 22\u00e8me \u00e9dition se d\u00e9roulera dans un contexte tr\u00e8s sp\u00e9cifique, li\u00e9 \u00e0 [&hellip;]<\/p>\n","protected":false},"author":17,"featured_media":106353,"comment_status":"closed","ping_status":"closed","sticky":false,"template":"","format":"standard","meta":{"_et_pb_use_builder":"","_et_pb_old_content":"","_et_gb_content_width":"","footnotes":""},"categories":[10530,6351,10781,10778],"tags":[3152],"class_list":["post-106352","post","type-post","status-publish","format-standard","has-post-thumbnail","hentry","category-actualites","category-energie-environnement","category-publications-planete","category-planete","tag-energie-renouvelable"],"yoast_head":"<!-- This site is optimized with the Yoast SEO plugin v27.4 - https:\/\/yoast.com\/product\/yoast-seo-wordpress\/ -->\n<title>22\u00e8me colloque du SER<\/title>\n<meta name=\"robots\" content=\"index, follow, max-snippet:-1, max-image-preview:large, max-video-preview:-1\" \/>\n<link rel=\"canonical\" href=\"https:\/\/batijournal.com\/index.php\/22eme-colloque-du-ser\/106352\/\" \/>\n<meta property=\"og:locale\" content=\"fr_FR\" \/>\n<meta property=\"og:type\" content=\"article\" \/>\n<meta property=\"og:title\" content=\"22\u00e8me colloque du SER\" \/>\n<meta property=\"og:description\" content=\"Le Colloque annuel du Syndicat des \u00e9nergies renouvelables se tiendra le jeudi 7 octobre 2021 \u00e0 la Maison de l&rsquo;UNESCO \u00e0 Paris. Intitul\u00e9e \u00ab\u00a0Avec une relance verte, redonnons du sens au progr\u00e8s\u00a0\u00bb, et plac\u00e9e sous le Haut patronage du Pr\u00e9sident de la R\u00e9publique, cette 22\u00e8me \u00e9dition se d\u00e9roulera dans un contexte tr\u00e8s sp\u00e9cifique, li\u00e9 \u00e0 [&hellip;]\" \/>\n<meta property=\"og:url\" content=\"https:\/\/batijournal.com\/index.php\/22eme-colloque-du-ser\/106352\/\" \/>\n<meta property=\"og:site_name\" content=\"Batijournal\" \/>\n<meta property=\"article:published_time\" content=\"2021-10-01T11:45:26+00:00\" \/>\n<meta property=\"og:image\" content=\"https:\/\/batijournal.com\/wp-content\/uploads\/2021\/10\/colloque-ser.jpg\" \/>\n\t<meta property=\"og:image:width\" content=\"640\" \/>\n\t<meta property=\"og:image:height\" content=\"300\" \/>\n\t<meta property=\"og:image:type\" content=\"image\/jpeg\" \/>\n<meta name=\"author\" content=\"St\u00e9phane Miget\" \/>\n<meta name=\"twitter:card\" content=\"summary_large_image\" \/>\n<meta name=\"twitter:creator\" content=\"@bati_journal\" \/>\n<meta name=\"twitter:site\" content=\"@bati_journal\" \/>\n<meta name=\"twitter:label1\" content=\"\u00c9crit par\" \/>\n\t<meta name=\"twitter:data1\" content=\"St\u00e9phane Miget\" \/>\n<script type=\"application\/ld+json\" class=\"yoast-schema-graph\">{\"@context\":\"https:\\\/\\\/schema.org\",\"@graph\":[{\"@type\":\"Article\",\"@id\":\"https:\\\/\\\/batijournal.com\\\/index.php\\\/22eme-colloque-du-ser\\\/106352\\\/#article\",\"isPartOf\":{\"@id\":\"https:\\\/\\\/batijournal.com\\\/index.php\\\/22eme-colloque-du-ser\\\/106352\\\/\"},\"author\":{\"name\":\"St\u00e9phane Miget\",\"@id\":\"https:\\\/\\\/batijournal.com\\\/#\\\/schema\\\/person\\\/1dc96ec6957aa1ccb25ebe78bb19f100\"},\"headline\":\"22\u00e8me colloque du SER\",\"datePublished\":\"2021-10-01T11:45:26+00:00\",\"mainEntityOfPage\":{\"@id\":\"https:\\\/\\\/batijournal.com\\\/index.php\\\/22eme-colloque-du-ser\\\/106352\\\/\"},\"wordCount\":101,\"image\":{\"@id\":\"https:\\\/\\\/batijournal.com\\\/index.php\\\/22eme-colloque-du-ser\\\/106352\\\/#primaryimage\"},\"thumbnailUrl\":\"https:\\\/\\\/batijournal.com\\\/wp-content\\\/uploads\\\/2021\\\/10\\\/colloque-ser.jpg\",\"keywords\":[\"\u00e9nergie renouvelable\"],\"articleSection\":[\"Actualit\u00e9s\",\"\u00c9nergie &amp; Environnement\",\"zz_Actualit\u00e9s - Plan\u00e8te\",\"zz_Plan\u00e8te B\u00e2timent\"],\"inLanguage\":\"fr-FR\"},{\"@type\":\"WebPage\",\"@id\":\"https:\\\/\\\/batijournal.com\\\/index.php\\\/22eme-colloque-du-ser\\\/106352\\\/\",\"url\":\"https:\\\/\\\/batijournal.com\\\/index.php\\\/22eme-colloque-du-ser\\\/106352\\\/\",\"name\":\"22\u00e8me colloque du SER\",\"isPartOf\":{\"@id\":\"https:\\\/\\\/batijournal.com\\\/#website\"},\"primaryImageOfPage\":{\"@id\":\"https:\\\/\\\/batijournal.com\\\/index.php\\\/22eme-colloque-du-ser\\\/106352\\\/#primaryimage\"},\"image\":{\"@id\":\"https:\\\/\\\/batijournal.com\\\/index.php\\\/22eme-colloque-du-ser\\\/106352\\\/#primaryimage\"},\"thumbnailUrl\":\"https:\\\/\\\/batijournal.com\\\/wp-content\\\/uploads\\\/2021\\\/10\\\/colloque-ser.jpg\",\"datePublished\":\"2021-10-01T11:45:26+00:00\",\"author\":{\"@id\":\"https:\\\/\\\/batijournal.com\\\/#\\\/schema\\\/person\\\/1dc96ec6957aa1ccb25ebe78bb19f100\"},\"breadcrumb\":{\"@id\":\"https:\\\/\\\/batijournal.com\\\/index.php\\\/22eme-colloque-du-ser\\\/106352\\\/#breadcrumb\"},\"inLanguage\":\"fr-FR\",\"potentialAction\":[{\"@type\":\"ReadAction\",\"target\":[\"https:\\\/\\\/batijournal.com\\\/index.php\\\/22eme-colloque-du-ser\\\/106352\\\/\"]}]},{\"@type\":\"ImageObject\",\"inLanguage\":\"fr-FR\",\"@id\":\"https:\\\/\\\/batijournal.com\\\/index.php\\\/22eme-colloque-du-ser\\\/106352\\\/#primaryimage\",\"url\":\"https:\\\/\\\/batijournal.com\\\/wp-content\\\/uploads\\\/2021\\\/10\\\/colloque-ser.jpg\",\"contentUrl\":\"https:\\\/\\\/batijournal.com\\\/wp-content\\\/uploads\\\/2021\\\/10\\\/colloque-ser.jpg\",\"width\":640,\"height\":300},{\"@type\":\"BreadcrumbList\",\"@id\":\"https:\\\/\\\/batijournal.com\\\/index.php\\\/22eme-colloque-du-ser\\\/106352\\\/#breadcrumb\",\"itemListElement\":[{\"@type\":\"ListItem\",\"position\":1,\"name\":\"Accueil\",\"item\":\"https:\\\/\\\/batijournal.com\\\/\"},{\"@type\":\"ListItem\",\"position\":2,\"name\":\"Actualit\u00e9s\",\"item\":\"https:\\\/\\\/batijournal.com\\\/index.php\\\/category\\\/actualites\\\/\"},{\"@type\":\"ListItem\",\"position\":3,\"name\":\"\u00c9nergie &amp; Environnement\",\"item\":\"https:\\\/\\\/batijournal.com\\\/index.php\\\/category\\\/actualites\\\/energie-environnement\\\/\"},{\"@type\":\"ListItem\",\"position\":4,\"name\":\"22\u00e8me colloque du SER\"}]},{\"@type\":\"WebSite\",\"@id\":\"https:\\\/\\\/batijournal.com\\\/#website\",\"url\":\"https:\\\/\\\/batijournal.com\\\/\",\"name\":\"Batijournal\",\"description\":\"L&#039;actualit\u00e9 du b\u00e2timent\",\"potentialAction\":[{\"@type\":\"SearchAction\",\"target\":{\"@type\":\"EntryPoint\",\"urlTemplate\":\"https:\\\/\\\/batijournal.com\\\/?s={search_term_string}\"},\"query-input\":{\"@type\":\"PropertyValueSpecification\",\"valueRequired\":true,\"valueName\":\"search_term_string\"}}],\"inLanguage\":\"fr-FR\"},{\"@type\":\"Person\",\"@id\":\"https:\\\/\\\/batijournal.com\\\/#\\\/schema\\\/person\\\/1dc96ec6957aa1ccb25ebe78bb19f100\",\"name\":\"St\u00e9phane Miget\",\"image\":{\"@type\":\"ImageObject\",\"inLanguage\":\"fr-FR\",\"@id\":\"https:\\\/\\\/secure.gravatar.com\\\/avatar\\\/89915563d925342126b8ef0281b93d9d7fc337043e8df017f780908eb9644451?s=96&d=mm&r=g\",\"url\":\"https:\\\/\\\/secure.gravatar.com\\\/avatar\\\/89915563d925342126b8ef0281b93d9d7fc337043e8df017f780908eb9644451?s=96&d=mm&r=g\",\"contentUrl\":\"https:\\\/\\\/secure.gravatar.com\\\/avatar\\\/89915563d925342126b8ef0281b93d9d7fc337043e8df017f780908eb9644451?s=96&d=mm&r=g\",\"caption\":\"St\u00e9phane Miget\"},\"url\":\"https:\\\/\\\/batijournal.com\\\/index.php\\\/author\\\/stephane\\\/\"}]}<\/script>\n<!-- \/ Yoast SEO plugin. -->","yoast_head_json":{"title":"22\u00e8me colloque du SER","robots":{"index":"index","follow":"follow","max-snippet":"max-snippet:-1","max-image-preview":"max-image-preview:large","max-video-preview":"max-video-preview:-1"},"canonical":"https:\/\/batijournal.com\/index.php\/22eme-colloque-du-ser\/106352\/","og_locale":"fr_FR","og_type":"article","og_title":"22\u00e8me colloque du SER","og_description":"Le Colloque annuel du Syndicat des \u00e9nergies renouvelables se tiendra le jeudi 7 octobre 2021 \u00e0 la Maison de l&rsquo;UNESCO \u00e0 Paris. Intitul\u00e9e \u00ab\u00a0Avec une relance verte, redonnons du sens au progr\u00e8s\u00a0\u00bb, et plac\u00e9e sous le Haut patronage du Pr\u00e9sident de la R\u00e9publique, cette 22\u00e8me \u00e9dition se d\u00e9roulera dans un contexte tr\u00e8s sp\u00e9cifique, li\u00e9 \u00e0 [&hellip;]","og_url":"https:\/\/batijournal.com\/index.php\/22eme-colloque-du-ser\/106352\/","og_site_name":"Batijournal","article_published_time":"2021-10-01T11:45:26+00:00","og_image":[{"width":640,"height":300,"url":"https:\/\/batijournal.com\/wp-content\/uploads\/2021\/10\/colloque-ser.jpg","type":"image\/jpeg"}],"author":"St\u00e9phane Miget","twitter_card":"summary_large_image","twitter_creator":"@bati_journal","twitter_site":"@bati_journal","twitter_misc":{"\u00c9crit par":"St\u00e9phane Miget"},"schema":{"@context":"https:\/\/schema.org","@graph":[{"@type":"Article","@id":"https:\/\/batijournal.com\/index.php\/22eme-colloque-du-ser\/106352\/#article","isPartOf":{"@id":"https:\/\/batijournal.com\/index.php\/22eme-colloque-du-ser\/106352\/"},"author":{"name":"St\u00e9phane Miget","@id":"https:\/\/batijournal.com\/#\/schema\/person\/1dc96ec6957aa1ccb25ebe78bb19f100"},"headline":"22\u00e8me colloque du SER","datePublished":"2021-10-01T11:45:26+00:00","mainEntityOfPage":{"@id":"https:\/\/batijournal.com\/index.php\/22eme-colloque-du-ser\/106352\/"},"wordCount":101,"image":{"@id":"https:\/\/batijournal.com\/index.php\/22eme-colloque-du-ser\/106352\/#primaryimage"},"thumbnailUrl":"https:\/\/batijournal.com\/wp-content\/uploads\/2021\/10\/colloque-ser.jpg","keywords":["\u00e9nergie renouvelable"],"articleSection":["Actualit\u00e9s","\u00c9nergie &amp; Environnement","zz_Actualit\u00e9s - Plan\u00e8te","zz_Plan\u00e8te B\u00e2timent"],"inLanguage":"fr-FR"},{"@type":"WebPage","@id":"https:\/\/batijournal.com\/index.php\/22eme-colloque-du-ser\/106352\/","url":"https:\/\/batijournal.com\/index.php\/22eme-colloque-du-ser\/106352\/","name":"22\u00e8me colloque du SER","isPartOf":{"@id":"https:\/\/batijournal.com\/#website"},"primaryImageOfPage":{"@id":"https:\/\/batijournal.com\/index.php\/22eme-colloque-du-ser\/106352\/#primaryimage"},"image":{"@id":"https:\/\/batijournal.com\/index.php\/22eme-colloque-du-ser\/106352\/#primaryimage"},"thumbnailUrl":"https:\/\/batijournal.com\/wp-content\/uploads\/2021\/10\/colloque-ser.jpg","datePublished":"2021-10-01T11:45:26+00:00","author":{"@id":"https:\/\/batijournal.com\/#\/schema\/person\/1dc96ec6957aa1ccb25ebe78bb19f100"},"breadcrumb":{"@id":"https:\/\/batijournal.com\/index.php\/22eme-colloque-du-ser\/106352\/#breadcrumb"},"inLanguage":"fr-FR","potentialAction":[{"@type":"ReadAction","target":["https:\/\/batijournal.com\/index.php\/22eme-colloque-du-ser\/106352\/"]}]},{"@type":"ImageObject","inLanguage":"fr-FR","@id":"https:\/\/batijournal.com\/index.php\/22eme-colloque-du-ser\/106352\/#primaryimage","url":"https:\/\/batijournal.com\/wp-content\/uploads\/2021\/10\/colloque-ser.jpg","contentUrl":"https:\/\/batijournal.com\/wp-content\/uploads\/2021\/10\/colloque-ser.jpg","width":640,"height":300},{"@type":"BreadcrumbList","@id":"https:\/\/batijournal.com\/index.php\/22eme-colloque-du-ser\/106352\/#breadcrumb","itemListElement":[{"@type":"ListItem","position":1,"name":"Accueil","item":"https:\/\/batijournal.com\/"},{"@type":"ListItem","position":2,"name":"Actualit\u00e9s","item":"https:\/\/batijournal.com\/index.php\/category\/actualites\/"},{"@type":"ListItem","position":3,"name":"\u00c9nergie &amp; Environnement","item":"https:\/\/batijournal.com\/index.php\/category\/actualites\/energie-environnement\/"},{"@type":"ListItem","position":4,"name":"22\u00e8me colloque du SER"}]},{"@type":"WebSite","@id":"https:\/\/batijournal.com\/#website","url":"https:\/\/batijournal.com\/","name":"Batijournal","description":"L&#039;actualit\u00e9 du b\u00e2timent","potentialAction":[{"@type":"SearchAction","target":{"@type":"EntryPoint","urlTemplate":"https:\/\/batijournal.com\/?s={search_term_string}"},"query-input":{"@type":"PropertyValueSpecification","valueRequired":true,"valueName":"search_term_string"}}],"inLanguage":"fr-FR"},{"@type":"Person","@id":"https:\/\/batijournal.com\/#\/schema\/person\/1dc96ec6957aa1ccb25ebe78bb19f100","name":"St\u00e9phane Miget","image":{"@type":"ImageObject","inLanguage":"fr-FR","@id":"https:\/\/secure.gravatar.com\/avatar\/89915563d925342126b8ef0281b93d9d7fc337043e8df017f780908eb9644451?s=96&d=mm&r=g","url":"https:\/\/secure.gravatar.com\/avatar\/89915563d925342126b8ef0281b93d9d7fc337043e8df017f780908eb9644451?s=96&d=mm&r=g","contentUrl":"https:\/\/secure.gravatar.com\/avatar\/89915563d925342126b8ef0281b93d9d7fc337043e8df017f780908eb9644451?s=96&d=mm&r=g","caption":"St\u00e9phane Miget"},"url":"https:\/\/batijournal.com\/index.php\/author\/stephane\/"}]}},"_links":{"self":[{"href":"https:\/\/batijournal.com\/index.php\/wp-json\/wp\/v2\/posts\/106352","targetHints":{"allow":["GET"]}}],"collection":[{"href":"https:\/\/batijournal.com\/index.php\/wp-json\/wp\/v2\/posts"}],"about":[{"href":"https:\/\/batijournal.com\/index.php\/wp-json\/wp\/v2\/types\/post"}],"author":[{"embeddable":true,"href":"https:\/\/batijournal.com\/index.php\/wp-json\/wp\/v2\/users\/17"}],"replies":[{"embeddable":true,"href":"https:\/\/batijournal.com\/index.php\/wp-json\/wp\/v2\/comments?post=106352"}],"version-history":[{"count":0,"href":"https:\/\/batijournal.com\/index.php\/wp-json\/wp\/v2\/posts\/106352\/revisions"}],"wp:featuredmedia":[{"embeddable":true,"href":"https:\/\/batijournal.com\/index.php\/wp-json\/wp\/v2\/media\/106353"}],"wp:attachment":[{"href":"https:\/\/batijournal.com\/index.php\/wp-json\/wp\/v2\/media?parent=106352"}],"wp:term":[{"taxonomy":"category","embeddable":true,"href":"https:\/\/batijournal.com\/index.php\/wp-json\/wp\/v2\/categories?post=106352"},{"taxonomy":"post_tag","embeddable":true,"href":"https:\/\/batijournal.com\/index.php\/wp-json\/wp\/v2\/tags?post=106352"}],"curies":[{"name":"wp","href":"https:\/\/api.w.org\/{rel}","templated":true}]}}