{"id":106354,"date":"2021-10-04T14:55:44","date_gmt":"2021-10-04T12:55:44","guid":{"rendered":"https:\/\/batijournal.com\/?p=106354"},"modified":"2021-10-04T14:55:44","modified_gmt":"2021-10-04T12:55:44","slug":"la-soutenabilite-financiere-de-maprimerenov-nest-pas-averee","status":"publish","type":"post","link":"https:\/\/batijournal.com\/index.php\/la-soutenabilite-financiere-de-maprimerenov-nest-pas-averee\/106354\/","title":{"rendered":"La soutenabilit\u00e9 financi\u00e8re de MaPrimeR\u00e9nov\u2019 n\u2019est pas av\u00e9r\u00e9e"},"content":{"rendered":"<p>La Cour des comptes a publi\u00e9 un audit sur le dispositif MaPrimeR\u00e9nov\u2019, programme d\u2019aide \u00e0 la r\u00e9novation \u00e9nerg\u00e9tique des logements mis en place pour atteindre les objectifs nationaux en mati\u00e8re de lutte contre le r\u00e9chauffement climatique. Le programme vise la r\u00e9novation de 500 000 logements par an et s\u2019est en cons\u00e9quence ouvert, depuis 2021, \u00e0 la quasi-totalit\u00e9 des propri\u00e9taires qui peuvent recevoir une aide d\u00e9gressive selon leur niveau de revenu. Le pilotage du programme est confi\u00e9 \u00e0 l\u2019Anah. Ce dispositif est financ\u00e9 jusqu\u2019en 2022 \u00e0 hauteur de 2 Md\u20ac dans le cadre du plan de relance. La proc\u00e9dure acc\u00e9l\u00e9r\u00e9e d\u2019analyse du d\u00e9ploiement de cette nouvelle mesure d\u2019aide publique permet de poser des constats et observations utiles \u00e0 la poursuite de la politique d\u2019aide \u00e0 la r\u00e9novation thermique au regard de l\u2019importance des enjeux de r\u00e9novation \u00e9nerg\u00e9tique et des moyens d\u00e9ploy\u00e9s. Contrairement aux dispositifs ant\u00e9rieurs, notamment le programme \u00ab Habiter mieux agilit\u00e9 \u00bb, les aides de MaPrimeR\u00e9nov\u2019 ne visent pas prioritairement \u00e0 r\u00e9duire la pr\u00e9carit\u00e9 \u00e9nerg\u00e9tique des propri\u00e9taires tr\u00e8s modestes, mais \u00e0 soutenir plus largement la r\u00e9novation \u00e9nerg\u00e9tique. En cr\u00e9ant ce dispositif, l\u2019Etat a ainsi privil\u00e9gi\u00e9 l\u2019incitation par des subventions plut\u00f4t que par des all\u00e8gements d\u2019imp\u00f4t, conform\u00e9ment aux recommandations formul\u00e9es \u00e0 plusieurs reprises par la Cour, qui y voit des instruments plus efficients et mieux suivis. Une mise en \u0153uvre r\u00e9ussie qui pose des questions budg\u00e9taires et op\u00e9rationnelles Le d\u00e9marrage du dispositif a \u00e9t\u00e9 probant et contr\u00f4l\u00e9. Avec 574 000 dossiers d\u00e9pos\u00e9s et pr\u00e8s de 300 000 financ\u00e9s en un peu plus d\u2019un an, pour un montant de primes de 862 M\u20ac, le programme MaPrimeR\u00e9nov\u2019 r\u00e9pond bien aux objectifs de massification de la r\u00e9novation \u00e9nerg\u00e9tique et son d\u00e9ploiement peut \u00eatre consid\u00e9r\u00e9 comme r\u00e9ussi. Cependant, sa soutenabilit\u00e9 financi\u00e8re n\u2019est pas av\u00e9r\u00e9e. Le co\u00fbt budg\u00e9taire du dispositif, \u00e0 son lancement, avait en effet \u00e9t\u00e9 mal \u00e9valu\u00e9, ce qui a n\u00e9cessit\u00e9 plusieurs r\u00e9ajustements \u00e0 la hausse en cours d\u2019ann\u00e9e 2020. Ensuite, si l\u2019objectif de massification est tr\u00e8s perceptible, la v\u00e9rification de la qualit\u00e9 et de l\u2019efficacit\u00e9 des travaux en mati\u00e8re de lutte contre les passoires thermiques et la pr\u00e9carit\u00e9 \u00e9nerg\u00e9tique n\u2019est pas assur\u00e9e. Le d\u00e9bat entre les tenants de la massification, qui permet d\u2019esp\u00e9rer un premier geste de travaux en appelant d\u2019autres, et ceux d\u2019une approche plus exigeante sur le plan des gains d\u2019\u00e9nergie et de l\u2019objectif social de r\u00e9duction de la pr\u00e9carit\u00e9 \u00e9nerg\u00e9tique devra trouver une r\u00e9ponse publique \u00e9quilibr\u00e9e. Vers une \u00e9valuation de politique publique Une \u00e9valuation, au plus tard en 2023 et \u00e0 laquelle la Cour serait susceptible de contribuer, sera n\u00e9cessaire pour appr\u00e9cier le flux r\u00e9el des aides et des travaux r\u00e9alis\u00e9s, la simplicit\u00e9 et la rapidit\u00e9 d\u2019instruction et de versement, ainsi que l\u2019efficience \u00e9nerg\u00e9tique, sociale et en mati\u00e8re de qualit\u00e9 de l\u2019air du programme MaPrimeR\u00e9nov\u2019.<\/p>\n<p>&nbsp;<\/p>\n<p>Visuel : r\u00e9partition g\u00e9ographique des aides &#8211; Site France Relance, donn\u00e9es au 31 d\u00e9cembre 2020<\/p>\n<p>&nbsp;<\/p>\n","protected":false},"excerpt":{"rendered":"<p>La Cour des comptes a publi\u00e9 un audit sur le dispositif MaPrimeR\u00e9nov\u2019, programme d\u2019aide \u00e0 la r\u00e9novation \u00e9nerg\u00e9tique des logements mis en place pour atteindre les objectifs nationaux en mati\u00e8re de lutte contre le r\u00e9chauffement climatique. Le programme vise la r\u00e9novation de 500 000 logements par an et s\u2019est en cons\u00e9quence ouvert, depuis 2021, \u00e0 [&hellip;]<\/p>\n","protected":false},"author":17,"featured_media":106355,"comment_status":"closed","ping_status":"closed","sticky":false,"template":"","format":"standard","meta":{"_et_pb_use_builder":"","_et_pb_old_content":"","_et_gb_content_width":"","footnotes":""},"categories":[10530,6351,10781,10778],"tags":[1683],"class_list":["post-106354","post","type-post","status-publish","format-standard","has-post-thumbnail","hentry","category-actualites","category-energie-environnement","category-publications-planete","category-planete","tag-renovation-energetique"],"yoast_head":"<!-- This site is optimized with the Yoast SEO plugin v27.4 - https:\/\/yoast.com\/product\/yoast-seo-wordpress\/ -->\n<title>La soutenabilit\u00e9 financi\u00e8re de MaPrimeR\u00e9nov\u2019 n\u2019est pas av\u00e9r\u00e9e<\/title>\n<meta name=\"robots\" content=\"index, follow, max-snippet:-1, max-image-preview:large, max-video-preview:-1\" \/>\n<link rel=\"canonical\" href=\"https:\/\/batijournal.com\/index.php\/la-soutenabilite-financiere-de-maprimerenov-nest-pas-averee\/106354\/\" \/>\n<meta property=\"og:locale\" content=\"fr_FR\" \/>\n<meta property=\"og:type\" content=\"article\" \/>\n<meta property=\"og:title\" content=\"La soutenabilit\u00e9 financi\u00e8re de MaPrimeR\u00e9nov\u2019 n\u2019est pas av\u00e9r\u00e9e\" \/>\n<meta property=\"og:description\" content=\"La Cour des comptes a publi\u00e9 un audit sur le dispositif MaPrimeR\u00e9nov\u2019, programme d\u2019aide \u00e0 la r\u00e9novation \u00e9nerg\u00e9tique des logements mis en place pour atteindre les objectifs nationaux en mati\u00e8re de lutte contre le r\u00e9chauffement climatique. Le programme vise la r\u00e9novation de 500 000 logements par an et s\u2019est en cons\u00e9quence ouvert, depuis 2021, \u00e0 [&hellip;]\" \/>\n<meta property=\"og:url\" content=\"https:\/\/batijournal.com\/index.php\/la-soutenabilite-financiere-de-maprimerenov-nest-pas-averee\/106354\/\" \/>\n<meta property=\"og:site_name\" content=\"Batijournal\" \/>\n<meta property=\"article:published_time\" content=\"2021-10-04T12:55:44+00:00\" \/>\n<meta property=\"og:image\" content=\"https:\/\/batijournal.com\/wp-content\/uploads\/2021\/10\/repartition-geographique-des-aides-renovation-thermique.png\" \/>\n\t<meta property=\"og:image:width\" content=\"902\" \/>\n\t<meta property=\"og:image:height\" content=\"661\" \/>\n\t<meta property=\"og:image:type\" content=\"image\/png\" \/>\n<meta name=\"author\" content=\"St\u00e9phane Miget\" \/>\n<meta name=\"twitter:card\" content=\"summary_large_image\" \/>\n<meta name=\"twitter:creator\" content=\"@bati_journal\" \/>\n<meta name=\"twitter:site\" content=\"@bati_journal\" \/>\n<meta name=\"twitter:label1\" content=\"\u00c9crit par\" \/>\n\t<meta name=\"twitter:data1\" content=\"St\u00e9phane Miget\" \/>\n\t<meta name=\"twitter:label2\" content=\"Dur\u00e9e de lecture estim\u00e9e\" \/>\n\t<meta name=\"twitter:data2\" content=\"3 minutes\" \/>\n<script type=\"application\/ld+json\" class=\"yoast-schema-graph\">{\"@context\":\"https:\\\/\\\/schema.org\",\"@graph\":[{\"@type\":\"Article\",\"@id\":\"https:\\\/\\\/batijournal.com\\\/index.php\\\/la-soutenabilite-financiere-de-maprimerenov-nest-pas-averee\\\/106354\\\/#article\",\"isPartOf\":{\"@id\":\"https:\\\/\\\/batijournal.com\\\/index.php\\\/la-soutenabilite-financiere-de-maprimerenov-nest-pas-averee\\\/106354\\\/\"},\"author\":{\"name\":\"St\u00e9phane Miget\",\"@id\":\"https:\\\/\\\/batijournal.com\\\/#\\\/schema\\\/person\\\/1dc96ec6957aa1ccb25ebe78bb19f100\"},\"headline\":\"La soutenabilit\u00e9 financi\u00e8re de MaPrimeR\u00e9nov\u2019 n\u2019est pas av\u00e9r\u00e9e\",\"datePublished\":\"2021-10-04T12:55:44+00:00\",\"mainEntityOfPage\":{\"@id\":\"https:\\\/\\\/batijournal.com\\\/index.php\\\/la-soutenabilite-financiere-de-maprimerenov-nest-pas-averee\\\/106354\\\/\"},\"wordCount\":565,\"image\":{\"@id\":\"https:\\\/\\\/batijournal.com\\\/index.php\\\/la-soutenabilite-financiere-de-maprimerenov-nest-pas-averee\\\/106354\\\/#primaryimage\"},\"thumbnailUrl\":\"https:\\\/\\\/batijournal.com\\\/wp-content\\\/uploads\\\/2021\\\/10\\\/repartition-geographique-des-aides-renovation-thermique.png\",\"keywords\":[\"renovation energetique\"],\"articleSection\":[\"Actualit\u00e9s\",\"\u00c9nergie &amp; Environnement\",\"zz_Actualit\u00e9s - Plan\u00e8te\",\"zz_Plan\u00e8te B\u00e2timent\"],\"inLanguage\":\"fr-FR\"},{\"@type\":\"WebPage\",\"@id\":\"https:\\\/\\\/batijournal.com\\\/index.php\\\/la-soutenabilite-financiere-de-maprimerenov-nest-pas-averee\\\/106354\\\/\",\"url\":\"https:\\\/\\\/batijournal.com\\\/index.php\\\/la-soutenabilite-financiere-de-maprimerenov-nest-pas-averee\\\/106354\\\/\",\"name\":\"La soutenabilit\u00e9 financi\u00e8re de MaPrimeR\u00e9nov\u2019 n\u2019est pas av\u00e9r\u00e9e\",\"isPartOf\":{\"@id\":\"https:\\\/\\\/batijournal.com\\\/#website\"},\"primaryImageOfPage\":{\"@id\":\"https:\\\/\\\/batijournal.com\\\/index.php\\\/la-soutenabilite-financiere-de-maprimerenov-nest-pas-averee\\\/106354\\\/#primaryimage\"},\"image\":{\"@id\":\"https:\\\/\\\/batijournal.com\\\/index.php\\\/la-soutenabilite-financiere-de-maprimerenov-nest-pas-averee\\\/106354\\\/#primaryimage\"},\"thumbnailUrl\":\"https:\\\/\\\/batijournal.com\\\/wp-content\\\/uploads\\\/2021\\\/10\\\/repartition-geographique-des-aides-renovation-thermique.png\",\"datePublished\":\"2021-10-04T12:55:44+00:00\",\"author\":{\"@id\":\"https:\\\/\\\/batijournal.com\\\/#\\\/schema\\\/person\\\/1dc96ec6957aa1ccb25ebe78bb19f100\"},\"breadcrumb\":{\"@id\":\"https:\\\/\\\/batijournal.com\\\/index.php\\\/la-soutenabilite-financiere-de-maprimerenov-nest-pas-averee\\\/106354\\\/#breadcrumb\"},\"inLanguage\":\"fr-FR\",\"potentialAction\":[{\"@type\":\"ReadAction\",\"target\":[\"https:\\\/\\\/batijournal.com\\\/index.php\\\/la-soutenabilite-financiere-de-maprimerenov-nest-pas-averee\\\/106354\\\/\"]}]},{\"@type\":\"ImageObject\",\"inLanguage\":\"fr-FR\",\"@id\":\"https:\\\/\\\/batijournal.com\\\/index.php\\\/la-soutenabilite-financiere-de-maprimerenov-nest-pas-averee\\\/106354\\\/#primaryimage\",\"url\":\"https:\\\/\\\/batijournal.com\\\/wp-content\\\/uploads\\\/2021\\\/10\\\/repartition-geographique-des-aides-renovation-thermique.png\",\"contentUrl\":\"https:\\\/\\\/batijournal.com\\\/wp-content\\\/uploads\\\/2021\\\/10\\\/repartition-geographique-des-aides-renovation-thermique.png\",\"width\":902,\"height\":661},{\"@type\":\"BreadcrumbList\",\"@id\":\"https:\\\/\\\/batijournal.com\\\/index.php\\\/la-soutenabilite-financiere-de-maprimerenov-nest-pas-averee\\\/106354\\\/#breadcrumb\",\"itemListElement\":[{\"@type\":\"ListItem\",\"position\":1,\"name\":\"Accueil\",\"item\":\"https:\\\/\\\/batijournal.com\\\/\"},{\"@type\":\"ListItem\",\"position\":2,\"name\":\"Actualit\u00e9s\",\"item\":\"https:\\\/\\\/batijournal.com\\\/index.php\\\/category\\\/actualites\\\/\"},{\"@type\":\"ListItem\",\"position\":3,\"name\":\"\u00c9nergie &amp; Environnement\",\"item\":\"https:\\\/\\\/batijournal.com\\\/index.php\\\/category\\\/actualites\\\/energie-environnement\\\/\"},{\"@type\":\"ListItem\",\"position\":4,\"name\":\"La soutenabilit\u00e9 financi\u00e8re de MaPrimeR\u00e9nov\u2019 n\u2019est pas av\u00e9r\u00e9e\"}]},{\"@type\":\"WebSite\",\"@id\":\"https:\\\/\\\/batijournal.com\\\/#website\",\"url\":\"https:\\\/\\\/batijournal.com\\\/\",\"name\":\"Batijournal\",\"description\":\"L&#039;actualit\u00e9 du b\u00e2timent\",\"potentialAction\":[{\"@type\":\"SearchAction\",\"target\":{\"@type\":\"EntryPoint\",\"urlTemplate\":\"https:\\\/\\\/batijournal.com\\\/?s={search_term_string}\"},\"query-input\":{\"@type\":\"PropertyValueSpecification\",\"valueRequired\":true,\"valueName\":\"search_term_string\"}}],\"inLanguage\":\"fr-FR\"},{\"@type\":\"Person\",\"@id\":\"https:\\\/\\\/batijournal.com\\\/#\\\/schema\\\/person\\\/1dc96ec6957aa1ccb25ebe78bb19f100\",\"name\":\"St\u00e9phane Miget\",\"image\":{\"@type\":\"ImageObject\",\"inLanguage\":\"fr-FR\",\"@id\":\"https:\\\/\\\/secure.gravatar.com\\\/avatar\\\/89915563d925342126b8ef0281b93d9d7fc337043e8df017f780908eb9644451?s=96&d=mm&r=g\",\"url\":\"https:\\\/\\\/secure.gravatar.com\\\/avatar\\\/89915563d925342126b8ef0281b93d9d7fc337043e8df017f780908eb9644451?s=96&d=mm&r=g\",\"contentUrl\":\"https:\\\/\\\/secure.gravatar.com\\\/avatar\\\/89915563d925342126b8ef0281b93d9d7fc337043e8df017f780908eb9644451?s=96&d=mm&r=g\",\"caption\":\"St\u00e9phane Miget\"},\"url\":\"https:\\\/\\\/batijournal.com\\\/index.php\\\/author\\\/stephane\\\/\"}]}<\/script>\n<!-- \/ Yoast SEO plugin. -->","yoast_head_json":{"title":"La soutenabilit\u00e9 financi\u00e8re de MaPrimeR\u00e9nov\u2019 n\u2019est pas av\u00e9r\u00e9e","robots":{"index":"index","follow":"follow","max-snippet":"max-snippet:-1","max-image-preview":"max-image-preview:large","max-video-preview":"max-video-preview:-1"},"canonical":"https:\/\/batijournal.com\/index.php\/la-soutenabilite-financiere-de-maprimerenov-nest-pas-averee\/106354\/","og_locale":"fr_FR","og_type":"article","og_title":"La soutenabilit\u00e9 financi\u00e8re de MaPrimeR\u00e9nov\u2019 n\u2019est pas av\u00e9r\u00e9e","og_description":"La Cour des comptes a publi\u00e9 un audit sur le dispositif MaPrimeR\u00e9nov\u2019, programme d\u2019aide \u00e0 la r\u00e9novation \u00e9nerg\u00e9tique des logements mis en place pour atteindre les objectifs nationaux en mati\u00e8re de lutte contre le r\u00e9chauffement climatique. Le programme vise la r\u00e9novation de 500 000 logements par an et s\u2019est en cons\u00e9quence ouvert, depuis 2021, \u00e0 [&hellip;]","og_url":"https:\/\/batijournal.com\/index.php\/la-soutenabilite-financiere-de-maprimerenov-nest-pas-averee\/106354\/","og_site_name":"Batijournal","article_published_time":"2021-10-04T12:55:44+00:00","og_image":[{"width":902,"height":661,"url":"https:\/\/batijournal.com\/wp-content\/uploads\/2021\/10\/repartition-geographique-des-aides-renovation-thermique.png","type":"image\/png"}],"author":"St\u00e9phane Miget","twitter_card":"summary_large_image","twitter_creator":"@bati_journal","twitter_site":"@bati_journal","twitter_misc":{"\u00c9crit par":"St\u00e9phane Miget","Dur\u00e9e de lecture estim\u00e9e":"3 minutes"},"schema":{"@context":"https:\/\/schema.org","@graph":[{"@type":"Article","@id":"https:\/\/batijournal.com\/index.php\/la-soutenabilite-financiere-de-maprimerenov-nest-pas-averee\/106354\/#article","isPartOf":{"@id":"https:\/\/batijournal.com\/index.php\/la-soutenabilite-financiere-de-maprimerenov-nest-pas-averee\/106354\/"},"author":{"name":"St\u00e9phane Miget","@id":"https:\/\/batijournal.com\/#\/schema\/person\/1dc96ec6957aa1ccb25ebe78bb19f100"},"headline":"La soutenabilit\u00e9 financi\u00e8re de MaPrimeR\u00e9nov\u2019 n\u2019est pas av\u00e9r\u00e9e","datePublished":"2021-10-04T12:55:44+00:00","mainEntityOfPage":{"@id":"https:\/\/batijournal.com\/index.php\/la-soutenabilite-financiere-de-maprimerenov-nest-pas-averee\/106354\/"},"wordCount":565,"image":{"@id":"https:\/\/batijournal.com\/index.php\/la-soutenabilite-financiere-de-maprimerenov-nest-pas-averee\/106354\/#primaryimage"},"thumbnailUrl":"https:\/\/batijournal.com\/wp-content\/uploads\/2021\/10\/repartition-geographique-des-aides-renovation-thermique.png","keywords":["renovation energetique"],"articleSection":["Actualit\u00e9s","\u00c9nergie &amp; Environnement","zz_Actualit\u00e9s - Plan\u00e8te","zz_Plan\u00e8te B\u00e2timent"],"inLanguage":"fr-FR"},{"@type":"WebPage","@id":"https:\/\/batijournal.com\/index.php\/la-soutenabilite-financiere-de-maprimerenov-nest-pas-averee\/106354\/","url":"https:\/\/batijournal.com\/index.php\/la-soutenabilite-financiere-de-maprimerenov-nest-pas-averee\/106354\/","name":"La soutenabilit\u00e9 financi\u00e8re de MaPrimeR\u00e9nov\u2019 n\u2019est pas av\u00e9r\u00e9e","isPartOf":{"@id":"https:\/\/batijournal.com\/#website"},"primaryImageOfPage":{"@id":"https:\/\/batijournal.com\/index.php\/la-soutenabilite-financiere-de-maprimerenov-nest-pas-averee\/106354\/#primaryimage"},"image":{"@id":"https:\/\/batijournal.com\/index.php\/la-soutenabilite-financiere-de-maprimerenov-nest-pas-averee\/106354\/#primaryimage"},"thumbnailUrl":"https:\/\/batijournal.com\/wp-content\/uploads\/2021\/10\/repartition-geographique-des-aides-renovation-thermique.png","datePublished":"2021-10-04T12:55:44+00:00","author":{"@id":"https:\/\/batijournal.com\/#\/schema\/person\/1dc96ec6957aa1ccb25ebe78bb19f100"},"breadcrumb":{"@id":"https:\/\/batijournal.com\/index.php\/la-soutenabilite-financiere-de-maprimerenov-nest-pas-averee\/106354\/#breadcrumb"},"inLanguage":"fr-FR","potentialAction":[{"@type":"ReadAction","target":["https:\/\/batijournal.com\/index.php\/la-soutenabilite-financiere-de-maprimerenov-nest-pas-averee\/106354\/"]}]},{"@type":"ImageObject","inLanguage":"fr-FR","@id":"https:\/\/batijournal.com\/index.php\/la-soutenabilite-financiere-de-maprimerenov-nest-pas-averee\/106354\/#primaryimage","url":"https:\/\/batijournal.com\/wp-content\/uploads\/2021\/10\/repartition-geographique-des-aides-renovation-thermique.png","contentUrl":"https:\/\/batijournal.com\/wp-content\/uploads\/2021\/10\/repartition-geographique-des-aides-renovation-thermique.png","width":902,"height":661},{"@type":"BreadcrumbList","@id":"https:\/\/batijournal.com\/index.php\/la-soutenabilite-financiere-de-maprimerenov-nest-pas-averee\/106354\/#breadcrumb","itemListElement":[{"@type":"ListItem","position":1,"name":"Accueil","item":"https:\/\/batijournal.com\/"},{"@type":"ListItem","position":2,"name":"Actualit\u00e9s","item":"https:\/\/batijournal.com\/index.php\/category\/actualites\/"},{"@type":"ListItem","position":3,"name":"\u00c9nergie &amp; Environnement","item":"https:\/\/batijournal.com\/index.php\/category\/actualites\/energie-environnement\/"},{"@type":"ListItem","position":4,"name":"La soutenabilit\u00e9 financi\u00e8re de MaPrimeR\u00e9nov\u2019 n\u2019est pas av\u00e9r\u00e9e"}]},{"@type":"WebSite","@id":"https:\/\/batijournal.com\/#website","url":"https:\/\/batijournal.com\/","name":"Batijournal","description":"L&#039;actualit\u00e9 du b\u00e2timent","potentialAction":[{"@type":"SearchAction","target":{"@type":"EntryPoint","urlTemplate":"https:\/\/batijournal.com\/?s={search_term_string}"},"query-input":{"@type":"PropertyValueSpecification","valueRequired":true,"valueName":"search_term_string"}}],"inLanguage":"fr-FR"},{"@type":"Person","@id":"https:\/\/batijournal.com\/#\/schema\/person\/1dc96ec6957aa1ccb25ebe78bb19f100","name":"St\u00e9phane Miget","image":{"@type":"ImageObject","inLanguage":"fr-FR","@id":"https:\/\/secure.gravatar.com\/avatar\/89915563d925342126b8ef0281b93d9d7fc337043e8df017f780908eb9644451?s=96&d=mm&r=g","url":"https:\/\/secure.gravatar.com\/avatar\/89915563d925342126b8ef0281b93d9d7fc337043e8df017f780908eb9644451?s=96&d=mm&r=g","contentUrl":"https:\/\/secure.gravatar.com\/avatar\/89915563d925342126b8ef0281b93d9d7fc337043e8df017f780908eb9644451?s=96&d=mm&r=g","caption":"St\u00e9phane Miget"},"url":"https:\/\/batijournal.com\/index.php\/author\/stephane\/"}]}},"_links":{"self":[{"href":"https:\/\/batijournal.com\/index.php\/wp-json\/wp\/v2\/posts\/106354","targetHints":{"allow":["GET"]}}],"collection":[{"href":"https:\/\/batijournal.com\/index.php\/wp-json\/wp\/v2\/posts"}],"about":[{"href":"https:\/\/batijournal.com\/index.php\/wp-json\/wp\/v2\/types\/post"}],"author":[{"embeddable":true,"href":"https:\/\/batijournal.com\/index.php\/wp-json\/wp\/v2\/users\/17"}],"replies":[{"embeddable":true,"href":"https:\/\/batijournal.com\/index.php\/wp-json\/wp\/v2\/comments?post=106354"}],"version-history":[{"count":0,"href":"https:\/\/batijournal.com\/index.php\/wp-json\/wp\/v2\/posts\/106354\/revisions"}],"wp:featuredmedia":[{"embeddable":true,"href":"https:\/\/batijournal.com\/index.php\/wp-json\/wp\/v2\/media\/106355"}],"wp:attachment":[{"href":"https:\/\/batijournal.com\/index.php\/wp-json\/wp\/v2\/media?parent=106354"}],"wp:term":[{"taxonomy":"category","embeddable":true,"href":"https:\/\/batijournal.com\/index.php\/wp-json\/wp\/v2\/categories?post=106354"},{"taxonomy":"post_tag","embeddable":true,"href":"https:\/\/batijournal.com\/index.php\/wp-json\/wp\/v2\/tags?post=106354"}],"curies":[{"name":"wp","href":"https:\/\/api.w.org\/{rel}","templated":true}]}}