{"id":106369,"date":"2021-10-06T13:27:08","date_gmt":"2021-10-06T11:27:08","guid":{"rendered":"https:\/\/batijournal.com\/?p=106369"},"modified":"2021-10-06T13:27:08","modified_gmt":"2021-10-06T11:27:08","slug":"journees-nationales-de-larchitecture-2021","status":"publish","type":"post","link":"https:\/\/batijournal.com\/index.php\/journees-nationales-de-larchitecture-2021\/106369\/","title":{"rendered":"Journ\u00e9es nationales de l\u2019architecture 2021"},"content":{"rendered":"<p>La 6e \u00e9dition des Journ\u00e9es nationales de l\u2019architecture, initi\u00e9es par le minist\u00e8re de la Culture en 2016, aura lieu les 15, 16 et 17 octobre 2021. Cette \u00e9dition interroge la th\u00e9matique cruciale du \u00ab vivre ensemble \u00bb. Durant trois jours, l\u2019architecture se d\u00e9couvre dans toutes ses dimensions \u00e0 travers des balades urbaines, des d\u00e9bats, des projections de films, des expositions, des visites de chantier, des portes ouvertes, des ateliers jeune public\u2026 \u00c0 nouveau cette ann\u00e9e, les \u00e9ditions \u00c0 Vivre proposent au public des visites d\u2019habitations contemporaines d\u2019exception. Autre temps fort, la Cit\u00e9 de l\u2019Architecture et du Patrimoine inaugure le 14 octobre 2021, la veille du lancement des Journ\u00e9es nationales de l\u2019architecture, l\u2019exposition des laur\u00e9ats des Albums des Jeunes Architectes et Paysagistes. En parall\u00e8le, le groupe pluridisciplinaire AREP, partenaire de l\u2019\u00e9v\u00e9nement et sp\u00e9cialiste des espaces de la mobilit\u00e9, offre l\u2019occasion de visiter des projets embl\u00e9matiques de la ma\u00eetrise de l\u2019impact \u00e9cologique : la gare-jardin de N\u00eemes, \u00e9co durable et privil\u00e9giant le r\u00e9emploi, la gare intermodale de Juvisy, en r\u00e9gion parisienne ou encore le p\u00f4le d\u2019\u00e9change multimodal d\u2019Auray et celui de Lyon-Perrache dont les acc\u00e8s, les parcours et l\u2019accueil ont \u00e9t\u00e9 r\u00e9am\u00e9nag\u00e9s.<\/p>\n<p>&nbsp;<\/p>\n<p>\u00a9 illustration : Lucas Harari ; conception graphique : Hadrien Herzog<\/p>\n","protected":false},"excerpt":{"rendered":"<p>La 6e \u00e9dition des Journ\u00e9es nationales de l\u2019architecture, initi\u00e9es par le minist\u00e8re de la Culture en 2016, aura lieu les 15, 16 et 17 octobre 2021. Cette \u00e9dition interroge la th\u00e9matique cruciale du \u00ab vivre ensemble \u00bb. Durant trois jours, l\u2019architecture se d\u00e9couvre dans toutes ses dimensions \u00e0 travers des balades urbaines, des d\u00e9bats, des [&hellip;]<\/p>\n","protected":false},"author":17,"featured_media":106370,"comment_status":"closed","ping_status":"closed","sticky":false,"template":"","format":"standard","meta":{"_et_pb_use_builder":"","_et_pb_old_content":"","_et_gb_content_width":"","footnotes":""},"categories":[10530,6340,10789,10785],"tags":[12901],"class_list":["post-106369","post","type-post","status-publish","format-standard","has-post-thumbnail","hentry","category-actualites","category-architecture-conception","category-publications-atrium","category-atrium","tag-architecture"],"yoast_head":"<!-- This site is optimized with the Yoast SEO plugin v27.4 - https:\/\/yoast.com\/product\/yoast-seo-wordpress\/ -->\n<title>Journ\u00e9es nationales de l\u2019architecture 2021<\/title>\n<meta name=\"robots\" content=\"index, follow, max-snippet:-1, max-image-preview:large, max-video-preview:-1\" \/>\n<link rel=\"canonical\" href=\"https:\/\/batijournal.com\/index.php\/journees-nationales-de-larchitecture-2021\/106369\/\" \/>\n<meta property=\"og:locale\" content=\"fr_FR\" \/>\n<meta property=\"og:type\" content=\"article\" \/>\n<meta property=\"og:title\" content=\"Journ\u00e9es nationales de l\u2019architecture 2021\" \/>\n<meta property=\"og:description\" content=\"La 6e \u00e9dition des Journ\u00e9es nationales de l\u2019architecture, initi\u00e9es par le minist\u00e8re de la Culture en 2016, aura lieu les 15, 16 et 17 octobre 2021. Cette \u00e9dition interroge la th\u00e9matique cruciale du \u00ab vivre ensemble \u00bb. Durant trois jours, l\u2019architecture se d\u00e9couvre dans toutes ses dimensions \u00e0 travers des balades urbaines, des d\u00e9bats, des [&hellip;]\" \/>\n<meta property=\"og:url\" content=\"https:\/\/batijournal.com\/index.php\/journees-nationales-de-larchitecture-2021\/106369\/\" \/>\n<meta property=\"og:site_name\" content=\"Batijournal\" \/>\n<meta property=\"article:published_time\" content=\"2021-10-06T11:27:08+00:00\" \/>\n<meta property=\"og:image\" content=\"https:\/\/batijournal.com\/wp-content\/uploads\/2021\/10\/210723-JNA-illustrations_web-787x443px-2.jpg\" \/>\n\t<meta property=\"og:image:width\" content=\"787\" \/>\n\t<meta property=\"og:image:height\" content=\"443\" \/>\n\t<meta property=\"og:image:type\" content=\"image\/jpeg\" \/>\n<meta name=\"author\" content=\"St\u00e9phane Miget\" \/>\n<meta name=\"twitter:card\" content=\"summary_large_image\" \/>\n<meta name=\"twitter:creator\" content=\"@bati_journal\" \/>\n<meta name=\"twitter:site\" content=\"@bati_journal\" \/>\n<meta name=\"twitter:label1\" content=\"\u00c9crit par\" \/>\n\t<meta name=\"twitter:data1\" content=\"St\u00e9phane Miget\" \/>\n\t<meta name=\"twitter:label2\" content=\"Dur\u00e9e de lecture estim\u00e9e\" \/>\n\t<meta name=\"twitter:data2\" content=\"1 minute\" \/>\n<script type=\"application\/ld+json\" class=\"yoast-schema-graph\">{\"@context\":\"https:\\\/\\\/schema.org\",\"@graph\":[{\"@type\":\"Article\",\"@id\":\"https:\\\/\\\/batijournal.com\\\/index.php\\\/journees-nationales-de-larchitecture-2021\\\/106369\\\/#article\",\"isPartOf\":{\"@id\":\"https:\\\/\\\/batijournal.com\\\/index.php\\\/journees-nationales-de-larchitecture-2021\\\/106369\\\/\"},\"author\":{\"name\":\"St\u00e9phane Miget\",\"@id\":\"https:\\\/\\\/batijournal.com\\\/#\\\/schema\\\/person\\\/1dc96ec6957aa1ccb25ebe78bb19f100\"},\"headline\":\"Journ\u00e9es nationales de l\u2019architecture 2021\",\"datePublished\":\"2021-10-06T11:27:08+00:00\",\"mainEntityOfPage\":{\"@id\":\"https:\\\/\\\/batijournal.com\\\/index.php\\\/journees-nationales-de-larchitecture-2021\\\/106369\\\/\"},\"wordCount\":227,\"image\":{\"@id\":\"https:\\\/\\\/batijournal.com\\\/index.php\\\/journees-nationales-de-larchitecture-2021\\\/106369\\\/#primaryimage\"},\"thumbnailUrl\":\"https:\\\/\\\/batijournal.com\\\/wp-content\\\/uploads\\\/2021\\\/10\\\/210723-JNA-illustrations_web-787x443px-2.jpg\",\"keywords\":[\"architecture\"],\"articleSection\":[\"Actualit\u00e9s\",\"Architecture &amp; Conception\",\"zz_Actualit\u00e9s - Atrium\",\"zz_Atrium Patrimoine\"],\"inLanguage\":\"fr-FR\"},{\"@type\":\"WebPage\",\"@id\":\"https:\\\/\\\/batijournal.com\\\/index.php\\\/journees-nationales-de-larchitecture-2021\\\/106369\\\/\",\"url\":\"https:\\\/\\\/batijournal.com\\\/index.php\\\/journees-nationales-de-larchitecture-2021\\\/106369\\\/\",\"name\":\"Journ\u00e9es nationales de l\u2019architecture 2021\",\"isPartOf\":{\"@id\":\"https:\\\/\\\/batijournal.com\\\/#website\"},\"primaryImageOfPage\":{\"@id\":\"https:\\\/\\\/batijournal.com\\\/index.php\\\/journees-nationales-de-larchitecture-2021\\\/106369\\\/#primaryimage\"},\"image\":{\"@id\":\"https:\\\/\\\/batijournal.com\\\/index.php\\\/journees-nationales-de-larchitecture-2021\\\/106369\\\/#primaryimage\"},\"thumbnailUrl\":\"https:\\\/\\\/batijournal.com\\\/wp-content\\\/uploads\\\/2021\\\/10\\\/210723-JNA-illustrations_web-787x443px-2.jpg\",\"datePublished\":\"2021-10-06T11:27:08+00:00\",\"author\":{\"@id\":\"https:\\\/\\\/batijournal.com\\\/#\\\/schema\\\/person\\\/1dc96ec6957aa1ccb25ebe78bb19f100\"},\"breadcrumb\":{\"@id\":\"https:\\\/\\\/batijournal.com\\\/index.php\\\/journees-nationales-de-larchitecture-2021\\\/106369\\\/#breadcrumb\"},\"inLanguage\":\"fr-FR\",\"potentialAction\":[{\"@type\":\"ReadAction\",\"target\":[\"https:\\\/\\\/batijournal.com\\\/index.php\\\/journees-nationales-de-larchitecture-2021\\\/106369\\\/\"]}]},{\"@type\":\"ImageObject\",\"inLanguage\":\"fr-FR\",\"@id\":\"https:\\\/\\\/batijournal.com\\\/index.php\\\/journees-nationales-de-larchitecture-2021\\\/106369\\\/#primaryimage\",\"url\":\"https:\\\/\\\/batijournal.com\\\/wp-content\\\/uploads\\\/2021\\\/10\\\/210723-JNA-illustrations_web-787x443px-2.jpg\",\"contentUrl\":\"https:\\\/\\\/batijournal.com\\\/wp-content\\\/uploads\\\/2021\\\/10\\\/210723-JNA-illustrations_web-787x443px-2.jpg\",\"width\":787,\"height\":443},{\"@type\":\"BreadcrumbList\",\"@id\":\"https:\\\/\\\/batijournal.com\\\/index.php\\\/journees-nationales-de-larchitecture-2021\\\/106369\\\/#breadcrumb\",\"itemListElement\":[{\"@type\":\"ListItem\",\"position\":1,\"name\":\"Accueil\",\"item\":\"https:\\\/\\\/batijournal.com\\\/\"},{\"@type\":\"ListItem\",\"position\":2,\"name\":\"Actualit\u00e9s\",\"item\":\"https:\\\/\\\/batijournal.com\\\/index.php\\\/category\\\/actualites\\\/\"},{\"@type\":\"ListItem\",\"position\":3,\"name\":\"Architecture &amp; Conception\",\"item\":\"https:\\\/\\\/batijournal.com\\\/index.php\\\/category\\\/actualites\\\/architecture-conception\\\/\"},{\"@type\":\"ListItem\",\"position\":4,\"name\":\"Journ\u00e9es nationales de l\u2019architecture 2021\"}]},{\"@type\":\"WebSite\",\"@id\":\"https:\\\/\\\/batijournal.com\\\/#website\",\"url\":\"https:\\\/\\\/batijournal.com\\\/\",\"name\":\"Batijournal\",\"description\":\"L&#039;actualit\u00e9 du b\u00e2timent\",\"potentialAction\":[{\"@type\":\"SearchAction\",\"target\":{\"@type\":\"EntryPoint\",\"urlTemplate\":\"https:\\\/\\\/batijournal.com\\\/?s={search_term_string}\"},\"query-input\":{\"@type\":\"PropertyValueSpecification\",\"valueRequired\":true,\"valueName\":\"search_term_string\"}}],\"inLanguage\":\"fr-FR\"},{\"@type\":\"Person\",\"@id\":\"https:\\\/\\\/batijournal.com\\\/#\\\/schema\\\/person\\\/1dc96ec6957aa1ccb25ebe78bb19f100\",\"name\":\"St\u00e9phane Miget\",\"image\":{\"@type\":\"ImageObject\",\"inLanguage\":\"fr-FR\",\"@id\":\"https:\\\/\\\/secure.gravatar.com\\\/avatar\\\/89915563d925342126b8ef0281b93d9d7fc337043e8df017f780908eb9644451?s=96&d=mm&r=g\",\"url\":\"https:\\\/\\\/secure.gravatar.com\\\/avatar\\\/89915563d925342126b8ef0281b93d9d7fc337043e8df017f780908eb9644451?s=96&d=mm&r=g\",\"contentUrl\":\"https:\\\/\\\/secure.gravatar.com\\\/avatar\\\/89915563d925342126b8ef0281b93d9d7fc337043e8df017f780908eb9644451?s=96&d=mm&r=g\",\"caption\":\"St\u00e9phane Miget\"},\"url\":\"https:\\\/\\\/batijournal.com\\\/index.php\\\/author\\\/stephane\\\/\"}]}<\/script>\n<!-- \/ Yoast SEO plugin. -->","yoast_head_json":{"title":"Journ\u00e9es nationales de l\u2019architecture 2021","robots":{"index":"index","follow":"follow","max-snippet":"max-snippet:-1","max-image-preview":"max-image-preview:large","max-video-preview":"max-video-preview:-1"},"canonical":"https:\/\/batijournal.com\/index.php\/journees-nationales-de-larchitecture-2021\/106369\/","og_locale":"fr_FR","og_type":"article","og_title":"Journ\u00e9es nationales de l\u2019architecture 2021","og_description":"La 6e \u00e9dition des Journ\u00e9es nationales de l\u2019architecture, initi\u00e9es par le minist\u00e8re de la Culture en 2016, aura lieu les 15, 16 et 17 octobre 2021. Cette \u00e9dition interroge la th\u00e9matique cruciale du \u00ab vivre ensemble \u00bb. Durant trois jours, l\u2019architecture se d\u00e9couvre dans toutes ses dimensions \u00e0 travers des balades urbaines, des d\u00e9bats, des [&hellip;]","og_url":"https:\/\/batijournal.com\/index.php\/journees-nationales-de-larchitecture-2021\/106369\/","og_site_name":"Batijournal","article_published_time":"2021-10-06T11:27:08+00:00","og_image":[{"width":787,"height":443,"url":"https:\/\/batijournal.com\/wp-content\/uploads\/2021\/10\/210723-JNA-illustrations_web-787x443px-2.jpg","type":"image\/jpeg"}],"author":"St\u00e9phane Miget","twitter_card":"summary_large_image","twitter_creator":"@bati_journal","twitter_site":"@bati_journal","twitter_misc":{"\u00c9crit par":"St\u00e9phane Miget","Dur\u00e9e de lecture estim\u00e9e":"1 minute"},"schema":{"@context":"https:\/\/schema.org","@graph":[{"@type":"Article","@id":"https:\/\/batijournal.com\/index.php\/journees-nationales-de-larchitecture-2021\/106369\/#article","isPartOf":{"@id":"https:\/\/batijournal.com\/index.php\/journees-nationales-de-larchitecture-2021\/106369\/"},"author":{"name":"St\u00e9phane Miget","@id":"https:\/\/batijournal.com\/#\/schema\/person\/1dc96ec6957aa1ccb25ebe78bb19f100"},"headline":"Journ\u00e9es nationales de l\u2019architecture 2021","datePublished":"2021-10-06T11:27:08+00:00","mainEntityOfPage":{"@id":"https:\/\/batijournal.com\/index.php\/journees-nationales-de-larchitecture-2021\/106369\/"},"wordCount":227,"image":{"@id":"https:\/\/batijournal.com\/index.php\/journees-nationales-de-larchitecture-2021\/106369\/#primaryimage"},"thumbnailUrl":"https:\/\/batijournal.com\/wp-content\/uploads\/2021\/10\/210723-JNA-illustrations_web-787x443px-2.jpg","keywords":["architecture"],"articleSection":["Actualit\u00e9s","Architecture &amp; Conception","zz_Actualit\u00e9s - Atrium","zz_Atrium Patrimoine"],"inLanguage":"fr-FR"},{"@type":"WebPage","@id":"https:\/\/batijournal.com\/index.php\/journees-nationales-de-larchitecture-2021\/106369\/","url":"https:\/\/batijournal.com\/index.php\/journees-nationales-de-larchitecture-2021\/106369\/","name":"Journ\u00e9es nationales de l\u2019architecture 2021","isPartOf":{"@id":"https:\/\/batijournal.com\/#website"},"primaryImageOfPage":{"@id":"https:\/\/batijournal.com\/index.php\/journees-nationales-de-larchitecture-2021\/106369\/#primaryimage"},"image":{"@id":"https:\/\/batijournal.com\/index.php\/journees-nationales-de-larchitecture-2021\/106369\/#primaryimage"},"thumbnailUrl":"https:\/\/batijournal.com\/wp-content\/uploads\/2021\/10\/210723-JNA-illustrations_web-787x443px-2.jpg","datePublished":"2021-10-06T11:27:08+00:00","author":{"@id":"https:\/\/batijournal.com\/#\/schema\/person\/1dc96ec6957aa1ccb25ebe78bb19f100"},"breadcrumb":{"@id":"https:\/\/batijournal.com\/index.php\/journees-nationales-de-larchitecture-2021\/106369\/#breadcrumb"},"inLanguage":"fr-FR","potentialAction":[{"@type":"ReadAction","target":["https:\/\/batijournal.com\/index.php\/journees-nationales-de-larchitecture-2021\/106369\/"]}]},{"@type":"ImageObject","inLanguage":"fr-FR","@id":"https:\/\/batijournal.com\/index.php\/journees-nationales-de-larchitecture-2021\/106369\/#primaryimage","url":"https:\/\/batijournal.com\/wp-content\/uploads\/2021\/10\/210723-JNA-illustrations_web-787x443px-2.jpg","contentUrl":"https:\/\/batijournal.com\/wp-content\/uploads\/2021\/10\/210723-JNA-illustrations_web-787x443px-2.jpg","width":787,"height":443},{"@type":"BreadcrumbList","@id":"https:\/\/batijournal.com\/index.php\/journees-nationales-de-larchitecture-2021\/106369\/#breadcrumb","itemListElement":[{"@type":"ListItem","position":1,"name":"Accueil","item":"https:\/\/batijournal.com\/"},{"@type":"ListItem","position":2,"name":"Actualit\u00e9s","item":"https:\/\/batijournal.com\/index.php\/category\/actualites\/"},{"@type":"ListItem","position":3,"name":"Architecture &amp; Conception","item":"https:\/\/batijournal.com\/index.php\/category\/actualites\/architecture-conception\/"},{"@type":"ListItem","position":4,"name":"Journ\u00e9es nationales de l\u2019architecture 2021"}]},{"@type":"WebSite","@id":"https:\/\/batijournal.com\/#website","url":"https:\/\/batijournal.com\/","name":"Batijournal","description":"L&#039;actualit\u00e9 du b\u00e2timent","potentialAction":[{"@type":"SearchAction","target":{"@type":"EntryPoint","urlTemplate":"https:\/\/batijournal.com\/?s={search_term_string}"},"query-input":{"@type":"PropertyValueSpecification","valueRequired":true,"valueName":"search_term_string"}}],"inLanguage":"fr-FR"},{"@type":"Person","@id":"https:\/\/batijournal.com\/#\/schema\/person\/1dc96ec6957aa1ccb25ebe78bb19f100","name":"St\u00e9phane Miget","image":{"@type":"ImageObject","inLanguage":"fr-FR","@id":"https:\/\/secure.gravatar.com\/avatar\/89915563d925342126b8ef0281b93d9d7fc337043e8df017f780908eb9644451?s=96&d=mm&r=g","url":"https:\/\/secure.gravatar.com\/avatar\/89915563d925342126b8ef0281b93d9d7fc337043e8df017f780908eb9644451?s=96&d=mm&r=g","contentUrl":"https:\/\/secure.gravatar.com\/avatar\/89915563d925342126b8ef0281b93d9d7fc337043e8df017f780908eb9644451?s=96&d=mm&r=g","caption":"St\u00e9phane Miget"},"url":"https:\/\/batijournal.com\/index.php\/author\/stephane\/"}]}},"_links":{"self":[{"href":"https:\/\/batijournal.com\/index.php\/wp-json\/wp\/v2\/posts\/106369","targetHints":{"allow":["GET"]}}],"collection":[{"href":"https:\/\/batijournal.com\/index.php\/wp-json\/wp\/v2\/posts"}],"about":[{"href":"https:\/\/batijournal.com\/index.php\/wp-json\/wp\/v2\/types\/post"}],"author":[{"embeddable":true,"href":"https:\/\/batijournal.com\/index.php\/wp-json\/wp\/v2\/users\/17"}],"replies":[{"embeddable":true,"href":"https:\/\/batijournal.com\/index.php\/wp-json\/wp\/v2\/comments?post=106369"}],"version-history":[{"count":0,"href":"https:\/\/batijournal.com\/index.php\/wp-json\/wp\/v2\/posts\/106369\/revisions"}],"wp:featuredmedia":[{"embeddable":true,"href":"https:\/\/batijournal.com\/index.php\/wp-json\/wp\/v2\/media\/106370"}],"wp:attachment":[{"href":"https:\/\/batijournal.com\/index.php\/wp-json\/wp\/v2\/media?parent=106369"}],"wp:term":[{"taxonomy":"category","embeddable":true,"href":"https:\/\/batijournal.com\/index.php\/wp-json\/wp\/v2\/categories?post=106369"},{"taxonomy":"post_tag","embeddable":true,"href":"https:\/\/batijournal.com\/index.php\/wp-json\/wp\/v2\/tags?post=106369"}],"curies":[{"name":"wp","href":"https:\/\/api.w.org\/{rel}","templated":true}]}}