{"id":106376,"date":"2021-10-07T09:45:41","date_gmt":"2021-10-07T07:45:41","guid":{"rendered":"https:\/\/batijournal.com\/?p=106376"},"modified":"2021-10-07T09:45:41","modified_gmt":"2021-10-07T07:45:41","slug":"reynaers-aluminium-partenaire-de-levenement-decarbonez","status":"publish","type":"post","link":"https:\/\/batijournal.com\/index.php\/reynaers-aluminium-partenaire-de-levenement-decarbonez\/106376\/","title":{"rendered":"Reynaers Aluminium, partenaire de l\u2019\u00e9v\u00e9nement \u00ab\u00a0DECARBONEZ\u00a0\u00bb"},"content":{"rendered":"<p>Reynaers Aluminium est engag\u00e9e depuis plusieurs ann\u00e9es dans une transformation profonde de ces processus visant \u00e0 r\u00e9duire fortement son impact environnemental. Lors du prochain \u00e9v\u00e9nement 100% digital \u00ab\u00a0DECARBONEZ\u00a0\u00bb des 19 et 20 Octobre 2021, K\u00e9vin LATREILLE, Directeur Ventes Projets , d\u00e9veloppera tous les engagements pris par Reynaers Aluminium afin de proposer des solutions techniques, performantes et durables pour des constructions plus responsables. L&rsquo;entreprise s\u2019est engag\u00e9e avec ses clients, partenaires fournisseurs et collaborateurs, dans une d\u00e9marche globale pour minimiser l\u2019impact \u00e9cologique des b\u00e2timents. Pour atteindre la neutralit\u00e9 carbone de demain et limiter son impact \u00e9cologique, ses objectifs sont orient\u00e9s sur 3 axes majeurs\u00a0: r\u00e9duction de l\u2019impact \u00e9cologique de ses activit\u00e9s, favoriser le r\u00e9emploi des mat\u00e9riaux et innover pour contribuer \u00e0 la transition \u00e9cologique.<\/p>\n<p>Rendez-vous le mardi 19 Octobre de 11h20 \u00e0 11h35\u00a0et le mercredi 20 Octobre de 10h45 \u00e0 11h00 : <a href=\"https:\/\/www.batirpourleclimat.com\/\">https:\/\/www.batirpourleclimat.com\/<\/a><\/p>\n<p>&nbsp;<\/p>\n","protected":false},"excerpt":{"rendered":"<p>Reynaers Aluminium est engag\u00e9e depuis plusieurs ann\u00e9es dans une transformation profonde de ces processus visant \u00e0 r\u00e9duire fortement son impact environnemental. Lors du prochain \u00e9v\u00e9nement 100% digital \u00ab\u00a0DECARBONEZ\u00a0\u00bb des 19 et 20 Octobre 2021, K\u00e9vin LATREILLE, Directeur Ventes Projets , d\u00e9veloppera tous les engagements pris par Reynaers Aluminium afin de proposer des solutions techniques, performantes [&hellip;]<\/p>\n","protected":false},"author":17,"featured_media":106377,"comment_status":"closed","ping_status":"closed","sticky":false,"template":"","format":"standard","meta":{"_et_pb_use_builder":"","_et_pb_old_content":"","_et_gb_content_width":"","footnotes":""},"categories":[10530,6351,10771,10775],"tags":[7976],"class_list":["post-106376","post","type-post","status-publish","format-standard","has-post-thumbnail","hentry","category-actualites","category-energie-environnement","category-5facades","category-actualites-5facades","tag-empreinte-carbone"],"yoast_head":"<!-- This site is optimized with the Yoast SEO plugin v27.4 - https:\/\/yoast.com\/product\/yoast-seo-wordpress\/ -->\n<title>Reynaers Aluminium, partenaire de l\u2019\u00e9v\u00e9nement \u00ab\u00a0DECARBONEZ\u00a0\u00bb<\/title>\n<meta name=\"robots\" content=\"index, follow, max-snippet:-1, max-image-preview:large, max-video-preview:-1\" \/>\n<link rel=\"canonical\" href=\"https:\/\/batijournal.com\/index.php\/reynaers-aluminium-partenaire-de-levenement-decarbonez\/106376\/\" \/>\n<meta property=\"og:locale\" content=\"fr_FR\" \/>\n<meta property=\"og:type\" content=\"article\" \/>\n<meta property=\"og:title\" content=\"Reynaers Aluminium, partenaire de l\u2019\u00e9v\u00e9nement \u00ab\u00a0DECARBONEZ\u00a0\u00bb\" \/>\n<meta property=\"og:description\" content=\"Reynaers Aluminium est engag\u00e9e depuis plusieurs ann\u00e9es dans une transformation profonde de ces processus visant \u00e0 r\u00e9duire fortement son impact environnemental. Lors du prochain \u00e9v\u00e9nement 100% digital \u00ab\u00a0DECARBONEZ\u00a0\u00bb des 19 et 20 Octobre 2021, K\u00e9vin LATREILLE, Directeur Ventes Projets , d\u00e9veloppera tous les engagements pris par Reynaers Aluminium afin de proposer des solutions techniques, performantes [&hellip;]\" \/>\n<meta property=\"og:url\" content=\"https:\/\/batijournal.com\/index.php\/reynaers-aluminium-partenaire-de-levenement-decarbonez\/106376\/\" \/>\n<meta property=\"og:site_name\" content=\"Batijournal\" \/>\n<meta property=\"article:published_time\" content=\"2021-10-07T07:45:41+00:00\" \/>\n<meta property=\"og:image\" content=\"https:\/\/batijournal.com\/wp-content\/uploads\/2021\/10\/Reynaers-Aluminium.jpg\" \/>\n\t<meta property=\"og:image:width\" content=\"990\" \/>\n\t<meta property=\"og:image:height\" content=\"660\" \/>\n\t<meta property=\"og:image:type\" content=\"image\/jpeg\" \/>\n<meta name=\"author\" content=\"St\u00e9phane Miget\" \/>\n<meta name=\"twitter:card\" content=\"summary_large_image\" \/>\n<meta name=\"twitter:creator\" content=\"@bati_journal\" \/>\n<meta name=\"twitter:site\" content=\"@bati_journal\" \/>\n<meta name=\"twitter:label1\" content=\"\u00c9crit par\" \/>\n\t<meta name=\"twitter:data1\" content=\"St\u00e9phane Miget\" \/>\n\t<meta name=\"twitter:label2\" content=\"Dur\u00e9e de lecture estim\u00e9e\" \/>\n\t<meta name=\"twitter:data2\" content=\"1 minute\" \/>\n<script type=\"application\/ld+json\" class=\"yoast-schema-graph\">{\"@context\":\"https:\\\/\\\/schema.org\",\"@graph\":[{\"@type\":\"Article\",\"@id\":\"https:\\\/\\\/batijournal.com\\\/index.php\\\/reynaers-aluminium-partenaire-de-levenement-decarbonez\\\/106376\\\/#article\",\"isPartOf\":{\"@id\":\"https:\\\/\\\/batijournal.com\\\/index.php\\\/reynaers-aluminium-partenaire-de-levenement-decarbonez\\\/106376\\\/\"},\"author\":{\"name\":\"St\u00e9phane Miget\",\"@id\":\"https:\\\/\\\/batijournal.com\\\/#\\\/schema\\\/person\\\/1dc96ec6957aa1ccb25ebe78bb19f100\"},\"headline\":\"Reynaers Aluminium, partenaire de l\u2019\u00e9v\u00e9nement \u00ab\u00a0DECARBONEZ\u00a0\u00bb\",\"datePublished\":\"2021-10-07T07:45:41+00:00\",\"mainEntityOfPage\":{\"@id\":\"https:\\\/\\\/batijournal.com\\\/index.php\\\/reynaers-aluminium-partenaire-de-levenement-decarbonez\\\/106376\\\/\"},\"wordCount\":159,\"image\":{\"@id\":\"https:\\\/\\\/batijournal.com\\\/index.php\\\/reynaers-aluminium-partenaire-de-levenement-decarbonez\\\/106376\\\/#primaryimage\"},\"thumbnailUrl\":\"https:\\\/\\\/batijournal.com\\\/wp-content\\\/uploads\\\/2021\\\/10\\\/Reynaers-Aluminium.jpg\",\"keywords\":[\"empreinte carbone\"],\"articleSection\":[\"Actualit\u00e9s\",\"\u00c9nergie &amp; Environnement\",\"zz_5fa\u00e7ades\",\"zz_Actualit\u00e9s - 5fa\u00e7ades\"],\"inLanguage\":\"fr-FR\"},{\"@type\":\"WebPage\",\"@id\":\"https:\\\/\\\/batijournal.com\\\/index.php\\\/reynaers-aluminium-partenaire-de-levenement-decarbonez\\\/106376\\\/\",\"url\":\"https:\\\/\\\/batijournal.com\\\/index.php\\\/reynaers-aluminium-partenaire-de-levenement-decarbonez\\\/106376\\\/\",\"name\":\"Reynaers Aluminium, partenaire de l\u2019\u00e9v\u00e9nement \u00ab\u00a0DECARBONEZ\u00a0\u00bb\",\"isPartOf\":{\"@id\":\"https:\\\/\\\/batijournal.com\\\/#website\"},\"primaryImageOfPage\":{\"@id\":\"https:\\\/\\\/batijournal.com\\\/index.php\\\/reynaers-aluminium-partenaire-de-levenement-decarbonez\\\/106376\\\/#primaryimage\"},\"image\":{\"@id\":\"https:\\\/\\\/batijournal.com\\\/index.php\\\/reynaers-aluminium-partenaire-de-levenement-decarbonez\\\/106376\\\/#primaryimage\"},\"thumbnailUrl\":\"https:\\\/\\\/batijournal.com\\\/wp-content\\\/uploads\\\/2021\\\/10\\\/Reynaers-Aluminium.jpg\",\"datePublished\":\"2021-10-07T07:45:41+00:00\",\"author\":{\"@id\":\"https:\\\/\\\/batijournal.com\\\/#\\\/schema\\\/person\\\/1dc96ec6957aa1ccb25ebe78bb19f100\"},\"breadcrumb\":{\"@id\":\"https:\\\/\\\/batijournal.com\\\/index.php\\\/reynaers-aluminium-partenaire-de-levenement-decarbonez\\\/106376\\\/#breadcrumb\"},\"inLanguage\":\"fr-FR\",\"potentialAction\":[{\"@type\":\"ReadAction\",\"target\":[\"https:\\\/\\\/batijournal.com\\\/index.php\\\/reynaers-aluminium-partenaire-de-levenement-decarbonez\\\/106376\\\/\"]}]},{\"@type\":\"ImageObject\",\"inLanguage\":\"fr-FR\",\"@id\":\"https:\\\/\\\/batijournal.com\\\/index.php\\\/reynaers-aluminium-partenaire-de-levenement-decarbonez\\\/106376\\\/#primaryimage\",\"url\":\"https:\\\/\\\/batijournal.com\\\/wp-content\\\/uploads\\\/2021\\\/10\\\/Reynaers-Aluminium.jpg\",\"contentUrl\":\"https:\\\/\\\/batijournal.com\\\/wp-content\\\/uploads\\\/2021\\\/10\\\/Reynaers-Aluminium.jpg\",\"width\":990,\"height\":660},{\"@type\":\"BreadcrumbList\",\"@id\":\"https:\\\/\\\/batijournal.com\\\/index.php\\\/reynaers-aluminium-partenaire-de-levenement-decarbonez\\\/106376\\\/#breadcrumb\",\"itemListElement\":[{\"@type\":\"ListItem\",\"position\":1,\"name\":\"Accueil\",\"item\":\"https:\\\/\\\/batijournal.com\\\/\"},{\"@type\":\"ListItem\",\"position\":2,\"name\":\"Actualit\u00e9s\",\"item\":\"https:\\\/\\\/batijournal.com\\\/index.php\\\/category\\\/actualites\\\/\"},{\"@type\":\"ListItem\",\"position\":3,\"name\":\"\u00c9nergie &amp; Environnement\",\"item\":\"https:\\\/\\\/batijournal.com\\\/index.php\\\/category\\\/actualites\\\/energie-environnement\\\/\"},{\"@type\":\"ListItem\",\"position\":4,\"name\":\"Reynaers Aluminium, partenaire de l\u2019\u00e9v\u00e9nement \u00ab\u00a0DECARBONEZ\u00a0\u00bb\"}]},{\"@type\":\"WebSite\",\"@id\":\"https:\\\/\\\/batijournal.com\\\/#website\",\"url\":\"https:\\\/\\\/batijournal.com\\\/\",\"name\":\"Batijournal\",\"description\":\"L&#039;actualit\u00e9 du b\u00e2timent\",\"potentialAction\":[{\"@type\":\"SearchAction\",\"target\":{\"@type\":\"EntryPoint\",\"urlTemplate\":\"https:\\\/\\\/batijournal.com\\\/?s={search_term_string}\"},\"query-input\":{\"@type\":\"PropertyValueSpecification\",\"valueRequired\":true,\"valueName\":\"search_term_string\"}}],\"inLanguage\":\"fr-FR\"},{\"@type\":\"Person\",\"@id\":\"https:\\\/\\\/batijournal.com\\\/#\\\/schema\\\/person\\\/1dc96ec6957aa1ccb25ebe78bb19f100\",\"name\":\"St\u00e9phane Miget\",\"image\":{\"@type\":\"ImageObject\",\"inLanguage\":\"fr-FR\",\"@id\":\"https:\\\/\\\/secure.gravatar.com\\\/avatar\\\/89915563d925342126b8ef0281b93d9d7fc337043e8df017f780908eb9644451?s=96&d=mm&r=g\",\"url\":\"https:\\\/\\\/secure.gravatar.com\\\/avatar\\\/89915563d925342126b8ef0281b93d9d7fc337043e8df017f780908eb9644451?s=96&d=mm&r=g\",\"contentUrl\":\"https:\\\/\\\/secure.gravatar.com\\\/avatar\\\/89915563d925342126b8ef0281b93d9d7fc337043e8df017f780908eb9644451?s=96&d=mm&r=g\",\"caption\":\"St\u00e9phane Miget\"},\"url\":\"https:\\\/\\\/batijournal.com\\\/index.php\\\/author\\\/stephane\\\/\"}]}<\/script>\n<!-- \/ Yoast SEO plugin. -->","yoast_head_json":{"title":"Reynaers Aluminium, partenaire de l\u2019\u00e9v\u00e9nement \u00ab\u00a0DECARBONEZ\u00a0\u00bb","robots":{"index":"index","follow":"follow","max-snippet":"max-snippet:-1","max-image-preview":"max-image-preview:large","max-video-preview":"max-video-preview:-1"},"canonical":"https:\/\/batijournal.com\/index.php\/reynaers-aluminium-partenaire-de-levenement-decarbonez\/106376\/","og_locale":"fr_FR","og_type":"article","og_title":"Reynaers Aluminium, partenaire de l\u2019\u00e9v\u00e9nement \u00ab\u00a0DECARBONEZ\u00a0\u00bb","og_description":"Reynaers Aluminium est engag\u00e9e depuis plusieurs ann\u00e9es dans une transformation profonde de ces processus visant \u00e0 r\u00e9duire fortement son impact environnemental. Lors du prochain \u00e9v\u00e9nement 100% digital \u00ab\u00a0DECARBONEZ\u00a0\u00bb des 19 et 20 Octobre 2021, K\u00e9vin LATREILLE, Directeur Ventes Projets , d\u00e9veloppera tous les engagements pris par Reynaers Aluminium afin de proposer des solutions techniques, performantes [&hellip;]","og_url":"https:\/\/batijournal.com\/index.php\/reynaers-aluminium-partenaire-de-levenement-decarbonez\/106376\/","og_site_name":"Batijournal","article_published_time":"2021-10-07T07:45:41+00:00","og_image":[{"width":990,"height":660,"url":"https:\/\/batijournal.com\/wp-content\/uploads\/2021\/10\/Reynaers-Aluminium.jpg","type":"image\/jpeg"}],"author":"St\u00e9phane Miget","twitter_card":"summary_large_image","twitter_creator":"@bati_journal","twitter_site":"@bati_journal","twitter_misc":{"\u00c9crit par":"St\u00e9phane Miget","Dur\u00e9e de lecture estim\u00e9e":"1 minute"},"schema":{"@context":"https:\/\/schema.org","@graph":[{"@type":"Article","@id":"https:\/\/batijournal.com\/index.php\/reynaers-aluminium-partenaire-de-levenement-decarbonez\/106376\/#article","isPartOf":{"@id":"https:\/\/batijournal.com\/index.php\/reynaers-aluminium-partenaire-de-levenement-decarbonez\/106376\/"},"author":{"name":"St\u00e9phane Miget","@id":"https:\/\/batijournal.com\/#\/schema\/person\/1dc96ec6957aa1ccb25ebe78bb19f100"},"headline":"Reynaers Aluminium, partenaire de l\u2019\u00e9v\u00e9nement \u00ab\u00a0DECARBONEZ\u00a0\u00bb","datePublished":"2021-10-07T07:45:41+00:00","mainEntityOfPage":{"@id":"https:\/\/batijournal.com\/index.php\/reynaers-aluminium-partenaire-de-levenement-decarbonez\/106376\/"},"wordCount":159,"image":{"@id":"https:\/\/batijournal.com\/index.php\/reynaers-aluminium-partenaire-de-levenement-decarbonez\/106376\/#primaryimage"},"thumbnailUrl":"https:\/\/batijournal.com\/wp-content\/uploads\/2021\/10\/Reynaers-Aluminium.jpg","keywords":["empreinte carbone"],"articleSection":["Actualit\u00e9s","\u00c9nergie &amp; Environnement","zz_5fa\u00e7ades","zz_Actualit\u00e9s - 5fa\u00e7ades"],"inLanguage":"fr-FR"},{"@type":"WebPage","@id":"https:\/\/batijournal.com\/index.php\/reynaers-aluminium-partenaire-de-levenement-decarbonez\/106376\/","url":"https:\/\/batijournal.com\/index.php\/reynaers-aluminium-partenaire-de-levenement-decarbonez\/106376\/","name":"Reynaers Aluminium, partenaire de l\u2019\u00e9v\u00e9nement \u00ab\u00a0DECARBONEZ\u00a0\u00bb","isPartOf":{"@id":"https:\/\/batijournal.com\/#website"},"primaryImageOfPage":{"@id":"https:\/\/batijournal.com\/index.php\/reynaers-aluminium-partenaire-de-levenement-decarbonez\/106376\/#primaryimage"},"image":{"@id":"https:\/\/batijournal.com\/index.php\/reynaers-aluminium-partenaire-de-levenement-decarbonez\/106376\/#primaryimage"},"thumbnailUrl":"https:\/\/batijournal.com\/wp-content\/uploads\/2021\/10\/Reynaers-Aluminium.jpg","datePublished":"2021-10-07T07:45:41+00:00","author":{"@id":"https:\/\/batijournal.com\/#\/schema\/person\/1dc96ec6957aa1ccb25ebe78bb19f100"},"breadcrumb":{"@id":"https:\/\/batijournal.com\/index.php\/reynaers-aluminium-partenaire-de-levenement-decarbonez\/106376\/#breadcrumb"},"inLanguage":"fr-FR","potentialAction":[{"@type":"ReadAction","target":["https:\/\/batijournal.com\/index.php\/reynaers-aluminium-partenaire-de-levenement-decarbonez\/106376\/"]}]},{"@type":"ImageObject","inLanguage":"fr-FR","@id":"https:\/\/batijournal.com\/index.php\/reynaers-aluminium-partenaire-de-levenement-decarbonez\/106376\/#primaryimage","url":"https:\/\/batijournal.com\/wp-content\/uploads\/2021\/10\/Reynaers-Aluminium.jpg","contentUrl":"https:\/\/batijournal.com\/wp-content\/uploads\/2021\/10\/Reynaers-Aluminium.jpg","width":990,"height":660},{"@type":"BreadcrumbList","@id":"https:\/\/batijournal.com\/index.php\/reynaers-aluminium-partenaire-de-levenement-decarbonez\/106376\/#breadcrumb","itemListElement":[{"@type":"ListItem","position":1,"name":"Accueil","item":"https:\/\/batijournal.com\/"},{"@type":"ListItem","position":2,"name":"Actualit\u00e9s","item":"https:\/\/batijournal.com\/index.php\/category\/actualites\/"},{"@type":"ListItem","position":3,"name":"\u00c9nergie &amp; Environnement","item":"https:\/\/batijournal.com\/index.php\/category\/actualites\/energie-environnement\/"},{"@type":"ListItem","position":4,"name":"Reynaers Aluminium, partenaire de l\u2019\u00e9v\u00e9nement \u00ab\u00a0DECARBONEZ\u00a0\u00bb"}]},{"@type":"WebSite","@id":"https:\/\/batijournal.com\/#website","url":"https:\/\/batijournal.com\/","name":"Batijournal","description":"L&#039;actualit\u00e9 du b\u00e2timent","potentialAction":[{"@type":"SearchAction","target":{"@type":"EntryPoint","urlTemplate":"https:\/\/batijournal.com\/?s={search_term_string}"},"query-input":{"@type":"PropertyValueSpecification","valueRequired":true,"valueName":"search_term_string"}}],"inLanguage":"fr-FR"},{"@type":"Person","@id":"https:\/\/batijournal.com\/#\/schema\/person\/1dc96ec6957aa1ccb25ebe78bb19f100","name":"St\u00e9phane Miget","image":{"@type":"ImageObject","inLanguage":"fr-FR","@id":"https:\/\/secure.gravatar.com\/avatar\/89915563d925342126b8ef0281b93d9d7fc337043e8df017f780908eb9644451?s=96&d=mm&r=g","url":"https:\/\/secure.gravatar.com\/avatar\/89915563d925342126b8ef0281b93d9d7fc337043e8df017f780908eb9644451?s=96&d=mm&r=g","contentUrl":"https:\/\/secure.gravatar.com\/avatar\/89915563d925342126b8ef0281b93d9d7fc337043e8df017f780908eb9644451?s=96&d=mm&r=g","caption":"St\u00e9phane Miget"},"url":"https:\/\/batijournal.com\/index.php\/author\/stephane\/"}]}},"_links":{"self":[{"href":"https:\/\/batijournal.com\/index.php\/wp-json\/wp\/v2\/posts\/106376","targetHints":{"allow":["GET"]}}],"collection":[{"href":"https:\/\/batijournal.com\/index.php\/wp-json\/wp\/v2\/posts"}],"about":[{"href":"https:\/\/batijournal.com\/index.php\/wp-json\/wp\/v2\/types\/post"}],"author":[{"embeddable":true,"href":"https:\/\/batijournal.com\/index.php\/wp-json\/wp\/v2\/users\/17"}],"replies":[{"embeddable":true,"href":"https:\/\/batijournal.com\/index.php\/wp-json\/wp\/v2\/comments?post=106376"}],"version-history":[{"count":0,"href":"https:\/\/batijournal.com\/index.php\/wp-json\/wp\/v2\/posts\/106376\/revisions"}],"wp:featuredmedia":[{"embeddable":true,"href":"https:\/\/batijournal.com\/index.php\/wp-json\/wp\/v2\/media\/106377"}],"wp:attachment":[{"href":"https:\/\/batijournal.com\/index.php\/wp-json\/wp\/v2\/media?parent=106376"}],"wp:term":[{"taxonomy":"category","embeddable":true,"href":"https:\/\/batijournal.com\/index.php\/wp-json\/wp\/v2\/categories?post=106376"},{"taxonomy":"post_tag","embeddable":true,"href":"https:\/\/batijournal.com\/index.php\/wp-json\/wp\/v2\/tags?post=106376"}],"curies":[{"name":"wp","href":"https:\/\/api.w.org\/{rel}","templated":true}]}}