{"id":106384,"date":"2021-10-11T11:49:45","date_gmt":"2021-10-11T09:49:45","guid":{"rendered":"https:\/\/batijournal.com\/?p=106384"},"modified":"2021-10-11T11:49:45","modified_gmt":"2021-10-11T09:49:45","slug":"patrimoine-et-territoires-au-salon-international-du-patrimoine-culturel-2021","status":"publish","type":"post","link":"https:\/\/batijournal.com\/index.php\/patrimoine-et-territoires-au-salon-international-du-patrimoine-culturel-2021\/106384\/","title":{"rendered":"Patrimoine et Territoires au Salon International du Patrimoine Culturel 2021"},"content":{"rendered":"<p>La 26\u00e8me \u00e9dition du Salon International du Patrimoine Culturel se tiendra du 28 au 31 octobre 2021, au Carrousel du Louvre \u00e0 Paris. Pr\u00e8s de 350 exposants, des professionnels de la restauration et de la conservation du patrimoine, associations de sauvegarde du patrimoine, fournisseurs du patrimoine b\u00e2ti, collectivit\u00e9s locales, cr\u00e9ateurs de nouvelles technologies et acteurs innovants, sont attendus. Le th\u00e8me choisi : \u00ab Patrimoine et Territoires \u00bb, r\u00e9sonne particuli\u00e8rement dans la p\u00e9riode actuelle, comme en t\u00e9moignent le succ\u00e8s touristique rencontr\u00e9 par les territoires fran\u00e7ais habituellement peu fr\u00e9quent\u00e9s ou encore l\u2019app\u00e9tence accrue pour la consommation locale, durable et responsable dans laquelle s\u2019inscrivent tout particuli\u00e8rement les professionnels des m\u00e9tiers d\u2019art et du patrimoine. Une riche programmation de conf\u00e9rences, d\u00e9monstrations et remises de prix rythme les 4 jours de l\u2019\u00e9v\u00e9nement. Cette ann\u00e9e, en plus du programme habituel, le Salon propose une s\u00e9rie de nouveaut\u00e9s, comme l\u2019exposition \u00ab Restaurons Notre-Dame ! \u00bb fruit d\u2019un partenariat entre Ateliers d\u2019Art de France d\u2019une part, la F\u00e9d\u00e9ration des Compagnons du Tour de France et l\u2019association Restaurons Notre-Dame, Le Forum du Patrimoine. Le Forum du Patrimoine, mis en place par le magazine Atrium patrimoine et restauration et Ateliers d\u2019Art de France avec le soutien de la Fondation France Bois For\u00eat pour notre Patrimoine \u00e0 l\u2019occasion de l\u2019Edition Digitale du Salon International du Patrimoine Culturel en 2020, a \u00e9t\u00e9 reconduit pour l\u2019\u00e9dition 2021. Il prendra la forme d\u2019un plateau t\u00e9l\u00e9 TV au coeur du Salon. Il comprendra un programme exceptionnel de douze \u00e9missions \u2013 des tables-rondes d\u2019une vingtaine de minutes chacune, anim\u00e9es par des experts reconnus. Elles seront l\u2019occasion de d\u00e9crypter l\u2019actualit\u00e9 et les grands enjeux du secteur du patrimoine.\u00a0Ce format m\u00ealant le pr\u00e9sentiel et le digital avec une retransmission en ligne en l\u00e9ger diff\u00e9r\u00e9, viendra compl\u00e9ter l\u2019offre de conf\u00e9rences physiques du salon.<\/p>\n","protected":false},"excerpt":{"rendered":"<p>La 26\u00e8me \u00e9dition du Salon International du Patrimoine Culturel se tiendra du 28 au 31 octobre 2021, au Carrousel du Louvre \u00e0 Paris. Pr\u00e8s de 350 exposants, des professionnels de la restauration et de la conservation du patrimoine, associations de sauvegarde du patrimoine, fournisseurs du patrimoine b\u00e2ti, collectivit\u00e9s locales, cr\u00e9ateurs de nouvelles technologies et acteurs [&hellip;]<\/p>\n","protected":false},"author":17,"featured_media":106385,"comment_status":"closed","ping_status":"closed","sticky":false,"template":"","format":"standard","meta":{"_et_pb_use_builder":"","_et_pb_old_content":"","_et_gb_content_width":"","footnotes":""},"categories":[10530,6362,10789,10785],"tags":[6258],"class_list":["post-106384","post","type-post","status-publish","format-standard","has-post-thumbnail","hentry","category-actualites","category-services-equipements","category-publications-atrium","category-atrium","tag-salon-international-du-patrimoine-culturel"],"yoast_head":"<!-- This site is optimized with the Yoast SEO plugin v27.4 - https:\/\/yoast.com\/product\/yoast-seo-wordpress\/ -->\n<title>Patrimoine et Territoires au Salon International du Patrimoine Culturel 2021<\/title>\n<meta name=\"robots\" content=\"index, follow, max-snippet:-1, max-image-preview:large, max-video-preview:-1\" \/>\n<link rel=\"canonical\" href=\"https:\/\/batijournal.com\/index.php\/patrimoine-et-territoires-au-salon-international-du-patrimoine-culturel-2021\/106384\/\" \/>\n<meta property=\"og:locale\" content=\"fr_FR\" \/>\n<meta property=\"og:type\" content=\"article\" \/>\n<meta property=\"og:title\" content=\"Patrimoine et Territoires au Salon International du Patrimoine Culturel 2021\" \/>\n<meta property=\"og:description\" content=\"La 26\u00e8me \u00e9dition du Salon International du Patrimoine Culturel se tiendra du 28 au 31 octobre 2021, au Carrousel du Louvre \u00e0 Paris. Pr\u00e8s de 350 exposants, des professionnels de la restauration et de la conservation du patrimoine, associations de sauvegarde du patrimoine, fournisseurs du patrimoine b\u00e2ti, collectivit\u00e9s locales, cr\u00e9ateurs de nouvelles technologies et acteurs [&hellip;]\" \/>\n<meta property=\"og:url\" content=\"https:\/\/batijournal.com\/index.php\/patrimoine-et-territoires-au-salon-international-du-patrimoine-culturel-2021\/106384\/\" \/>\n<meta property=\"og:site_name\" content=\"Batijournal\" \/>\n<meta property=\"article:published_time\" content=\"2021-10-11T09:49:45+00:00\" \/>\n<meta property=\"og:image\" content=\"https:\/\/batijournal.com\/wp-content\/uploads\/2021\/10\/salon-du-patrimoine.jpg\" \/>\n\t<meta property=\"og:image:width\" content=\"1200\" \/>\n\t<meta property=\"og:image:height\" content=\"799\" \/>\n\t<meta property=\"og:image:type\" content=\"image\/jpeg\" \/>\n<meta name=\"author\" content=\"St\u00e9phane Miget\" \/>\n<meta name=\"twitter:card\" content=\"summary_large_image\" \/>\n<meta name=\"twitter:creator\" content=\"@bati_journal\" \/>\n<meta name=\"twitter:site\" content=\"@bati_journal\" \/>\n<meta name=\"twitter:label1\" content=\"\u00c9crit par\" \/>\n\t<meta name=\"twitter:data1\" content=\"St\u00e9phane Miget\" \/>\n\t<meta name=\"twitter:label2\" content=\"Dur\u00e9e de lecture estim\u00e9e\" \/>\n\t<meta name=\"twitter:data2\" content=\"2 minutes\" \/>\n<script type=\"application\/ld+json\" class=\"yoast-schema-graph\">{\"@context\":\"https:\\\/\\\/schema.org\",\"@graph\":[{\"@type\":\"Article\",\"@id\":\"https:\\\/\\\/batijournal.com\\\/index.php\\\/patrimoine-et-territoires-au-salon-international-du-patrimoine-culturel-2021\\\/106384\\\/#article\",\"isPartOf\":{\"@id\":\"https:\\\/\\\/batijournal.com\\\/index.php\\\/patrimoine-et-territoires-au-salon-international-du-patrimoine-culturel-2021\\\/106384\\\/\"},\"author\":{\"name\":\"St\u00e9phane Miget\",\"@id\":\"https:\\\/\\\/batijournal.com\\\/#\\\/schema\\\/person\\\/1dc96ec6957aa1ccb25ebe78bb19f100\"},\"headline\":\"Patrimoine et Territoires au Salon International du Patrimoine Culturel 2021\",\"datePublished\":\"2021-10-11T09:49:45+00:00\",\"mainEntityOfPage\":{\"@id\":\"https:\\\/\\\/batijournal.com\\\/index.php\\\/patrimoine-et-territoires-au-salon-international-du-patrimoine-culturel-2021\\\/106384\\\/\"},\"wordCount\":340,\"image\":{\"@id\":\"https:\\\/\\\/batijournal.com\\\/index.php\\\/patrimoine-et-territoires-au-salon-international-du-patrimoine-culturel-2021\\\/106384\\\/#primaryimage\"},\"thumbnailUrl\":\"https:\\\/\\\/batijournal.com\\\/wp-content\\\/uploads\\\/2021\\\/10\\\/salon-du-patrimoine.jpg\",\"keywords\":[\"Salon international du patrimoine culturel\"],\"articleSection\":[\"Actualit\u00e9s\",\"Divers\",\"zz_Actualit\u00e9s - Atrium\",\"zz_Atrium Patrimoine\"],\"inLanguage\":\"fr-FR\"},{\"@type\":\"WebPage\",\"@id\":\"https:\\\/\\\/batijournal.com\\\/index.php\\\/patrimoine-et-territoires-au-salon-international-du-patrimoine-culturel-2021\\\/106384\\\/\",\"url\":\"https:\\\/\\\/batijournal.com\\\/index.php\\\/patrimoine-et-territoires-au-salon-international-du-patrimoine-culturel-2021\\\/106384\\\/\",\"name\":\"Patrimoine et Territoires au Salon International du Patrimoine Culturel 2021\",\"isPartOf\":{\"@id\":\"https:\\\/\\\/batijournal.com\\\/#website\"},\"primaryImageOfPage\":{\"@id\":\"https:\\\/\\\/batijournal.com\\\/index.php\\\/patrimoine-et-territoires-au-salon-international-du-patrimoine-culturel-2021\\\/106384\\\/#primaryimage\"},\"image\":{\"@id\":\"https:\\\/\\\/batijournal.com\\\/index.php\\\/patrimoine-et-territoires-au-salon-international-du-patrimoine-culturel-2021\\\/106384\\\/#primaryimage\"},\"thumbnailUrl\":\"https:\\\/\\\/batijournal.com\\\/wp-content\\\/uploads\\\/2021\\\/10\\\/salon-du-patrimoine.jpg\",\"datePublished\":\"2021-10-11T09:49:45+00:00\",\"author\":{\"@id\":\"https:\\\/\\\/batijournal.com\\\/#\\\/schema\\\/person\\\/1dc96ec6957aa1ccb25ebe78bb19f100\"},\"breadcrumb\":{\"@id\":\"https:\\\/\\\/batijournal.com\\\/index.php\\\/patrimoine-et-territoires-au-salon-international-du-patrimoine-culturel-2021\\\/106384\\\/#breadcrumb\"},\"inLanguage\":\"fr-FR\",\"potentialAction\":[{\"@type\":\"ReadAction\",\"target\":[\"https:\\\/\\\/batijournal.com\\\/index.php\\\/patrimoine-et-territoires-au-salon-international-du-patrimoine-culturel-2021\\\/106384\\\/\"]}]},{\"@type\":\"ImageObject\",\"inLanguage\":\"fr-FR\",\"@id\":\"https:\\\/\\\/batijournal.com\\\/index.php\\\/patrimoine-et-territoires-au-salon-international-du-patrimoine-culturel-2021\\\/106384\\\/#primaryimage\",\"url\":\"https:\\\/\\\/batijournal.com\\\/wp-content\\\/uploads\\\/2021\\\/10\\\/salon-du-patrimoine.jpg\",\"contentUrl\":\"https:\\\/\\\/batijournal.com\\\/wp-content\\\/uploads\\\/2021\\\/10\\\/salon-du-patrimoine.jpg\",\"width\":1200,\"height\":799},{\"@type\":\"BreadcrumbList\",\"@id\":\"https:\\\/\\\/batijournal.com\\\/index.php\\\/patrimoine-et-territoires-au-salon-international-du-patrimoine-culturel-2021\\\/106384\\\/#breadcrumb\",\"itemListElement\":[{\"@type\":\"ListItem\",\"position\":1,\"name\":\"Accueil\",\"item\":\"https:\\\/\\\/batijournal.com\\\/\"},{\"@type\":\"ListItem\",\"position\":2,\"name\":\"Actualit\u00e9s\",\"item\":\"https:\\\/\\\/batijournal.com\\\/index.php\\\/category\\\/actualites\\\/\"},{\"@type\":\"ListItem\",\"position\":3,\"name\":\"Divers\",\"item\":\"https:\\\/\\\/batijournal.com\\\/index.php\\\/category\\\/actualites\\\/services-equipements\\\/\"},{\"@type\":\"ListItem\",\"position\":4,\"name\":\"Patrimoine et Territoires au Salon International du Patrimoine Culturel 2021\"}]},{\"@type\":\"WebSite\",\"@id\":\"https:\\\/\\\/batijournal.com\\\/#website\",\"url\":\"https:\\\/\\\/batijournal.com\\\/\",\"name\":\"Batijournal\",\"description\":\"L&#039;actualit\u00e9 du b\u00e2timent\",\"potentialAction\":[{\"@type\":\"SearchAction\",\"target\":{\"@type\":\"EntryPoint\",\"urlTemplate\":\"https:\\\/\\\/batijournal.com\\\/?s={search_term_string}\"},\"query-input\":{\"@type\":\"PropertyValueSpecification\",\"valueRequired\":true,\"valueName\":\"search_term_string\"}}],\"inLanguage\":\"fr-FR\"},{\"@type\":\"Person\",\"@id\":\"https:\\\/\\\/batijournal.com\\\/#\\\/schema\\\/person\\\/1dc96ec6957aa1ccb25ebe78bb19f100\",\"name\":\"St\u00e9phane Miget\",\"image\":{\"@type\":\"ImageObject\",\"inLanguage\":\"fr-FR\",\"@id\":\"https:\\\/\\\/secure.gravatar.com\\\/avatar\\\/89915563d925342126b8ef0281b93d9d7fc337043e8df017f780908eb9644451?s=96&d=mm&r=g\",\"url\":\"https:\\\/\\\/secure.gravatar.com\\\/avatar\\\/89915563d925342126b8ef0281b93d9d7fc337043e8df017f780908eb9644451?s=96&d=mm&r=g\",\"contentUrl\":\"https:\\\/\\\/secure.gravatar.com\\\/avatar\\\/89915563d925342126b8ef0281b93d9d7fc337043e8df017f780908eb9644451?s=96&d=mm&r=g\",\"caption\":\"St\u00e9phane Miget\"},\"url\":\"https:\\\/\\\/batijournal.com\\\/index.php\\\/author\\\/stephane\\\/\"}]}<\/script>\n<!-- \/ Yoast SEO plugin. -->","yoast_head_json":{"title":"Patrimoine et Territoires au Salon International du Patrimoine Culturel 2021","robots":{"index":"index","follow":"follow","max-snippet":"max-snippet:-1","max-image-preview":"max-image-preview:large","max-video-preview":"max-video-preview:-1"},"canonical":"https:\/\/batijournal.com\/index.php\/patrimoine-et-territoires-au-salon-international-du-patrimoine-culturel-2021\/106384\/","og_locale":"fr_FR","og_type":"article","og_title":"Patrimoine et Territoires au Salon International du Patrimoine Culturel 2021","og_description":"La 26\u00e8me \u00e9dition du Salon International du Patrimoine Culturel se tiendra du 28 au 31 octobre 2021, au Carrousel du Louvre \u00e0 Paris. Pr\u00e8s de 350 exposants, des professionnels de la restauration et de la conservation du patrimoine, associations de sauvegarde du patrimoine, fournisseurs du patrimoine b\u00e2ti, collectivit\u00e9s locales, cr\u00e9ateurs de nouvelles technologies et acteurs [&hellip;]","og_url":"https:\/\/batijournal.com\/index.php\/patrimoine-et-territoires-au-salon-international-du-patrimoine-culturel-2021\/106384\/","og_site_name":"Batijournal","article_published_time":"2021-10-11T09:49:45+00:00","og_image":[{"width":1200,"height":799,"url":"https:\/\/batijournal.com\/wp-content\/uploads\/2021\/10\/salon-du-patrimoine.jpg","type":"image\/jpeg"}],"author":"St\u00e9phane Miget","twitter_card":"summary_large_image","twitter_creator":"@bati_journal","twitter_site":"@bati_journal","twitter_misc":{"\u00c9crit par":"St\u00e9phane Miget","Dur\u00e9e de lecture estim\u00e9e":"2 minutes"},"schema":{"@context":"https:\/\/schema.org","@graph":[{"@type":"Article","@id":"https:\/\/batijournal.com\/index.php\/patrimoine-et-territoires-au-salon-international-du-patrimoine-culturel-2021\/106384\/#article","isPartOf":{"@id":"https:\/\/batijournal.com\/index.php\/patrimoine-et-territoires-au-salon-international-du-patrimoine-culturel-2021\/106384\/"},"author":{"name":"St\u00e9phane Miget","@id":"https:\/\/batijournal.com\/#\/schema\/person\/1dc96ec6957aa1ccb25ebe78bb19f100"},"headline":"Patrimoine et Territoires au Salon International du Patrimoine Culturel 2021","datePublished":"2021-10-11T09:49:45+00:00","mainEntityOfPage":{"@id":"https:\/\/batijournal.com\/index.php\/patrimoine-et-territoires-au-salon-international-du-patrimoine-culturel-2021\/106384\/"},"wordCount":340,"image":{"@id":"https:\/\/batijournal.com\/index.php\/patrimoine-et-territoires-au-salon-international-du-patrimoine-culturel-2021\/106384\/#primaryimage"},"thumbnailUrl":"https:\/\/batijournal.com\/wp-content\/uploads\/2021\/10\/salon-du-patrimoine.jpg","keywords":["Salon international du patrimoine culturel"],"articleSection":["Actualit\u00e9s","Divers","zz_Actualit\u00e9s - Atrium","zz_Atrium Patrimoine"],"inLanguage":"fr-FR"},{"@type":"WebPage","@id":"https:\/\/batijournal.com\/index.php\/patrimoine-et-territoires-au-salon-international-du-patrimoine-culturel-2021\/106384\/","url":"https:\/\/batijournal.com\/index.php\/patrimoine-et-territoires-au-salon-international-du-patrimoine-culturel-2021\/106384\/","name":"Patrimoine et Territoires au Salon International du Patrimoine Culturel 2021","isPartOf":{"@id":"https:\/\/batijournal.com\/#website"},"primaryImageOfPage":{"@id":"https:\/\/batijournal.com\/index.php\/patrimoine-et-territoires-au-salon-international-du-patrimoine-culturel-2021\/106384\/#primaryimage"},"image":{"@id":"https:\/\/batijournal.com\/index.php\/patrimoine-et-territoires-au-salon-international-du-patrimoine-culturel-2021\/106384\/#primaryimage"},"thumbnailUrl":"https:\/\/batijournal.com\/wp-content\/uploads\/2021\/10\/salon-du-patrimoine.jpg","datePublished":"2021-10-11T09:49:45+00:00","author":{"@id":"https:\/\/batijournal.com\/#\/schema\/person\/1dc96ec6957aa1ccb25ebe78bb19f100"},"breadcrumb":{"@id":"https:\/\/batijournal.com\/index.php\/patrimoine-et-territoires-au-salon-international-du-patrimoine-culturel-2021\/106384\/#breadcrumb"},"inLanguage":"fr-FR","potentialAction":[{"@type":"ReadAction","target":["https:\/\/batijournal.com\/index.php\/patrimoine-et-territoires-au-salon-international-du-patrimoine-culturel-2021\/106384\/"]}]},{"@type":"ImageObject","inLanguage":"fr-FR","@id":"https:\/\/batijournal.com\/index.php\/patrimoine-et-territoires-au-salon-international-du-patrimoine-culturel-2021\/106384\/#primaryimage","url":"https:\/\/batijournal.com\/wp-content\/uploads\/2021\/10\/salon-du-patrimoine.jpg","contentUrl":"https:\/\/batijournal.com\/wp-content\/uploads\/2021\/10\/salon-du-patrimoine.jpg","width":1200,"height":799},{"@type":"BreadcrumbList","@id":"https:\/\/batijournal.com\/index.php\/patrimoine-et-territoires-au-salon-international-du-patrimoine-culturel-2021\/106384\/#breadcrumb","itemListElement":[{"@type":"ListItem","position":1,"name":"Accueil","item":"https:\/\/batijournal.com\/"},{"@type":"ListItem","position":2,"name":"Actualit\u00e9s","item":"https:\/\/batijournal.com\/index.php\/category\/actualites\/"},{"@type":"ListItem","position":3,"name":"Divers","item":"https:\/\/batijournal.com\/index.php\/category\/actualites\/services-equipements\/"},{"@type":"ListItem","position":4,"name":"Patrimoine et Territoires au Salon International du Patrimoine Culturel 2021"}]},{"@type":"WebSite","@id":"https:\/\/batijournal.com\/#website","url":"https:\/\/batijournal.com\/","name":"Batijournal","description":"L&#039;actualit\u00e9 du b\u00e2timent","potentialAction":[{"@type":"SearchAction","target":{"@type":"EntryPoint","urlTemplate":"https:\/\/batijournal.com\/?s={search_term_string}"},"query-input":{"@type":"PropertyValueSpecification","valueRequired":true,"valueName":"search_term_string"}}],"inLanguage":"fr-FR"},{"@type":"Person","@id":"https:\/\/batijournal.com\/#\/schema\/person\/1dc96ec6957aa1ccb25ebe78bb19f100","name":"St\u00e9phane Miget","image":{"@type":"ImageObject","inLanguage":"fr-FR","@id":"https:\/\/secure.gravatar.com\/avatar\/89915563d925342126b8ef0281b93d9d7fc337043e8df017f780908eb9644451?s=96&d=mm&r=g","url":"https:\/\/secure.gravatar.com\/avatar\/89915563d925342126b8ef0281b93d9d7fc337043e8df017f780908eb9644451?s=96&d=mm&r=g","contentUrl":"https:\/\/secure.gravatar.com\/avatar\/89915563d925342126b8ef0281b93d9d7fc337043e8df017f780908eb9644451?s=96&d=mm&r=g","caption":"St\u00e9phane Miget"},"url":"https:\/\/batijournal.com\/index.php\/author\/stephane\/"}]}},"_links":{"self":[{"href":"https:\/\/batijournal.com\/index.php\/wp-json\/wp\/v2\/posts\/106384","targetHints":{"allow":["GET"]}}],"collection":[{"href":"https:\/\/batijournal.com\/index.php\/wp-json\/wp\/v2\/posts"}],"about":[{"href":"https:\/\/batijournal.com\/index.php\/wp-json\/wp\/v2\/types\/post"}],"author":[{"embeddable":true,"href":"https:\/\/batijournal.com\/index.php\/wp-json\/wp\/v2\/users\/17"}],"replies":[{"embeddable":true,"href":"https:\/\/batijournal.com\/index.php\/wp-json\/wp\/v2\/comments?post=106384"}],"version-history":[{"count":0,"href":"https:\/\/batijournal.com\/index.php\/wp-json\/wp\/v2\/posts\/106384\/revisions"}],"wp:featuredmedia":[{"embeddable":true,"href":"https:\/\/batijournal.com\/index.php\/wp-json\/wp\/v2\/media\/106385"}],"wp:attachment":[{"href":"https:\/\/batijournal.com\/index.php\/wp-json\/wp\/v2\/media?parent=106384"}],"wp:term":[{"taxonomy":"category","embeddable":true,"href":"https:\/\/batijournal.com\/index.php\/wp-json\/wp\/v2\/categories?post=106384"},{"taxonomy":"post_tag","embeddable":true,"href":"https:\/\/batijournal.com\/index.php\/wp-json\/wp\/v2\/tags?post=106384"}],"curies":[{"name":"wp","href":"https:\/\/api.w.org\/{rel}","templated":true}]}}