{"id":106400,"date":"2021-10-13T14:29:33","date_gmt":"2021-10-13T12:29:33","guid":{"rendered":"https:\/\/batijournal.com\/?p=106400"},"modified":"2021-10-14T14:34:01","modified_gmt":"2021-10-14T12:34:01","slug":"industrialiser-la-renovation-energetique-pourquoi-comment","status":"publish","type":"post","link":"https:\/\/batijournal.com\/index.php\/industrialiser-la-renovation-energetique-pourquoi-comment\/106400\/","title":{"rendered":"Industrialiser la r\u00e9novation \u00e9nerg\u00e9tique, pourquoi ? Comment ?"},"content":{"rendered":"<p>Dans cette interview, Olivier Villeneuve (Directeur marketing et d\u00e9veloppement du groupe Hors-Site) et Matthieu Garcia (Dirigeant Emenda) nous expliquent ce qu&rsquo;est la massification de la r\u00e9novation \u00e9nerg\u00e9tique et comment la construction hors site peut am\u00e9liorer la productivit\u00e9 et la quantit\u00e9 de logements isol\u00e9s. L&rsquo;objectif annonc\u00e9 est de d\u00e9carboner l&rsquo;ensemble des logement en France avant 2050.<\/p>\n<p>Artibat2021 \/ Olivier Villeneuve (Directeur marketing et d\u00e9veloppement du groupe Hors-Site) et Matthieu Garcia (Dirigeant Emenda)<br \/>\nInerrog\u00e9s par St\u00e9phane Miget<\/p>\n<p>[embedyt] https:\/\/www.youtube.com\/embed?listType=playlist&amp;list=UU0Eg2jnaCiBYjsrns0RZSiw&amp;layout=gallery[\/embedyt]<\/p>\n<a href='#' class='small-button small#ffffff'>Voir les vid\u00e9os d&rsquo;Artibat 2021<\/a>\n<p>&nbsp;<\/p>\n<p>&nbsp;<\/p>\n","protected":false},"excerpt":{"rendered":"<p>Dans cette interview, Olivier Villeneuve (Directeur marketing et d\u00e9veloppement du groupe Hors-Site) et Matthieu Garcia (Dirigeant Emenda) nous expliquent ce qu&rsquo;est la massification de la r\u00e9novation \u00e9nerg\u00e9tique et comment la construction hors site peut am\u00e9liorer la productivit\u00e9 et la quantit\u00e9 de logements isol\u00e9s. L&rsquo;objectif annonc\u00e9 est de d\u00e9carboner l&rsquo;ensemble des logement en France avant 2050. [&hellip;]<\/p>\n","protected":false},"author":17,"featured_media":106405,"comment_status":"closed","ping_status":"closed","sticky":false,"template":"","format":"standard","meta":{"_et_pb_use_builder":"","_et_pb_old_content":"","_et_gb_content_width":"","footnotes":""},"categories":[10530,11200,6351,10781,10778],"tags":[12987,12106,12992,12991],"class_list":["post-106400","post","type-post","status-publish","format-standard","has-post-thumbnail","hentry","category-actualites","category-batijournal-tv","category-energie-environnement","category-publications-planete","category-planete","tag-artibat-2021","tag-massification","tag-matthieu-garcia","tag-olivier-villeneuve"],"yoast_head":"<!-- This site is optimized with the Yoast SEO plugin v27.4 - https:\/\/yoast.com\/product\/yoast-seo-wordpress\/ -->\n<title>Industrialiser la r\u00e9novation \u00e9nerg\u00e9tique, pourquoi ? Comment ?<\/title>\n<meta name=\"robots\" content=\"index, follow, max-snippet:-1, max-image-preview:large, max-video-preview:-1\" \/>\n<link rel=\"canonical\" href=\"https:\/\/batijournal.com\/index.php\/industrialiser-la-renovation-energetique-pourquoi-comment\/106400\/\" \/>\n<meta property=\"og:locale\" content=\"fr_FR\" \/>\n<meta property=\"og:type\" content=\"article\" \/>\n<meta property=\"og:title\" content=\"Industrialiser la r\u00e9novation \u00e9nerg\u00e9tique, pourquoi ? Comment ?\" \/>\n<meta property=\"og:description\" content=\"Dans cette interview, Olivier Villeneuve (Directeur marketing et d\u00e9veloppement du groupe Hors-Site) et Matthieu Garcia (Dirigeant Emenda) nous expliquent ce qu&rsquo;est la massification de la r\u00e9novation \u00e9nerg\u00e9tique et comment la construction hors site peut am\u00e9liorer la productivit\u00e9 et la quantit\u00e9 de logements isol\u00e9s. L&rsquo;objectif annonc\u00e9 est de d\u00e9carboner l&rsquo;ensemble des logement en France avant 2050. [&hellip;]\" \/>\n<meta property=\"og:url\" content=\"https:\/\/batijournal.com\/index.php\/industrialiser-la-renovation-energetique-pourquoi-comment\/106400\/\" \/>\n<meta property=\"og:site_name\" content=\"Batijournal\" \/>\n<meta property=\"article:published_time\" content=\"2021-10-13T12:29:33+00:00\" \/>\n<meta property=\"article:modified_time\" content=\"2021-10-14T12:34:01+00:00\" \/>\n<meta property=\"og:image\" content=\"https:\/\/batijournal.com\/wp-content\/uploads\/2021\/10\/Industrialiser-la-renovation-energetique.png\" \/>\n\t<meta property=\"og:image:width\" content=\"806\" \/>\n\t<meta property=\"og:image:height\" content=\"426\" \/>\n\t<meta property=\"og:image:type\" content=\"image\/png\" \/>\n<meta name=\"author\" content=\"St\u00e9phane Miget\" \/>\n<meta name=\"twitter:card\" content=\"summary_large_image\" \/>\n<meta name=\"twitter:creator\" content=\"@bati_journal\" \/>\n<meta name=\"twitter:site\" content=\"@bati_journal\" \/>\n<meta name=\"twitter:label1\" content=\"\u00c9crit par\" \/>\n\t<meta name=\"twitter:data1\" content=\"St\u00e9phane Miget\" \/>\n\t<meta name=\"twitter:label2\" content=\"Dur\u00e9e de lecture estim\u00e9e\" \/>\n\t<meta name=\"twitter:data2\" content=\"1 minute\" \/>\n<script type=\"application\/ld+json\" class=\"yoast-schema-graph\">{\"@context\":\"https:\\\/\\\/schema.org\",\"@graph\":[{\"@type\":\"Article\",\"@id\":\"https:\\\/\\\/batijournal.com\\\/index.php\\\/industrialiser-la-renovation-energetique-pourquoi-comment\\\/106400\\\/#article\",\"isPartOf\":{\"@id\":\"https:\\\/\\\/batijournal.com\\\/index.php\\\/industrialiser-la-renovation-energetique-pourquoi-comment\\\/106400\\\/\"},\"author\":{\"name\":\"St\u00e9phane Miget\",\"@id\":\"https:\\\/\\\/batijournal.com\\\/#\\\/schema\\\/person\\\/1dc96ec6957aa1ccb25ebe78bb19f100\"},\"headline\":\"Industrialiser la r\u00e9novation \u00e9nerg\u00e9tique, pourquoi ? Comment ?\",\"datePublished\":\"2021-10-13T12:29:33+00:00\",\"dateModified\":\"2021-10-14T12:34:01+00:00\",\"mainEntityOfPage\":{\"@id\":\"https:\\\/\\\/batijournal.com\\\/index.php\\\/industrialiser-la-renovation-energetique-pourquoi-comment\\\/106400\\\/\"},\"wordCount\":133,\"image\":{\"@id\":\"https:\\\/\\\/batijournal.com\\\/index.php\\\/industrialiser-la-renovation-energetique-pourquoi-comment\\\/106400\\\/#primaryimage\"},\"thumbnailUrl\":\"https:\\\/\\\/batijournal.com\\\/wp-content\\\/uploads\\\/2021\\\/10\\\/Industrialiser-la-renovation-energetique.png\",\"keywords\":[\"Artibat 2021\",\"massification\",\"Matthieu Garcia\",\"Olivier Villeneuve\"],\"articleSection\":[\"Actualit\u00e9s\",\"batijournal TV\",\"\u00c9nergie &amp; Environnement\",\"zz_Actualit\u00e9s - Plan\u00e8te\",\"zz_Plan\u00e8te B\u00e2timent\"],\"inLanguage\":\"fr-FR\"},{\"@type\":\"WebPage\",\"@id\":\"https:\\\/\\\/batijournal.com\\\/index.php\\\/industrialiser-la-renovation-energetique-pourquoi-comment\\\/106400\\\/\",\"url\":\"https:\\\/\\\/batijournal.com\\\/index.php\\\/industrialiser-la-renovation-energetique-pourquoi-comment\\\/106400\\\/\",\"name\":\"Industrialiser la r\u00e9novation \u00e9nerg\u00e9tique, pourquoi ? Comment ?\",\"isPartOf\":{\"@id\":\"https:\\\/\\\/batijournal.com\\\/#website\"},\"primaryImageOfPage\":{\"@id\":\"https:\\\/\\\/batijournal.com\\\/index.php\\\/industrialiser-la-renovation-energetique-pourquoi-comment\\\/106400\\\/#primaryimage\"},\"image\":{\"@id\":\"https:\\\/\\\/batijournal.com\\\/index.php\\\/industrialiser-la-renovation-energetique-pourquoi-comment\\\/106400\\\/#primaryimage\"},\"thumbnailUrl\":\"https:\\\/\\\/batijournal.com\\\/wp-content\\\/uploads\\\/2021\\\/10\\\/Industrialiser-la-renovation-energetique.png\",\"datePublished\":\"2021-10-13T12:29:33+00:00\",\"dateModified\":\"2021-10-14T12:34:01+00:00\",\"author\":{\"@id\":\"https:\\\/\\\/batijournal.com\\\/#\\\/schema\\\/person\\\/1dc96ec6957aa1ccb25ebe78bb19f100\"},\"breadcrumb\":{\"@id\":\"https:\\\/\\\/batijournal.com\\\/index.php\\\/industrialiser-la-renovation-energetique-pourquoi-comment\\\/106400\\\/#breadcrumb\"},\"inLanguage\":\"fr-FR\",\"potentialAction\":[{\"@type\":\"ReadAction\",\"target\":[\"https:\\\/\\\/batijournal.com\\\/index.php\\\/industrialiser-la-renovation-energetique-pourquoi-comment\\\/106400\\\/\"]}]},{\"@type\":\"ImageObject\",\"inLanguage\":\"fr-FR\",\"@id\":\"https:\\\/\\\/batijournal.com\\\/index.php\\\/industrialiser-la-renovation-energetique-pourquoi-comment\\\/106400\\\/#primaryimage\",\"url\":\"https:\\\/\\\/batijournal.com\\\/wp-content\\\/uploads\\\/2021\\\/10\\\/Industrialiser-la-renovation-energetique.png\",\"contentUrl\":\"https:\\\/\\\/batijournal.com\\\/wp-content\\\/uploads\\\/2021\\\/10\\\/Industrialiser-la-renovation-energetique.png\",\"width\":806,\"height\":426},{\"@type\":\"BreadcrumbList\",\"@id\":\"https:\\\/\\\/batijournal.com\\\/index.php\\\/industrialiser-la-renovation-energetique-pourquoi-comment\\\/106400\\\/#breadcrumb\",\"itemListElement\":[{\"@type\":\"ListItem\",\"position\":1,\"name\":\"Accueil\",\"item\":\"https:\\\/\\\/batijournal.com\\\/\"},{\"@type\":\"ListItem\",\"position\":2,\"name\":\"Actualit\u00e9s\",\"item\":\"https:\\\/\\\/batijournal.com\\\/index.php\\\/category\\\/actualites\\\/\"},{\"@type\":\"ListItem\",\"position\":3,\"name\":\"\u00c9nergie &amp; Environnement\",\"item\":\"https:\\\/\\\/batijournal.com\\\/index.php\\\/category\\\/actualites\\\/energie-environnement\\\/\"},{\"@type\":\"ListItem\",\"position\":4,\"name\":\"Industrialiser la r\u00e9novation \u00e9nerg\u00e9tique, pourquoi ? Comment ?\"}]},{\"@type\":\"WebSite\",\"@id\":\"https:\\\/\\\/batijournal.com\\\/#website\",\"url\":\"https:\\\/\\\/batijournal.com\\\/\",\"name\":\"Batijournal\",\"description\":\"L&#039;actualit\u00e9 du b\u00e2timent\",\"potentialAction\":[{\"@type\":\"SearchAction\",\"target\":{\"@type\":\"EntryPoint\",\"urlTemplate\":\"https:\\\/\\\/batijournal.com\\\/?s={search_term_string}\"},\"query-input\":{\"@type\":\"PropertyValueSpecification\",\"valueRequired\":true,\"valueName\":\"search_term_string\"}}],\"inLanguage\":\"fr-FR\"},{\"@type\":\"Person\",\"@id\":\"https:\\\/\\\/batijournal.com\\\/#\\\/schema\\\/person\\\/1dc96ec6957aa1ccb25ebe78bb19f100\",\"name\":\"St\u00e9phane Miget\",\"image\":{\"@type\":\"ImageObject\",\"inLanguage\":\"fr-FR\",\"@id\":\"https:\\\/\\\/secure.gravatar.com\\\/avatar\\\/89915563d925342126b8ef0281b93d9d7fc337043e8df017f780908eb9644451?s=96&d=mm&r=g\",\"url\":\"https:\\\/\\\/secure.gravatar.com\\\/avatar\\\/89915563d925342126b8ef0281b93d9d7fc337043e8df017f780908eb9644451?s=96&d=mm&r=g\",\"contentUrl\":\"https:\\\/\\\/secure.gravatar.com\\\/avatar\\\/89915563d925342126b8ef0281b93d9d7fc337043e8df017f780908eb9644451?s=96&d=mm&r=g\",\"caption\":\"St\u00e9phane Miget\"},\"url\":\"https:\\\/\\\/batijournal.com\\\/index.php\\\/author\\\/stephane\\\/\"}]}<\/script>\n<!-- \/ Yoast SEO plugin. -->","yoast_head_json":{"title":"Industrialiser la r\u00e9novation \u00e9nerg\u00e9tique, pourquoi ? Comment ?","robots":{"index":"index","follow":"follow","max-snippet":"max-snippet:-1","max-image-preview":"max-image-preview:large","max-video-preview":"max-video-preview:-1"},"canonical":"https:\/\/batijournal.com\/index.php\/industrialiser-la-renovation-energetique-pourquoi-comment\/106400\/","og_locale":"fr_FR","og_type":"article","og_title":"Industrialiser la r\u00e9novation \u00e9nerg\u00e9tique, pourquoi ? Comment ?","og_description":"Dans cette interview, Olivier Villeneuve (Directeur marketing et d\u00e9veloppement du groupe Hors-Site) et Matthieu Garcia (Dirigeant Emenda) nous expliquent ce qu&rsquo;est la massification de la r\u00e9novation \u00e9nerg\u00e9tique et comment la construction hors site peut am\u00e9liorer la productivit\u00e9 et la quantit\u00e9 de logements isol\u00e9s. L&rsquo;objectif annonc\u00e9 est de d\u00e9carboner l&rsquo;ensemble des logement en France avant 2050. [&hellip;]","og_url":"https:\/\/batijournal.com\/index.php\/industrialiser-la-renovation-energetique-pourquoi-comment\/106400\/","og_site_name":"Batijournal","article_published_time":"2021-10-13T12:29:33+00:00","article_modified_time":"2021-10-14T12:34:01+00:00","og_image":[{"width":806,"height":426,"url":"https:\/\/batijournal.com\/wp-content\/uploads\/2021\/10\/Industrialiser-la-renovation-energetique.png","type":"image\/png"}],"author":"St\u00e9phane Miget","twitter_card":"summary_large_image","twitter_creator":"@bati_journal","twitter_site":"@bati_journal","twitter_misc":{"\u00c9crit par":"St\u00e9phane Miget","Dur\u00e9e de lecture estim\u00e9e":"1 minute"},"schema":{"@context":"https:\/\/schema.org","@graph":[{"@type":"Article","@id":"https:\/\/batijournal.com\/index.php\/industrialiser-la-renovation-energetique-pourquoi-comment\/106400\/#article","isPartOf":{"@id":"https:\/\/batijournal.com\/index.php\/industrialiser-la-renovation-energetique-pourquoi-comment\/106400\/"},"author":{"name":"St\u00e9phane Miget","@id":"https:\/\/batijournal.com\/#\/schema\/person\/1dc96ec6957aa1ccb25ebe78bb19f100"},"headline":"Industrialiser la r\u00e9novation \u00e9nerg\u00e9tique, pourquoi ? Comment ?","datePublished":"2021-10-13T12:29:33+00:00","dateModified":"2021-10-14T12:34:01+00:00","mainEntityOfPage":{"@id":"https:\/\/batijournal.com\/index.php\/industrialiser-la-renovation-energetique-pourquoi-comment\/106400\/"},"wordCount":133,"image":{"@id":"https:\/\/batijournal.com\/index.php\/industrialiser-la-renovation-energetique-pourquoi-comment\/106400\/#primaryimage"},"thumbnailUrl":"https:\/\/batijournal.com\/wp-content\/uploads\/2021\/10\/Industrialiser-la-renovation-energetique.png","keywords":["Artibat 2021","massification","Matthieu Garcia","Olivier Villeneuve"],"articleSection":["Actualit\u00e9s","batijournal TV","\u00c9nergie &amp; Environnement","zz_Actualit\u00e9s - Plan\u00e8te","zz_Plan\u00e8te B\u00e2timent"],"inLanguage":"fr-FR"},{"@type":"WebPage","@id":"https:\/\/batijournal.com\/index.php\/industrialiser-la-renovation-energetique-pourquoi-comment\/106400\/","url":"https:\/\/batijournal.com\/index.php\/industrialiser-la-renovation-energetique-pourquoi-comment\/106400\/","name":"Industrialiser la r\u00e9novation \u00e9nerg\u00e9tique, pourquoi ? Comment ?","isPartOf":{"@id":"https:\/\/batijournal.com\/#website"},"primaryImageOfPage":{"@id":"https:\/\/batijournal.com\/index.php\/industrialiser-la-renovation-energetique-pourquoi-comment\/106400\/#primaryimage"},"image":{"@id":"https:\/\/batijournal.com\/index.php\/industrialiser-la-renovation-energetique-pourquoi-comment\/106400\/#primaryimage"},"thumbnailUrl":"https:\/\/batijournal.com\/wp-content\/uploads\/2021\/10\/Industrialiser-la-renovation-energetique.png","datePublished":"2021-10-13T12:29:33+00:00","dateModified":"2021-10-14T12:34:01+00:00","author":{"@id":"https:\/\/batijournal.com\/#\/schema\/person\/1dc96ec6957aa1ccb25ebe78bb19f100"},"breadcrumb":{"@id":"https:\/\/batijournal.com\/index.php\/industrialiser-la-renovation-energetique-pourquoi-comment\/106400\/#breadcrumb"},"inLanguage":"fr-FR","potentialAction":[{"@type":"ReadAction","target":["https:\/\/batijournal.com\/index.php\/industrialiser-la-renovation-energetique-pourquoi-comment\/106400\/"]}]},{"@type":"ImageObject","inLanguage":"fr-FR","@id":"https:\/\/batijournal.com\/index.php\/industrialiser-la-renovation-energetique-pourquoi-comment\/106400\/#primaryimage","url":"https:\/\/batijournal.com\/wp-content\/uploads\/2021\/10\/Industrialiser-la-renovation-energetique.png","contentUrl":"https:\/\/batijournal.com\/wp-content\/uploads\/2021\/10\/Industrialiser-la-renovation-energetique.png","width":806,"height":426},{"@type":"BreadcrumbList","@id":"https:\/\/batijournal.com\/index.php\/industrialiser-la-renovation-energetique-pourquoi-comment\/106400\/#breadcrumb","itemListElement":[{"@type":"ListItem","position":1,"name":"Accueil","item":"https:\/\/batijournal.com\/"},{"@type":"ListItem","position":2,"name":"Actualit\u00e9s","item":"https:\/\/batijournal.com\/index.php\/category\/actualites\/"},{"@type":"ListItem","position":3,"name":"\u00c9nergie &amp; Environnement","item":"https:\/\/batijournal.com\/index.php\/category\/actualites\/energie-environnement\/"},{"@type":"ListItem","position":4,"name":"Industrialiser la r\u00e9novation \u00e9nerg\u00e9tique, pourquoi ? Comment ?"}]},{"@type":"WebSite","@id":"https:\/\/batijournal.com\/#website","url":"https:\/\/batijournal.com\/","name":"Batijournal","description":"L&#039;actualit\u00e9 du b\u00e2timent","potentialAction":[{"@type":"SearchAction","target":{"@type":"EntryPoint","urlTemplate":"https:\/\/batijournal.com\/?s={search_term_string}"},"query-input":{"@type":"PropertyValueSpecification","valueRequired":true,"valueName":"search_term_string"}}],"inLanguage":"fr-FR"},{"@type":"Person","@id":"https:\/\/batijournal.com\/#\/schema\/person\/1dc96ec6957aa1ccb25ebe78bb19f100","name":"St\u00e9phane Miget","image":{"@type":"ImageObject","inLanguage":"fr-FR","@id":"https:\/\/secure.gravatar.com\/avatar\/89915563d925342126b8ef0281b93d9d7fc337043e8df017f780908eb9644451?s=96&d=mm&r=g","url":"https:\/\/secure.gravatar.com\/avatar\/89915563d925342126b8ef0281b93d9d7fc337043e8df017f780908eb9644451?s=96&d=mm&r=g","contentUrl":"https:\/\/secure.gravatar.com\/avatar\/89915563d925342126b8ef0281b93d9d7fc337043e8df017f780908eb9644451?s=96&d=mm&r=g","caption":"St\u00e9phane Miget"},"url":"https:\/\/batijournal.com\/index.php\/author\/stephane\/"}]}},"_links":{"self":[{"href":"https:\/\/batijournal.com\/index.php\/wp-json\/wp\/v2\/posts\/106400","targetHints":{"allow":["GET"]}}],"collection":[{"href":"https:\/\/batijournal.com\/index.php\/wp-json\/wp\/v2\/posts"}],"about":[{"href":"https:\/\/batijournal.com\/index.php\/wp-json\/wp\/v2\/types\/post"}],"author":[{"embeddable":true,"href":"https:\/\/batijournal.com\/index.php\/wp-json\/wp\/v2\/users\/17"}],"replies":[{"embeddable":true,"href":"https:\/\/batijournal.com\/index.php\/wp-json\/wp\/v2\/comments?post=106400"}],"version-history":[{"count":0,"href":"https:\/\/batijournal.com\/index.php\/wp-json\/wp\/v2\/posts\/106400\/revisions"}],"wp:featuredmedia":[{"embeddable":true,"href":"https:\/\/batijournal.com\/index.php\/wp-json\/wp\/v2\/media\/106405"}],"wp:attachment":[{"href":"https:\/\/batijournal.com\/index.php\/wp-json\/wp\/v2\/media?parent=106400"}],"wp:term":[{"taxonomy":"category","embeddable":true,"href":"https:\/\/batijournal.com\/index.php\/wp-json\/wp\/v2\/categories?post=106400"},{"taxonomy":"post_tag","embeddable":true,"href":"https:\/\/batijournal.com\/index.php\/wp-json\/wp\/v2\/tags?post=106400"}],"curies":[{"name":"wp","href":"https:\/\/api.w.org\/{rel}","templated":true}]}}