{"id":106411,"date":"2021-10-13T18:25:26","date_gmt":"2021-10-13T16:25:26","guid":{"rendered":"https:\/\/batijournal.com\/?p=106411"},"modified":"2021-10-14T14:33:10","modified_gmt":"2021-10-14T12:33:10","slug":"mettre-en-adequation-besoins-des-entreprises-et-formations","status":"publish","type":"post","link":"https:\/\/batijournal.com\/index.php\/mettre-en-adequation-besoins-des-entreprises-et-formations\/106411\/","title":{"rendered":"Mettre en ad\u00e9quation besoins des entreprises et formations"},"content":{"rendered":"<p>S\u00e9quencer les formations, proposer les formations en p\u00e9riode plus creuse en fonction des m\u00e9tiers, \u00eatre r\u00e9actif, prendre en compte le secteur g\u00e9ographique, le ma\u00eetre mot est adapter les formations aux besoins des entreprises. Les services de formation sont en lien permanent avec les entreprises pour identifier pr\u00e9cis\u00e9ment leurs besoins&#8230;<\/p>\n<p>Artibat 2021 \/ Intervenants : Virginie Baudrit (Responsable des affaires sociales \/ CAPEB Pays de la Loire) &#8211; Anne-Sophie Piquemal (Responsable recherche et d\u00e9veloppement \/ CFA B\u00e2timent bretagne) &#8211; Jean-Pierre Jaffrain (Directeur ARFAB)<br \/>\nInterrog\u00e9s par St\u00e9phane Miget<\/p>\n<p>[embedyt] https:\/\/www.youtube.com\/watch?v=tFS1N524pzE[\/embedyt]<\/p>\n<a href='#' class='small-button small#ffffff'>Voir les vid\u00e9os d&rsquo;Artibat 2021<\/a>\n","protected":false},"excerpt":{"rendered":"<p>S\u00e9quencer les formations, proposer les formations en p\u00e9riode plus creuse en fonction des m\u00e9tiers, \u00eatre r\u00e9actif, prendre en compte le secteur g\u00e9ographique, le ma\u00eetre mot est adapter les formations aux besoins des entreprises. Les services de formation sont en lien permanent avec les entreprises pour identifier pr\u00e9cis\u00e9ment leurs besoins&#8230; Artibat 2021 \/ Intervenants : Virginie [&hellip;]<\/p>\n","protected":false},"author":17,"featured_media":106412,"comment_status":"closed","ping_status":"closed","sticky":false,"template":"","format":"standard","meta":{"_et_pb_use_builder":"","_et_pb_old_content":"","_et_gb_content_width":"","footnotes":""},"categories":[10530,11200,6362],"tags":[12997,12987,517,12998,12996],"class_list":["post-106411","post","type-post","status-publish","format-standard","has-post-thumbnail","hentry","category-actualites","category-batijournal-tv","category-services-equipements","tag-anne-sophie-piquemal","tag-artibat-2021","tag-formation","tag-jean-pierre-jaffrain","tag-virginie-baudrit"],"yoast_head":"<!-- This site is optimized with the Yoast SEO plugin v27.4 - https:\/\/yoast.com\/product\/yoast-seo-wordpress\/ -->\n<title>Mettre en ad\u00e9quation besoins des entreprises et formations<\/title>\n<meta name=\"robots\" content=\"index, follow, max-snippet:-1, max-image-preview:large, max-video-preview:-1\" \/>\n<link rel=\"canonical\" href=\"https:\/\/batijournal.com\/index.php\/mettre-en-adequation-besoins-des-entreprises-et-formations\/106411\/\" \/>\n<meta property=\"og:locale\" content=\"fr_FR\" \/>\n<meta property=\"og:type\" content=\"article\" \/>\n<meta property=\"og:title\" content=\"Mettre en ad\u00e9quation besoins des entreprises et formations\" \/>\n<meta property=\"og:description\" content=\"S\u00e9quencer les formations, proposer les formations en p\u00e9riode plus creuse en fonction des m\u00e9tiers, \u00eatre r\u00e9actif, prendre en compte le secteur g\u00e9ographique, le ma\u00eetre mot est adapter les formations aux besoins des entreprises. Les services de formation sont en lien permanent avec les entreprises pour identifier pr\u00e9cis\u00e9ment leurs besoins&#8230; Artibat 2021 \/ Intervenants : Virginie [&hellip;]\" \/>\n<meta property=\"og:url\" content=\"https:\/\/batijournal.com\/index.php\/mettre-en-adequation-besoins-des-entreprises-et-formations\/106411\/\" \/>\n<meta property=\"og:site_name\" content=\"Batijournal\" \/>\n<meta property=\"article:published_time\" content=\"2021-10-13T16:25:26+00:00\" \/>\n<meta property=\"article:modified_time\" content=\"2021-10-14T12:33:10+00:00\" \/>\n<meta property=\"og:image\" content=\"https:\/\/batijournal.com\/wp-content\/uploads\/2021\/10\/Mettre-en-adequation-besoins-des-entreprises-et-formations.png\" \/>\n\t<meta property=\"og:image:width\" content=\"807\" \/>\n\t<meta property=\"og:image:height\" content=\"453\" \/>\n\t<meta property=\"og:image:type\" content=\"image\/png\" \/>\n<meta name=\"author\" content=\"St\u00e9phane Miget\" \/>\n<meta name=\"twitter:card\" content=\"summary_large_image\" \/>\n<meta name=\"twitter:creator\" content=\"@bati_journal\" \/>\n<meta name=\"twitter:site\" content=\"@bati_journal\" \/>\n<meta name=\"twitter:label1\" content=\"\u00c9crit par\" \/>\n\t<meta name=\"twitter:data1\" content=\"St\u00e9phane Miget\" \/>\n\t<meta name=\"twitter:label2\" content=\"Dur\u00e9e de lecture estim\u00e9e\" \/>\n\t<meta name=\"twitter:data2\" content=\"1 minute\" \/>\n<script type=\"application\/ld+json\" class=\"yoast-schema-graph\">{\"@context\":\"https:\\\/\\\/schema.org\",\"@graph\":[{\"@type\":\"Article\",\"@id\":\"https:\\\/\\\/batijournal.com\\\/index.php\\\/mettre-en-adequation-besoins-des-entreprises-et-formations\\\/106411\\\/#article\",\"isPartOf\":{\"@id\":\"https:\\\/\\\/batijournal.com\\\/index.php\\\/mettre-en-adequation-besoins-des-entreprises-et-formations\\\/106411\\\/\"},\"author\":{\"name\":\"St\u00e9phane Miget\",\"@id\":\"https:\\\/\\\/batijournal.com\\\/#\\\/schema\\\/person\\\/1dc96ec6957aa1ccb25ebe78bb19f100\"},\"headline\":\"Mettre en ad\u00e9quation besoins des entreprises et formations\",\"datePublished\":\"2021-10-13T16:25:26+00:00\",\"dateModified\":\"2021-10-14T12:33:10+00:00\",\"mainEntityOfPage\":{\"@id\":\"https:\\\/\\\/batijournal.com\\\/index.php\\\/mettre-en-adequation-besoins-des-entreprises-et-formations\\\/106411\\\/\"},\"wordCount\":133,\"image\":{\"@id\":\"https:\\\/\\\/batijournal.com\\\/index.php\\\/mettre-en-adequation-besoins-des-entreprises-et-formations\\\/106411\\\/#primaryimage\"},\"thumbnailUrl\":\"https:\\\/\\\/batijournal.com\\\/wp-content\\\/uploads\\\/2021\\\/10\\\/Mettre-en-adequation-besoins-des-entreprises-et-formations.png\",\"keywords\":[\"Anne-Sophie Piquemal\",\"Artibat 2021\",\"formation\",\"Jean-Pierre JAFFRAIN\",\"Virginie Baudrit\"],\"articleSection\":[\"Actualit\u00e9s\",\"batijournal TV\",\"Divers\"],\"inLanguage\":\"fr-FR\"},{\"@type\":\"WebPage\",\"@id\":\"https:\\\/\\\/batijournal.com\\\/index.php\\\/mettre-en-adequation-besoins-des-entreprises-et-formations\\\/106411\\\/\",\"url\":\"https:\\\/\\\/batijournal.com\\\/index.php\\\/mettre-en-adequation-besoins-des-entreprises-et-formations\\\/106411\\\/\",\"name\":\"Mettre en ad\u00e9quation besoins des entreprises et formations\",\"isPartOf\":{\"@id\":\"https:\\\/\\\/batijournal.com\\\/#website\"},\"primaryImageOfPage\":{\"@id\":\"https:\\\/\\\/batijournal.com\\\/index.php\\\/mettre-en-adequation-besoins-des-entreprises-et-formations\\\/106411\\\/#primaryimage\"},\"image\":{\"@id\":\"https:\\\/\\\/batijournal.com\\\/index.php\\\/mettre-en-adequation-besoins-des-entreprises-et-formations\\\/106411\\\/#primaryimage\"},\"thumbnailUrl\":\"https:\\\/\\\/batijournal.com\\\/wp-content\\\/uploads\\\/2021\\\/10\\\/Mettre-en-adequation-besoins-des-entreprises-et-formations.png\",\"datePublished\":\"2021-10-13T16:25:26+00:00\",\"dateModified\":\"2021-10-14T12:33:10+00:00\",\"author\":{\"@id\":\"https:\\\/\\\/batijournal.com\\\/#\\\/schema\\\/person\\\/1dc96ec6957aa1ccb25ebe78bb19f100\"},\"breadcrumb\":{\"@id\":\"https:\\\/\\\/batijournal.com\\\/index.php\\\/mettre-en-adequation-besoins-des-entreprises-et-formations\\\/106411\\\/#breadcrumb\"},\"inLanguage\":\"fr-FR\",\"potentialAction\":[{\"@type\":\"ReadAction\",\"target\":[\"https:\\\/\\\/batijournal.com\\\/index.php\\\/mettre-en-adequation-besoins-des-entreprises-et-formations\\\/106411\\\/\"]}]},{\"@type\":\"ImageObject\",\"inLanguage\":\"fr-FR\",\"@id\":\"https:\\\/\\\/batijournal.com\\\/index.php\\\/mettre-en-adequation-besoins-des-entreprises-et-formations\\\/106411\\\/#primaryimage\",\"url\":\"https:\\\/\\\/batijournal.com\\\/wp-content\\\/uploads\\\/2021\\\/10\\\/Mettre-en-adequation-besoins-des-entreprises-et-formations.png\",\"contentUrl\":\"https:\\\/\\\/batijournal.com\\\/wp-content\\\/uploads\\\/2021\\\/10\\\/Mettre-en-adequation-besoins-des-entreprises-et-formations.png\",\"width\":807,\"height\":453},{\"@type\":\"BreadcrumbList\",\"@id\":\"https:\\\/\\\/batijournal.com\\\/index.php\\\/mettre-en-adequation-besoins-des-entreprises-et-formations\\\/106411\\\/#breadcrumb\",\"itemListElement\":[{\"@type\":\"ListItem\",\"position\":1,\"name\":\"Accueil\",\"item\":\"https:\\\/\\\/batijournal.com\\\/\"},{\"@type\":\"ListItem\",\"position\":2,\"name\":\"Actualit\u00e9s\",\"item\":\"https:\\\/\\\/batijournal.com\\\/index.php\\\/category\\\/actualites\\\/\"},{\"@type\":\"ListItem\",\"position\":3,\"name\":\"Divers\",\"item\":\"https:\\\/\\\/batijournal.com\\\/index.php\\\/category\\\/actualites\\\/services-equipements\\\/\"},{\"@type\":\"ListItem\",\"position\":4,\"name\":\"Mettre en ad\u00e9quation besoins des entreprises et formations\"}]},{\"@type\":\"WebSite\",\"@id\":\"https:\\\/\\\/batijournal.com\\\/#website\",\"url\":\"https:\\\/\\\/batijournal.com\\\/\",\"name\":\"Batijournal\",\"description\":\"L&#039;actualit\u00e9 du b\u00e2timent\",\"potentialAction\":[{\"@type\":\"SearchAction\",\"target\":{\"@type\":\"EntryPoint\",\"urlTemplate\":\"https:\\\/\\\/batijournal.com\\\/?s={search_term_string}\"},\"query-input\":{\"@type\":\"PropertyValueSpecification\",\"valueRequired\":true,\"valueName\":\"search_term_string\"}}],\"inLanguage\":\"fr-FR\"},{\"@type\":\"Person\",\"@id\":\"https:\\\/\\\/batijournal.com\\\/#\\\/schema\\\/person\\\/1dc96ec6957aa1ccb25ebe78bb19f100\",\"name\":\"St\u00e9phane Miget\",\"image\":{\"@type\":\"ImageObject\",\"inLanguage\":\"fr-FR\",\"@id\":\"https:\\\/\\\/secure.gravatar.com\\\/avatar\\\/89915563d925342126b8ef0281b93d9d7fc337043e8df017f780908eb9644451?s=96&d=mm&r=g\",\"url\":\"https:\\\/\\\/secure.gravatar.com\\\/avatar\\\/89915563d925342126b8ef0281b93d9d7fc337043e8df017f780908eb9644451?s=96&d=mm&r=g\",\"contentUrl\":\"https:\\\/\\\/secure.gravatar.com\\\/avatar\\\/89915563d925342126b8ef0281b93d9d7fc337043e8df017f780908eb9644451?s=96&d=mm&r=g\",\"caption\":\"St\u00e9phane Miget\"},\"url\":\"https:\\\/\\\/batijournal.com\\\/index.php\\\/author\\\/stephane\\\/\"}]}<\/script>\n<!-- \/ Yoast SEO plugin. -->","yoast_head_json":{"title":"Mettre en ad\u00e9quation besoins des entreprises et formations","robots":{"index":"index","follow":"follow","max-snippet":"max-snippet:-1","max-image-preview":"max-image-preview:large","max-video-preview":"max-video-preview:-1"},"canonical":"https:\/\/batijournal.com\/index.php\/mettre-en-adequation-besoins-des-entreprises-et-formations\/106411\/","og_locale":"fr_FR","og_type":"article","og_title":"Mettre en ad\u00e9quation besoins des entreprises et formations","og_description":"S\u00e9quencer les formations, proposer les formations en p\u00e9riode plus creuse en fonction des m\u00e9tiers, \u00eatre r\u00e9actif, prendre en compte le secteur g\u00e9ographique, le ma\u00eetre mot est adapter les formations aux besoins des entreprises. Les services de formation sont en lien permanent avec les entreprises pour identifier pr\u00e9cis\u00e9ment leurs besoins&#8230; Artibat 2021 \/ Intervenants : Virginie [&hellip;]","og_url":"https:\/\/batijournal.com\/index.php\/mettre-en-adequation-besoins-des-entreprises-et-formations\/106411\/","og_site_name":"Batijournal","article_published_time":"2021-10-13T16:25:26+00:00","article_modified_time":"2021-10-14T12:33:10+00:00","og_image":[{"width":807,"height":453,"url":"https:\/\/batijournal.com\/wp-content\/uploads\/2021\/10\/Mettre-en-adequation-besoins-des-entreprises-et-formations.png","type":"image\/png"}],"author":"St\u00e9phane Miget","twitter_card":"summary_large_image","twitter_creator":"@bati_journal","twitter_site":"@bati_journal","twitter_misc":{"\u00c9crit par":"St\u00e9phane Miget","Dur\u00e9e de lecture estim\u00e9e":"1 minute"},"schema":{"@context":"https:\/\/schema.org","@graph":[{"@type":"Article","@id":"https:\/\/batijournal.com\/index.php\/mettre-en-adequation-besoins-des-entreprises-et-formations\/106411\/#article","isPartOf":{"@id":"https:\/\/batijournal.com\/index.php\/mettre-en-adequation-besoins-des-entreprises-et-formations\/106411\/"},"author":{"name":"St\u00e9phane Miget","@id":"https:\/\/batijournal.com\/#\/schema\/person\/1dc96ec6957aa1ccb25ebe78bb19f100"},"headline":"Mettre en ad\u00e9quation besoins des entreprises et formations","datePublished":"2021-10-13T16:25:26+00:00","dateModified":"2021-10-14T12:33:10+00:00","mainEntityOfPage":{"@id":"https:\/\/batijournal.com\/index.php\/mettre-en-adequation-besoins-des-entreprises-et-formations\/106411\/"},"wordCount":133,"image":{"@id":"https:\/\/batijournal.com\/index.php\/mettre-en-adequation-besoins-des-entreprises-et-formations\/106411\/#primaryimage"},"thumbnailUrl":"https:\/\/batijournal.com\/wp-content\/uploads\/2021\/10\/Mettre-en-adequation-besoins-des-entreprises-et-formations.png","keywords":["Anne-Sophie Piquemal","Artibat 2021","formation","Jean-Pierre JAFFRAIN","Virginie Baudrit"],"articleSection":["Actualit\u00e9s","batijournal TV","Divers"],"inLanguage":"fr-FR"},{"@type":"WebPage","@id":"https:\/\/batijournal.com\/index.php\/mettre-en-adequation-besoins-des-entreprises-et-formations\/106411\/","url":"https:\/\/batijournal.com\/index.php\/mettre-en-adequation-besoins-des-entreprises-et-formations\/106411\/","name":"Mettre en ad\u00e9quation besoins des entreprises et formations","isPartOf":{"@id":"https:\/\/batijournal.com\/#website"},"primaryImageOfPage":{"@id":"https:\/\/batijournal.com\/index.php\/mettre-en-adequation-besoins-des-entreprises-et-formations\/106411\/#primaryimage"},"image":{"@id":"https:\/\/batijournal.com\/index.php\/mettre-en-adequation-besoins-des-entreprises-et-formations\/106411\/#primaryimage"},"thumbnailUrl":"https:\/\/batijournal.com\/wp-content\/uploads\/2021\/10\/Mettre-en-adequation-besoins-des-entreprises-et-formations.png","datePublished":"2021-10-13T16:25:26+00:00","dateModified":"2021-10-14T12:33:10+00:00","author":{"@id":"https:\/\/batijournal.com\/#\/schema\/person\/1dc96ec6957aa1ccb25ebe78bb19f100"},"breadcrumb":{"@id":"https:\/\/batijournal.com\/index.php\/mettre-en-adequation-besoins-des-entreprises-et-formations\/106411\/#breadcrumb"},"inLanguage":"fr-FR","potentialAction":[{"@type":"ReadAction","target":["https:\/\/batijournal.com\/index.php\/mettre-en-adequation-besoins-des-entreprises-et-formations\/106411\/"]}]},{"@type":"ImageObject","inLanguage":"fr-FR","@id":"https:\/\/batijournal.com\/index.php\/mettre-en-adequation-besoins-des-entreprises-et-formations\/106411\/#primaryimage","url":"https:\/\/batijournal.com\/wp-content\/uploads\/2021\/10\/Mettre-en-adequation-besoins-des-entreprises-et-formations.png","contentUrl":"https:\/\/batijournal.com\/wp-content\/uploads\/2021\/10\/Mettre-en-adequation-besoins-des-entreprises-et-formations.png","width":807,"height":453},{"@type":"BreadcrumbList","@id":"https:\/\/batijournal.com\/index.php\/mettre-en-adequation-besoins-des-entreprises-et-formations\/106411\/#breadcrumb","itemListElement":[{"@type":"ListItem","position":1,"name":"Accueil","item":"https:\/\/batijournal.com\/"},{"@type":"ListItem","position":2,"name":"Actualit\u00e9s","item":"https:\/\/batijournal.com\/index.php\/category\/actualites\/"},{"@type":"ListItem","position":3,"name":"Divers","item":"https:\/\/batijournal.com\/index.php\/category\/actualites\/services-equipements\/"},{"@type":"ListItem","position":4,"name":"Mettre en ad\u00e9quation besoins des entreprises et formations"}]},{"@type":"WebSite","@id":"https:\/\/batijournal.com\/#website","url":"https:\/\/batijournal.com\/","name":"Batijournal","description":"L&#039;actualit\u00e9 du b\u00e2timent","potentialAction":[{"@type":"SearchAction","target":{"@type":"EntryPoint","urlTemplate":"https:\/\/batijournal.com\/?s={search_term_string}"},"query-input":{"@type":"PropertyValueSpecification","valueRequired":true,"valueName":"search_term_string"}}],"inLanguage":"fr-FR"},{"@type":"Person","@id":"https:\/\/batijournal.com\/#\/schema\/person\/1dc96ec6957aa1ccb25ebe78bb19f100","name":"St\u00e9phane Miget","image":{"@type":"ImageObject","inLanguage":"fr-FR","@id":"https:\/\/secure.gravatar.com\/avatar\/89915563d925342126b8ef0281b93d9d7fc337043e8df017f780908eb9644451?s=96&d=mm&r=g","url":"https:\/\/secure.gravatar.com\/avatar\/89915563d925342126b8ef0281b93d9d7fc337043e8df017f780908eb9644451?s=96&d=mm&r=g","contentUrl":"https:\/\/secure.gravatar.com\/avatar\/89915563d925342126b8ef0281b93d9d7fc337043e8df017f780908eb9644451?s=96&d=mm&r=g","caption":"St\u00e9phane Miget"},"url":"https:\/\/batijournal.com\/index.php\/author\/stephane\/"}]}},"_links":{"self":[{"href":"https:\/\/batijournal.com\/index.php\/wp-json\/wp\/v2\/posts\/106411","targetHints":{"allow":["GET"]}}],"collection":[{"href":"https:\/\/batijournal.com\/index.php\/wp-json\/wp\/v2\/posts"}],"about":[{"href":"https:\/\/batijournal.com\/index.php\/wp-json\/wp\/v2\/types\/post"}],"author":[{"embeddable":true,"href":"https:\/\/batijournal.com\/index.php\/wp-json\/wp\/v2\/users\/17"}],"replies":[{"embeddable":true,"href":"https:\/\/batijournal.com\/index.php\/wp-json\/wp\/v2\/comments?post=106411"}],"version-history":[{"count":0,"href":"https:\/\/batijournal.com\/index.php\/wp-json\/wp\/v2\/posts\/106411\/revisions"}],"wp:featuredmedia":[{"embeddable":true,"href":"https:\/\/batijournal.com\/index.php\/wp-json\/wp\/v2\/media\/106412"}],"wp:attachment":[{"href":"https:\/\/batijournal.com\/index.php\/wp-json\/wp\/v2\/media?parent=106411"}],"wp:term":[{"taxonomy":"category","embeddable":true,"href":"https:\/\/batijournal.com\/index.php\/wp-json\/wp\/v2\/categories?post=106411"},{"taxonomy":"post_tag","embeddable":true,"href":"https:\/\/batijournal.com\/index.php\/wp-json\/wp\/v2\/tags?post=106411"}],"curies":[{"name":"wp","href":"https:\/\/api.w.org\/{rel}","templated":true}]}}