{"id":106415,"date":"2021-10-14T05:26:24","date_gmt":"2021-10-14T03:26:24","guid":{"rendered":"https:\/\/batijournal.com\/?p=106415"},"modified":"2021-10-14T05:26:24","modified_gmt":"2021-10-14T03:26:24","slug":"une-ambitieuse-renovation-architecturale-et-museographique-a-orleans","status":"publish","type":"post","link":"https:\/\/batijournal.com\/index.php\/une-ambitieuse-renovation-architecturale-et-museographique-a-orleans\/106415\/","title":{"rendered":"Une ambitieuse r\u00e9novation architecturale et mus\u00e9ographique \u00e0 Orl\u00e9ans"},"content":{"rendered":"<p>La municipalit\u00e9 d\u2019Orl\u00e9ans s\u2019est engag\u00e9e dans un vaste programme de modernisation pour son mus\u00e9um cr\u00e9\u00e9 en 1823, ferm\u00e9 en ao\u00fbt 2015 et renomm\u00e9 MOBE (mus\u00e9um d\u2019Orl\u00e9ans pour la biodiversit\u00e9 et l\u2019environnement) en 2017. Apr\u00e8s 7 ans de travaux, il ouvre enfin ses portes. La r\u00e9ussite de ce triple chantier (architecture, mus\u00e9ographie, collections) consiste \u00e0 immerger les visiteurs dans l\u2019extraordinaire complexit\u00e9 de notre \u00e9cosyst\u00e8me par un parcours de visite \u00e0 la fois exigeant, accessible et \u00e9l\u00e9gant. En sus de leur restauration, l\u2019informatisation en cours des 435 000 sp\u00e9cimens est un d\u00e9fi brillamment relev\u00e9 afin de diffuser largement ces tr\u00e9sors nationaux.<\/p>\n<p>Source : Drac Centre-Val de Loire<\/p>\n<p>&nbsp;<\/p>\n","protected":false},"excerpt":{"rendered":"<p>La municipalit\u00e9 d\u2019Orl\u00e9ans s\u2019est engag\u00e9e dans un vaste programme de modernisation pour son mus\u00e9um cr\u00e9\u00e9 en 1823, ferm\u00e9 en ao\u00fbt 2015 et renomm\u00e9 MOBE (mus\u00e9um d\u2019Orl\u00e9ans pour la biodiversit\u00e9 et l\u2019environnement) en 2017. Apr\u00e8s 7 ans de travaux, il ouvre enfin ses portes. La r\u00e9ussite de ce triple chantier (architecture, mus\u00e9ographie, collections) consiste \u00e0 immerger [&hellip;]<\/p>\n","protected":false},"author":17,"featured_media":106416,"comment_status":"closed","ping_status":"closed","sticky":false,"template":"","format":"standard","meta":{"_et_pb_use_builder":"","_et_pb_old_content":"","_et_gb_content_width":"","footnotes":""},"categories":[10530,6362,10789,10785],"tags":[3640],"class_list":["post-106415","post","type-post","status-publish","format-standard","has-post-thumbnail","hentry","category-actualites","category-services-equipements","category-publications-atrium","category-atrium","tag-musee"],"yoast_head":"<!-- This site is optimized with the Yoast SEO plugin v27.4 - https:\/\/yoast.com\/product\/yoast-seo-wordpress\/ -->\n<title>Une ambitieuse r\u00e9novation architecturale et mus\u00e9ographique \u00e0 Orl\u00e9ans<\/title>\n<meta name=\"robots\" content=\"index, follow, max-snippet:-1, max-image-preview:large, max-video-preview:-1\" \/>\n<link rel=\"canonical\" href=\"https:\/\/batijournal.com\/index.php\/une-ambitieuse-renovation-architecturale-et-museographique-a-orleans\/106415\/\" \/>\n<meta property=\"og:locale\" content=\"fr_FR\" \/>\n<meta property=\"og:type\" content=\"article\" \/>\n<meta property=\"og:title\" content=\"Une ambitieuse r\u00e9novation architecturale et mus\u00e9ographique \u00e0 Orl\u00e9ans\" \/>\n<meta property=\"og:description\" content=\"La municipalit\u00e9 d\u2019Orl\u00e9ans s\u2019est engag\u00e9e dans un vaste programme de modernisation pour son mus\u00e9um cr\u00e9\u00e9 en 1823, ferm\u00e9 en ao\u00fbt 2015 et renomm\u00e9 MOBE (mus\u00e9um d\u2019Orl\u00e9ans pour la biodiversit\u00e9 et l\u2019environnement) en 2017. Apr\u00e8s 7 ans de travaux, il ouvre enfin ses portes. La r\u00e9ussite de ce triple chantier (architecture, mus\u00e9ographie, collections) consiste \u00e0 immerger [&hellip;]\" \/>\n<meta property=\"og:url\" content=\"https:\/\/batijournal.com\/index.php\/une-ambitieuse-renovation-architecturale-et-museographique-a-orleans\/106415\/\" \/>\n<meta property=\"og:site_name\" content=\"Batijournal\" \/>\n<meta property=\"article:published_time\" content=\"2021-10-14T03:26:24+00:00\" \/>\n<meta property=\"og:image\" content=\"https:\/\/batijournal.com\/wp-content\/uploads\/2021\/10\/CVL-MOBE-salle3.jpg\" \/>\n\t<meta property=\"og:image:width\" content=\"360\" \/>\n\t<meta property=\"og:image:height\" content=\"270\" \/>\n\t<meta property=\"og:image:type\" content=\"image\/jpeg\" \/>\n<meta name=\"author\" content=\"St\u00e9phane Miget\" \/>\n<meta name=\"twitter:card\" content=\"summary_large_image\" \/>\n<meta name=\"twitter:creator\" content=\"@bati_journal\" \/>\n<meta name=\"twitter:site\" content=\"@bati_journal\" \/>\n<meta name=\"twitter:label1\" content=\"\u00c9crit par\" \/>\n\t<meta name=\"twitter:data1\" content=\"St\u00e9phane Miget\" \/>\n\t<meta name=\"twitter:label2\" content=\"Dur\u00e9e de lecture estim\u00e9e\" \/>\n\t<meta name=\"twitter:data2\" content=\"1 minute\" \/>\n<script type=\"application\/ld+json\" class=\"yoast-schema-graph\">{\"@context\":\"https:\\\/\\\/schema.org\",\"@graph\":[{\"@type\":\"Article\",\"@id\":\"https:\\\/\\\/batijournal.com\\\/index.php\\\/une-ambitieuse-renovation-architecturale-et-museographique-a-orleans\\\/106415\\\/#article\",\"isPartOf\":{\"@id\":\"https:\\\/\\\/batijournal.com\\\/index.php\\\/une-ambitieuse-renovation-architecturale-et-museographique-a-orleans\\\/106415\\\/\"},\"author\":{\"name\":\"St\u00e9phane Miget\",\"@id\":\"https:\\\/\\\/batijournal.com\\\/#\\\/schema\\\/person\\\/1dc96ec6957aa1ccb25ebe78bb19f100\"},\"headline\":\"Une ambitieuse r\u00e9novation architecturale et mus\u00e9ographique \u00e0 Orl\u00e9ans\",\"datePublished\":\"2021-10-14T03:26:24+00:00\",\"mainEntityOfPage\":{\"@id\":\"https:\\\/\\\/batijournal.com\\\/index.php\\\/une-ambitieuse-renovation-architecturale-et-museographique-a-orleans\\\/106415\\\/\"},\"wordCount\":127,\"image\":{\"@id\":\"https:\\\/\\\/batijournal.com\\\/index.php\\\/une-ambitieuse-renovation-architecturale-et-museographique-a-orleans\\\/106415\\\/#primaryimage\"},\"thumbnailUrl\":\"https:\\\/\\\/batijournal.com\\\/wp-content\\\/uploads\\\/2021\\\/10\\\/CVL-MOBE-salle3.jpg\",\"keywords\":[\"mus\u00e9e\"],\"articleSection\":[\"Actualit\u00e9s\",\"Divers\",\"zz_Actualit\u00e9s - Atrium\",\"zz_Atrium Patrimoine\"],\"inLanguage\":\"fr-FR\"},{\"@type\":\"WebPage\",\"@id\":\"https:\\\/\\\/batijournal.com\\\/index.php\\\/une-ambitieuse-renovation-architecturale-et-museographique-a-orleans\\\/106415\\\/\",\"url\":\"https:\\\/\\\/batijournal.com\\\/index.php\\\/une-ambitieuse-renovation-architecturale-et-museographique-a-orleans\\\/106415\\\/\",\"name\":\"Une ambitieuse r\u00e9novation architecturale et mus\u00e9ographique \u00e0 Orl\u00e9ans\",\"isPartOf\":{\"@id\":\"https:\\\/\\\/batijournal.com\\\/#website\"},\"primaryImageOfPage\":{\"@id\":\"https:\\\/\\\/batijournal.com\\\/index.php\\\/une-ambitieuse-renovation-architecturale-et-museographique-a-orleans\\\/106415\\\/#primaryimage\"},\"image\":{\"@id\":\"https:\\\/\\\/batijournal.com\\\/index.php\\\/une-ambitieuse-renovation-architecturale-et-museographique-a-orleans\\\/106415\\\/#primaryimage\"},\"thumbnailUrl\":\"https:\\\/\\\/batijournal.com\\\/wp-content\\\/uploads\\\/2021\\\/10\\\/CVL-MOBE-salle3.jpg\",\"datePublished\":\"2021-10-14T03:26:24+00:00\",\"author\":{\"@id\":\"https:\\\/\\\/batijournal.com\\\/#\\\/schema\\\/person\\\/1dc96ec6957aa1ccb25ebe78bb19f100\"},\"breadcrumb\":{\"@id\":\"https:\\\/\\\/batijournal.com\\\/index.php\\\/une-ambitieuse-renovation-architecturale-et-museographique-a-orleans\\\/106415\\\/#breadcrumb\"},\"inLanguage\":\"fr-FR\",\"potentialAction\":[{\"@type\":\"ReadAction\",\"target\":[\"https:\\\/\\\/batijournal.com\\\/index.php\\\/une-ambitieuse-renovation-architecturale-et-museographique-a-orleans\\\/106415\\\/\"]}]},{\"@type\":\"ImageObject\",\"inLanguage\":\"fr-FR\",\"@id\":\"https:\\\/\\\/batijournal.com\\\/index.php\\\/une-ambitieuse-renovation-architecturale-et-museographique-a-orleans\\\/106415\\\/#primaryimage\",\"url\":\"https:\\\/\\\/batijournal.com\\\/wp-content\\\/uploads\\\/2021\\\/10\\\/CVL-MOBE-salle3.jpg\",\"contentUrl\":\"https:\\\/\\\/batijournal.com\\\/wp-content\\\/uploads\\\/2021\\\/10\\\/CVL-MOBE-salle3.jpg\",\"width\":360,\"height\":270},{\"@type\":\"BreadcrumbList\",\"@id\":\"https:\\\/\\\/batijournal.com\\\/index.php\\\/une-ambitieuse-renovation-architecturale-et-museographique-a-orleans\\\/106415\\\/#breadcrumb\",\"itemListElement\":[{\"@type\":\"ListItem\",\"position\":1,\"name\":\"Accueil\",\"item\":\"https:\\\/\\\/batijournal.com\\\/\"},{\"@type\":\"ListItem\",\"position\":2,\"name\":\"Actualit\u00e9s\",\"item\":\"https:\\\/\\\/batijournal.com\\\/index.php\\\/category\\\/actualites\\\/\"},{\"@type\":\"ListItem\",\"position\":3,\"name\":\"Divers\",\"item\":\"https:\\\/\\\/batijournal.com\\\/index.php\\\/category\\\/actualites\\\/services-equipements\\\/\"},{\"@type\":\"ListItem\",\"position\":4,\"name\":\"Une ambitieuse r\u00e9novation architecturale et mus\u00e9ographique \u00e0 Orl\u00e9ans\"}]},{\"@type\":\"WebSite\",\"@id\":\"https:\\\/\\\/batijournal.com\\\/#website\",\"url\":\"https:\\\/\\\/batijournal.com\\\/\",\"name\":\"Batijournal\",\"description\":\"L&#039;actualit\u00e9 du b\u00e2timent\",\"potentialAction\":[{\"@type\":\"SearchAction\",\"target\":{\"@type\":\"EntryPoint\",\"urlTemplate\":\"https:\\\/\\\/batijournal.com\\\/?s={search_term_string}\"},\"query-input\":{\"@type\":\"PropertyValueSpecification\",\"valueRequired\":true,\"valueName\":\"search_term_string\"}}],\"inLanguage\":\"fr-FR\"},{\"@type\":\"Person\",\"@id\":\"https:\\\/\\\/batijournal.com\\\/#\\\/schema\\\/person\\\/1dc96ec6957aa1ccb25ebe78bb19f100\",\"name\":\"St\u00e9phane Miget\",\"image\":{\"@type\":\"ImageObject\",\"inLanguage\":\"fr-FR\",\"@id\":\"https:\\\/\\\/secure.gravatar.com\\\/avatar\\\/89915563d925342126b8ef0281b93d9d7fc337043e8df017f780908eb9644451?s=96&d=mm&r=g\",\"url\":\"https:\\\/\\\/secure.gravatar.com\\\/avatar\\\/89915563d925342126b8ef0281b93d9d7fc337043e8df017f780908eb9644451?s=96&d=mm&r=g\",\"contentUrl\":\"https:\\\/\\\/secure.gravatar.com\\\/avatar\\\/89915563d925342126b8ef0281b93d9d7fc337043e8df017f780908eb9644451?s=96&d=mm&r=g\",\"caption\":\"St\u00e9phane Miget\"},\"url\":\"https:\\\/\\\/batijournal.com\\\/index.php\\\/author\\\/stephane\\\/\"}]}<\/script>\n<!-- \/ Yoast SEO plugin. -->","yoast_head_json":{"title":"Une ambitieuse r\u00e9novation architecturale et mus\u00e9ographique \u00e0 Orl\u00e9ans","robots":{"index":"index","follow":"follow","max-snippet":"max-snippet:-1","max-image-preview":"max-image-preview:large","max-video-preview":"max-video-preview:-1"},"canonical":"https:\/\/batijournal.com\/index.php\/une-ambitieuse-renovation-architecturale-et-museographique-a-orleans\/106415\/","og_locale":"fr_FR","og_type":"article","og_title":"Une ambitieuse r\u00e9novation architecturale et mus\u00e9ographique \u00e0 Orl\u00e9ans","og_description":"La municipalit\u00e9 d\u2019Orl\u00e9ans s\u2019est engag\u00e9e dans un vaste programme de modernisation pour son mus\u00e9um cr\u00e9\u00e9 en 1823, ferm\u00e9 en ao\u00fbt 2015 et renomm\u00e9 MOBE (mus\u00e9um d\u2019Orl\u00e9ans pour la biodiversit\u00e9 et l\u2019environnement) en 2017. Apr\u00e8s 7 ans de travaux, il ouvre enfin ses portes. La r\u00e9ussite de ce triple chantier (architecture, mus\u00e9ographie, collections) consiste \u00e0 immerger [&hellip;]","og_url":"https:\/\/batijournal.com\/index.php\/une-ambitieuse-renovation-architecturale-et-museographique-a-orleans\/106415\/","og_site_name":"Batijournal","article_published_time":"2021-10-14T03:26:24+00:00","og_image":[{"width":360,"height":270,"url":"https:\/\/batijournal.com\/wp-content\/uploads\/2021\/10\/CVL-MOBE-salle3.jpg","type":"image\/jpeg"}],"author":"St\u00e9phane Miget","twitter_card":"summary_large_image","twitter_creator":"@bati_journal","twitter_site":"@bati_journal","twitter_misc":{"\u00c9crit par":"St\u00e9phane Miget","Dur\u00e9e de lecture estim\u00e9e":"1 minute"},"schema":{"@context":"https:\/\/schema.org","@graph":[{"@type":"Article","@id":"https:\/\/batijournal.com\/index.php\/une-ambitieuse-renovation-architecturale-et-museographique-a-orleans\/106415\/#article","isPartOf":{"@id":"https:\/\/batijournal.com\/index.php\/une-ambitieuse-renovation-architecturale-et-museographique-a-orleans\/106415\/"},"author":{"name":"St\u00e9phane Miget","@id":"https:\/\/batijournal.com\/#\/schema\/person\/1dc96ec6957aa1ccb25ebe78bb19f100"},"headline":"Une ambitieuse r\u00e9novation architecturale et mus\u00e9ographique \u00e0 Orl\u00e9ans","datePublished":"2021-10-14T03:26:24+00:00","mainEntityOfPage":{"@id":"https:\/\/batijournal.com\/index.php\/une-ambitieuse-renovation-architecturale-et-museographique-a-orleans\/106415\/"},"wordCount":127,"image":{"@id":"https:\/\/batijournal.com\/index.php\/une-ambitieuse-renovation-architecturale-et-museographique-a-orleans\/106415\/#primaryimage"},"thumbnailUrl":"https:\/\/batijournal.com\/wp-content\/uploads\/2021\/10\/CVL-MOBE-salle3.jpg","keywords":["mus\u00e9e"],"articleSection":["Actualit\u00e9s","Divers","zz_Actualit\u00e9s - Atrium","zz_Atrium Patrimoine"],"inLanguage":"fr-FR"},{"@type":"WebPage","@id":"https:\/\/batijournal.com\/index.php\/une-ambitieuse-renovation-architecturale-et-museographique-a-orleans\/106415\/","url":"https:\/\/batijournal.com\/index.php\/une-ambitieuse-renovation-architecturale-et-museographique-a-orleans\/106415\/","name":"Une ambitieuse r\u00e9novation architecturale et mus\u00e9ographique \u00e0 Orl\u00e9ans","isPartOf":{"@id":"https:\/\/batijournal.com\/#website"},"primaryImageOfPage":{"@id":"https:\/\/batijournal.com\/index.php\/une-ambitieuse-renovation-architecturale-et-museographique-a-orleans\/106415\/#primaryimage"},"image":{"@id":"https:\/\/batijournal.com\/index.php\/une-ambitieuse-renovation-architecturale-et-museographique-a-orleans\/106415\/#primaryimage"},"thumbnailUrl":"https:\/\/batijournal.com\/wp-content\/uploads\/2021\/10\/CVL-MOBE-salle3.jpg","datePublished":"2021-10-14T03:26:24+00:00","author":{"@id":"https:\/\/batijournal.com\/#\/schema\/person\/1dc96ec6957aa1ccb25ebe78bb19f100"},"breadcrumb":{"@id":"https:\/\/batijournal.com\/index.php\/une-ambitieuse-renovation-architecturale-et-museographique-a-orleans\/106415\/#breadcrumb"},"inLanguage":"fr-FR","potentialAction":[{"@type":"ReadAction","target":["https:\/\/batijournal.com\/index.php\/une-ambitieuse-renovation-architecturale-et-museographique-a-orleans\/106415\/"]}]},{"@type":"ImageObject","inLanguage":"fr-FR","@id":"https:\/\/batijournal.com\/index.php\/une-ambitieuse-renovation-architecturale-et-museographique-a-orleans\/106415\/#primaryimage","url":"https:\/\/batijournal.com\/wp-content\/uploads\/2021\/10\/CVL-MOBE-salle3.jpg","contentUrl":"https:\/\/batijournal.com\/wp-content\/uploads\/2021\/10\/CVL-MOBE-salle3.jpg","width":360,"height":270},{"@type":"BreadcrumbList","@id":"https:\/\/batijournal.com\/index.php\/une-ambitieuse-renovation-architecturale-et-museographique-a-orleans\/106415\/#breadcrumb","itemListElement":[{"@type":"ListItem","position":1,"name":"Accueil","item":"https:\/\/batijournal.com\/"},{"@type":"ListItem","position":2,"name":"Actualit\u00e9s","item":"https:\/\/batijournal.com\/index.php\/category\/actualites\/"},{"@type":"ListItem","position":3,"name":"Divers","item":"https:\/\/batijournal.com\/index.php\/category\/actualites\/services-equipements\/"},{"@type":"ListItem","position":4,"name":"Une ambitieuse r\u00e9novation architecturale et mus\u00e9ographique \u00e0 Orl\u00e9ans"}]},{"@type":"WebSite","@id":"https:\/\/batijournal.com\/#website","url":"https:\/\/batijournal.com\/","name":"Batijournal","description":"L&#039;actualit\u00e9 du b\u00e2timent","potentialAction":[{"@type":"SearchAction","target":{"@type":"EntryPoint","urlTemplate":"https:\/\/batijournal.com\/?s={search_term_string}"},"query-input":{"@type":"PropertyValueSpecification","valueRequired":true,"valueName":"search_term_string"}}],"inLanguage":"fr-FR"},{"@type":"Person","@id":"https:\/\/batijournal.com\/#\/schema\/person\/1dc96ec6957aa1ccb25ebe78bb19f100","name":"St\u00e9phane Miget","image":{"@type":"ImageObject","inLanguage":"fr-FR","@id":"https:\/\/secure.gravatar.com\/avatar\/89915563d925342126b8ef0281b93d9d7fc337043e8df017f780908eb9644451?s=96&d=mm&r=g","url":"https:\/\/secure.gravatar.com\/avatar\/89915563d925342126b8ef0281b93d9d7fc337043e8df017f780908eb9644451?s=96&d=mm&r=g","contentUrl":"https:\/\/secure.gravatar.com\/avatar\/89915563d925342126b8ef0281b93d9d7fc337043e8df017f780908eb9644451?s=96&d=mm&r=g","caption":"St\u00e9phane Miget"},"url":"https:\/\/batijournal.com\/index.php\/author\/stephane\/"}]}},"_links":{"self":[{"href":"https:\/\/batijournal.com\/index.php\/wp-json\/wp\/v2\/posts\/106415","targetHints":{"allow":["GET"]}}],"collection":[{"href":"https:\/\/batijournal.com\/index.php\/wp-json\/wp\/v2\/posts"}],"about":[{"href":"https:\/\/batijournal.com\/index.php\/wp-json\/wp\/v2\/types\/post"}],"author":[{"embeddable":true,"href":"https:\/\/batijournal.com\/index.php\/wp-json\/wp\/v2\/users\/17"}],"replies":[{"embeddable":true,"href":"https:\/\/batijournal.com\/index.php\/wp-json\/wp\/v2\/comments?post=106415"}],"version-history":[{"count":0,"href":"https:\/\/batijournal.com\/index.php\/wp-json\/wp\/v2\/posts\/106415\/revisions"}],"wp:featuredmedia":[{"embeddable":true,"href":"https:\/\/batijournal.com\/index.php\/wp-json\/wp\/v2\/media\/106416"}],"wp:attachment":[{"href":"https:\/\/batijournal.com\/index.php\/wp-json\/wp\/v2\/media?parent=106415"}],"wp:term":[{"taxonomy":"category","embeddable":true,"href":"https:\/\/batijournal.com\/index.php\/wp-json\/wp\/v2\/categories?post=106415"},{"taxonomy":"post_tag","embeddable":true,"href":"https:\/\/batijournal.com\/index.php\/wp-json\/wp\/v2\/tags?post=106415"}],"curies":[{"name":"wp","href":"https:\/\/api.w.org\/{rel}","templated":true}]}}