{"id":106418,"date":"2021-10-14T05:33:48","date_gmt":"2021-10-14T03:33:48","guid":{"rendered":"https:\/\/batijournal.com\/?p=106418"},"modified":"2021-10-14T05:33:48","modified_gmt":"2021-10-14T03:33:48","slug":"assises-nationales-des-ecoles-nationales-superieures-darchitecture-et-de-paysage-et-de-lecole-de-chaillot","status":"publish","type":"post","link":"https:\/\/batijournal.com\/index.php\/assises-nationales-des-ecoles-nationales-superieures-darchitecture-et-de-paysage-et-de-lecole-de-chaillot\/106418\/","title":{"rendered":"Assises nationales des Ecoles nationales sup\u00e9rieures d&rsquo;Architecture et de paysage et de l&rsquo;Ecole de Chaillot"},"content":{"rendered":"<p>Les Assises des Ecoles nationales sup\u00e9rieures d\u2019architecture et de l\u2019Ecole de Chaillot, se tiennent les 14 et 15 octobre \u00e0 l\u2019Ecole nationale sup\u00e9rieure d\u2019architecture &#8211; ENSA de Normandie, sur le th\u00e8me de \u00ab l\u2019intervention sur l\u2019existant \u00bb. Organis\u00e9es \u00e0 l\u2019occasion des Journ\u00e9es nationales de l\u2019architecture, elles regroupent des professionnels du monde de l\u2019architecture, de l\u2019am\u00e9nagement et de la fili\u00e8re de la construction, rassembl\u00e9s pour d\u00e9battre autour de cas concrets expos\u00e9s par des acteurs de terrain et des solutions apport\u00e9es par les ENSA. Trois tables rondes permettent de d\u00e9battre de la place du patrimoine et de l\u2019architecture aujourd\u2019hui :<br \/>\n&#8211; Patrimoines excentr\u00e9s: la valeur culturelle comme levier de projet dans l\u2019espace rural et les villes moyennes<br \/>\n&#8211; Nouveaux usages, nouvelles pratiques de projet: l\u2019architecture du XXe si\u00e8cle, massification ou appropriation?<br \/>\n&#8211; Les enjeux environnementaux de la r\u00e9habilitation. L\u2019architecture existante, nouveaux mod\u00e8les de transition d\u00e9carbon\u00e9e ?<br \/>\nDans le prolongement des Assises, le minist\u00e8re de la Culture et la DRAC Normandie proposent une conf\u00e9rence, le 14 octobre \u00e0 18h30, sur le th\u00e8me : \u00ab Reb\u00e2tir ensemble : restaurer les cath\u00e9drales de Paris et de Rouen. Contributions scientifiques et r\u00f4le de l\u2019architecte \u00bb.<\/p>\n","protected":false},"excerpt":{"rendered":"<p>Les Assises des Ecoles nationales sup\u00e9rieures d\u2019architecture et de l\u2019Ecole de Chaillot, se tiennent les 14 et 15 octobre \u00e0 l\u2019Ecole nationale sup\u00e9rieure d\u2019architecture &#8211; ENSA de Normandie, sur le th\u00e8me de \u00ab l\u2019intervention sur l\u2019existant \u00bb. Organis\u00e9es \u00e0 l\u2019occasion des Journ\u00e9es nationales de l\u2019architecture, elles regroupent des professionnels du monde de l\u2019architecture, de l\u2019am\u00e9nagement [&hellip;]<\/p>\n","protected":false},"author":17,"featured_media":106419,"comment_status":"closed","ping_status":"closed","sticky":false,"template":"","format":"standard","meta":{"_et_pb_use_builder":"","_et_pb_old_content":"","_et_gb_content_width":"","footnotes":""},"categories":[10530,6340,10789,10785],"tags":[12901],"class_list":["post-106418","post","type-post","status-publish","format-standard","has-post-thumbnail","hentry","category-actualites","category-architecture-conception","category-publications-atrium","category-atrium","tag-architecture"],"yoast_head":"<!-- This site is optimized with the Yoast SEO plugin v27.4 - https:\/\/yoast.com\/product\/yoast-seo-wordpress\/ -->\n<title>Assises nationales des Ecoles nationales sup\u00e9rieures d&#039;Architecture et de paysage et de l&#039;Ecole de Chaillot<\/title>\n<meta name=\"robots\" content=\"index, follow, max-snippet:-1, max-image-preview:large, max-video-preview:-1\" \/>\n<link rel=\"canonical\" href=\"https:\/\/batijournal.com\/index.php\/assises-nationales-des-ecoles-nationales-superieures-darchitecture-et-de-paysage-et-de-lecole-de-chaillot\/106418\/\" \/>\n<meta property=\"og:locale\" content=\"fr_FR\" \/>\n<meta property=\"og:type\" content=\"article\" \/>\n<meta property=\"og:title\" content=\"Assises nationales des Ecoles nationales sup\u00e9rieures d&#039;Architecture et de paysage et de l&#039;Ecole de Chaillot\" \/>\n<meta property=\"og:description\" content=\"Les Assises des Ecoles nationales sup\u00e9rieures d\u2019architecture et de l\u2019Ecole de Chaillot, se tiennent les 14 et 15 octobre \u00e0 l\u2019Ecole nationale sup\u00e9rieure d\u2019architecture &#8211; ENSA de Normandie, sur le th\u00e8me de \u00ab l\u2019intervention sur l\u2019existant \u00bb. Organis\u00e9es \u00e0 l\u2019occasion des Journ\u00e9es nationales de l\u2019architecture, elles regroupent des professionnels du monde de l\u2019architecture, de l\u2019am\u00e9nagement [&hellip;]\" \/>\n<meta property=\"og:url\" content=\"https:\/\/batijournal.com\/index.php\/assises-nationales-des-ecoles-nationales-superieures-darchitecture-et-de-paysage-et-de-lecole-de-chaillot\/106418\/\" \/>\n<meta property=\"og:site_name\" content=\"Batijournal\" \/>\n<meta property=\"article:published_time\" content=\"2021-10-14T03:33:48+00:00\" \/>\n<meta property=\"og:image\" content=\"https:\/\/batijournal.com\/wp-content\/uploads\/2021\/10\/ASSISES-600x150_4dac2801-5954-4759-988f-b2d7a35da865.jpg\" \/>\n\t<meta property=\"og:image:width\" content=\"2500\" \/>\n\t<meta property=\"og:image:height\" content=\"625\" \/>\n\t<meta property=\"og:image:type\" content=\"image\/jpeg\" \/>\n<meta name=\"author\" content=\"St\u00e9phane Miget\" \/>\n<meta name=\"twitter:card\" content=\"summary_large_image\" \/>\n<meta name=\"twitter:creator\" content=\"@bati_journal\" \/>\n<meta name=\"twitter:site\" content=\"@bati_journal\" \/>\n<meta name=\"twitter:label1\" content=\"\u00c9crit par\" \/>\n\t<meta name=\"twitter:data1\" content=\"St\u00e9phane Miget\" \/>\n\t<meta name=\"twitter:label2\" content=\"Dur\u00e9e de lecture estim\u00e9e\" \/>\n\t<meta name=\"twitter:data2\" content=\"1 minute\" \/>\n<script type=\"application\/ld+json\" class=\"yoast-schema-graph\">{\"@context\":\"https:\\\/\\\/schema.org\",\"@graph\":[{\"@type\":\"Article\",\"@id\":\"https:\\\/\\\/batijournal.com\\\/index.php\\\/assises-nationales-des-ecoles-nationales-superieures-darchitecture-et-de-paysage-et-de-lecole-de-chaillot\\\/106418\\\/#article\",\"isPartOf\":{\"@id\":\"https:\\\/\\\/batijournal.com\\\/index.php\\\/assises-nationales-des-ecoles-nationales-superieures-darchitecture-et-de-paysage-et-de-lecole-de-chaillot\\\/106418\\\/\"},\"author\":{\"name\":\"St\u00e9phane Miget\",\"@id\":\"https:\\\/\\\/batijournal.com\\\/#\\\/schema\\\/person\\\/1dc96ec6957aa1ccb25ebe78bb19f100\"},\"headline\":\"Assises nationales des Ecoles nationales sup\u00e9rieures d&rsquo;Architecture et de paysage et de l&rsquo;Ecole de Chaillot\",\"datePublished\":\"2021-10-14T03:33:48+00:00\",\"mainEntityOfPage\":{\"@id\":\"https:\\\/\\\/batijournal.com\\\/index.php\\\/assises-nationales-des-ecoles-nationales-superieures-darchitecture-et-de-paysage-et-de-lecole-de-chaillot\\\/106418\\\/\"},\"wordCount\":233,\"image\":{\"@id\":\"https:\\\/\\\/batijournal.com\\\/index.php\\\/assises-nationales-des-ecoles-nationales-superieures-darchitecture-et-de-paysage-et-de-lecole-de-chaillot\\\/106418\\\/#primaryimage\"},\"thumbnailUrl\":\"https:\\\/\\\/batijournal.com\\\/wp-content\\\/uploads\\\/2021\\\/10\\\/ASSISES-600x150_4dac2801-5954-4759-988f-b2d7a35da865.jpg\",\"keywords\":[\"architecture\"],\"articleSection\":[\"Actualit\u00e9s\",\"Architecture &amp; Conception\",\"zz_Actualit\u00e9s - Atrium\",\"zz_Atrium Patrimoine\"],\"inLanguage\":\"fr-FR\"},{\"@type\":\"WebPage\",\"@id\":\"https:\\\/\\\/batijournal.com\\\/index.php\\\/assises-nationales-des-ecoles-nationales-superieures-darchitecture-et-de-paysage-et-de-lecole-de-chaillot\\\/106418\\\/\",\"url\":\"https:\\\/\\\/batijournal.com\\\/index.php\\\/assises-nationales-des-ecoles-nationales-superieures-darchitecture-et-de-paysage-et-de-lecole-de-chaillot\\\/106418\\\/\",\"name\":\"Assises nationales des Ecoles nationales sup\u00e9rieures d'Architecture et de paysage et de l'Ecole de Chaillot\",\"isPartOf\":{\"@id\":\"https:\\\/\\\/batijournal.com\\\/#website\"},\"primaryImageOfPage\":{\"@id\":\"https:\\\/\\\/batijournal.com\\\/index.php\\\/assises-nationales-des-ecoles-nationales-superieures-darchitecture-et-de-paysage-et-de-lecole-de-chaillot\\\/106418\\\/#primaryimage\"},\"image\":{\"@id\":\"https:\\\/\\\/batijournal.com\\\/index.php\\\/assises-nationales-des-ecoles-nationales-superieures-darchitecture-et-de-paysage-et-de-lecole-de-chaillot\\\/106418\\\/#primaryimage\"},\"thumbnailUrl\":\"https:\\\/\\\/batijournal.com\\\/wp-content\\\/uploads\\\/2021\\\/10\\\/ASSISES-600x150_4dac2801-5954-4759-988f-b2d7a35da865.jpg\",\"datePublished\":\"2021-10-14T03:33:48+00:00\",\"author\":{\"@id\":\"https:\\\/\\\/batijournal.com\\\/#\\\/schema\\\/person\\\/1dc96ec6957aa1ccb25ebe78bb19f100\"},\"breadcrumb\":{\"@id\":\"https:\\\/\\\/batijournal.com\\\/index.php\\\/assises-nationales-des-ecoles-nationales-superieures-darchitecture-et-de-paysage-et-de-lecole-de-chaillot\\\/106418\\\/#breadcrumb\"},\"inLanguage\":\"fr-FR\",\"potentialAction\":[{\"@type\":\"ReadAction\",\"target\":[\"https:\\\/\\\/batijournal.com\\\/index.php\\\/assises-nationales-des-ecoles-nationales-superieures-darchitecture-et-de-paysage-et-de-lecole-de-chaillot\\\/106418\\\/\"]}]},{\"@type\":\"ImageObject\",\"inLanguage\":\"fr-FR\",\"@id\":\"https:\\\/\\\/batijournal.com\\\/index.php\\\/assises-nationales-des-ecoles-nationales-superieures-darchitecture-et-de-paysage-et-de-lecole-de-chaillot\\\/106418\\\/#primaryimage\",\"url\":\"https:\\\/\\\/batijournal.com\\\/wp-content\\\/uploads\\\/2021\\\/10\\\/ASSISES-600x150_4dac2801-5954-4759-988f-b2d7a35da865.jpg\",\"contentUrl\":\"https:\\\/\\\/batijournal.com\\\/wp-content\\\/uploads\\\/2021\\\/10\\\/ASSISES-600x150_4dac2801-5954-4759-988f-b2d7a35da865.jpg\",\"width\":2500,\"height\":625},{\"@type\":\"BreadcrumbList\",\"@id\":\"https:\\\/\\\/batijournal.com\\\/index.php\\\/assises-nationales-des-ecoles-nationales-superieures-darchitecture-et-de-paysage-et-de-lecole-de-chaillot\\\/106418\\\/#breadcrumb\",\"itemListElement\":[{\"@type\":\"ListItem\",\"position\":1,\"name\":\"Accueil\",\"item\":\"https:\\\/\\\/batijournal.com\\\/\"},{\"@type\":\"ListItem\",\"position\":2,\"name\":\"Actualit\u00e9s\",\"item\":\"https:\\\/\\\/batijournal.com\\\/index.php\\\/category\\\/actualites\\\/\"},{\"@type\":\"ListItem\",\"position\":3,\"name\":\"Architecture &amp; Conception\",\"item\":\"https:\\\/\\\/batijournal.com\\\/index.php\\\/category\\\/actualites\\\/architecture-conception\\\/\"},{\"@type\":\"ListItem\",\"position\":4,\"name\":\"Assises nationales des Ecoles nationales sup\u00e9rieures d&rsquo;Architecture et de paysage et de l&rsquo;Ecole de Chaillot\"}]},{\"@type\":\"WebSite\",\"@id\":\"https:\\\/\\\/batijournal.com\\\/#website\",\"url\":\"https:\\\/\\\/batijournal.com\\\/\",\"name\":\"Batijournal\",\"description\":\"L&#039;actualit\u00e9 du b\u00e2timent\",\"potentialAction\":[{\"@type\":\"SearchAction\",\"target\":{\"@type\":\"EntryPoint\",\"urlTemplate\":\"https:\\\/\\\/batijournal.com\\\/?s={search_term_string}\"},\"query-input\":{\"@type\":\"PropertyValueSpecification\",\"valueRequired\":true,\"valueName\":\"search_term_string\"}}],\"inLanguage\":\"fr-FR\"},{\"@type\":\"Person\",\"@id\":\"https:\\\/\\\/batijournal.com\\\/#\\\/schema\\\/person\\\/1dc96ec6957aa1ccb25ebe78bb19f100\",\"name\":\"St\u00e9phane Miget\",\"image\":{\"@type\":\"ImageObject\",\"inLanguage\":\"fr-FR\",\"@id\":\"https:\\\/\\\/secure.gravatar.com\\\/avatar\\\/89915563d925342126b8ef0281b93d9d7fc337043e8df017f780908eb9644451?s=96&d=mm&r=g\",\"url\":\"https:\\\/\\\/secure.gravatar.com\\\/avatar\\\/89915563d925342126b8ef0281b93d9d7fc337043e8df017f780908eb9644451?s=96&d=mm&r=g\",\"contentUrl\":\"https:\\\/\\\/secure.gravatar.com\\\/avatar\\\/89915563d925342126b8ef0281b93d9d7fc337043e8df017f780908eb9644451?s=96&d=mm&r=g\",\"caption\":\"St\u00e9phane Miget\"},\"url\":\"https:\\\/\\\/batijournal.com\\\/index.php\\\/author\\\/stephane\\\/\"}]}<\/script>\n<!-- \/ Yoast SEO plugin. -->","yoast_head_json":{"title":"Assises nationales des Ecoles nationales sup\u00e9rieures d'Architecture et de paysage et de l'Ecole de Chaillot","robots":{"index":"index","follow":"follow","max-snippet":"max-snippet:-1","max-image-preview":"max-image-preview:large","max-video-preview":"max-video-preview:-1"},"canonical":"https:\/\/batijournal.com\/index.php\/assises-nationales-des-ecoles-nationales-superieures-darchitecture-et-de-paysage-et-de-lecole-de-chaillot\/106418\/","og_locale":"fr_FR","og_type":"article","og_title":"Assises nationales des Ecoles nationales sup\u00e9rieures d'Architecture et de paysage et de l'Ecole de Chaillot","og_description":"Les Assises des Ecoles nationales sup\u00e9rieures d\u2019architecture et de l\u2019Ecole de Chaillot, se tiennent les 14 et 15 octobre \u00e0 l\u2019Ecole nationale sup\u00e9rieure d\u2019architecture &#8211; ENSA de Normandie, sur le th\u00e8me de \u00ab l\u2019intervention sur l\u2019existant \u00bb. Organis\u00e9es \u00e0 l\u2019occasion des Journ\u00e9es nationales de l\u2019architecture, elles regroupent des professionnels du monde de l\u2019architecture, de l\u2019am\u00e9nagement [&hellip;]","og_url":"https:\/\/batijournal.com\/index.php\/assises-nationales-des-ecoles-nationales-superieures-darchitecture-et-de-paysage-et-de-lecole-de-chaillot\/106418\/","og_site_name":"Batijournal","article_published_time":"2021-10-14T03:33:48+00:00","og_image":[{"width":2500,"height":625,"url":"https:\/\/batijournal.com\/wp-content\/uploads\/2021\/10\/ASSISES-600x150_4dac2801-5954-4759-988f-b2d7a35da865.jpg","type":"image\/jpeg"}],"author":"St\u00e9phane Miget","twitter_card":"summary_large_image","twitter_creator":"@bati_journal","twitter_site":"@bati_journal","twitter_misc":{"\u00c9crit par":"St\u00e9phane Miget","Dur\u00e9e de lecture estim\u00e9e":"1 minute"},"schema":{"@context":"https:\/\/schema.org","@graph":[{"@type":"Article","@id":"https:\/\/batijournal.com\/index.php\/assises-nationales-des-ecoles-nationales-superieures-darchitecture-et-de-paysage-et-de-lecole-de-chaillot\/106418\/#article","isPartOf":{"@id":"https:\/\/batijournal.com\/index.php\/assises-nationales-des-ecoles-nationales-superieures-darchitecture-et-de-paysage-et-de-lecole-de-chaillot\/106418\/"},"author":{"name":"St\u00e9phane Miget","@id":"https:\/\/batijournal.com\/#\/schema\/person\/1dc96ec6957aa1ccb25ebe78bb19f100"},"headline":"Assises nationales des Ecoles nationales sup\u00e9rieures d&rsquo;Architecture et de paysage et de l&rsquo;Ecole de Chaillot","datePublished":"2021-10-14T03:33:48+00:00","mainEntityOfPage":{"@id":"https:\/\/batijournal.com\/index.php\/assises-nationales-des-ecoles-nationales-superieures-darchitecture-et-de-paysage-et-de-lecole-de-chaillot\/106418\/"},"wordCount":233,"image":{"@id":"https:\/\/batijournal.com\/index.php\/assises-nationales-des-ecoles-nationales-superieures-darchitecture-et-de-paysage-et-de-lecole-de-chaillot\/106418\/#primaryimage"},"thumbnailUrl":"https:\/\/batijournal.com\/wp-content\/uploads\/2021\/10\/ASSISES-600x150_4dac2801-5954-4759-988f-b2d7a35da865.jpg","keywords":["architecture"],"articleSection":["Actualit\u00e9s","Architecture &amp; Conception","zz_Actualit\u00e9s - Atrium","zz_Atrium Patrimoine"],"inLanguage":"fr-FR"},{"@type":"WebPage","@id":"https:\/\/batijournal.com\/index.php\/assises-nationales-des-ecoles-nationales-superieures-darchitecture-et-de-paysage-et-de-lecole-de-chaillot\/106418\/","url":"https:\/\/batijournal.com\/index.php\/assises-nationales-des-ecoles-nationales-superieures-darchitecture-et-de-paysage-et-de-lecole-de-chaillot\/106418\/","name":"Assises nationales des Ecoles nationales sup\u00e9rieures d'Architecture et de paysage et de l'Ecole de Chaillot","isPartOf":{"@id":"https:\/\/batijournal.com\/#website"},"primaryImageOfPage":{"@id":"https:\/\/batijournal.com\/index.php\/assises-nationales-des-ecoles-nationales-superieures-darchitecture-et-de-paysage-et-de-lecole-de-chaillot\/106418\/#primaryimage"},"image":{"@id":"https:\/\/batijournal.com\/index.php\/assises-nationales-des-ecoles-nationales-superieures-darchitecture-et-de-paysage-et-de-lecole-de-chaillot\/106418\/#primaryimage"},"thumbnailUrl":"https:\/\/batijournal.com\/wp-content\/uploads\/2021\/10\/ASSISES-600x150_4dac2801-5954-4759-988f-b2d7a35da865.jpg","datePublished":"2021-10-14T03:33:48+00:00","author":{"@id":"https:\/\/batijournal.com\/#\/schema\/person\/1dc96ec6957aa1ccb25ebe78bb19f100"},"breadcrumb":{"@id":"https:\/\/batijournal.com\/index.php\/assises-nationales-des-ecoles-nationales-superieures-darchitecture-et-de-paysage-et-de-lecole-de-chaillot\/106418\/#breadcrumb"},"inLanguage":"fr-FR","potentialAction":[{"@type":"ReadAction","target":["https:\/\/batijournal.com\/index.php\/assises-nationales-des-ecoles-nationales-superieures-darchitecture-et-de-paysage-et-de-lecole-de-chaillot\/106418\/"]}]},{"@type":"ImageObject","inLanguage":"fr-FR","@id":"https:\/\/batijournal.com\/index.php\/assises-nationales-des-ecoles-nationales-superieures-darchitecture-et-de-paysage-et-de-lecole-de-chaillot\/106418\/#primaryimage","url":"https:\/\/batijournal.com\/wp-content\/uploads\/2021\/10\/ASSISES-600x150_4dac2801-5954-4759-988f-b2d7a35da865.jpg","contentUrl":"https:\/\/batijournal.com\/wp-content\/uploads\/2021\/10\/ASSISES-600x150_4dac2801-5954-4759-988f-b2d7a35da865.jpg","width":2500,"height":625},{"@type":"BreadcrumbList","@id":"https:\/\/batijournal.com\/index.php\/assises-nationales-des-ecoles-nationales-superieures-darchitecture-et-de-paysage-et-de-lecole-de-chaillot\/106418\/#breadcrumb","itemListElement":[{"@type":"ListItem","position":1,"name":"Accueil","item":"https:\/\/batijournal.com\/"},{"@type":"ListItem","position":2,"name":"Actualit\u00e9s","item":"https:\/\/batijournal.com\/index.php\/category\/actualites\/"},{"@type":"ListItem","position":3,"name":"Architecture &amp; Conception","item":"https:\/\/batijournal.com\/index.php\/category\/actualites\/architecture-conception\/"},{"@type":"ListItem","position":4,"name":"Assises nationales des Ecoles nationales sup\u00e9rieures d&rsquo;Architecture et de paysage et de l&rsquo;Ecole de Chaillot"}]},{"@type":"WebSite","@id":"https:\/\/batijournal.com\/#website","url":"https:\/\/batijournal.com\/","name":"Batijournal","description":"L&#039;actualit\u00e9 du b\u00e2timent","potentialAction":[{"@type":"SearchAction","target":{"@type":"EntryPoint","urlTemplate":"https:\/\/batijournal.com\/?s={search_term_string}"},"query-input":{"@type":"PropertyValueSpecification","valueRequired":true,"valueName":"search_term_string"}}],"inLanguage":"fr-FR"},{"@type":"Person","@id":"https:\/\/batijournal.com\/#\/schema\/person\/1dc96ec6957aa1ccb25ebe78bb19f100","name":"St\u00e9phane Miget","image":{"@type":"ImageObject","inLanguage":"fr-FR","@id":"https:\/\/secure.gravatar.com\/avatar\/89915563d925342126b8ef0281b93d9d7fc337043e8df017f780908eb9644451?s=96&d=mm&r=g","url":"https:\/\/secure.gravatar.com\/avatar\/89915563d925342126b8ef0281b93d9d7fc337043e8df017f780908eb9644451?s=96&d=mm&r=g","contentUrl":"https:\/\/secure.gravatar.com\/avatar\/89915563d925342126b8ef0281b93d9d7fc337043e8df017f780908eb9644451?s=96&d=mm&r=g","caption":"St\u00e9phane Miget"},"url":"https:\/\/batijournal.com\/index.php\/author\/stephane\/"}]}},"_links":{"self":[{"href":"https:\/\/batijournal.com\/index.php\/wp-json\/wp\/v2\/posts\/106418","targetHints":{"allow":["GET"]}}],"collection":[{"href":"https:\/\/batijournal.com\/index.php\/wp-json\/wp\/v2\/posts"}],"about":[{"href":"https:\/\/batijournal.com\/index.php\/wp-json\/wp\/v2\/types\/post"}],"author":[{"embeddable":true,"href":"https:\/\/batijournal.com\/index.php\/wp-json\/wp\/v2\/users\/17"}],"replies":[{"embeddable":true,"href":"https:\/\/batijournal.com\/index.php\/wp-json\/wp\/v2\/comments?post=106418"}],"version-history":[{"count":0,"href":"https:\/\/batijournal.com\/index.php\/wp-json\/wp\/v2\/posts\/106418\/revisions"}],"wp:featuredmedia":[{"embeddable":true,"href":"https:\/\/batijournal.com\/index.php\/wp-json\/wp\/v2\/media\/106419"}],"wp:attachment":[{"href":"https:\/\/batijournal.com\/index.php\/wp-json\/wp\/v2\/media?parent=106418"}],"wp:term":[{"taxonomy":"category","embeddable":true,"href":"https:\/\/batijournal.com\/index.php\/wp-json\/wp\/v2\/categories?post=106418"},{"taxonomy":"post_tag","embeddable":true,"href":"https:\/\/batijournal.com\/index.php\/wp-json\/wp\/v2\/tags?post=106418"}],"curies":[{"name":"wp","href":"https:\/\/api.w.org\/{rel}","templated":true}]}}