{"id":106436,"date":"2021-10-14T18:43:56","date_gmt":"2021-10-14T16:43:56","guid":{"rendered":"https:\/\/batijournal.com\/?p=106436"},"modified":"2021-10-14T18:43:56","modified_gmt":"2021-10-14T16:43:56","slug":"gestion-des-menuiseries-en-fin-de-vie","status":"publish","type":"post","link":"https:\/\/batijournal.com\/index.php\/gestion-des-menuiseries-en-fin-de-vie\/106436\/","title":{"rendered":"Gestion des menuiseries en fin de vie"},"content":{"rendered":"<p>Pr\u00e9sentation d&rsquo;une \u00e9tude r\u00e9gionale sur la fin de vie des menuiseries dans les Pays-de-la-Loire, les industriels de la r\u00e9gion produisant 1\/3 des menuiseries fran\u00e7aises. Elle concerne les fabricants, les poseurs et les professionnels du recyclage et du traitement des d\u00e9chets&#8230;<\/p>\n<p>Artibat 2021 \/ Intervenants : Denis Gouy, Pr\u00e9sident &#8211; Menuiserie Avenir \/ C\u00e9cile Henriat, Secr\u00e9taire G\u00e9n\u00e9rale Adjointe \/ D\u00e9veloppement Economique et Durable &#8211; CAPEB Vend\u00e9e<br \/>\nInterrog\u00e9s par St\u00e9phane Miget<\/p>\n<p><iframe loading=\"lazy\" title=\"YouTube video player\" src=\"https:\/\/www.youtube.com\/embed\/l8rtyNTD8_o\" width=\"560\" height=\"315\" frameborder=\"0\" allowfullscreen=\"allowfullscreen\"><\/iframe><\/p>\n<a href='#' class='small-button small#ffffff'>Voir les vid\u00e9os d&rsquo;Artibat 2021<\/a>\n","protected":false},"excerpt":{"rendered":"<p>Pr\u00e9sentation d&rsquo;une \u00e9tude r\u00e9gionale sur la fin de vie des menuiseries dans les Pays-de-la-Loire, les industriels de la r\u00e9gion produisant 1\/3 des menuiseries fran\u00e7aises. Elle concerne les fabricants, les poseurs et les professionnels du recyclage et du traitement des d\u00e9chets&#8230; Artibat 2021 \/ Intervenants : Denis Gouy, Pr\u00e9sident &#8211; Menuiserie Avenir \/ C\u00e9cile Henriat, Secr\u00e9taire [&hellip;]<\/p>\n","protected":false},"author":17,"featured_media":106437,"comment_status":"closed","ping_status":"closed","sticky":false,"template":"","format":"standard","meta":{"_et_pb_use_builder":"","_et_pb_old_content":"","_et_gb_content_width":"","footnotes":""},"categories":[10530,6362,10771,10775,10781,10778],"tags":[12987,13013,13012,11430,1016],"class_list":["post-106436","post","type-post","status-publish","format-standard","has-post-thumbnail","hentry","category-actualites","category-services-equipements","category-5facades","category-actualites-5facades","category-publications-planete","category-planete","tag-artibat-2021","tag-cecile-henriat","tag-denis-gouy","tag-economie-circulaire","tag-menuiseries"],"yoast_head":"<!-- This site is optimized with the Yoast SEO plugin v27.4 - https:\/\/yoast.com\/product\/yoast-seo-wordpress\/ -->\n<title>Gestion des menuiseries en fin de vie<\/title>\n<meta name=\"robots\" content=\"index, follow, max-snippet:-1, max-image-preview:large, max-video-preview:-1\" \/>\n<link rel=\"canonical\" href=\"https:\/\/batijournal.com\/index.php\/gestion-des-menuiseries-en-fin-de-vie\/106436\/\" \/>\n<meta property=\"og:locale\" content=\"fr_FR\" \/>\n<meta property=\"og:type\" content=\"article\" \/>\n<meta property=\"og:title\" content=\"Gestion des menuiseries en fin de vie\" \/>\n<meta property=\"og:description\" content=\"Pr\u00e9sentation d&rsquo;une \u00e9tude r\u00e9gionale sur la fin de vie des menuiseries dans les Pays-de-la-Loire, les industriels de la r\u00e9gion produisant 1\/3 des menuiseries fran\u00e7aises. Elle concerne les fabricants, les poseurs et les professionnels du recyclage et du traitement des d\u00e9chets&#8230; Artibat 2021 \/ Intervenants : Denis Gouy, Pr\u00e9sident &#8211; Menuiserie Avenir \/ C\u00e9cile Henriat, Secr\u00e9taire [&hellip;]\" \/>\n<meta property=\"og:url\" content=\"https:\/\/batijournal.com\/index.php\/gestion-des-menuiseries-en-fin-de-vie\/106436\/\" \/>\n<meta property=\"og:site_name\" content=\"Batijournal\" \/>\n<meta property=\"article:published_time\" content=\"2021-10-14T16:43:56+00:00\" \/>\n<meta property=\"og:image\" content=\"https:\/\/batijournal.com\/wp-content\/uploads\/2021\/10\/Gestion-des-menuiseries-en-fin-de-vie.png\" \/>\n\t<meta property=\"og:image:width\" content=\"807\" \/>\n\t<meta property=\"og:image:height\" content=\"453\" \/>\n\t<meta property=\"og:image:type\" content=\"image\/png\" \/>\n<meta name=\"author\" content=\"St\u00e9phane Miget\" \/>\n<meta name=\"twitter:card\" content=\"summary_large_image\" \/>\n<meta name=\"twitter:creator\" content=\"@bati_journal\" \/>\n<meta name=\"twitter:site\" content=\"@bati_journal\" \/>\n<meta name=\"twitter:label1\" content=\"\u00c9crit par\" \/>\n\t<meta name=\"twitter:data1\" content=\"St\u00e9phane Miget\" \/>\n<script type=\"application\/ld+json\" class=\"yoast-schema-graph\">{\"@context\":\"https:\\\/\\\/schema.org\",\"@graph\":[{\"@type\":\"Article\",\"@id\":\"https:\\\/\\\/batijournal.com\\\/index.php\\\/gestion-des-menuiseries-en-fin-de-vie\\\/106436\\\/#article\",\"isPartOf\":{\"@id\":\"https:\\\/\\\/batijournal.com\\\/index.php\\\/gestion-des-menuiseries-en-fin-de-vie\\\/106436\\\/\"},\"author\":{\"name\":\"St\u00e9phane Miget\",\"@id\":\"https:\\\/\\\/batijournal.com\\\/#\\\/schema\\\/person\\\/1dc96ec6957aa1ccb25ebe78bb19f100\"},\"headline\":\"Gestion des menuiseries en fin de vie\",\"datePublished\":\"2021-10-14T16:43:56+00:00\",\"mainEntityOfPage\":{\"@id\":\"https:\\\/\\\/batijournal.com\\\/index.php\\\/gestion-des-menuiseries-en-fin-de-vie\\\/106436\\\/\"},\"wordCount\":105,\"image\":{\"@id\":\"https:\\\/\\\/batijournal.com\\\/index.php\\\/gestion-des-menuiseries-en-fin-de-vie\\\/106436\\\/#primaryimage\"},\"thumbnailUrl\":\"https:\\\/\\\/batijournal.com\\\/wp-content\\\/uploads\\\/2021\\\/10\\\/Gestion-des-menuiseries-en-fin-de-vie.png\",\"keywords\":[\"Artibat 2021\",\"C\u00e9cile Henriat\",\"Denis Gouy\",\"\u00e9conomie circulaire\",\"menuiseries\"],\"articleSection\":[\"Actualit\u00e9s\",\"Divers\",\"zz_5fa\u00e7ades\",\"zz_Actualit\u00e9s - 5fa\u00e7ades\",\"zz_Actualit\u00e9s - Plan\u00e8te\",\"zz_Plan\u00e8te B\u00e2timent\"],\"inLanguage\":\"fr-FR\"},{\"@type\":\"WebPage\",\"@id\":\"https:\\\/\\\/batijournal.com\\\/index.php\\\/gestion-des-menuiseries-en-fin-de-vie\\\/106436\\\/\",\"url\":\"https:\\\/\\\/batijournal.com\\\/index.php\\\/gestion-des-menuiseries-en-fin-de-vie\\\/106436\\\/\",\"name\":\"Gestion des menuiseries en fin de vie\",\"isPartOf\":{\"@id\":\"https:\\\/\\\/batijournal.com\\\/#website\"},\"primaryImageOfPage\":{\"@id\":\"https:\\\/\\\/batijournal.com\\\/index.php\\\/gestion-des-menuiseries-en-fin-de-vie\\\/106436\\\/#primaryimage\"},\"image\":{\"@id\":\"https:\\\/\\\/batijournal.com\\\/index.php\\\/gestion-des-menuiseries-en-fin-de-vie\\\/106436\\\/#primaryimage\"},\"thumbnailUrl\":\"https:\\\/\\\/batijournal.com\\\/wp-content\\\/uploads\\\/2021\\\/10\\\/Gestion-des-menuiseries-en-fin-de-vie.png\",\"datePublished\":\"2021-10-14T16:43:56+00:00\",\"author\":{\"@id\":\"https:\\\/\\\/batijournal.com\\\/#\\\/schema\\\/person\\\/1dc96ec6957aa1ccb25ebe78bb19f100\"},\"breadcrumb\":{\"@id\":\"https:\\\/\\\/batijournal.com\\\/index.php\\\/gestion-des-menuiseries-en-fin-de-vie\\\/106436\\\/#breadcrumb\"},\"inLanguage\":\"fr-FR\",\"potentialAction\":[{\"@type\":\"ReadAction\",\"target\":[\"https:\\\/\\\/batijournal.com\\\/index.php\\\/gestion-des-menuiseries-en-fin-de-vie\\\/106436\\\/\"]}]},{\"@type\":\"ImageObject\",\"inLanguage\":\"fr-FR\",\"@id\":\"https:\\\/\\\/batijournal.com\\\/index.php\\\/gestion-des-menuiseries-en-fin-de-vie\\\/106436\\\/#primaryimage\",\"url\":\"https:\\\/\\\/batijournal.com\\\/wp-content\\\/uploads\\\/2021\\\/10\\\/Gestion-des-menuiseries-en-fin-de-vie.png\",\"contentUrl\":\"https:\\\/\\\/batijournal.com\\\/wp-content\\\/uploads\\\/2021\\\/10\\\/Gestion-des-menuiseries-en-fin-de-vie.png\",\"width\":807,\"height\":453},{\"@type\":\"BreadcrumbList\",\"@id\":\"https:\\\/\\\/batijournal.com\\\/index.php\\\/gestion-des-menuiseries-en-fin-de-vie\\\/106436\\\/#breadcrumb\",\"itemListElement\":[{\"@type\":\"ListItem\",\"position\":1,\"name\":\"Accueil\",\"item\":\"https:\\\/\\\/batijournal.com\\\/\"},{\"@type\":\"ListItem\",\"position\":2,\"name\":\"Actualit\u00e9s\",\"item\":\"https:\\\/\\\/batijournal.com\\\/index.php\\\/category\\\/actualites\\\/\"},{\"@type\":\"ListItem\",\"position\":3,\"name\":\"Divers\",\"item\":\"https:\\\/\\\/batijournal.com\\\/index.php\\\/category\\\/actualites\\\/services-equipements\\\/\"},{\"@type\":\"ListItem\",\"position\":4,\"name\":\"Gestion des menuiseries en fin de vie\"}]},{\"@type\":\"WebSite\",\"@id\":\"https:\\\/\\\/batijournal.com\\\/#website\",\"url\":\"https:\\\/\\\/batijournal.com\\\/\",\"name\":\"Batijournal\",\"description\":\"L&#039;actualit\u00e9 du b\u00e2timent\",\"potentialAction\":[{\"@type\":\"SearchAction\",\"target\":{\"@type\":\"EntryPoint\",\"urlTemplate\":\"https:\\\/\\\/batijournal.com\\\/?s={search_term_string}\"},\"query-input\":{\"@type\":\"PropertyValueSpecification\",\"valueRequired\":true,\"valueName\":\"search_term_string\"}}],\"inLanguage\":\"fr-FR\"},{\"@type\":\"Person\",\"@id\":\"https:\\\/\\\/batijournal.com\\\/#\\\/schema\\\/person\\\/1dc96ec6957aa1ccb25ebe78bb19f100\",\"name\":\"St\u00e9phane Miget\",\"image\":{\"@type\":\"ImageObject\",\"inLanguage\":\"fr-FR\",\"@id\":\"https:\\\/\\\/secure.gravatar.com\\\/avatar\\\/89915563d925342126b8ef0281b93d9d7fc337043e8df017f780908eb9644451?s=96&d=mm&r=g\",\"url\":\"https:\\\/\\\/secure.gravatar.com\\\/avatar\\\/89915563d925342126b8ef0281b93d9d7fc337043e8df017f780908eb9644451?s=96&d=mm&r=g\",\"contentUrl\":\"https:\\\/\\\/secure.gravatar.com\\\/avatar\\\/89915563d925342126b8ef0281b93d9d7fc337043e8df017f780908eb9644451?s=96&d=mm&r=g\",\"caption\":\"St\u00e9phane Miget\"},\"url\":\"https:\\\/\\\/batijournal.com\\\/index.php\\\/author\\\/stephane\\\/\"}]}<\/script>\n<!-- \/ Yoast SEO plugin. -->","yoast_head_json":{"title":"Gestion des menuiseries en fin de vie","robots":{"index":"index","follow":"follow","max-snippet":"max-snippet:-1","max-image-preview":"max-image-preview:large","max-video-preview":"max-video-preview:-1"},"canonical":"https:\/\/batijournal.com\/index.php\/gestion-des-menuiseries-en-fin-de-vie\/106436\/","og_locale":"fr_FR","og_type":"article","og_title":"Gestion des menuiseries en fin de vie","og_description":"Pr\u00e9sentation d&rsquo;une \u00e9tude r\u00e9gionale sur la fin de vie des menuiseries dans les Pays-de-la-Loire, les industriels de la r\u00e9gion produisant 1\/3 des menuiseries fran\u00e7aises. Elle concerne les fabricants, les poseurs et les professionnels du recyclage et du traitement des d\u00e9chets&#8230; Artibat 2021 \/ Intervenants : Denis Gouy, Pr\u00e9sident &#8211; Menuiserie Avenir \/ C\u00e9cile Henriat, Secr\u00e9taire [&hellip;]","og_url":"https:\/\/batijournal.com\/index.php\/gestion-des-menuiseries-en-fin-de-vie\/106436\/","og_site_name":"Batijournal","article_published_time":"2021-10-14T16:43:56+00:00","og_image":[{"width":807,"height":453,"url":"https:\/\/batijournal.com\/wp-content\/uploads\/2021\/10\/Gestion-des-menuiseries-en-fin-de-vie.png","type":"image\/png"}],"author":"St\u00e9phane Miget","twitter_card":"summary_large_image","twitter_creator":"@bati_journal","twitter_site":"@bati_journal","twitter_misc":{"\u00c9crit par":"St\u00e9phane Miget"},"schema":{"@context":"https:\/\/schema.org","@graph":[{"@type":"Article","@id":"https:\/\/batijournal.com\/index.php\/gestion-des-menuiseries-en-fin-de-vie\/106436\/#article","isPartOf":{"@id":"https:\/\/batijournal.com\/index.php\/gestion-des-menuiseries-en-fin-de-vie\/106436\/"},"author":{"name":"St\u00e9phane Miget","@id":"https:\/\/batijournal.com\/#\/schema\/person\/1dc96ec6957aa1ccb25ebe78bb19f100"},"headline":"Gestion des menuiseries en fin de vie","datePublished":"2021-10-14T16:43:56+00:00","mainEntityOfPage":{"@id":"https:\/\/batijournal.com\/index.php\/gestion-des-menuiseries-en-fin-de-vie\/106436\/"},"wordCount":105,"image":{"@id":"https:\/\/batijournal.com\/index.php\/gestion-des-menuiseries-en-fin-de-vie\/106436\/#primaryimage"},"thumbnailUrl":"https:\/\/batijournal.com\/wp-content\/uploads\/2021\/10\/Gestion-des-menuiseries-en-fin-de-vie.png","keywords":["Artibat 2021","C\u00e9cile Henriat","Denis Gouy","\u00e9conomie circulaire","menuiseries"],"articleSection":["Actualit\u00e9s","Divers","zz_5fa\u00e7ades","zz_Actualit\u00e9s - 5fa\u00e7ades","zz_Actualit\u00e9s - Plan\u00e8te","zz_Plan\u00e8te B\u00e2timent"],"inLanguage":"fr-FR"},{"@type":"WebPage","@id":"https:\/\/batijournal.com\/index.php\/gestion-des-menuiseries-en-fin-de-vie\/106436\/","url":"https:\/\/batijournal.com\/index.php\/gestion-des-menuiseries-en-fin-de-vie\/106436\/","name":"Gestion des menuiseries en fin de vie","isPartOf":{"@id":"https:\/\/batijournal.com\/#website"},"primaryImageOfPage":{"@id":"https:\/\/batijournal.com\/index.php\/gestion-des-menuiseries-en-fin-de-vie\/106436\/#primaryimage"},"image":{"@id":"https:\/\/batijournal.com\/index.php\/gestion-des-menuiseries-en-fin-de-vie\/106436\/#primaryimage"},"thumbnailUrl":"https:\/\/batijournal.com\/wp-content\/uploads\/2021\/10\/Gestion-des-menuiseries-en-fin-de-vie.png","datePublished":"2021-10-14T16:43:56+00:00","author":{"@id":"https:\/\/batijournal.com\/#\/schema\/person\/1dc96ec6957aa1ccb25ebe78bb19f100"},"breadcrumb":{"@id":"https:\/\/batijournal.com\/index.php\/gestion-des-menuiseries-en-fin-de-vie\/106436\/#breadcrumb"},"inLanguage":"fr-FR","potentialAction":[{"@type":"ReadAction","target":["https:\/\/batijournal.com\/index.php\/gestion-des-menuiseries-en-fin-de-vie\/106436\/"]}]},{"@type":"ImageObject","inLanguage":"fr-FR","@id":"https:\/\/batijournal.com\/index.php\/gestion-des-menuiseries-en-fin-de-vie\/106436\/#primaryimage","url":"https:\/\/batijournal.com\/wp-content\/uploads\/2021\/10\/Gestion-des-menuiseries-en-fin-de-vie.png","contentUrl":"https:\/\/batijournal.com\/wp-content\/uploads\/2021\/10\/Gestion-des-menuiseries-en-fin-de-vie.png","width":807,"height":453},{"@type":"BreadcrumbList","@id":"https:\/\/batijournal.com\/index.php\/gestion-des-menuiseries-en-fin-de-vie\/106436\/#breadcrumb","itemListElement":[{"@type":"ListItem","position":1,"name":"Accueil","item":"https:\/\/batijournal.com\/"},{"@type":"ListItem","position":2,"name":"Actualit\u00e9s","item":"https:\/\/batijournal.com\/index.php\/category\/actualites\/"},{"@type":"ListItem","position":3,"name":"Divers","item":"https:\/\/batijournal.com\/index.php\/category\/actualites\/services-equipements\/"},{"@type":"ListItem","position":4,"name":"Gestion des menuiseries en fin de vie"}]},{"@type":"WebSite","@id":"https:\/\/batijournal.com\/#website","url":"https:\/\/batijournal.com\/","name":"Batijournal","description":"L&#039;actualit\u00e9 du b\u00e2timent","potentialAction":[{"@type":"SearchAction","target":{"@type":"EntryPoint","urlTemplate":"https:\/\/batijournal.com\/?s={search_term_string}"},"query-input":{"@type":"PropertyValueSpecification","valueRequired":true,"valueName":"search_term_string"}}],"inLanguage":"fr-FR"},{"@type":"Person","@id":"https:\/\/batijournal.com\/#\/schema\/person\/1dc96ec6957aa1ccb25ebe78bb19f100","name":"St\u00e9phane Miget","image":{"@type":"ImageObject","inLanguage":"fr-FR","@id":"https:\/\/secure.gravatar.com\/avatar\/89915563d925342126b8ef0281b93d9d7fc337043e8df017f780908eb9644451?s=96&d=mm&r=g","url":"https:\/\/secure.gravatar.com\/avatar\/89915563d925342126b8ef0281b93d9d7fc337043e8df017f780908eb9644451?s=96&d=mm&r=g","contentUrl":"https:\/\/secure.gravatar.com\/avatar\/89915563d925342126b8ef0281b93d9d7fc337043e8df017f780908eb9644451?s=96&d=mm&r=g","caption":"St\u00e9phane Miget"},"url":"https:\/\/batijournal.com\/index.php\/author\/stephane\/"}]}},"_links":{"self":[{"href":"https:\/\/batijournal.com\/index.php\/wp-json\/wp\/v2\/posts\/106436","targetHints":{"allow":["GET"]}}],"collection":[{"href":"https:\/\/batijournal.com\/index.php\/wp-json\/wp\/v2\/posts"}],"about":[{"href":"https:\/\/batijournal.com\/index.php\/wp-json\/wp\/v2\/types\/post"}],"author":[{"embeddable":true,"href":"https:\/\/batijournal.com\/index.php\/wp-json\/wp\/v2\/users\/17"}],"replies":[{"embeddable":true,"href":"https:\/\/batijournal.com\/index.php\/wp-json\/wp\/v2\/comments?post=106436"}],"version-history":[{"count":0,"href":"https:\/\/batijournal.com\/index.php\/wp-json\/wp\/v2\/posts\/106436\/revisions"}],"wp:featuredmedia":[{"embeddable":true,"href":"https:\/\/batijournal.com\/index.php\/wp-json\/wp\/v2\/media\/106437"}],"wp:attachment":[{"href":"https:\/\/batijournal.com\/index.php\/wp-json\/wp\/v2\/media?parent=106436"}],"wp:term":[{"taxonomy":"category","embeddable":true,"href":"https:\/\/batijournal.com\/index.php\/wp-json\/wp\/v2\/categories?post=106436"},{"taxonomy":"post_tag","embeddable":true,"href":"https:\/\/batijournal.com\/index.php\/wp-json\/wp\/v2\/tags?post=106436"}],"curies":[{"name":"wp","href":"https:\/\/api.w.org\/{rel}","templated":true}]}}