{"id":106443,"date":"2021-10-15T18:32:53","date_gmt":"2021-10-15T16:32:53","guid":{"rendered":"https:\/\/batijournal.com\/?p=106443"},"modified":"2021-10-15T18:32:53","modified_gmt":"2021-10-15T16:32:53","slug":"rencontre-avec-paulo-de-freitas-responsable-des-reseaux-batiments-professionnels-hellio","status":"publish","type":"post","link":"https:\/\/batijournal.com\/index.php\/rencontre-avec-paulo-de-freitas-responsable-des-reseaux-batiments-professionnels-hellio\/106443\/","title":{"rendered":"Rencontre avec Paulo de Freitas, Responsable des r\u00e9seaux b\u00e2timents professionnels &#8211; HELLIO"},"content":{"rendered":"<p>\u00ab\u00a0Notre activit\u00e9, c&rsquo;est d&rsquo;intervenir dans la partie financi\u00e8re de la r\u00e9novation \u00e9nerg\u00e9tique en utilisant les fonds des certificats d&rsquo;\u00e9conomies d&rsquo;\u00e9nergie &#8230;\u00a0\u00bb<\/p>\n<p>Artibat 2021 \/ Intervenant : Paulo de Freitas, Responsable des r\u00e9seaux b\u00e2timents professionnels &#8211; HELLIO<br \/>\nInterrog\u00e9 par St\u00e9phane Miget<\/p>\n<p><iframe loading=\"lazy\" title=\"YouTube video player\" src=\"https:\/\/www.youtube.com\/embed\/s9E7AvDyWwg\" width=\"560\" height=\"315\" frameborder=\"0\" allowfullscreen=\"allowfullscreen\"><\/iframe><\/p>\n<a href='#' class='small-button small#ffffff'>Voir les vid\u00e9os d&rsquo;Artibat 2021<\/a>\n","protected":false},"excerpt":{"rendered":"<p>\u00ab\u00a0Notre activit\u00e9, c&rsquo;est d&rsquo;intervenir dans la partie financi\u00e8re de la r\u00e9novation \u00e9nerg\u00e9tique en utilisant les fonds des certificats d&rsquo;\u00e9conomies d&rsquo;\u00e9nergie &#8230;\u00a0\u00bb Artibat 2021 \/ Intervenant : Paulo de Freitas, Responsable des r\u00e9seaux b\u00e2timents professionnels &#8211; HELLIO Interrog\u00e9 par St\u00e9phane Miget<\/p>\n","protected":false},"author":17,"featured_media":106444,"comment_status":"closed","ping_status":"closed","sticky":false,"template":"","format":"standard","meta":{"_et_pb_use_builder":"","_et_pb_old_content":"","_et_gb_content_width":"","footnotes":""},"categories":[10530,6351,10781,10778],"tags":[12987,13017,13016,1683],"class_list":["post-106443","post","type-post","status-publish","format-standard","has-post-thumbnail","hentry","category-actualites","category-energie-environnement","category-publications-planete","category-planete","tag-artibat-2021","tag-hellio","tag-paulo-de-freitas","tag-renovation-energetique"],"yoast_head":"<!-- This site is optimized with the Yoast SEO plugin v27.4 - https:\/\/yoast.com\/product\/yoast-seo-wordpress\/ -->\n<title>Rencontre avec Paulo de Freitas, Responsable des r\u00e9seaux b\u00e2timents professionnels - HELLIO<\/title>\n<meta name=\"robots\" content=\"index, follow, max-snippet:-1, max-image-preview:large, max-video-preview:-1\" \/>\n<link rel=\"canonical\" href=\"https:\/\/batijournal.com\/index.php\/rencontre-avec-paulo-de-freitas-responsable-des-reseaux-batiments-professionnels-hellio\/106443\/\" \/>\n<meta property=\"og:locale\" content=\"fr_FR\" \/>\n<meta property=\"og:type\" content=\"article\" \/>\n<meta property=\"og:title\" content=\"Rencontre avec Paulo de Freitas, Responsable des r\u00e9seaux b\u00e2timents professionnels - HELLIO\" \/>\n<meta property=\"og:description\" content=\"\u00ab\u00a0Notre activit\u00e9, c&rsquo;est d&rsquo;intervenir dans la partie financi\u00e8re de la r\u00e9novation \u00e9nerg\u00e9tique en utilisant les fonds des certificats d&rsquo;\u00e9conomies d&rsquo;\u00e9nergie &#8230;\u00a0\u00bb Artibat 2021 \/ Intervenant : Paulo de Freitas, Responsable des r\u00e9seaux b\u00e2timents professionnels &#8211; HELLIO Interrog\u00e9 par St\u00e9phane Miget\" \/>\n<meta property=\"og:url\" content=\"https:\/\/batijournal.com\/index.php\/rencontre-avec-paulo-de-freitas-responsable-des-reseaux-batiments-professionnels-hellio\/106443\/\" \/>\n<meta property=\"og:site_name\" content=\"Batijournal\" \/>\n<meta property=\"article:published_time\" content=\"2021-10-15T16:32:53+00:00\" \/>\n<meta property=\"og:image\" content=\"https:\/\/batijournal.com\/wp-content\/uploads\/2021\/10\/Paulo-de-Freitas-hellio.png\" \/>\n\t<meta property=\"og:image:width\" content=\"806\" \/>\n\t<meta property=\"og:image:height\" content=\"455\" \/>\n\t<meta property=\"og:image:type\" content=\"image\/png\" \/>\n<meta name=\"author\" content=\"St\u00e9phane Miget\" \/>\n<meta name=\"twitter:card\" content=\"summary_large_image\" \/>\n<meta name=\"twitter:creator\" content=\"@bati_journal\" \/>\n<meta name=\"twitter:site\" content=\"@bati_journal\" \/>\n<meta name=\"twitter:label1\" content=\"\u00c9crit par\" \/>\n\t<meta name=\"twitter:data1\" content=\"St\u00e9phane Miget\" \/>\n<script type=\"application\/ld+json\" class=\"yoast-schema-graph\">{\"@context\":\"https:\\\/\\\/schema.org\",\"@graph\":[{\"@type\":\"Article\",\"@id\":\"https:\\\/\\\/batijournal.com\\\/index.php\\\/rencontre-avec-paulo-de-freitas-responsable-des-reseaux-batiments-professionnels-hellio\\\/106443\\\/#article\",\"isPartOf\":{\"@id\":\"https:\\\/\\\/batijournal.com\\\/index.php\\\/rencontre-avec-paulo-de-freitas-responsable-des-reseaux-batiments-professionnels-hellio\\\/106443\\\/\"},\"author\":{\"name\":\"St\u00e9phane Miget\",\"@id\":\"https:\\\/\\\/batijournal.com\\\/#\\\/schema\\\/person\\\/1dc96ec6957aa1ccb25ebe78bb19f100\"},\"headline\":\"Rencontre avec Paulo de Freitas, Responsable des r\u00e9seaux b\u00e2timents professionnels &#8211; HELLIO\",\"datePublished\":\"2021-10-15T16:32:53+00:00\",\"mainEntityOfPage\":{\"@id\":\"https:\\\/\\\/batijournal.com\\\/index.php\\\/rencontre-avec-paulo-de-freitas-responsable-des-reseaux-batiments-professionnels-hellio\\\/106443\\\/\"},\"wordCount\":80,\"image\":{\"@id\":\"https:\\\/\\\/batijournal.com\\\/index.php\\\/rencontre-avec-paulo-de-freitas-responsable-des-reseaux-batiments-professionnels-hellio\\\/106443\\\/#primaryimage\"},\"thumbnailUrl\":\"https:\\\/\\\/batijournal.com\\\/wp-content\\\/uploads\\\/2021\\\/10\\\/Paulo-de-Freitas-hellio.png\",\"keywords\":[\"Artibat 2021\",\"hellio\",\"Paulo de Freitas\",\"renovation energetique\"],\"articleSection\":[\"Actualit\u00e9s\",\"\u00c9nergie &amp; Environnement\",\"zz_Actualit\u00e9s - Plan\u00e8te\",\"zz_Plan\u00e8te B\u00e2timent\"],\"inLanguage\":\"fr-FR\"},{\"@type\":\"WebPage\",\"@id\":\"https:\\\/\\\/batijournal.com\\\/index.php\\\/rencontre-avec-paulo-de-freitas-responsable-des-reseaux-batiments-professionnels-hellio\\\/106443\\\/\",\"url\":\"https:\\\/\\\/batijournal.com\\\/index.php\\\/rencontre-avec-paulo-de-freitas-responsable-des-reseaux-batiments-professionnels-hellio\\\/106443\\\/\",\"name\":\"Rencontre avec Paulo de Freitas, Responsable des r\u00e9seaux b\u00e2timents professionnels - HELLIO\",\"isPartOf\":{\"@id\":\"https:\\\/\\\/batijournal.com\\\/#website\"},\"primaryImageOfPage\":{\"@id\":\"https:\\\/\\\/batijournal.com\\\/index.php\\\/rencontre-avec-paulo-de-freitas-responsable-des-reseaux-batiments-professionnels-hellio\\\/106443\\\/#primaryimage\"},\"image\":{\"@id\":\"https:\\\/\\\/batijournal.com\\\/index.php\\\/rencontre-avec-paulo-de-freitas-responsable-des-reseaux-batiments-professionnels-hellio\\\/106443\\\/#primaryimage\"},\"thumbnailUrl\":\"https:\\\/\\\/batijournal.com\\\/wp-content\\\/uploads\\\/2021\\\/10\\\/Paulo-de-Freitas-hellio.png\",\"datePublished\":\"2021-10-15T16:32:53+00:00\",\"author\":{\"@id\":\"https:\\\/\\\/batijournal.com\\\/#\\\/schema\\\/person\\\/1dc96ec6957aa1ccb25ebe78bb19f100\"},\"breadcrumb\":{\"@id\":\"https:\\\/\\\/batijournal.com\\\/index.php\\\/rencontre-avec-paulo-de-freitas-responsable-des-reseaux-batiments-professionnels-hellio\\\/106443\\\/#breadcrumb\"},\"inLanguage\":\"fr-FR\",\"potentialAction\":[{\"@type\":\"ReadAction\",\"target\":[\"https:\\\/\\\/batijournal.com\\\/index.php\\\/rencontre-avec-paulo-de-freitas-responsable-des-reseaux-batiments-professionnels-hellio\\\/106443\\\/\"]}]},{\"@type\":\"ImageObject\",\"inLanguage\":\"fr-FR\",\"@id\":\"https:\\\/\\\/batijournal.com\\\/index.php\\\/rencontre-avec-paulo-de-freitas-responsable-des-reseaux-batiments-professionnels-hellio\\\/106443\\\/#primaryimage\",\"url\":\"https:\\\/\\\/batijournal.com\\\/wp-content\\\/uploads\\\/2021\\\/10\\\/Paulo-de-Freitas-hellio.png\",\"contentUrl\":\"https:\\\/\\\/batijournal.com\\\/wp-content\\\/uploads\\\/2021\\\/10\\\/Paulo-de-Freitas-hellio.png\",\"width\":806,\"height\":455},{\"@type\":\"BreadcrumbList\",\"@id\":\"https:\\\/\\\/batijournal.com\\\/index.php\\\/rencontre-avec-paulo-de-freitas-responsable-des-reseaux-batiments-professionnels-hellio\\\/106443\\\/#breadcrumb\",\"itemListElement\":[{\"@type\":\"ListItem\",\"position\":1,\"name\":\"Accueil\",\"item\":\"https:\\\/\\\/batijournal.com\\\/\"},{\"@type\":\"ListItem\",\"position\":2,\"name\":\"Actualit\u00e9s\",\"item\":\"https:\\\/\\\/batijournal.com\\\/index.php\\\/category\\\/actualites\\\/\"},{\"@type\":\"ListItem\",\"position\":3,\"name\":\"\u00c9nergie &amp; Environnement\",\"item\":\"https:\\\/\\\/batijournal.com\\\/index.php\\\/category\\\/actualites\\\/energie-environnement\\\/\"},{\"@type\":\"ListItem\",\"position\":4,\"name\":\"Rencontre avec Paulo de Freitas, Responsable des r\u00e9seaux b\u00e2timents professionnels &#8211; HELLIO\"}]},{\"@type\":\"WebSite\",\"@id\":\"https:\\\/\\\/batijournal.com\\\/#website\",\"url\":\"https:\\\/\\\/batijournal.com\\\/\",\"name\":\"Batijournal\",\"description\":\"L&#039;actualit\u00e9 du b\u00e2timent\",\"potentialAction\":[{\"@type\":\"SearchAction\",\"target\":{\"@type\":\"EntryPoint\",\"urlTemplate\":\"https:\\\/\\\/batijournal.com\\\/?s={search_term_string}\"},\"query-input\":{\"@type\":\"PropertyValueSpecification\",\"valueRequired\":true,\"valueName\":\"search_term_string\"}}],\"inLanguage\":\"fr-FR\"},{\"@type\":\"Person\",\"@id\":\"https:\\\/\\\/batijournal.com\\\/#\\\/schema\\\/person\\\/1dc96ec6957aa1ccb25ebe78bb19f100\",\"name\":\"St\u00e9phane Miget\",\"image\":{\"@type\":\"ImageObject\",\"inLanguage\":\"fr-FR\",\"@id\":\"https:\\\/\\\/secure.gravatar.com\\\/avatar\\\/89915563d925342126b8ef0281b93d9d7fc337043e8df017f780908eb9644451?s=96&d=mm&r=g\",\"url\":\"https:\\\/\\\/secure.gravatar.com\\\/avatar\\\/89915563d925342126b8ef0281b93d9d7fc337043e8df017f780908eb9644451?s=96&d=mm&r=g\",\"contentUrl\":\"https:\\\/\\\/secure.gravatar.com\\\/avatar\\\/89915563d925342126b8ef0281b93d9d7fc337043e8df017f780908eb9644451?s=96&d=mm&r=g\",\"caption\":\"St\u00e9phane Miget\"},\"url\":\"https:\\\/\\\/batijournal.com\\\/index.php\\\/author\\\/stephane\\\/\"}]}<\/script>\n<!-- \/ Yoast SEO plugin. -->","yoast_head_json":{"title":"Rencontre avec Paulo de Freitas, Responsable des r\u00e9seaux b\u00e2timents professionnels - HELLIO","robots":{"index":"index","follow":"follow","max-snippet":"max-snippet:-1","max-image-preview":"max-image-preview:large","max-video-preview":"max-video-preview:-1"},"canonical":"https:\/\/batijournal.com\/index.php\/rencontre-avec-paulo-de-freitas-responsable-des-reseaux-batiments-professionnels-hellio\/106443\/","og_locale":"fr_FR","og_type":"article","og_title":"Rencontre avec Paulo de Freitas, Responsable des r\u00e9seaux b\u00e2timents professionnels - HELLIO","og_description":"\u00ab\u00a0Notre activit\u00e9, c&rsquo;est d&rsquo;intervenir dans la partie financi\u00e8re de la r\u00e9novation \u00e9nerg\u00e9tique en utilisant les fonds des certificats d&rsquo;\u00e9conomies d&rsquo;\u00e9nergie &#8230;\u00a0\u00bb Artibat 2021 \/ Intervenant : Paulo de Freitas, Responsable des r\u00e9seaux b\u00e2timents professionnels &#8211; HELLIO Interrog\u00e9 par St\u00e9phane Miget","og_url":"https:\/\/batijournal.com\/index.php\/rencontre-avec-paulo-de-freitas-responsable-des-reseaux-batiments-professionnels-hellio\/106443\/","og_site_name":"Batijournal","article_published_time":"2021-10-15T16:32:53+00:00","og_image":[{"width":806,"height":455,"url":"https:\/\/batijournal.com\/wp-content\/uploads\/2021\/10\/Paulo-de-Freitas-hellio.png","type":"image\/png"}],"author":"St\u00e9phane Miget","twitter_card":"summary_large_image","twitter_creator":"@bati_journal","twitter_site":"@bati_journal","twitter_misc":{"\u00c9crit par":"St\u00e9phane Miget"},"schema":{"@context":"https:\/\/schema.org","@graph":[{"@type":"Article","@id":"https:\/\/batijournal.com\/index.php\/rencontre-avec-paulo-de-freitas-responsable-des-reseaux-batiments-professionnels-hellio\/106443\/#article","isPartOf":{"@id":"https:\/\/batijournal.com\/index.php\/rencontre-avec-paulo-de-freitas-responsable-des-reseaux-batiments-professionnels-hellio\/106443\/"},"author":{"name":"St\u00e9phane Miget","@id":"https:\/\/batijournal.com\/#\/schema\/person\/1dc96ec6957aa1ccb25ebe78bb19f100"},"headline":"Rencontre avec Paulo de Freitas, Responsable des r\u00e9seaux b\u00e2timents professionnels &#8211; HELLIO","datePublished":"2021-10-15T16:32:53+00:00","mainEntityOfPage":{"@id":"https:\/\/batijournal.com\/index.php\/rencontre-avec-paulo-de-freitas-responsable-des-reseaux-batiments-professionnels-hellio\/106443\/"},"wordCount":80,"image":{"@id":"https:\/\/batijournal.com\/index.php\/rencontre-avec-paulo-de-freitas-responsable-des-reseaux-batiments-professionnels-hellio\/106443\/#primaryimage"},"thumbnailUrl":"https:\/\/batijournal.com\/wp-content\/uploads\/2021\/10\/Paulo-de-Freitas-hellio.png","keywords":["Artibat 2021","hellio","Paulo de Freitas","renovation energetique"],"articleSection":["Actualit\u00e9s","\u00c9nergie &amp; Environnement","zz_Actualit\u00e9s - Plan\u00e8te","zz_Plan\u00e8te B\u00e2timent"],"inLanguage":"fr-FR"},{"@type":"WebPage","@id":"https:\/\/batijournal.com\/index.php\/rencontre-avec-paulo-de-freitas-responsable-des-reseaux-batiments-professionnels-hellio\/106443\/","url":"https:\/\/batijournal.com\/index.php\/rencontre-avec-paulo-de-freitas-responsable-des-reseaux-batiments-professionnels-hellio\/106443\/","name":"Rencontre avec Paulo de Freitas, Responsable des r\u00e9seaux b\u00e2timents professionnels - HELLIO","isPartOf":{"@id":"https:\/\/batijournal.com\/#website"},"primaryImageOfPage":{"@id":"https:\/\/batijournal.com\/index.php\/rencontre-avec-paulo-de-freitas-responsable-des-reseaux-batiments-professionnels-hellio\/106443\/#primaryimage"},"image":{"@id":"https:\/\/batijournal.com\/index.php\/rencontre-avec-paulo-de-freitas-responsable-des-reseaux-batiments-professionnels-hellio\/106443\/#primaryimage"},"thumbnailUrl":"https:\/\/batijournal.com\/wp-content\/uploads\/2021\/10\/Paulo-de-Freitas-hellio.png","datePublished":"2021-10-15T16:32:53+00:00","author":{"@id":"https:\/\/batijournal.com\/#\/schema\/person\/1dc96ec6957aa1ccb25ebe78bb19f100"},"breadcrumb":{"@id":"https:\/\/batijournal.com\/index.php\/rencontre-avec-paulo-de-freitas-responsable-des-reseaux-batiments-professionnels-hellio\/106443\/#breadcrumb"},"inLanguage":"fr-FR","potentialAction":[{"@type":"ReadAction","target":["https:\/\/batijournal.com\/index.php\/rencontre-avec-paulo-de-freitas-responsable-des-reseaux-batiments-professionnels-hellio\/106443\/"]}]},{"@type":"ImageObject","inLanguage":"fr-FR","@id":"https:\/\/batijournal.com\/index.php\/rencontre-avec-paulo-de-freitas-responsable-des-reseaux-batiments-professionnels-hellio\/106443\/#primaryimage","url":"https:\/\/batijournal.com\/wp-content\/uploads\/2021\/10\/Paulo-de-Freitas-hellio.png","contentUrl":"https:\/\/batijournal.com\/wp-content\/uploads\/2021\/10\/Paulo-de-Freitas-hellio.png","width":806,"height":455},{"@type":"BreadcrumbList","@id":"https:\/\/batijournal.com\/index.php\/rencontre-avec-paulo-de-freitas-responsable-des-reseaux-batiments-professionnels-hellio\/106443\/#breadcrumb","itemListElement":[{"@type":"ListItem","position":1,"name":"Accueil","item":"https:\/\/batijournal.com\/"},{"@type":"ListItem","position":2,"name":"Actualit\u00e9s","item":"https:\/\/batijournal.com\/index.php\/category\/actualites\/"},{"@type":"ListItem","position":3,"name":"\u00c9nergie &amp; Environnement","item":"https:\/\/batijournal.com\/index.php\/category\/actualites\/energie-environnement\/"},{"@type":"ListItem","position":4,"name":"Rencontre avec Paulo de Freitas, Responsable des r\u00e9seaux b\u00e2timents professionnels &#8211; HELLIO"}]},{"@type":"WebSite","@id":"https:\/\/batijournal.com\/#website","url":"https:\/\/batijournal.com\/","name":"Batijournal","description":"L&#039;actualit\u00e9 du b\u00e2timent","potentialAction":[{"@type":"SearchAction","target":{"@type":"EntryPoint","urlTemplate":"https:\/\/batijournal.com\/?s={search_term_string}"},"query-input":{"@type":"PropertyValueSpecification","valueRequired":true,"valueName":"search_term_string"}}],"inLanguage":"fr-FR"},{"@type":"Person","@id":"https:\/\/batijournal.com\/#\/schema\/person\/1dc96ec6957aa1ccb25ebe78bb19f100","name":"St\u00e9phane Miget","image":{"@type":"ImageObject","inLanguage":"fr-FR","@id":"https:\/\/secure.gravatar.com\/avatar\/89915563d925342126b8ef0281b93d9d7fc337043e8df017f780908eb9644451?s=96&d=mm&r=g","url":"https:\/\/secure.gravatar.com\/avatar\/89915563d925342126b8ef0281b93d9d7fc337043e8df017f780908eb9644451?s=96&d=mm&r=g","contentUrl":"https:\/\/secure.gravatar.com\/avatar\/89915563d925342126b8ef0281b93d9d7fc337043e8df017f780908eb9644451?s=96&d=mm&r=g","caption":"St\u00e9phane Miget"},"url":"https:\/\/batijournal.com\/index.php\/author\/stephane\/"}]}},"_links":{"self":[{"href":"https:\/\/batijournal.com\/index.php\/wp-json\/wp\/v2\/posts\/106443","targetHints":{"allow":["GET"]}}],"collection":[{"href":"https:\/\/batijournal.com\/index.php\/wp-json\/wp\/v2\/posts"}],"about":[{"href":"https:\/\/batijournal.com\/index.php\/wp-json\/wp\/v2\/types\/post"}],"author":[{"embeddable":true,"href":"https:\/\/batijournal.com\/index.php\/wp-json\/wp\/v2\/users\/17"}],"replies":[{"embeddable":true,"href":"https:\/\/batijournal.com\/index.php\/wp-json\/wp\/v2\/comments?post=106443"}],"version-history":[{"count":0,"href":"https:\/\/batijournal.com\/index.php\/wp-json\/wp\/v2\/posts\/106443\/revisions"}],"wp:featuredmedia":[{"embeddable":true,"href":"https:\/\/batijournal.com\/index.php\/wp-json\/wp\/v2\/media\/106444"}],"wp:attachment":[{"href":"https:\/\/batijournal.com\/index.php\/wp-json\/wp\/v2\/media?parent=106443"}],"wp:term":[{"taxonomy":"category","embeddable":true,"href":"https:\/\/batijournal.com\/index.php\/wp-json\/wp\/v2\/categories?post=106443"},{"taxonomy":"post_tag","embeddable":true,"href":"https:\/\/batijournal.com\/index.php\/wp-json\/wp\/v2\/tags?post=106443"}],"curies":[{"name":"wp","href":"https:\/\/api.w.org\/{rel}","templated":true}]}}