{"id":106460,"date":"2021-10-27T08:11:55","date_gmt":"2021-10-27T06:11:55","guid":{"rendered":"https:\/\/batijournal.com\/?p=106460"},"modified":"2021-10-27T08:11:55","modified_gmt":"2021-10-27T06:11:55","slug":"les-tailleurs-de-pierre-du-chateau-de-brie-comte-robert","status":"publish","type":"post","link":"https:\/\/batijournal.com\/index.php\/les-tailleurs-de-pierre-du-chateau-de-brie-comte-robert\/106460\/","title":{"rendered":"Les tailleurs de pierre du ch\u00e2teau de Brie-Comte-Robert"},"content":{"rendered":"<p>L\u2019engagement des b\u00e9n\u00e9voles de l\u2019association Les Amis du Vieux Ch\u00e2teau a permis la renaissance d\u2019un t\u00e9moignage de l\u2019architecture castrale du Moyen \u00c2ge \u00e0 travers le d\u00e9veloppement d\u2019un espace de m\u00e9diation culturelle au coeur de la ville. Dans ce contexte, la construction d\u2019une loge des tailleurs de pierre a \u00e9t\u00e9 r\u00e9compens\u00e9e en 2020 par le premier prix, dot\u00e9 de 4 000 euros, dans la cat\u00e9gorie patrimoine et modernit\u00e9 attribu\u00e9 par le jury du prix For\u00eat, Bois et Patrimoine organis\u00e9 par le magazine Atrium, patrimoine et restauration et la fondation France Bois For\u00eat pour notre Patrimoine. Rencontre avec Martine PIECHACZYK pr\u00e9sidente de l&rsquo;association \u00ab\u00a0Les amis du vieux ch\u00e2teau de Brie-Comte-Robert\u00a0\u00bb.<\/p>\n<p>&nbsp;<\/p>\n<p><iframe loading=\"lazy\" title=\"YouTube video player\" src=\"https:\/\/www.youtube.com\/embed\/BHGuWhDMa8I\" width=\"560\" height=\"315\" frameborder=\"0\" allowfullscreen=\"allowfullscreen\"><\/iframe><\/p>\n","protected":false},"excerpt":{"rendered":"<p>L\u2019engagement des b\u00e9n\u00e9voles de l\u2019association Les Amis du Vieux Ch\u00e2teau a permis la renaissance d\u2019un t\u00e9moignage de l\u2019architecture castrale du Moyen \u00c2ge \u00e0 travers le d\u00e9veloppement d\u2019un espace de m\u00e9diation culturelle au coeur de la ville. Dans ce contexte, la construction d\u2019une loge des tailleurs de pierre a \u00e9t\u00e9 r\u00e9compens\u00e9e en 2020 par le premier [&hellip;]<\/p>\n","protected":false},"author":17,"featured_media":106458,"comment_status":"closed","ping_status":"closed","sticky":false,"template":"","format":"standard","meta":{"_et_pb_use_builder":"","_et_pb_old_content":"","_et_gb_content_width":"","footnotes":""},"categories":[10530,11200,10789,10787],"tags":[13025,11005,13028,6376,11042],"class_list":["post-106460","post","type-post","status-publish","format-standard","has-post-thumbnail","hentry","category-actualites","category-batijournal-tv","category-publications-atrium","category-entreprises-et-chantiers","tag-atrium","tag-concours","tag-martine-piechaczyk","tag-monument-historique","tag-patrimoine"],"yoast_head":"<!-- This site is optimized with the Yoast SEO plugin v27.4 - https:\/\/yoast.com\/product\/yoast-seo-wordpress\/ -->\n<title>Les tailleurs de pierre du ch\u00e2teau de Brie-Comte-Robert<\/title>\n<meta name=\"robots\" content=\"index, follow, max-snippet:-1, max-image-preview:large, max-video-preview:-1\" \/>\n<link rel=\"canonical\" href=\"https:\/\/batijournal.com\/index.php\/les-tailleurs-de-pierre-du-chateau-de-brie-comte-robert\/106460\/\" \/>\n<meta property=\"og:locale\" content=\"fr_FR\" \/>\n<meta property=\"og:type\" content=\"article\" \/>\n<meta property=\"og:title\" content=\"Les tailleurs de pierre du ch\u00e2teau de Brie-Comte-Robert\" \/>\n<meta property=\"og:description\" content=\"L\u2019engagement des b\u00e9n\u00e9voles de l\u2019association Les Amis du Vieux Ch\u00e2teau a permis la renaissance d\u2019un t\u00e9moignage de l\u2019architecture castrale du Moyen \u00c2ge \u00e0 travers le d\u00e9veloppement d\u2019un espace de m\u00e9diation culturelle au coeur de la ville. Dans ce contexte, la construction d\u2019une loge des tailleurs de pierre a \u00e9t\u00e9 r\u00e9compens\u00e9e en 2020 par le premier [&hellip;]\" \/>\n<meta property=\"og:url\" content=\"https:\/\/batijournal.com\/index.php\/les-tailleurs-de-pierre-du-chateau-de-brie-comte-robert\/106460\/\" \/>\n<meta property=\"og:site_name\" content=\"Batijournal\" \/>\n<meta property=\"article:published_time\" content=\"2021-10-27T06:11:55+00:00\" \/>\n<meta property=\"og:image\" content=\"https:\/\/batijournal.com\/wp-content\/uploads\/2021\/10\/Capture-de\u0301cran-2021-10-18-a\u0300-10.43.41.png\" \/>\n\t<meta property=\"og:image:width\" content=\"1422\" \/>\n\t<meta property=\"og:image:height\" content=\"746\" \/>\n\t<meta property=\"og:image:type\" content=\"image\/png\" \/>\n<meta name=\"author\" content=\"St\u00e9phane Miget\" \/>\n<meta name=\"twitter:card\" content=\"summary_large_image\" \/>\n<meta name=\"twitter:creator\" content=\"@bati_journal\" \/>\n<meta name=\"twitter:site\" content=\"@bati_journal\" \/>\n<meta name=\"twitter:label1\" content=\"\u00c9crit par\" \/>\n\t<meta name=\"twitter:data1\" content=\"St\u00e9phane Miget\" \/>\n\t<meta name=\"twitter:label2\" content=\"Dur\u00e9e de lecture estim\u00e9e\" \/>\n\t<meta name=\"twitter:data2\" content=\"1 minute\" \/>\n<script type=\"application\/ld+json\" class=\"yoast-schema-graph\">{\"@context\":\"https:\\\/\\\/schema.org\",\"@graph\":[{\"@type\":\"Article\",\"@id\":\"https:\\\/\\\/batijournal.com\\\/index.php\\\/les-tailleurs-de-pierre-du-chateau-de-brie-comte-robert\\\/106460\\\/#article\",\"isPartOf\":{\"@id\":\"https:\\\/\\\/batijournal.com\\\/index.php\\\/les-tailleurs-de-pierre-du-chateau-de-brie-comte-robert\\\/106460\\\/\"},\"author\":{\"name\":\"St\u00e9phane Miget\",\"@id\":\"https:\\\/\\\/batijournal.com\\\/#\\\/schema\\\/person\\\/1dc96ec6957aa1ccb25ebe78bb19f100\"},\"headline\":\"Les tailleurs de pierre du ch\u00e2teau de Brie-Comte-Robert\",\"datePublished\":\"2021-10-27T06:11:55+00:00\",\"mainEntityOfPage\":{\"@id\":\"https:\\\/\\\/batijournal.com\\\/index.php\\\/les-tailleurs-de-pierre-du-chateau-de-brie-comte-robert\\\/106460\\\/\"},\"wordCount\":134,\"image\":{\"@id\":\"https:\\\/\\\/batijournal.com\\\/index.php\\\/les-tailleurs-de-pierre-du-chateau-de-brie-comte-robert\\\/106460\\\/#primaryimage\"},\"thumbnailUrl\":\"https:\\\/\\\/batijournal.com\\\/wp-content\\\/uploads\\\/2021\\\/10\\\/Capture-de\u0301cran-2021-10-18-a\u0300-10.43.41.png\",\"keywords\":[\"Atrium\",\"concours\",\"Martine Piechaczyk\",\"monument historique\",\"patrimoine\"],\"articleSection\":[\"Actualit\u00e9s\",\"batijournal TV\",\"zz_Actualit\u00e9s - Atrium\",\"zz_Entreprises et chantiers - AC\"],\"inLanguage\":\"fr-FR\"},{\"@type\":\"WebPage\",\"@id\":\"https:\\\/\\\/batijournal.com\\\/index.php\\\/les-tailleurs-de-pierre-du-chateau-de-brie-comte-robert\\\/106460\\\/\",\"url\":\"https:\\\/\\\/batijournal.com\\\/index.php\\\/les-tailleurs-de-pierre-du-chateau-de-brie-comte-robert\\\/106460\\\/\",\"name\":\"Les tailleurs de pierre du ch\u00e2teau de Brie-Comte-Robert\",\"isPartOf\":{\"@id\":\"https:\\\/\\\/batijournal.com\\\/#website\"},\"primaryImageOfPage\":{\"@id\":\"https:\\\/\\\/batijournal.com\\\/index.php\\\/les-tailleurs-de-pierre-du-chateau-de-brie-comte-robert\\\/106460\\\/#primaryimage\"},\"image\":{\"@id\":\"https:\\\/\\\/batijournal.com\\\/index.php\\\/les-tailleurs-de-pierre-du-chateau-de-brie-comte-robert\\\/106460\\\/#primaryimage\"},\"thumbnailUrl\":\"https:\\\/\\\/batijournal.com\\\/wp-content\\\/uploads\\\/2021\\\/10\\\/Capture-de\u0301cran-2021-10-18-a\u0300-10.43.41.png\",\"datePublished\":\"2021-10-27T06:11:55+00:00\",\"author\":{\"@id\":\"https:\\\/\\\/batijournal.com\\\/#\\\/schema\\\/person\\\/1dc96ec6957aa1ccb25ebe78bb19f100\"},\"breadcrumb\":{\"@id\":\"https:\\\/\\\/batijournal.com\\\/index.php\\\/les-tailleurs-de-pierre-du-chateau-de-brie-comte-robert\\\/106460\\\/#breadcrumb\"},\"inLanguage\":\"fr-FR\",\"potentialAction\":[{\"@type\":\"ReadAction\",\"target\":[\"https:\\\/\\\/batijournal.com\\\/index.php\\\/les-tailleurs-de-pierre-du-chateau-de-brie-comte-robert\\\/106460\\\/\"]}]},{\"@type\":\"ImageObject\",\"inLanguage\":\"fr-FR\",\"@id\":\"https:\\\/\\\/batijournal.com\\\/index.php\\\/les-tailleurs-de-pierre-du-chateau-de-brie-comte-robert\\\/106460\\\/#primaryimage\",\"url\":\"https:\\\/\\\/batijournal.com\\\/wp-content\\\/uploads\\\/2021\\\/10\\\/Capture-de\u0301cran-2021-10-18-a\u0300-10.43.41.png\",\"contentUrl\":\"https:\\\/\\\/batijournal.com\\\/wp-content\\\/uploads\\\/2021\\\/10\\\/Capture-de\u0301cran-2021-10-18-a\u0300-10.43.41.png\",\"width\":1422,\"height\":746},{\"@type\":\"BreadcrumbList\",\"@id\":\"https:\\\/\\\/batijournal.com\\\/index.php\\\/les-tailleurs-de-pierre-du-chateau-de-brie-comte-robert\\\/106460\\\/#breadcrumb\",\"itemListElement\":[{\"@type\":\"ListItem\",\"position\":1,\"name\":\"Accueil\",\"item\":\"https:\\\/\\\/batijournal.com\\\/\"},{\"@type\":\"ListItem\",\"position\":2,\"name\":\"zz_Atrium Patrimoine\",\"item\":\"https:\\\/\\\/batijournal.com\\\/index.php\\\/category\\\/atrium\\\/\"},{\"@type\":\"ListItem\",\"position\":3,\"name\":\"zz_Actualit\u00e9s - Atrium\",\"item\":\"https:\\\/\\\/batijournal.com\\\/index.php\\\/category\\\/atrium\\\/publications-atrium\\\/\"},{\"@type\":\"ListItem\",\"position\":4,\"name\":\"Les tailleurs de pierre du ch\u00e2teau de Brie-Comte-Robert\"}]},{\"@type\":\"WebSite\",\"@id\":\"https:\\\/\\\/batijournal.com\\\/#website\",\"url\":\"https:\\\/\\\/batijournal.com\\\/\",\"name\":\"Batijournal\",\"description\":\"L&#039;actualit\u00e9 du b\u00e2timent\",\"potentialAction\":[{\"@type\":\"SearchAction\",\"target\":{\"@type\":\"EntryPoint\",\"urlTemplate\":\"https:\\\/\\\/batijournal.com\\\/?s={search_term_string}\"},\"query-input\":{\"@type\":\"PropertyValueSpecification\",\"valueRequired\":true,\"valueName\":\"search_term_string\"}}],\"inLanguage\":\"fr-FR\"},{\"@type\":\"Person\",\"@id\":\"https:\\\/\\\/batijournal.com\\\/#\\\/schema\\\/person\\\/1dc96ec6957aa1ccb25ebe78bb19f100\",\"name\":\"St\u00e9phane Miget\",\"image\":{\"@type\":\"ImageObject\",\"inLanguage\":\"fr-FR\",\"@id\":\"https:\\\/\\\/secure.gravatar.com\\\/avatar\\\/89915563d925342126b8ef0281b93d9d7fc337043e8df017f780908eb9644451?s=96&d=mm&r=g\",\"url\":\"https:\\\/\\\/secure.gravatar.com\\\/avatar\\\/89915563d925342126b8ef0281b93d9d7fc337043e8df017f780908eb9644451?s=96&d=mm&r=g\",\"contentUrl\":\"https:\\\/\\\/secure.gravatar.com\\\/avatar\\\/89915563d925342126b8ef0281b93d9d7fc337043e8df017f780908eb9644451?s=96&d=mm&r=g\",\"caption\":\"St\u00e9phane Miget\"},\"url\":\"https:\\\/\\\/batijournal.com\\\/index.php\\\/author\\\/stephane\\\/\"}]}<\/script>\n<!-- \/ Yoast SEO plugin. -->","yoast_head_json":{"title":"Les tailleurs de pierre du ch\u00e2teau de Brie-Comte-Robert","robots":{"index":"index","follow":"follow","max-snippet":"max-snippet:-1","max-image-preview":"max-image-preview:large","max-video-preview":"max-video-preview:-1"},"canonical":"https:\/\/batijournal.com\/index.php\/les-tailleurs-de-pierre-du-chateau-de-brie-comte-robert\/106460\/","og_locale":"fr_FR","og_type":"article","og_title":"Les tailleurs de pierre du ch\u00e2teau de Brie-Comte-Robert","og_description":"L\u2019engagement des b\u00e9n\u00e9voles de l\u2019association Les Amis du Vieux Ch\u00e2teau a permis la renaissance d\u2019un t\u00e9moignage de l\u2019architecture castrale du Moyen \u00c2ge \u00e0 travers le d\u00e9veloppement d\u2019un espace de m\u00e9diation culturelle au coeur de la ville. Dans ce contexte, la construction d\u2019une loge des tailleurs de pierre a \u00e9t\u00e9 r\u00e9compens\u00e9e en 2020 par le premier [&hellip;]","og_url":"https:\/\/batijournal.com\/index.php\/les-tailleurs-de-pierre-du-chateau-de-brie-comte-robert\/106460\/","og_site_name":"Batijournal","article_published_time":"2021-10-27T06:11:55+00:00","og_image":[{"width":1422,"height":746,"url":"https:\/\/batijournal.com\/wp-content\/uploads\/2021\/10\/Capture-de\u0301cran-2021-10-18-a\u0300-10.43.41.png","type":"image\/png"}],"author":"St\u00e9phane Miget","twitter_card":"summary_large_image","twitter_creator":"@bati_journal","twitter_site":"@bati_journal","twitter_misc":{"\u00c9crit par":"St\u00e9phane Miget","Dur\u00e9e de lecture estim\u00e9e":"1 minute"},"schema":{"@context":"https:\/\/schema.org","@graph":[{"@type":"Article","@id":"https:\/\/batijournal.com\/index.php\/les-tailleurs-de-pierre-du-chateau-de-brie-comte-robert\/106460\/#article","isPartOf":{"@id":"https:\/\/batijournal.com\/index.php\/les-tailleurs-de-pierre-du-chateau-de-brie-comte-robert\/106460\/"},"author":{"name":"St\u00e9phane Miget","@id":"https:\/\/batijournal.com\/#\/schema\/person\/1dc96ec6957aa1ccb25ebe78bb19f100"},"headline":"Les tailleurs de pierre du ch\u00e2teau de Brie-Comte-Robert","datePublished":"2021-10-27T06:11:55+00:00","mainEntityOfPage":{"@id":"https:\/\/batijournal.com\/index.php\/les-tailleurs-de-pierre-du-chateau-de-brie-comte-robert\/106460\/"},"wordCount":134,"image":{"@id":"https:\/\/batijournal.com\/index.php\/les-tailleurs-de-pierre-du-chateau-de-brie-comte-robert\/106460\/#primaryimage"},"thumbnailUrl":"https:\/\/batijournal.com\/wp-content\/uploads\/2021\/10\/Capture-de\u0301cran-2021-10-18-a\u0300-10.43.41.png","keywords":["Atrium","concours","Martine Piechaczyk","monument historique","patrimoine"],"articleSection":["Actualit\u00e9s","batijournal TV","zz_Actualit\u00e9s - Atrium","zz_Entreprises et chantiers - AC"],"inLanguage":"fr-FR"},{"@type":"WebPage","@id":"https:\/\/batijournal.com\/index.php\/les-tailleurs-de-pierre-du-chateau-de-brie-comte-robert\/106460\/","url":"https:\/\/batijournal.com\/index.php\/les-tailleurs-de-pierre-du-chateau-de-brie-comte-robert\/106460\/","name":"Les tailleurs de pierre du ch\u00e2teau de Brie-Comte-Robert","isPartOf":{"@id":"https:\/\/batijournal.com\/#website"},"primaryImageOfPage":{"@id":"https:\/\/batijournal.com\/index.php\/les-tailleurs-de-pierre-du-chateau-de-brie-comte-robert\/106460\/#primaryimage"},"image":{"@id":"https:\/\/batijournal.com\/index.php\/les-tailleurs-de-pierre-du-chateau-de-brie-comte-robert\/106460\/#primaryimage"},"thumbnailUrl":"https:\/\/batijournal.com\/wp-content\/uploads\/2021\/10\/Capture-de\u0301cran-2021-10-18-a\u0300-10.43.41.png","datePublished":"2021-10-27T06:11:55+00:00","author":{"@id":"https:\/\/batijournal.com\/#\/schema\/person\/1dc96ec6957aa1ccb25ebe78bb19f100"},"breadcrumb":{"@id":"https:\/\/batijournal.com\/index.php\/les-tailleurs-de-pierre-du-chateau-de-brie-comte-robert\/106460\/#breadcrumb"},"inLanguage":"fr-FR","potentialAction":[{"@type":"ReadAction","target":["https:\/\/batijournal.com\/index.php\/les-tailleurs-de-pierre-du-chateau-de-brie-comte-robert\/106460\/"]}]},{"@type":"ImageObject","inLanguage":"fr-FR","@id":"https:\/\/batijournal.com\/index.php\/les-tailleurs-de-pierre-du-chateau-de-brie-comte-robert\/106460\/#primaryimage","url":"https:\/\/batijournal.com\/wp-content\/uploads\/2021\/10\/Capture-de\u0301cran-2021-10-18-a\u0300-10.43.41.png","contentUrl":"https:\/\/batijournal.com\/wp-content\/uploads\/2021\/10\/Capture-de\u0301cran-2021-10-18-a\u0300-10.43.41.png","width":1422,"height":746},{"@type":"BreadcrumbList","@id":"https:\/\/batijournal.com\/index.php\/les-tailleurs-de-pierre-du-chateau-de-brie-comte-robert\/106460\/#breadcrumb","itemListElement":[{"@type":"ListItem","position":1,"name":"Accueil","item":"https:\/\/batijournal.com\/"},{"@type":"ListItem","position":2,"name":"zz_Atrium Patrimoine","item":"https:\/\/batijournal.com\/index.php\/category\/atrium\/"},{"@type":"ListItem","position":3,"name":"zz_Actualit\u00e9s - Atrium","item":"https:\/\/batijournal.com\/index.php\/category\/atrium\/publications-atrium\/"},{"@type":"ListItem","position":4,"name":"Les tailleurs de pierre du ch\u00e2teau de Brie-Comte-Robert"}]},{"@type":"WebSite","@id":"https:\/\/batijournal.com\/#website","url":"https:\/\/batijournal.com\/","name":"Batijournal","description":"L&#039;actualit\u00e9 du b\u00e2timent","potentialAction":[{"@type":"SearchAction","target":{"@type":"EntryPoint","urlTemplate":"https:\/\/batijournal.com\/?s={search_term_string}"},"query-input":{"@type":"PropertyValueSpecification","valueRequired":true,"valueName":"search_term_string"}}],"inLanguage":"fr-FR"},{"@type":"Person","@id":"https:\/\/batijournal.com\/#\/schema\/person\/1dc96ec6957aa1ccb25ebe78bb19f100","name":"St\u00e9phane Miget","image":{"@type":"ImageObject","inLanguage":"fr-FR","@id":"https:\/\/secure.gravatar.com\/avatar\/89915563d925342126b8ef0281b93d9d7fc337043e8df017f780908eb9644451?s=96&d=mm&r=g","url":"https:\/\/secure.gravatar.com\/avatar\/89915563d925342126b8ef0281b93d9d7fc337043e8df017f780908eb9644451?s=96&d=mm&r=g","contentUrl":"https:\/\/secure.gravatar.com\/avatar\/89915563d925342126b8ef0281b93d9d7fc337043e8df017f780908eb9644451?s=96&d=mm&r=g","caption":"St\u00e9phane Miget"},"url":"https:\/\/batijournal.com\/index.php\/author\/stephane\/"}]}},"_links":{"self":[{"href":"https:\/\/batijournal.com\/index.php\/wp-json\/wp\/v2\/posts\/106460","targetHints":{"allow":["GET"]}}],"collection":[{"href":"https:\/\/batijournal.com\/index.php\/wp-json\/wp\/v2\/posts"}],"about":[{"href":"https:\/\/batijournal.com\/index.php\/wp-json\/wp\/v2\/types\/post"}],"author":[{"embeddable":true,"href":"https:\/\/batijournal.com\/index.php\/wp-json\/wp\/v2\/users\/17"}],"replies":[{"embeddable":true,"href":"https:\/\/batijournal.com\/index.php\/wp-json\/wp\/v2\/comments?post=106460"}],"version-history":[{"count":0,"href":"https:\/\/batijournal.com\/index.php\/wp-json\/wp\/v2\/posts\/106460\/revisions"}],"wp:featuredmedia":[{"embeddable":true,"href":"https:\/\/batijournal.com\/index.php\/wp-json\/wp\/v2\/media\/106458"}],"wp:attachment":[{"href":"https:\/\/batijournal.com\/index.php\/wp-json\/wp\/v2\/media?parent=106460"}],"wp:term":[{"taxonomy":"category","embeddable":true,"href":"https:\/\/batijournal.com\/index.php\/wp-json\/wp\/v2\/categories?post=106460"},{"taxonomy":"post_tag","embeddable":true,"href":"https:\/\/batijournal.com\/index.php\/wp-json\/wp\/v2\/tags?post=106460"}],"curies":[{"name":"wp","href":"https:\/\/api.w.org\/{rel}","templated":true}]}}