{"id":106461,"date":"2021-10-27T08:14:16","date_gmt":"2021-10-27T06:14:16","guid":{"rendered":"https:\/\/batijournal.com\/?p=106461"},"modified":"2021-10-27T08:14:59","modified_gmt":"2021-10-27T06:14:59","slug":"charpentiers-sans-frontieres-et-le-pont-de-bois-du-chateau-dharcourt","status":"publish","type":"post","link":"https:\/\/batijournal.com\/index.php\/charpentiers-sans-frontieres-et-le-pont-de-bois-du-chateau-dharcourt\/106461\/","title":{"rendered":"Charpentiers sans fronti\u00e8res et le pont de bois du ch\u00e2teau d&rsquo;Harcourt"},"content":{"rendered":"<p>Le ch\u00e2teau d\u2019Harcourt, dont la construction remonte au XII\u00e8me si\u00e8cle, appartient au Conseil d\u00e9partemental de l\u2019Eure. Cet \u00e9difice fortifi\u00e9 pr\u00e9sente des vestiges ayant un int\u00e9r\u00eat majeur pour l\u2019histoire de la Normandie. En 2018, l\u2019association Charpentiers sans fronti\u00e8res a entrepris de reconstruire le pont de bois reliant la basse cour \u00e0 la partie haute du ch\u00e2teau. Ce pont de 23 m de long a \u00e9t\u00e9 reconstitu\u00e9 selon des m\u00e9thodes ancestrales de charpenterie \u00e0 la main et les bois sont issus du domaine d\u2019Harcourt. Ce chantier ambitieux a aid\u00e9 \u00e0 la sauvegarde de ce savoir-faire et a permis, au travers d\u2019une d\u00e9marche respectueuse de l\u2019environnement, de dynamiser la visite du lieu. L\u2019association Charpentiers sans fronti\u00e8res a re\u00e7u le premier prix 2020 dans la cat\u00e9gorie patrimoine monumental du concours For\u00eat bois et patrimoine organis\u00e9 par le magazine Atrium et la fondation France bois for\u00eat pour notre patrimoine. Rencontre avec Martine Saint Laurent, vice-pr\u00e9sidente en charge du patrimoine historique de la lecture publique et des archives d\u00e9partementales.<\/p>\n<p><iframe loading=\"lazy\" title=\"YouTube video player\" src=\"https:\/\/www.youtube.com\/embed\/vRypV5xyevM\" width=\"560\" height=\"315\" frameborder=\"0\" allowfullscreen=\"allowfullscreen\"><\/iframe><\/p>\n","protected":false},"excerpt":{"rendered":"<p>Le ch\u00e2teau d\u2019Harcourt, dont la construction remonte au XII\u00e8me si\u00e8cle, appartient au Conseil d\u00e9partemental de l\u2019Eure. Cet \u00e9difice fortifi\u00e9 pr\u00e9sente des vestiges ayant un int\u00e9r\u00eat majeur pour l\u2019histoire de la Normandie. En 2018, l\u2019association Charpentiers sans fronti\u00e8res a entrepris de reconstruire le pont de bois reliant la basse cour \u00e0 la partie haute du ch\u00e2teau. [&hellip;]<\/p>\n","protected":false},"author":17,"featured_media":106462,"comment_status":"closed","ping_status":"closed","sticky":false,"template":"","format":"standard","meta":{"_et_pb_use_builder":"","_et_pb_old_content":"","_et_gb_content_width":"","footnotes":""},"categories":[10530,11200,10789,10787],"tags":[13025,11005,13027,11042,6015],"class_list":["post-106461","post","type-post","status-publish","format-standard","has-post-thumbnail","hentry","category-actualites","category-batijournal-tv","category-publications-atrium","category-entreprises-et-chantiers","tag-atrium","tag-concours","tag-martine-saint-laurent","tag-patrimoine","tag-renovation"],"yoast_head":"<!-- This site is optimized with the Yoast SEO plugin v27.4 - https:\/\/yoast.com\/product\/yoast-seo-wordpress\/ -->\n<title>Charpentiers sans fronti\u00e8res et le pont de bois du ch\u00e2teau d&#039;Harcourt<\/title>\n<meta name=\"robots\" content=\"index, follow, max-snippet:-1, max-image-preview:large, max-video-preview:-1\" \/>\n<link rel=\"canonical\" href=\"https:\/\/batijournal.com\/index.php\/charpentiers-sans-frontieres-et-le-pont-de-bois-du-chateau-dharcourt\/106461\/\" \/>\n<meta property=\"og:locale\" content=\"fr_FR\" \/>\n<meta property=\"og:type\" content=\"article\" \/>\n<meta property=\"og:title\" content=\"Charpentiers sans fronti\u00e8res et le pont de bois du ch\u00e2teau d&#039;Harcourt\" \/>\n<meta property=\"og:description\" content=\"Le ch\u00e2teau d\u2019Harcourt, dont la construction remonte au XII\u00e8me si\u00e8cle, appartient au Conseil d\u00e9partemental de l\u2019Eure. Cet \u00e9difice fortifi\u00e9 pr\u00e9sente des vestiges ayant un int\u00e9r\u00eat majeur pour l\u2019histoire de la Normandie. En 2018, l\u2019association Charpentiers sans fronti\u00e8res a entrepris de reconstruire le pont de bois reliant la basse cour \u00e0 la partie haute du ch\u00e2teau. [&hellip;]\" \/>\n<meta property=\"og:url\" content=\"https:\/\/batijournal.com\/index.php\/charpentiers-sans-frontieres-et-le-pont-de-bois-du-chateau-dharcourt\/106461\/\" \/>\n<meta property=\"og:site_name\" content=\"Batijournal\" \/>\n<meta property=\"article:published_time\" content=\"2021-10-27T06:14:16+00:00\" \/>\n<meta property=\"article:modified_time\" content=\"2021-10-27T06:14:59+00:00\" \/>\n<meta property=\"og:image\" content=\"https:\/\/batijournal.com\/wp-content\/uploads\/2021\/10\/Capture-de\u0301cran-2021-10-18-a\u0300-11.19.39.png\" \/>\n\t<meta property=\"og:image:width\" content=\"1422\" \/>\n\t<meta property=\"og:image:height\" content=\"747\" \/>\n\t<meta property=\"og:image:type\" content=\"image\/png\" \/>\n<meta name=\"author\" content=\"St\u00e9phane Miget\" \/>\n<meta name=\"twitter:card\" content=\"summary_large_image\" \/>\n<meta name=\"twitter:creator\" content=\"@bati_journal\" \/>\n<meta name=\"twitter:site\" content=\"@bati_journal\" \/>\n<meta name=\"twitter:label1\" content=\"\u00c9crit par\" \/>\n\t<meta name=\"twitter:data1\" content=\"St\u00e9phane Miget\" \/>\n\t<meta name=\"twitter:label2\" content=\"Dur\u00e9e de lecture estim\u00e9e\" \/>\n\t<meta name=\"twitter:data2\" content=\"1 minute\" \/>\n<script type=\"application\/ld+json\" class=\"yoast-schema-graph\">{\"@context\":\"https:\\\/\\\/schema.org\",\"@graph\":[{\"@type\":\"Article\",\"@id\":\"https:\\\/\\\/batijournal.com\\\/index.php\\\/charpentiers-sans-frontieres-et-le-pont-de-bois-du-chateau-dharcourt\\\/106461\\\/#article\",\"isPartOf\":{\"@id\":\"https:\\\/\\\/batijournal.com\\\/index.php\\\/charpentiers-sans-frontieres-et-le-pont-de-bois-du-chateau-dharcourt\\\/106461\\\/\"},\"author\":{\"name\":\"St\u00e9phane Miget\",\"@id\":\"https:\\\/\\\/batijournal.com\\\/#\\\/schema\\\/person\\\/1dc96ec6957aa1ccb25ebe78bb19f100\"},\"headline\":\"Charpentiers sans fronti\u00e8res et le pont de bois du ch\u00e2teau d&rsquo;Harcourt\",\"datePublished\":\"2021-10-27T06:14:16+00:00\",\"dateModified\":\"2021-10-27T06:14:59+00:00\",\"mainEntityOfPage\":{\"@id\":\"https:\\\/\\\/batijournal.com\\\/index.php\\\/charpentiers-sans-frontieres-et-le-pont-de-bois-du-chateau-dharcourt\\\/106461\\\/\"},\"wordCount\":197,\"image\":{\"@id\":\"https:\\\/\\\/batijournal.com\\\/index.php\\\/charpentiers-sans-frontieres-et-le-pont-de-bois-du-chateau-dharcourt\\\/106461\\\/#primaryimage\"},\"thumbnailUrl\":\"https:\\\/\\\/batijournal.com\\\/wp-content\\\/uploads\\\/2021\\\/10\\\/Capture-de\u0301cran-2021-10-18-a\u0300-11.19.39.png\",\"keywords\":[\"Atrium\",\"concours\",\"Martine Saint Laurent\",\"patrimoine\",\"r\u00e9novation\"],\"articleSection\":[\"Actualit\u00e9s\",\"batijournal TV\",\"zz_Actualit\u00e9s - Atrium\",\"zz_Entreprises et chantiers - AC\"],\"inLanguage\":\"fr-FR\"},{\"@type\":\"WebPage\",\"@id\":\"https:\\\/\\\/batijournal.com\\\/index.php\\\/charpentiers-sans-frontieres-et-le-pont-de-bois-du-chateau-dharcourt\\\/106461\\\/\",\"url\":\"https:\\\/\\\/batijournal.com\\\/index.php\\\/charpentiers-sans-frontieres-et-le-pont-de-bois-du-chateau-dharcourt\\\/106461\\\/\",\"name\":\"Charpentiers sans fronti\u00e8res et le pont de bois du ch\u00e2teau d'Harcourt\",\"isPartOf\":{\"@id\":\"https:\\\/\\\/batijournal.com\\\/#website\"},\"primaryImageOfPage\":{\"@id\":\"https:\\\/\\\/batijournal.com\\\/index.php\\\/charpentiers-sans-frontieres-et-le-pont-de-bois-du-chateau-dharcourt\\\/106461\\\/#primaryimage\"},\"image\":{\"@id\":\"https:\\\/\\\/batijournal.com\\\/index.php\\\/charpentiers-sans-frontieres-et-le-pont-de-bois-du-chateau-dharcourt\\\/106461\\\/#primaryimage\"},\"thumbnailUrl\":\"https:\\\/\\\/batijournal.com\\\/wp-content\\\/uploads\\\/2021\\\/10\\\/Capture-de\u0301cran-2021-10-18-a\u0300-11.19.39.png\",\"datePublished\":\"2021-10-27T06:14:16+00:00\",\"dateModified\":\"2021-10-27T06:14:59+00:00\",\"author\":{\"@id\":\"https:\\\/\\\/batijournal.com\\\/#\\\/schema\\\/person\\\/1dc96ec6957aa1ccb25ebe78bb19f100\"},\"breadcrumb\":{\"@id\":\"https:\\\/\\\/batijournal.com\\\/index.php\\\/charpentiers-sans-frontieres-et-le-pont-de-bois-du-chateau-dharcourt\\\/106461\\\/#breadcrumb\"},\"inLanguage\":\"fr-FR\",\"potentialAction\":[{\"@type\":\"ReadAction\",\"target\":[\"https:\\\/\\\/batijournal.com\\\/index.php\\\/charpentiers-sans-frontieres-et-le-pont-de-bois-du-chateau-dharcourt\\\/106461\\\/\"]}]},{\"@type\":\"ImageObject\",\"inLanguage\":\"fr-FR\",\"@id\":\"https:\\\/\\\/batijournal.com\\\/index.php\\\/charpentiers-sans-frontieres-et-le-pont-de-bois-du-chateau-dharcourt\\\/106461\\\/#primaryimage\",\"url\":\"https:\\\/\\\/batijournal.com\\\/wp-content\\\/uploads\\\/2021\\\/10\\\/Capture-de\u0301cran-2021-10-18-a\u0300-11.19.39.png\",\"contentUrl\":\"https:\\\/\\\/batijournal.com\\\/wp-content\\\/uploads\\\/2021\\\/10\\\/Capture-de\u0301cran-2021-10-18-a\u0300-11.19.39.png\",\"width\":1422,\"height\":747},{\"@type\":\"BreadcrumbList\",\"@id\":\"https:\\\/\\\/batijournal.com\\\/index.php\\\/charpentiers-sans-frontieres-et-le-pont-de-bois-du-chateau-dharcourt\\\/106461\\\/#breadcrumb\",\"itemListElement\":[{\"@type\":\"ListItem\",\"position\":1,\"name\":\"Accueil\",\"item\":\"https:\\\/\\\/batijournal.com\\\/\"},{\"@type\":\"ListItem\",\"position\":2,\"name\":\"zz_Atrium Patrimoine\",\"item\":\"https:\\\/\\\/batijournal.com\\\/index.php\\\/category\\\/atrium\\\/\"},{\"@type\":\"ListItem\",\"position\":3,\"name\":\"zz_Actualit\u00e9s - Atrium\",\"item\":\"https:\\\/\\\/batijournal.com\\\/index.php\\\/category\\\/atrium\\\/publications-atrium\\\/\"},{\"@type\":\"ListItem\",\"position\":4,\"name\":\"Charpentiers sans fronti\u00e8res et le pont de bois du ch\u00e2teau d&rsquo;Harcourt\"}]},{\"@type\":\"WebSite\",\"@id\":\"https:\\\/\\\/batijournal.com\\\/#website\",\"url\":\"https:\\\/\\\/batijournal.com\\\/\",\"name\":\"Batijournal\",\"description\":\"L&#039;actualit\u00e9 du b\u00e2timent\",\"potentialAction\":[{\"@type\":\"SearchAction\",\"target\":{\"@type\":\"EntryPoint\",\"urlTemplate\":\"https:\\\/\\\/batijournal.com\\\/?s={search_term_string}\"},\"query-input\":{\"@type\":\"PropertyValueSpecification\",\"valueRequired\":true,\"valueName\":\"search_term_string\"}}],\"inLanguage\":\"fr-FR\"},{\"@type\":\"Person\",\"@id\":\"https:\\\/\\\/batijournal.com\\\/#\\\/schema\\\/person\\\/1dc96ec6957aa1ccb25ebe78bb19f100\",\"name\":\"St\u00e9phane Miget\",\"image\":{\"@type\":\"ImageObject\",\"inLanguage\":\"fr-FR\",\"@id\":\"https:\\\/\\\/secure.gravatar.com\\\/avatar\\\/89915563d925342126b8ef0281b93d9d7fc337043e8df017f780908eb9644451?s=96&d=mm&r=g\",\"url\":\"https:\\\/\\\/secure.gravatar.com\\\/avatar\\\/89915563d925342126b8ef0281b93d9d7fc337043e8df017f780908eb9644451?s=96&d=mm&r=g\",\"contentUrl\":\"https:\\\/\\\/secure.gravatar.com\\\/avatar\\\/89915563d925342126b8ef0281b93d9d7fc337043e8df017f780908eb9644451?s=96&d=mm&r=g\",\"caption\":\"St\u00e9phane Miget\"},\"url\":\"https:\\\/\\\/batijournal.com\\\/index.php\\\/author\\\/stephane\\\/\"}]}<\/script>\n<!-- \/ Yoast SEO plugin. -->","yoast_head_json":{"title":"Charpentiers sans fronti\u00e8res et le pont de bois du ch\u00e2teau d'Harcourt","robots":{"index":"index","follow":"follow","max-snippet":"max-snippet:-1","max-image-preview":"max-image-preview:large","max-video-preview":"max-video-preview:-1"},"canonical":"https:\/\/batijournal.com\/index.php\/charpentiers-sans-frontieres-et-le-pont-de-bois-du-chateau-dharcourt\/106461\/","og_locale":"fr_FR","og_type":"article","og_title":"Charpentiers sans fronti\u00e8res et le pont de bois du ch\u00e2teau d'Harcourt","og_description":"Le ch\u00e2teau d\u2019Harcourt, dont la construction remonte au XII\u00e8me si\u00e8cle, appartient au Conseil d\u00e9partemental de l\u2019Eure. Cet \u00e9difice fortifi\u00e9 pr\u00e9sente des vestiges ayant un int\u00e9r\u00eat majeur pour l\u2019histoire de la Normandie. En 2018, l\u2019association Charpentiers sans fronti\u00e8res a entrepris de reconstruire le pont de bois reliant la basse cour \u00e0 la partie haute du ch\u00e2teau. [&hellip;]","og_url":"https:\/\/batijournal.com\/index.php\/charpentiers-sans-frontieres-et-le-pont-de-bois-du-chateau-dharcourt\/106461\/","og_site_name":"Batijournal","article_published_time":"2021-10-27T06:14:16+00:00","article_modified_time":"2021-10-27T06:14:59+00:00","og_image":[{"width":1422,"height":747,"url":"https:\/\/batijournal.com\/wp-content\/uploads\/2021\/10\/Capture-de\u0301cran-2021-10-18-a\u0300-11.19.39.png","type":"image\/png"}],"author":"St\u00e9phane Miget","twitter_card":"summary_large_image","twitter_creator":"@bati_journal","twitter_site":"@bati_journal","twitter_misc":{"\u00c9crit par":"St\u00e9phane Miget","Dur\u00e9e de lecture estim\u00e9e":"1 minute"},"schema":{"@context":"https:\/\/schema.org","@graph":[{"@type":"Article","@id":"https:\/\/batijournal.com\/index.php\/charpentiers-sans-frontieres-et-le-pont-de-bois-du-chateau-dharcourt\/106461\/#article","isPartOf":{"@id":"https:\/\/batijournal.com\/index.php\/charpentiers-sans-frontieres-et-le-pont-de-bois-du-chateau-dharcourt\/106461\/"},"author":{"name":"St\u00e9phane Miget","@id":"https:\/\/batijournal.com\/#\/schema\/person\/1dc96ec6957aa1ccb25ebe78bb19f100"},"headline":"Charpentiers sans fronti\u00e8res et le pont de bois du ch\u00e2teau d&rsquo;Harcourt","datePublished":"2021-10-27T06:14:16+00:00","dateModified":"2021-10-27T06:14:59+00:00","mainEntityOfPage":{"@id":"https:\/\/batijournal.com\/index.php\/charpentiers-sans-frontieres-et-le-pont-de-bois-du-chateau-dharcourt\/106461\/"},"wordCount":197,"image":{"@id":"https:\/\/batijournal.com\/index.php\/charpentiers-sans-frontieres-et-le-pont-de-bois-du-chateau-dharcourt\/106461\/#primaryimage"},"thumbnailUrl":"https:\/\/batijournal.com\/wp-content\/uploads\/2021\/10\/Capture-de\u0301cran-2021-10-18-a\u0300-11.19.39.png","keywords":["Atrium","concours","Martine Saint Laurent","patrimoine","r\u00e9novation"],"articleSection":["Actualit\u00e9s","batijournal TV","zz_Actualit\u00e9s - Atrium","zz_Entreprises et chantiers - AC"],"inLanguage":"fr-FR"},{"@type":"WebPage","@id":"https:\/\/batijournal.com\/index.php\/charpentiers-sans-frontieres-et-le-pont-de-bois-du-chateau-dharcourt\/106461\/","url":"https:\/\/batijournal.com\/index.php\/charpentiers-sans-frontieres-et-le-pont-de-bois-du-chateau-dharcourt\/106461\/","name":"Charpentiers sans fronti\u00e8res et le pont de bois du ch\u00e2teau d'Harcourt","isPartOf":{"@id":"https:\/\/batijournal.com\/#website"},"primaryImageOfPage":{"@id":"https:\/\/batijournal.com\/index.php\/charpentiers-sans-frontieres-et-le-pont-de-bois-du-chateau-dharcourt\/106461\/#primaryimage"},"image":{"@id":"https:\/\/batijournal.com\/index.php\/charpentiers-sans-frontieres-et-le-pont-de-bois-du-chateau-dharcourt\/106461\/#primaryimage"},"thumbnailUrl":"https:\/\/batijournal.com\/wp-content\/uploads\/2021\/10\/Capture-de\u0301cran-2021-10-18-a\u0300-11.19.39.png","datePublished":"2021-10-27T06:14:16+00:00","dateModified":"2021-10-27T06:14:59+00:00","author":{"@id":"https:\/\/batijournal.com\/#\/schema\/person\/1dc96ec6957aa1ccb25ebe78bb19f100"},"breadcrumb":{"@id":"https:\/\/batijournal.com\/index.php\/charpentiers-sans-frontieres-et-le-pont-de-bois-du-chateau-dharcourt\/106461\/#breadcrumb"},"inLanguage":"fr-FR","potentialAction":[{"@type":"ReadAction","target":["https:\/\/batijournal.com\/index.php\/charpentiers-sans-frontieres-et-le-pont-de-bois-du-chateau-dharcourt\/106461\/"]}]},{"@type":"ImageObject","inLanguage":"fr-FR","@id":"https:\/\/batijournal.com\/index.php\/charpentiers-sans-frontieres-et-le-pont-de-bois-du-chateau-dharcourt\/106461\/#primaryimage","url":"https:\/\/batijournal.com\/wp-content\/uploads\/2021\/10\/Capture-de\u0301cran-2021-10-18-a\u0300-11.19.39.png","contentUrl":"https:\/\/batijournal.com\/wp-content\/uploads\/2021\/10\/Capture-de\u0301cran-2021-10-18-a\u0300-11.19.39.png","width":1422,"height":747},{"@type":"BreadcrumbList","@id":"https:\/\/batijournal.com\/index.php\/charpentiers-sans-frontieres-et-le-pont-de-bois-du-chateau-dharcourt\/106461\/#breadcrumb","itemListElement":[{"@type":"ListItem","position":1,"name":"Accueil","item":"https:\/\/batijournal.com\/"},{"@type":"ListItem","position":2,"name":"zz_Atrium Patrimoine","item":"https:\/\/batijournal.com\/index.php\/category\/atrium\/"},{"@type":"ListItem","position":3,"name":"zz_Actualit\u00e9s - Atrium","item":"https:\/\/batijournal.com\/index.php\/category\/atrium\/publications-atrium\/"},{"@type":"ListItem","position":4,"name":"Charpentiers sans fronti\u00e8res et le pont de bois du ch\u00e2teau d&rsquo;Harcourt"}]},{"@type":"WebSite","@id":"https:\/\/batijournal.com\/#website","url":"https:\/\/batijournal.com\/","name":"Batijournal","description":"L&#039;actualit\u00e9 du b\u00e2timent","potentialAction":[{"@type":"SearchAction","target":{"@type":"EntryPoint","urlTemplate":"https:\/\/batijournal.com\/?s={search_term_string}"},"query-input":{"@type":"PropertyValueSpecification","valueRequired":true,"valueName":"search_term_string"}}],"inLanguage":"fr-FR"},{"@type":"Person","@id":"https:\/\/batijournal.com\/#\/schema\/person\/1dc96ec6957aa1ccb25ebe78bb19f100","name":"St\u00e9phane Miget","image":{"@type":"ImageObject","inLanguage":"fr-FR","@id":"https:\/\/secure.gravatar.com\/avatar\/89915563d925342126b8ef0281b93d9d7fc337043e8df017f780908eb9644451?s=96&d=mm&r=g","url":"https:\/\/secure.gravatar.com\/avatar\/89915563d925342126b8ef0281b93d9d7fc337043e8df017f780908eb9644451?s=96&d=mm&r=g","contentUrl":"https:\/\/secure.gravatar.com\/avatar\/89915563d925342126b8ef0281b93d9d7fc337043e8df017f780908eb9644451?s=96&d=mm&r=g","caption":"St\u00e9phane Miget"},"url":"https:\/\/batijournal.com\/index.php\/author\/stephane\/"}]}},"_links":{"self":[{"href":"https:\/\/batijournal.com\/index.php\/wp-json\/wp\/v2\/posts\/106461","targetHints":{"allow":["GET"]}}],"collection":[{"href":"https:\/\/batijournal.com\/index.php\/wp-json\/wp\/v2\/posts"}],"about":[{"href":"https:\/\/batijournal.com\/index.php\/wp-json\/wp\/v2\/types\/post"}],"author":[{"embeddable":true,"href":"https:\/\/batijournal.com\/index.php\/wp-json\/wp\/v2\/users\/17"}],"replies":[{"embeddable":true,"href":"https:\/\/batijournal.com\/index.php\/wp-json\/wp\/v2\/comments?post=106461"}],"version-history":[{"count":0,"href":"https:\/\/batijournal.com\/index.php\/wp-json\/wp\/v2\/posts\/106461\/revisions"}],"wp:featuredmedia":[{"embeddable":true,"href":"https:\/\/batijournal.com\/index.php\/wp-json\/wp\/v2\/media\/106462"}],"wp:attachment":[{"href":"https:\/\/batijournal.com\/index.php\/wp-json\/wp\/v2\/media?parent=106461"}],"wp:term":[{"taxonomy":"category","embeddable":true,"href":"https:\/\/batijournal.com\/index.php\/wp-json\/wp\/v2\/categories?post=106461"},{"taxonomy":"post_tag","embeddable":true,"href":"https:\/\/batijournal.com\/index.php\/wp-json\/wp\/v2\/tags?post=106461"}],"curies":[{"name":"wp","href":"https:\/\/api.w.org\/{rel}","templated":true}]}}