{"id":106467,"date":"2021-10-20T13:35:55","date_gmt":"2021-10-20T11:35:55","guid":{"rendered":"https:\/\/batijournal.com\/?p=106467"},"modified":"2021-10-20T13:35:55","modified_gmt":"2021-10-20T11:35:55","slug":"reconstruction-de-lermitage-de-la-petite-abbaye","status":"publish","type":"post","link":"https:\/\/batijournal.com\/index.php\/reconstruction-de-lermitage-de-la-petite-abbaye\/106467\/","title":{"rendered":"Reconstruction de l&rsquo;Ermitage de la petite abbaye"},"content":{"rendered":"<p>Cette r\u00e9alisation a re\u00e7u en 2020 le 1er prix de la \u00ab Cat\u00e9gorie patrimoine de proximit\u00e9 \u00bb du concours For\u00eat, bois et patrimoine, co-organis\u00e9 par la fondation France bois for\u00eat pour notre patrimoine et le magazine Atrium, patrimoine et restauration. \u00a0Atrium est parti \u00e0 la rencontre de V\u00e9ronique AVIAT, propri\u00e9taire de l&rsquo;ermitage. \u00a0Ce b\u00e2timent du 16\u00e8me \/ 17\u00e8me si\u00e8cle a \u00e9t\u00e9 enti\u00e8rement r\u00e9nov\u00e9.<\/p>\n<p>&nbsp;<\/p>\n<p><iframe loading=\"lazy\" title=\"YouTube video player\" src=\"https:\/\/www.youtube.com\/embed\/AFvM3s7_lrI\" width=\"560\" height=\"315\" frameborder=\"0\" allowfullscreen=\"allowfullscreen\"><\/iframe><\/p>\n","protected":false},"excerpt":{"rendered":"<p>Cette r\u00e9alisation a re\u00e7u en 2020 le 1er prix de la \u00ab Cat\u00e9gorie patrimoine de proximit\u00e9 \u00bb du concours For\u00eat, bois et patrimoine, co-organis\u00e9 par la fondation France bois for\u00eat pour notre patrimoine et le magazine Atrium, patrimoine et restauration. \u00a0Atrium est parti \u00e0 la rencontre de V\u00e9ronique AVIAT, propri\u00e9taire de l&rsquo;ermitage. \u00a0Ce b\u00e2timent du [&hellip;]<\/p>\n","protected":false},"author":17,"featured_media":106468,"comment_status":"closed","ping_status":"closed","sticky":false,"template":"","format":"standard","meta":{"_et_pb_use_builder":"","_et_pb_old_content":"","_et_gb_content_width":"","footnotes":""},"categories":[10530,6340,11200,10789,10787],"tags":[13025,11005,13039,6015,1308,13024],"class_list":["post-106467","post","type-post","status-publish","format-standard","has-post-thumbnail","hentry","category-actualites","category-architecture-conception","category-batijournal-tv","category-publications-atrium","category-entreprises-et-chantiers","tag-atrium","tag-concours","tag-concours-foret-bois-et-patrimoine","tag-renovation","tag-restauration","tag-veronique-aviat"],"yoast_head":"<!-- This site is optimized with the Yoast SEO plugin v27.4 - https:\/\/yoast.com\/product\/yoast-seo-wordpress\/ -->\n<title>Reconstruction de l&#039;Ermitage de la petite abbaye<\/title>\n<meta name=\"robots\" content=\"index, follow, max-snippet:-1, max-image-preview:large, max-video-preview:-1\" \/>\n<link rel=\"canonical\" href=\"https:\/\/batijournal.com\/index.php\/reconstruction-de-lermitage-de-la-petite-abbaye\/106467\/\" \/>\n<meta property=\"og:locale\" content=\"fr_FR\" \/>\n<meta property=\"og:type\" content=\"article\" \/>\n<meta property=\"og:title\" content=\"Reconstruction de l&#039;Ermitage de la petite abbaye\" \/>\n<meta property=\"og:description\" content=\"Cette r\u00e9alisation a re\u00e7u en 2020 le 1er prix de la \u00ab Cat\u00e9gorie patrimoine de proximit\u00e9 \u00bb du concours For\u00eat, bois et patrimoine, co-organis\u00e9 par la fondation France bois for\u00eat pour notre patrimoine et le magazine Atrium, patrimoine et restauration. \u00a0Atrium est parti \u00e0 la rencontre de V\u00e9ronique AVIAT, propri\u00e9taire de l&rsquo;ermitage. \u00a0Ce b\u00e2timent du [&hellip;]\" \/>\n<meta property=\"og:url\" content=\"https:\/\/batijournal.com\/index.php\/reconstruction-de-lermitage-de-la-petite-abbaye\/106467\/\" \/>\n<meta property=\"og:site_name\" content=\"Batijournal\" \/>\n<meta property=\"article:published_time\" content=\"2021-10-20T11:35:55+00:00\" \/>\n<meta property=\"og:image\" content=\"https:\/\/batijournal.com\/wp-content\/uploads\/2021\/10\/Capture-de\u0301cran-2021-10-18-a\u0300-16.07.09.png\" \/>\n\t<meta property=\"og:image:width\" content=\"1278\" \/>\n\t<meta property=\"og:image:height\" content=\"717\" \/>\n\t<meta property=\"og:image:type\" content=\"image\/png\" \/>\n<meta name=\"author\" content=\"St\u00e9phane Miget\" \/>\n<meta name=\"twitter:card\" content=\"summary_large_image\" \/>\n<meta name=\"twitter:creator\" content=\"@bati_journal\" \/>\n<meta name=\"twitter:site\" content=\"@bati_journal\" \/>\n<meta name=\"twitter:label1\" content=\"\u00c9crit par\" \/>\n\t<meta name=\"twitter:data1\" content=\"St\u00e9phane Miget\" \/>\n<script type=\"application\/ld+json\" class=\"yoast-schema-graph\">{\"@context\":\"https:\\\/\\\/schema.org\",\"@graph\":[{\"@type\":\"Article\",\"@id\":\"https:\\\/\\\/batijournal.com\\\/index.php\\\/reconstruction-de-lermitage-de-la-petite-abbaye\\\/106467\\\/#article\",\"isPartOf\":{\"@id\":\"https:\\\/\\\/batijournal.com\\\/index.php\\\/reconstruction-de-lermitage-de-la-petite-abbaye\\\/106467\\\/\"},\"author\":{\"name\":\"St\u00e9phane Miget\",\"@id\":\"https:\\\/\\\/batijournal.com\\\/#\\\/schema\\\/person\\\/1dc96ec6957aa1ccb25ebe78bb19f100\"},\"headline\":\"Reconstruction de l&rsquo;Ermitage de la petite abbaye\",\"datePublished\":\"2021-10-20T11:35:55+00:00\",\"mainEntityOfPage\":{\"@id\":\"https:\\\/\\\/batijournal.com\\\/index.php\\\/reconstruction-de-lermitage-de-la-petite-abbaye\\\/106467\\\/\"},\"wordCount\":79,\"image\":{\"@id\":\"https:\\\/\\\/batijournal.com\\\/index.php\\\/reconstruction-de-lermitage-de-la-petite-abbaye\\\/106467\\\/#primaryimage\"},\"thumbnailUrl\":\"https:\\\/\\\/batijournal.com\\\/wp-content\\\/uploads\\\/2021\\\/10\\\/Capture-de\u0301cran-2021-10-18-a\u0300-16.07.09.png\",\"keywords\":[\"Atrium\",\"concours\",\"concours For\u00eat bois et patrimoine\",\"r\u00e9novation\",\"restauration\",\"V\u00e9ronique Aviat\"],\"articleSection\":[\"Actualit\u00e9s\",\"Architecture &amp; Conception\",\"batijournal TV\",\"zz_Actualit\u00e9s - Atrium\",\"zz_Entreprises et chantiers - AC\"],\"inLanguage\":\"fr-FR\"},{\"@type\":\"WebPage\",\"@id\":\"https:\\\/\\\/batijournal.com\\\/index.php\\\/reconstruction-de-lermitage-de-la-petite-abbaye\\\/106467\\\/\",\"url\":\"https:\\\/\\\/batijournal.com\\\/index.php\\\/reconstruction-de-lermitage-de-la-petite-abbaye\\\/106467\\\/\",\"name\":\"Reconstruction de l'Ermitage de la petite abbaye\",\"isPartOf\":{\"@id\":\"https:\\\/\\\/batijournal.com\\\/#website\"},\"primaryImageOfPage\":{\"@id\":\"https:\\\/\\\/batijournal.com\\\/index.php\\\/reconstruction-de-lermitage-de-la-petite-abbaye\\\/106467\\\/#primaryimage\"},\"image\":{\"@id\":\"https:\\\/\\\/batijournal.com\\\/index.php\\\/reconstruction-de-lermitage-de-la-petite-abbaye\\\/106467\\\/#primaryimage\"},\"thumbnailUrl\":\"https:\\\/\\\/batijournal.com\\\/wp-content\\\/uploads\\\/2021\\\/10\\\/Capture-de\u0301cran-2021-10-18-a\u0300-16.07.09.png\",\"datePublished\":\"2021-10-20T11:35:55+00:00\",\"author\":{\"@id\":\"https:\\\/\\\/batijournal.com\\\/#\\\/schema\\\/person\\\/1dc96ec6957aa1ccb25ebe78bb19f100\"},\"breadcrumb\":{\"@id\":\"https:\\\/\\\/batijournal.com\\\/index.php\\\/reconstruction-de-lermitage-de-la-petite-abbaye\\\/106467\\\/#breadcrumb\"},\"inLanguage\":\"fr-FR\",\"potentialAction\":[{\"@type\":\"ReadAction\",\"target\":[\"https:\\\/\\\/batijournal.com\\\/index.php\\\/reconstruction-de-lermitage-de-la-petite-abbaye\\\/106467\\\/\"]}]},{\"@type\":\"ImageObject\",\"inLanguage\":\"fr-FR\",\"@id\":\"https:\\\/\\\/batijournal.com\\\/index.php\\\/reconstruction-de-lermitage-de-la-petite-abbaye\\\/106467\\\/#primaryimage\",\"url\":\"https:\\\/\\\/batijournal.com\\\/wp-content\\\/uploads\\\/2021\\\/10\\\/Capture-de\u0301cran-2021-10-18-a\u0300-16.07.09.png\",\"contentUrl\":\"https:\\\/\\\/batijournal.com\\\/wp-content\\\/uploads\\\/2021\\\/10\\\/Capture-de\u0301cran-2021-10-18-a\u0300-16.07.09.png\",\"width\":1278,\"height\":717},{\"@type\":\"BreadcrumbList\",\"@id\":\"https:\\\/\\\/batijournal.com\\\/index.php\\\/reconstruction-de-lermitage-de-la-petite-abbaye\\\/106467\\\/#breadcrumb\",\"itemListElement\":[{\"@type\":\"ListItem\",\"position\":1,\"name\":\"Accueil\",\"item\":\"https:\\\/\\\/batijournal.com\\\/\"},{\"@type\":\"ListItem\",\"position\":2,\"name\":\"Actualit\u00e9s\",\"item\":\"https:\\\/\\\/batijournal.com\\\/index.php\\\/category\\\/actualites\\\/\"},{\"@type\":\"ListItem\",\"position\":3,\"name\":\"Architecture &amp; Conception\",\"item\":\"https:\\\/\\\/batijournal.com\\\/index.php\\\/category\\\/actualites\\\/architecture-conception\\\/\"},{\"@type\":\"ListItem\",\"position\":4,\"name\":\"Reconstruction de l&rsquo;Ermitage de la petite abbaye\"}]},{\"@type\":\"WebSite\",\"@id\":\"https:\\\/\\\/batijournal.com\\\/#website\",\"url\":\"https:\\\/\\\/batijournal.com\\\/\",\"name\":\"Batijournal\",\"description\":\"L&#039;actualit\u00e9 du b\u00e2timent\",\"potentialAction\":[{\"@type\":\"SearchAction\",\"target\":{\"@type\":\"EntryPoint\",\"urlTemplate\":\"https:\\\/\\\/batijournal.com\\\/?s={search_term_string}\"},\"query-input\":{\"@type\":\"PropertyValueSpecification\",\"valueRequired\":true,\"valueName\":\"search_term_string\"}}],\"inLanguage\":\"fr-FR\"},{\"@type\":\"Person\",\"@id\":\"https:\\\/\\\/batijournal.com\\\/#\\\/schema\\\/person\\\/1dc96ec6957aa1ccb25ebe78bb19f100\",\"name\":\"St\u00e9phane Miget\",\"image\":{\"@type\":\"ImageObject\",\"inLanguage\":\"fr-FR\",\"@id\":\"https:\\\/\\\/secure.gravatar.com\\\/avatar\\\/89915563d925342126b8ef0281b93d9d7fc337043e8df017f780908eb9644451?s=96&d=mm&r=g\",\"url\":\"https:\\\/\\\/secure.gravatar.com\\\/avatar\\\/89915563d925342126b8ef0281b93d9d7fc337043e8df017f780908eb9644451?s=96&d=mm&r=g\",\"contentUrl\":\"https:\\\/\\\/secure.gravatar.com\\\/avatar\\\/89915563d925342126b8ef0281b93d9d7fc337043e8df017f780908eb9644451?s=96&d=mm&r=g\",\"caption\":\"St\u00e9phane Miget\"},\"url\":\"https:\\\/\\\/batijournal.com\\\/index.php\\\/author\\\/stephane\\\/\"}]}<\/script>\n<!-- \/ Yoast SEO plugin. -->","yoast_head_json":{"title":"Reconstruction de l'Ermitage de la petite abbaye","robots":{"index":"index","follow":"follow","max-snippet":"max-snippet:-1","max-image-preview":"max-image-preview:large","max-video-preview":"max-video-preview:-1"},"canonical":"https:\/\/batijournal.com\/index.php\/reconstruction-de-lermitage-de-la-petite-abbaye\/106467\/","og_locale":"fr_FR","og_type":"article","og_title":"Reconstruction de l'Ermitage de la petite abbaye","og_description":"Cette r\u00e9alisation a re\u00e7u en 2020 le 1er prix de la \u00ab Cat\u00e9gorie patrimoine de proximit\u00e9 \u00bb du concours For\u00eat, bois et patrimoine, co-organis\u00e9 par la fondation France bois for\u00eat pour notre patrimoine et le magazine Atrium, patrimoine et restauration. \u00a0Atrium est parti \u00e0 la rencontre de V\u00e9ronique AVIAT, propri\u00e9taire de l&rsquo;ermitage. \u00a0Ce b\u00e2timent du [&hellip;]","og_url":"https:\/\/batijournal.com\/index.php\/reconstruction-de-lermitage-de-la-petite-abbaye\/106467\/","og_site_name":"Batijournal","article_published_time":"2021-10-20T11:35:55+00:00","og_image":[{"width":1278,"height":717,"url":"https:\/\/batijournal.com\/wp-content\/uploads\/2021\/10\/Capture-de\u0301cran-2021-10-18-a\u0300-16.07.09.png","type":"image\/png"}],"author":"St\u00e9phane Miget","twitter_card":"summary_large_image","twitter_creator":"@bati_journal","twitter_site":"@bati_journal","twitter_misc":{"\u00c9crit par":"St\u00e9phane Miget"},"schema":{"@context":"https:\/\/schema.org","@graph":[{"@type":"Article","@id":"https:\/\/batijournal.com\/index.php\/reconstruction-de-lermitage-de-la-petite-abbaye\/106467\/#article","isPartOf":{"@id":"https:\/\/batijournal.com\/index.php\/reconstruction-de-lermitage-de-la-petite-abbaye\/106467\/"},"author":{"name":"St\u00e9phane Miget","@id":"https:\/\/batijournal.com\/#\/schema\/person\/1dc96ec6957aa1ccb25ebe78bb19f100"},"headline":"Reconstruction de l&rsquo;Ermitage de la petite abbaye","datePublished":"2021-10-20T11:35:55+00:00","mainEntityOfPage":{"@id":"https:\/\/batijournal.com\/index.php\/reconstruction-de-lermitage-de-la-petite-abbaye\/106467\/"},"wordCount":79,"image":{"@id":"https:\/\/batijournal.com\/index.php\/reconstruction-de-lermitage-de-la-petite-abbaye\/106467\/#primaryimage"},"thumbnailUrl":"https:\/\/batijournal.com\/wp-content\/uploads\/2021\/10\/Capture-de\u0301cran-2021-10-18-a\u0300-16.07.09.png","keywords":["Atrium","concours","concours For\u00eat bois et patrimoine","r\u00e9novation","restauration","V\u00e9ronique Aviat"],"articleSection":["Actualit\u00e9s","Architecture &amp; Conception","batijournal TV","zz_Actualit\u00e9s - Atrium","zz_Entreprises et chantiers - AC"],"inLanguage":"fr-FR"},{"@type":"WebPage","@id":"https:\/\/batijournal.com\/index.php\/reconstruction-de-lermitage-de-la-petite-abbaye\/106467\/","url":"https:\/\/batijournal.com\/index.php\/reconstruction-de-lermitage-de-la-petite-abbaye\/106467\/","name":"Reconstruction de l'Ermitage de la petite abbaye","isPartOf":{"@id":"https:\/\/batijournal.com\/#website"},"primaryImageOfPage":{"@id":"https:\/\/batijournal.com\/index.php\/reconstruction-de-lermitage-de-la-petite-abbaye\/106467\/#primaryimage"},"image":{"@id":"https:\/\/batijournal.com\/index.php\/reconstruction-de-lermitage-de-la-petite-abbaye\/106467\/#primaryimage"},"thumbnailUrl":"https:\/\/batijournal.com\/wp-content\/uploads\/2021\/10\/Capture-de\u0301cran-2021-10-18-a\u0300-16.07.09.png","datePublished":"2021-10-20T11:35:55+00:00","author":{"@id":"https:\/\/batijournal.com\/#\/schema\/person\/1dc96ec6957aa1ccb25ebe78bb19f100"},"breadcrumb":{"@id":"https:\/\/batijournal.com\/index.php\/reconstruction-de-lermitage-de-la-petite-abbaye\/106467\/#breadcrumb"},"inLanguage":"fr-FR","potentialAction":[{"@type":"ReadAction","target":["https:\/\/batijournal.com\/index.php\/reconstruction-de-lermitage-de-la-petite-abbaye\/106467\/"]}]},{"@type":"ImageObject","inLanguage":"fr-FR","@id":"https:\/\/batijournal.com\/index.php\/reconstruction-de-lermitage-de-la-petite-abbaye\/106467\/#primaryimage","url":"https:\/\/batijournal.com\/wp-content\/uploads\/2021\/10\/Capture-de\u0301cran-2021-10-18-a\u0300-16.07.09.png","contentUrl":"https:\/\/batijournal.com\/wp-content\/uploads\/2021\/10\/Capture-de\u0301cran-2021-10-18-a\u0300-16.07.09.png","width":1278,"height":717},{"@type":"BreadcrumbList","@id":"https:\/\/batijournal.com\/index.php\/reconstruction-de-lermitage-de-la-petite-abbaye\/106467\/#breadcrumb","itemListElement":[{"@type":"ListItem","position":1,"name":"Accueil","item":"https:\/\/batijournal.com\/"},{"@type":"ListItem","position":2,"name":"Actualit\u00e9s","item":"https:\/\/batijournal.com\/index.php\/category\/actualites\/"},{"@type":"ListItem","position":3,"name":"Architecture &amp; Conception","item":"https:\/\/batijournal.com\/index.php\/category\/actualites\/architecture-conception\/"},{"@type":"ListItem","position":4,"name":"Reconstruction de l&rsquo;Ermitage de la petite abbaye"}]},{"@type":"WebSite","@id":"https:\/\/batijournal.com\/#website","url":"https:\/\/batijournal.com\/","name":"Batijournal","description":"L&#039;actualit\u00e9 du b\u00e2timent","potentialAction":[{"@type":"SearchAction","target":{"@type":"EntryPoint","urlTemplate":"https:\/\/batijournal.com\/?s={search_term_string}"},"query-input":{"@type":"PropertyValueSpecification","valueRequired":true,"valueName":"search_term_string"}}],"inLanguage":"fr-FR"},{"@type":"Person","@id":"https:\/\/batijournal.com\/#\/schema\/person\/1dc96ec6957aa1ccb25ebe78bb19f100","name":"St\u00e9phane Miget","image":{"@type":"ImageObject","inLanguage":"fr-FR","@id":"https:\/\/secure.gravatar.com\/avatar\/89915563d925342126b8ef0281b93d9d7fc337043e8df017f780908eb9644451?s=96&d=mm&r=g","url":"https:\/\/secure.gravatar.com\/avatar\/89915563d925342126b8ef0281b93d9d7fc337043e8df017f780908eb9644451?s=96&d=mm&r=g","contentUrl":"https:\/\/secure.gravatar.com\/avatar\/89915563d925342126b8ef0281b93d9d7fc337043e8df017f780908eb9644451?s=96&d=mm&r=g","caption":"St\u00e9phane Miget"},"url":"https:\/\/batijournal.com\/index.php\/author\/stephane\/"}]}},"_links":{"self":[{"href":"https:\/\/batijournal.com\/index.php\/wp-json\/wp\/v2\/posts\/106467","targetHints":{"allow":["GET"]}}],"collection":[{"href":"https:\/\/batijournal.com\/index.php\/wp-json\/wp\/v2\/posts"}],"about":[{"href":"https:\/\/batijournal.com\/index.php\/wp-json\/wp\/v2\/types\/post"}],"author":[{"embeddable":true,"href":"https:\/\/batijournal.com\/index.php\/wp-json\/wp\/v2\/users\/17"}],"replies":[{"embeddable":true,"href":"https:\/\/batijournal.com\/index.php\/wp-json\/wp\/v2\/comments?post=106467"}],"version-history":[{"count":0,"href":"https:\/\/batijournal.com\/index.php\/wp-json\/wp\/v2\/posts\/106467\/revisions"}],"wp:featuredmedia":[{"embeddable":true,"href":"https:\/\/batijournal.com\/index.php\/wp-json\/wp\/v2\/media\/106468"}],"wp:attachment":[{"href":"https:\/\/batijournal.com\/index.php\/wp-json\/wp\/v2\/media?parent=106467"}],"wp:term":[{"taxonomy":"category","embeddable":true,"href":"https:\/\/batijournal.com\/index.php\/wp-json\/wp\/v2\/categories?post=106467"},{"taxonomy":"post_tag","embeddable":true,"href":"https:\/\/batijournal.com\/index.php\/wp-json\/wp\/v2\/tags?post=106467"}],"curies":[{"name":"wp","href":"https:\/\/api.w.org\/{rel}","templated":true}]}}