{"id":106470,"date":"2021-11-15T07:02:44","date_gmt":"2021-11-15T06:02:44","guid":{"rendered":"https:\/\/batijournal.com\/?p=106470"},"modified":"2021-11-15T10:03:09","modified_gmt":"2021-11-15T09:03:09","slug":"30eme-convention-du-reseau-national-des-aluminiers-agrees-technal","status":"publish","type":"post","link":"https:\/\/batijournal.com\/index.php\/30eme-convention-du-reseau-national-des-aluminiers-agrees-technal\/106470\/","title":{"rendered":"30\u00e8me convention du r\u00e9seau national des aluminiers agr\u00e9\u00e9s technal"},"content":{"rendered":"<p style=\"text-align: justify;\">Du 5 au 10 octobre 2021 s&rsquo;est tenue la 30\u00e8me convention du r\u00e9seau national des Allumiers Agr\u00e9\u00e9s Technal. La premi\u00e8re journ\u00e9e a \u00e9t\u00e9 consacr\u00e9e \u00e0 la visite du site suivie d&rsquo;ateliers th\u00e9matiques. L&rsquo;objectif \u00e9tant de renforcer son maillage national dans une volont\u00e9 de proximit\u00e9 avec ses clients.\u00a0En 2020\/2021 6 nouveaux Alluminiers Agr\u00e9\u00e9s Technal, 4 nouveaux Fabricants Technal et 2 projets de concession Maisons de Lumi\u00e8res by Technal ont rejoint la \u00ab\u00a0famille Technal\u00a0\u00bb. L&rsquo;objectif est d&rsquo;obtenir un total de 250 entreprises \u00ab\u00a0fabricant-installateur\u00a0\u00bb \u00e0 horizon de 2025 pour renforcer le maillage national. Une phase de d\u00e9ploiement du r\u00e9seau \u00e0 l&rsquo;export est actuellement en cours dans les pays francophone ainsi que dans les DOM-TOM. Des actions ont \u00e9galement \u00e9t\u00e9 mises en place pour am\u00e9liorer la qualit\u00e9, les services et la proximit\u00e9 entre professionnels.<\/p>\n<p>&nbsp;<\/p>\n","protected":false},"excerpt":{"rendered":"<p>Du 5 au 10 octobre 2021 s&rsquo;est tenue la 30\u00e8me convention du r\u00e9seau national des Allumiers Agr\u00e9\u00e9s Technal. La premi\u00e8re journ\u00e9e a \u00e9t\u00e9 consacr\u00e9e \u00e0 la visite du site suivie d&rsquo;ateliers th\u00e9matiques. L&rsquo;objectif \u00e9tant de renforcer son maillage national dans une volont\u00e9 de proximit\u00e9 avec ses clients.\u00a0En 2020\/2021 6 nouveaux Alluminiers Agr\u00e9\u00e9s Technal, 4 nouveaux [&hellip;]<\/p>\n","protected":false},"author":17,"featured_media":106616,"comment_status":"closed","ping_status":"closed","sticky":false,"template":"","format":"standard","meta":{"_et_pb_use_builder":"","_et_pb_old_content":"","_et_gb_content_width":"","footnotes":""},"categories":[10530,12818,6345,10771,10775,10778,10780],"tags":[1219,532,1016,386],"class_list":["post-106470","post","type-post","status-publish","format-standard","has-post-thumbnail","hentry","category-actualites","category-construction","category-economie-marches","category-5facades","category-actualites-5facades","category-planete","category-produits-planete","tag-convention","tag-export","tag-menuiseries","tag-salon"],"yoast_head":"<!-- This site is optimized with the Yoast SEO plugin v27.4 - https:\/\/yoast.com\/product\/yoast-seo-wordpress\/ -->\n<title>30\u00e8me convention du r\u00e9seau national des aluminiers agr\u00e9\u00e9s technal<\/title>\n<meta name=\"robots\" content=\"index, follow, max-snippet:-1, max-image-preview:large, max-video-preview:-1\" \/>\n<link rel=\"canonical\" href=\"https:\/\/batijournal.com\/index.php\/30eme-convention-du-reseau-national-des-aluminiers-agrees-technal\/106470\/\" \/>\n<meta property=\"og:locale\" content=\"fr_FR\" \/>\n<meta property=\"og:type\" content=\"article\" \/>\n<meta property=\"og:title\" content=\"30\u00e8me convention du r\u00e9seau national des aluminiers agr\u00e9\u00e9s technal\" \/>\n<meta property=\"og:description\" content=\"Du 5 au 10 octobre 2021 s&rsquo;est tenue la 30\u00e8me convention du r\u00e9seau national des Allumiers Agr\u00e9\u00e9s Technal. La premi\u00e8re journ\u00e9e a \u00e9t\u00e9 consacr\u00e9e \u00e0 la visite du site suivie d&rsquo;ateliers th\u00e9matiques. L&rsquo;objectif \u00e9tant de renforcer son maillage national dans une volont\u00e9 de proximit\u00e9 avec ses clients.\u00a0En 2020\/2021 6 nouveaux Alluminiers Agr\u00e9\u00e9s Technal, 4 nouveaux [&hellip;]\" \/>\n<meta property=\"og:url\" content=\"https:\/\/batijournal.com\/index.php\/30eme-convention-du-reseau-national-des-aluminiers-agrees-technal\/106470\/\" \/>\n<meta property=\"og:site_name\" content=\"Batijournal\" \/>\n<meta property=\"article:published_time\" content=\"2021-11-15T06:02:44+00:00\" \/>\n<meta property=\"article:modified_time\" content=\"2021-11-15T09:03:09+00:00\" \/>\n<meta property=\"og:image\" content=\"https:\/\/batijournal.com\/wp-content\/uploads\/2021\/11\/Convention-du-re\u0301seau-national-des-alumiers.png\" \/>\n\t<meta property=\"og:image:width\" content=\"1484\" \/>\n\t<meta property=\"og:image:height\" content=\"523\" \/>\n\t<meta property=\"og:image:type\" content=\"image\/png\" \/>\n<meta name=\"author\" content=\"St\u00e9phane Miget\" \/>\n<meta name=\"twitter:card\" content=\"summary_large_image\" \/>\n<meta name=\"twitter:creator\" content=\"@bati_journal\" \/>\n<meta name=\"twitter:site\" content=\"@bati_journal\" \/>\n<meta name=\"twitter:label1\" content=\"\u00c9crit par\" \/>\n\t<meta name=\"twitter:data1\" content=\"St\u00e9phane Miget\" \/>\n\t<meta name=\"twitter:label2\" content=\"Dur\u00e9e de lecture estim\u00e9e\" \/>\n\t<meta name=\"twitter:data2\" content=\"1 minute\" \/>\n<script type=\"application\/ld+json\" class=\"yoast-schema-graph\">{\"@context\":\"https:\\\/\\\/schema.org\",\"@graph\":[{\"@type\":\"Article\",\"@id\":\"https:\\\/\\\/batijournal.com\\\/index.php\\\/30eme-convention-du-reseau-national-des-aluminiers-agrees-technal\\\/106470\\\/#article\",\"isPartOf\":{\"@id\":\"https:\\\/\\\/batijournal.com\\\/index.php\\\/30eme-convention-du-reseau-national-des-aluminiers-agrees-technal\\\/106470\\\/\"},\"author\":{\"name\":\"St\u00e9phane Miget\",\"@id\":\"https:\\\/\\\/batijournal.com\\\/#\\\/schema\\\/person\\\/1dc96ec6957aa1ccb25ebe78bb19f100\"},\"headline\":\"30\u00e8me convention du r\u00e9seau national des aluminiers agr\u00e9\u00e9s technal\",\"datePublished\":\"2021-11-15T06:02:44+00:00\",\"dateModified\":\"2021-11-15T09:03:09+00:00\",\"mainEntityOfPage\":{\"@id\":\"https:\\\/\\\/batijournal.com\\\/index.php\\\/30eme-convention-du-reseau-national-des-aluminiers-agrees-technal\\\/106470\\\/\"},\"wordCount\":148,\"image\":{\"@id\":\"https:\\\/\\\/batijournal.com\\\/index.php\\\/30eme-convention-du-reseau-national-des-aluminiers-agrees-technal\\\/106470\\\/#primaryimage\"},\"thumbnailUrl\":\"https:\\\/\\\/batijournal.com\\\/wp-content\\\/uploads\\\/2021\\\/11\\\/Convention-du-re\u0301seau-national-des-alumiers.png\",\"keywords\":[\"convention\",\"Export\",\"menuiseries\",\"salon\"],\"articleSection\":[\"Actualit\u00e9s\",\"Construction\",\"\u00c9conomie &amp; March\u00e9s\",\"zz_5fa\u00e7ades\",\"zz_Actualit\u00e9s - 5fa\u00e7ades\",\"zz_Plan\u00e8te B\u00e2timent\",\"zz_Produits - Plan\u00e8te\"],\"inLanguage\":\"fr-FR\"},{\"@type\":\"WebPage\",\"@id\":\"https:\\\/\\\/batijournal.com\\\/index.php\\\/30eme-convention-du-reseau-national-des-aluminiers-agrees-technal\\\/106470\\\/\",\"url\":\"https:\\\/\\\/batijournal.com\\\/index.php\\\/30eme-convention-du-reseau-national-des-aluminiers-agrees-technal\\\/106470\\\/\",\"name\":\"30\u00e8me convention du r\u00e9seau national des aluminiers agr\u00e9\u00e9s technal\",\"isPartOf\":{\"@id\":\"https:\\\/\\\/batijournal.com\\\/#website\"},\"primaryImageOfPage\":{\"@id\":\"https:\\\/\\\/batijournal.com\\\/index.php\\\/30eme-convention-du-reseau-national-des-aluminiers-agrees-technal\\\/106470\\\/#primaryimage\"},\"image\":{\"@id\":\"https:\\\/\\\/batijournal.com\\\/index.php\\\/30eme-convention-du-reseau-national-des-aluminiers-agrees-technal\\\/106470\\\/#primaryimage\"},\"thumbnailUrl\":\"https:\\\/\\\/batijournal.com\\\/wp-content\\\/uploads\\\/2021\\\/11\\\/Convention-du-re\u0301seau-national-des-alumiers.png\",\"datePublished\":\"2021-11-15T06:02:44+00:00\",\"dateModified\":\"2021-11-15T09:03:09+00:00\",\"author\":{\"@id\":\"https:\\\/\\\/batijournal.com\\\/#\\\/schema\\\/person\\\/1dc96ec6957aa1ccb25ebe78bb19f100\"},\"breadcrumb\":{\"@id\":\"https:\\\/\\\/batijournal.com\\\/index.php\\\/30eme-convention-du-reseau-national-des-aluminiers-agrees-technal\\\/106470\\\/#breadcrumb\"},\"inLanguage\":\"fr-FR\",\"potentialAction\":[{\"@type\":\"ReadAction\",\"target\":[\"https:\\\/\\\/batijournal.com\\\/index.php\\\/30eme-convention-du-reseau-national-des-aluminiers-agrees-technal\\\/106470\\\/\"]}]},{\"@type\":\"ImageObject\",\"inLanguage\":\"fr-FR\",\"@id\":\"https:\\\/\\\/batijournal.com\\\/index.php\\\/30eme-convention-du-reseau-national-des-aluminiers-agrees-technal\\\/106470\\\/#primaryimage\",\"url\":\"https:\\\/\\\/batijournal.com\\\/wp-content\\\/uploads\\\/2021\\\/11\\\/Convention-du-re\u0301seau-national-des-alumiers.png\",\"contentUrl\":\"https:\\\/\\\/batijournal.com\\\/wp-content\\\/uploads\\\/2021\\\/11\\\/Convention-du-re\u0301seau-national-des-alumiers.png\",\"width\":1484,\"height\":523},{\"@type\":\"BreadcrumbList\",\"@id\":\"https:\\\/\\\/batijournal.com\\\/index.php\\\/30eme-convention-du-reseau-national-des-aluminiers-agrees-technal\\\/106470\\\/#breadcrumb\",\"itemListElement\":[{\"@type\":\"ListItem\",\"position\":1,\"name\":\"Accueil\",\"item\":\"https:\\\/\\\/batijournal.com\\\/\"},{\"@type\":\"ListItem\",\"position\":2,\"name\":\"zz_Plan\u00e8te B\u00e2timent\",\"item\":\"https:\\\/\\\/batijournal.com\\\/index.php\\\/category\\\/planete\\\/\"},{\"@type\":\"ListItem\",\"position\":3,\"name\":\"zz_Produits - Plan\u00e8te\",\"item\":\"https:\\\/\\\/batijournal.com\\\/index.php\\\/category\\\/planete\\\/produits-planete\\\/\"},{\"@type\":\"ListItem\",\"position\":4,\"name\":\"Construction\",\"item\":\"https:\\\/\\\/batijournal.com\\\/index.php\\\/category\\\/planete\\\/produits-planete\\\/construction\\\/\"},{\"@type\":\"ListItem\",\"position\":5,\"name\":\"30\u00e8me convention du r\u00e9seau national des aluminiers agr\u00e9\u00e9s technal\"}]},{\"@type\":\"WebSite\",\"@id\":\"https:\\\/\\\/batijournal.com\\\/#website\",\"url\":\"https:\\\/\\\/batijournal.com\\\/\",\"name\":\"Batijournal\",\"description\":\"L&#039;actualit\u00e9 du b\u00e2timent\",\"potentialAction\":[{\"@type\":\"SearchAction\",\"target\":{\"@type\":\"EntryPoint\",\"urlTemplate\":\"https:\\\/\\\/batijournal.com\\\/?s={search_term_string}\"},\"query-input\":{\"@type\":\"PropertyValueSpecification\",\"valueRequired\":true,\"valueName\":\"search_term_string\"}}],\"inLanguage\":\"fr-FR\"},{\"@type\":\"Person\",\"@id\":\"https:\\\/\\\/batijournal.com\\\/#\\\/schema\\\/person\\\/1dc96ec6957aa1ccb25ebe78bb19f100\",\"name\":\"St\u00e9phane Miget\",\"image\":{\"@type\":\"ImageObject\",\"inLanguage\":\"fr-FR\",\"@id\":\"https:\\\/\\\/secure.gravatar.com\\\/avatar\\\/89915563d925342126b8ef0281b93d9d7fc337043e8df017f780908eb9644451?s=96&d=mm&r=g\",\"url\":\"https:\\\/\\\/secure.gravatar.com\\\/avatar\\\/89915563d925342126b8ef0281b93d9d7fc337043e8df017f780908eb9644451?s=96&d=mm&r=g\",\"contentUrl\":\"https:\\\/\\\/secure.gravatar.com\\\/avatar\\\/89915563d925342126b8ef0281b93d9d7fc337043e8df017f780908eb9644451?s=96&d=mm&r=g\",\"caption\":\"St\u00e9phane Miget\"},\"url\":\"https:\\\/\\\/batijournal.com\\\/index.php\\\/author\\\/stephane\\\/\"}]}<\/script>\n<!-- \/ Yoast SEO plugin. -->","yoast_head_json":{"title":"30\u00e8me convention du r\u00e9seau national des aluminiers agr\u00e9\u00e9s technal","robots":{"index":"index","follow":"follow","max-snippet":"max-snippet:-1","max-image-preview":"max-image-preview:large","max-video-preview":"max-video-preview:-1"},"canonical":"https:\/\/batijournal.com\/index.php\/30eme-convention-du-reseau-national-des-aluminiers-agrees-technal\/106470\/","og_locale":"fr_FR","og_type":"article","og_title":"30\u00e8me convention du r\u00e9seau national des aluminiers agr\u00e9\u00e9s technal","og_description":"Du 5 au 10 octobre 2021 s&rsquo;est tenue la 30\u00e8me convention du r\u00e9seau national des Allumiers Agr\u00e9\u00e9s Technal. La premi\u00e8re journ\u00e9e a \u00e9t\u00e9 consacr\u00e9e \u00e0 la visite du site suivie d&rsquo;ateliers th\u00e9matiques. L&rsquo;objectif \u00e9tant de renforcer son maillage national dans une volont\u00e9 de proximit\u00e9 avec ses clients.\u00a0En 2020\/2021 6 nouveaux Alluminiers Agr\u00e9\u00e9s Technal, 4 nouveaux [&hellip;]","og_url":"https:\/\/batijournal.com\/index.php\/30eme-convention-du-reseau-national-des-aluminiers-agrees-technal\/106470\/","og_site_name":"Batijournal","article_published_time":"2021-11-15T06:02:44+00:00","article_modified_time":"2021-11-15T09:03:09+00:00","og_image":[{"width":1484,"height":523,"url":"https:\/\/batijournal.com\/wp-content\/uploads\/2021\/11\/Convention-du-re\u0301seau-national-des-alumiers.png","type":"image\/png"}],"author":"St\u00e9phane Miget","twitter_card":"summary_large_image","twitter_creator":"@bati_journal","twitter_site":"@bati_journal","twitter_misc":{"\u00c9crit par":"St\u00e9phane Miget","Dur\u00e9e de lecture estim\u00e9e":"1 minute"},"schema":{"@context":"https:\/\/schema.org","@graph":[{"@type":"Article","@id":"https:\/\/batijournal.com\/index.php\/30eme-convention-du-reseau-national-des-aluminiers-agrees-technal\/106470\/#article","isPartOf":{"@id":"https:\/\/batijournal.com\/index.php\/30eme-convention-du-reseau-national-des-aluminiers-agrees-technal\/106470\/"},"author":{"name":"St\u00e9phane Miget","@id":"https:\/\/batijournal.com\/#\/schema\/person\/1dc96ec6957aa1ccb25ebe78bb19f100"},"headline":"30\u00e8me convention du r\u00e9seau national des aluminiers agr\u00e9\u00e9s technal","datePublished":"2021-11-15T06:02:44+00:00","dateModified":"2021-11-15T09:03:09+00:00","mainEntityOfPage":{"@id":"https:\/\/batijournal.com\/index.php\/30eme-convention-du-reseau-national-des-aluminiers-agrees-technal\/106470\/"},"wordCount":148,"image":{"@id":"https:\/\/batijournal.com\/index.php\/30eme-convention-du-reseau-national-des-aluminiers-agrees-technal\/106470\/#primaryimage"},"thumbnailUrl":"https:\/\/batijournal.com\/wp-content\/uploads\/2021\/11\/Convention-du-re\u0301seau-national-des-alumiers.png","keywords":["convention","Export","menuiseries","salon"],"articleSection":["Actualit\u00e9s","Construction","\u00c9conomie &amp; March\u00e9s","zz_5fa\u00e7ades","zz_Actualit\u00e9s - 5fa\u00e7ades","zz_Plan\u00e8te B\u00e2timent","zz_Produits - Plan\u00e8te"],"inLanguage":"fr-FR"},{"@type":"WebPage","@id":"https:\/\/batijournal.com\/index.php\/30eme-convention-du-reseau-national-des-aluminiers-agrees-technal\/106470\/","url":"https:\/\/batijournal.com\/index.php\/30eme-convention-du-reseau-national-des-aluminiers-agrees-technal\/106470\/","name":"30\u00e8me convention du r\u00e9seau national des aluminiers agr\u00e9\u00e9s technal","isPartOf":{"@id":"https:\/\/batijournal.com\/#website"},"primaryImageOfPage":{"@id":"https:\/\/batijournal.com\/index.php\/30eme-convention-du-reseau-national-des-aluminiers-agrees-technal\/106470\/#primaryimage"},"image":{"@id":"https:\/\/batijournal.com\/index.php\/30eme-convention-du-reseau-national-des-aluminiers-agrees-technal\/106470\/#primaryimage"},"thumbnailUrl":"https:\/\/batijournal.com\/wp-content\/uploads\/2021\/11\/Convention-du-re\u0301seau-national-des-alumiers.png","datePublished":"2021-11-15T06:02:44+00:00","dateModified":"2021-11-15T09:03:09+00:00","author":{"@id":"https:\/\/batijournal.com\/#\/schema\/person\/1dc96ec6957aa1ccb25ebe78bb19f100"},"breadcrumb":{"@id":"https:\/\/batijournal.com\/index.php\/30eme-convention-du-reseau-national-des-aluminiers-agrees-technal\/106470\/#breadcrumb"},"inLanguage":"fr-FR","potentialAction":[{"@type":"ReadAction","target":["https:\/\/batijournal.com\/index.php\/30eme-convention-du-reseau-national-des-aluminiers-agrees-technal\/106470\/"]}]},{"@type":"ImageObject","inLanguage":"fr-FR","@id":"https:\/\/batijournal.com\/index.php\/30eme-convention-du-reseau-national-des-aluminiers-agrees-technal\/106470\/#primaryimage","url":"https:\/\/batijournal.com\/wp-content\/uploads\/2021\/11\/Convention-du-re\u0301seau-national-des-alumiers.png","contentUrl":"https:\/\/batijournal.com\/wp-content\/uploads\/2021\/11\/Convention-du-re\u0301seau-national-des-alumiers.png","width":1484,"height":523},{"@type":"BreadcrumbList","@id":"https:\/\/batijournal.com\/index.php\/30eme-convention-du-reseau-national-des-aluminiers-agrees-technal\/106470\/#breadcrumb","itemListElement":[{"@type":"ListItem","position":1,"name":"Accueil","item":"https:\/\/batijournal.com\/"},{"@type":"ListItem","position":2,"name":"zz_Plan\u00e8te B\u00e2timent","item":"https:\/\/batijournal.com\/index.php\/category\/planete\/"},{"@type":"ListItem","position":3,"name":"zz_Produits - Plan\u00e8te","item":"https:\/\/batijournal.com\/index.php\/category\/planete\/produits-planete\/"},{"@type":"ListItem","position":4,"name":"Construction","item":"https:\/\/batijournal.com\/index.php\/category\/planete\/produits-planete\/construction\/"},{"@type":"ListItem","position":5,"name":"30\u00e8me convention du r\u00e9seau national des aluminiers agr\u00e9\u00e9s technal"}]},{"@type":"WebSite","@id":"https:\/\/batijournal.com\/#website","url":"https:\/\/batijournal.com\/","name":"Batijournal","description":"L&#039;actualit\u00e9 du b\u00e2timent","potentialAction":[{"@type":"SearchAction","target":{"@type":"EntryPoint","urlTemplate":"https:\/\/batijournal.com\/?s={search_term_string}"},"query-input":{"@type":"PropertyValueSpecification","valueRequired":true,"valueName":"search_term_string"}}],"inLanguage":"fr-FR"},{"@type":"Person","@id":"https:\/\/batijournal.com\/#\/schema\/person\/1dc96ec6957aa1ccb25ebe78bb19f100","name":"St\u00e9phane Miget","image":{"@type":"ImageObject","inLanguage":"fr-FR","@id":"https:\/\/secure.gravatar.com\/avatar\/89915563d925342126b8ef0281b93d9d7fc337043e8df017f780908eb9644451?s=96&d=mm&r=g","url":"https:\/\/secure.gravatar.com\/avatar\/89915563d925342126b8ef0281b93d9d7fc337043e8df017f780908eb9644451?s=96&d=mm&r=g","contentUrl":"https:\/\/secure.gravatar.com\/avatar\/89915563d925342126b8ef0281b93d9d7fc337043e8df017f780908eb9644451?s=96&d=mm&r=g","caption":"St\u00e9phane Miget"},"url":"https:\/\/batijournal.com\/index.php\/author\/stephane\/"}]}},"_links":{"self":[{"href":"https:\/\/batijournal.com\/index.php\/wp-json\/wp\/v2\/posts\/106470","targetHints":{"allow":["GET"]}}],"collection":[{"href":"https:\/\/batijournal.com\/index.php\/wp-json\/wp\/v2\/posts"}],"about":[{"href":"https:\/\/batijournal.com\/index.php\/wp-json\/wp\/v2\/types\/post"}],"author":[{"embeddable":true,"href":"https:\/\/batijournal.com\/index.php\/wp-json\/wp\/v2\/users\/17"}],"replies":[{"embeddable":true,"href":"https:\/\/batijournal.com\/index.php\/wp-json\/wp\/v2\/comments?post=106470"}],"version-history":[{"count":0,"href":"https:\/\/batijournal.com\/index.php\/wp-json\/wp\/v2\/posts\/106470\/revisions"}],"wp:featuredmedia":[{"embeddable":true,"href":"https:\/\/batijournal.com\/index.php\/wp-json\/wp\/v2\/media\/106616"}],"wp:attachment":[{"href":"https:\/\/batijournal.com\/index.php\/wp-json\/wp\/v2\/media?parent=106470"}],"wp:term":[{"taxonomy":"category","embeddable":true,"href":"https:\/\/batijournal.com\/index.php\/wp-json\/wp\/v2\/categories?post=106470"},{"taxonomy":"post_tag","embeddable":true,"href":"https:\/\/batijournal.com\/index.php\/wp-json\/wp\/v2\/tags?post=106470"}],"curies":[{"name":"wp","href":"https:\/\/api.w.org\/{rel}","templated":true}]}}