{"id":106478,"date":"2021-10-20T13:49:49","date_gmt":"2021-10-20T11:49:49","guid":{"rendered":"https:\/\/batijournal.com\/?p=106478"},"modified":"2021-10-20T13:49:49","modified_gmt":"2021-10-20T11:49:49","slug":"1-e-apporte-par-la-fondation-du-patrimoine-genere-2117-e-de-retombees-economiques","status":"publish","type":"post","link":"https:\/\/batijournal.com\/index.php\/1-e-apporte-par-la-fondation-du-patrimoine-genere-2117-e-de-retombees-economiques\/106478\/","title":{"rendered":"1 \u20ac apport\u00e9 par la Fondation du patrimoine g\u00e9n\u00e8re 21,17 \u20ac de retomb\u00e9es \u00e9conomiques"},"content":{"rendered":"<p>1 \u20ac apport\u00e9 par la Fondation du patrimoine g\u00e9n\u00e8re 21,17 \u20ac de retomb\u00e9es \u00e9conomiques selon une \u00e9tude sur \u00ab\u00a0l&#8217;empreinte \u00e9conomique\u00a0\u00bb de son activit\u00e9 en faveur du patrimoine non prot\u00e9g\u00e9. L\u2019activit\u00e9 \u00e9conomique g\u00e9n\u00e9r\u00e9e par la Fondation lors de l\u2019ann\u00e9e 2019 est estim\u00e9e \u00e0 1 157 774 763 \u20ac dont 321 187 307 \u20ac de retomb\u00e9es \u00e9conomiques directes, et dont un peu plus de la moiti\u00e9 du montant se transforme en retomb\u00e9es induites : salaires vers\u00e9s par les entreprises r\u00e9alisant les travaux et la Fondation du patrimoine qui sont r\u00e9inject\u00e9s dans l\u2019\u00e9conomie par la consommation des salari\u00e9s, revenus g\u00e9n\u00e9r\u00e9s par l\u2019exploitation des sites et les d\u00e9penses des visiteurs cons\u00e9cutives aux travaux r\u00e9alis\u00e9s, salaires vers\u00e9s par les acteurs \u00e9conomiques, issues de l\u2019exploitation et des retomb\u00e9es touristiques et qui sont, \u00e0 leur tour, r\u00e9introduits dans l\u2019\u00e9conomie. L&rsquo;\u00e9tude montre \u00e9galement que la Fondation du patrimoine a contribu\u00e9, en 2019, \u00e0 cr\u00e9er ou pr\u00e9server 15 370 emplois en \u00e9quivalent temps plein (ETP): 5120 emplois ETP au sein des entreprises r\u00e9alisant les travaux et de la Fondation, 2037 emplois ETP indirects (fournisseurs, sous-traitants et prestataires des entreprises de travaux) et 8213 emplois ETP induits.<\/p>\n","protected":false},"excerpt":{"rendered":"<p>1 \u20ac apport\u00e9 par la Fondation du patrimoine g\u00e9n\u00e8re 21,17 \u20ac de retomb\u00e9es \u00e9conomiques selon une \u00e9tude sur \u00ab\u00a0l&#8217;empreinte \u00e9conomique\u00a0\u00bb de son activit\u00e9 en faveur du patrimoine non prot\u00e9g\u00e9. L\u2019activit\u00e9 \u00e9conomique g\u00e9n\u00e9r\u00e9e par la Fondation lors de l\u2019ann\u00e9e 2019 est estim\u00e9e \u00e0 1 157 774 763 \u20ac dont 321 187 307 \u20ac de retomb\u00e9es \u00e9conomiques [&hellip;]<\/p>\n","protected":false},"author":17,"featured_media":106479,"comment_status":"closed","ping_status":"closed","sticky":false,"template":"","format":"standard","meta":{"_et_pb_use_builder":"","_et_pb_old_content":"","_et_gb_content_width":"","footnotes":""},"categories":[10530,6345,10789,10785],"tags":[5905],"class_list":["post-106478","post","type-post","status-publish","format-standard","has-post-thumbnail","hentry","category-actualites","category-economie-marches","category-publications-atrium","category-atrium","tag-fondation-du-patrimoine"],"yoast_head":"<!-- This site is optimized with the Yoast SEO plugin v27.4 - https:\/\/yoast.com\/product\/yoast-seo-wordpress\/ -->\n<title>1 \u20ac apport\u00e9 par la Fondation du patrimoine g\u00e9n\u00e8re 21,17 \u20ac de retomb\u00e9es \u00e9conomiques<\/title>\n<meta name=\"robots\" content=\"index, follow, max-snippet:-1, max-image-preview:large, max-video-preview:-1\" \/>\n<link rel=\"canonical\" href=\"https:\/\/batijournal.com\/index.php\/1-e-apporte-par-la-fondation-du-patrimoine-genere-2117-e-de-retombees-economiques\/106478\/\" \/>\n<meta property=\"og:locale\" content=\"fr_FR\" \/>\n<meta property=\"og:type\" content=\"article\" \/>\n<meta property=\"og:title\" content=\"1 \u20ac apport\u00e9 par la Fondation du patrimoine g\u00e9n\u00e8re 21,17 \u20ac de retomb\u00e9es \u00e9conomiques\" \/>\n<meta property=\"og:description\" content=\"1 \u20ac apport\u00e9 par la Fondation du patrimoine g\u00e9n\u00e8re 21,17 \u20ac de retomb\u00e9es \u00e9conomiques selon une \u00e9tude sur \u00ab\u00a0l&#8217;empreinte \u00e9conomique\u00a0\u00bb de son activit\u00e9 en faveur du patrimoine non prot\u00e9g\u00e9. L\u2019activit\u00e9 \u00e9conomique g\u00e9n\u00e9r\u00e9e par la Fondation lors de l\u2019ann\u00e9e 2019 est estim\u00e9e \u00e0 1 157 774 763 \u20ac dont 321 187 307 \u20ac de retomb\u00e9es \u00e9conomiques [&hellip;]\" \/>\n<meta property=\"og:url\" content=\"https:\/\/batijournal.com\/index.php\/1-e-apporte-par-la-fondation-du-patrimoine-genere-2117-e-de-retombees-economiques\/106478\/\" \/>\n<meta property=\"og:site_name\" content=\"Batijournal\" \/>\n<meta property=\"article:published_time\" content=\"2021-10-20T11:49:49+00:00\" \/>\n<meta property=\"og:image\" content=\"https:\/\/batijournal.com\/wp-content\/uploads\/2021\/10\/retombees-fondation-du-patrimoine.png\" \/>\n\t<meta property=\"og:image:width\" content=\"612\" \/>\n\t<meta property=\"og:image:height\" content=\"607\" \/>\n\t<meta property=\"og:image:type\" content=\"image\/png\" \/>\n<meta name=\"author\" content=\"St\u00e9phane Miget\" \/>\n<meta name=\"twitter:card\" content=\"summary_large_image\" \/>\n<meta name=\"twitter:creator\" content=\"@bati_journal\" \/>\n<meta name=\"twitter:site\" content=\"@bati_journal\" \/>\n<meta name=\"twitter:label1\" content=\"\u00c9crit par\" \/>\n\t<meta name=\"twitter:data1\" content=\"St\u00e9phane Miget\" \/>\n\t<meta name=\"twitter:label2\" content=\"Dur\u00e9e de lecture estim\u00e9e\" \/>\n\t<meta name=\"twitter:data2\" content=\"1 minute\" \/>\n<script type=\"application\/ld+json\" class=\"yoast-schema-graph\">{\"@context\":\"https:\\\/\\\/schema.org\",\"@graph\":[{\"@type\":\"Article\",\"@id\":\"https:\\\/\\\/batijournal.com\\\/index.php\\\/1-e-apporte-par-la-fondation-du-patrimoine-genere-2117-e-de-retombees-economiques\\\/106478\\\/#article\",\"isPartOf\":{\"@id\":\"https:\\\/\\\/batijournal.com\\\/index.php\\\/1-e-apporte-par-la-fondation-du-patrimoine-genere-2117-e-de-retombees-economiques\\\/106478\\\/\"},\"author\":{\"name\":\"St\u00e9phane Miget\",\"@id\":\"https:\\\/\\\/batijournal.com\\\/#\\\/schema\\\/person\\\/1dc96ec6957aa1ccb25ebe78bb19f100\"},\"headline\":\"1 \u20ac apport\u00e9 par la Fondation du patrimoine g\u00e9n\u00e8re 21,17 \u20ac de retomb\u00e9es \u00e9conomiques\",\"datePublished\":\"2021-10-20T11:49:49+00:00\",\"mainEntityOfPage\":{\"@id\":\"https:\\\/\\\/batijournal.com\\\/index.php\\\/1-e-apporte-par-la-fondation-du-patrimoine-genere-2117-e-de-retombees-economiques\\\/106478\\\/\"},\"wordCount\":213,\"image\":{\"@id\":\"https:\\\/\\\/batijournal.com\\\/index.php\\\/1-e-apporte-par-la-fondation-du-patrimoine-genere-2117-e-de-retombees-economiques\\\/106478\\\/#primaryimage\"},\"thumbnailUrl\":\"https:\\\/\\\/batijournal.com\\\/wp-content\\\/uploads\\\/2021\\\/10\\\/retombees-fondation-du-patrimoine.png\",\"keywords\":[\"fondation du patrimoine\"],\"articleSection\":[\"Actualit\u00e9s\",\"\u00c9conomie &amp; March\u00e9s\",\"zz_Actualit\u00e9s - Atrium\",\"zz_Atrium Patrimoine\"],\"inLanguage\":\"fr-FR\"},{\"@type\":\"WebPage\",\"@id\":\"https:\\\/\\\/batijournal.com\\\/index.php\\\/1-e-apporte-par-la-fondation-du-patrimoine-genere-2117-e-de-retombees-economiques\\\/106478\\\/\",\"url\":\"https:\\\/\\\/batijournal.com\\\/index.php\\\/1-e-apporte-par-la-fondation-du-patrimoine-genere-2117-e-de-retombees-economiques\\\/106478\\\/\",\"name\":\"1 \u20ac apport\u00e9 par la Fondation du patrimoine g\u00e9n\u00e8re 21,17 \u20ac de retomb\u00e9es \u00e9conomiques\",\"isPartOf\":{\"@id\":\"https:\\\/\\\/batijournal.com\\\/#website\"},\"primaryImageOfPage\":{\"@id\":\"https:\\\/\\\/batijournal.com\\\/index.php\\\/1-e-apporte-par-la-fondation-du-patrimoine-genere-2117-e-de-retombees-economiques\\\/106478\\\/#primaryimage\"},\"image\":{\"@id\":\"https:\\\/\\\/batijournal.com\\\/index.php\\\/1-e-apporte-par-la-fondation-du-patrimoine-genere-2117-e-de-retombees-economiques\\\/106478\\\/#primaryimage\"},\"thumbnailUrl\":\"https:\\\/\\\/batijournal.com\\\/wp-content\\\/uploads\\\/2021\\\/10\\\/retombees-fondation-du-patrimoine.png\",\"datePublished\":\"2021-10-20T11:49:49+00:00\",\"author\":{\"@id\":\"https:\\\/\\\/batijournal.com\\\/#\\\/schema\\\/person\\\/1dc96ec6957aa1ccb25ebe78bb19f100\"},\"breadcrumb\":{\"@id\":\"https:\\\/\\\/batijournal.com\\\/index.php\\\/1-e-apporte-par-la-fondation-du-patrimoine-genere-2117-e-de-retombees-economiques\\\/106478\\\/#breadcrumb\"},\"inLanguage\":\"fr-FR\",\"potentialAction\":[{\"@type\":\"ReadAction\",\"target\":[\"https:\\\/\\\/batijournal.com\\\/index.php\\\/1-e-apporte-par-la-fondation-du-patrimoine-genere-2117-e-de-retombees-economiques\\\/106478\\\/\"]}]},{\"@type\":\"ImageObject\",\"inLanguage\":\"fr-FR\",\"@id\":\"https:\\\/\\\/batijournal.com\\\/index.php\\\/1-e-apporte-par-la-fondation-du-patrimoine-genere-2117-e-de-retombees-economiques\\\/106478\\\/#primaryimage\",\"url\":\"https:\\\/\\\/batijournal.com\\\/wp-content\\\/uploads\\\/2021\\\/10\\\/retombees-fondation-du-patrimoine.png\",\"contentUrl\":\"https:\\\/\\\/batijournal.com\\\/wp-content\\\/uploads\\\/2021\\\/10\\\/retombees-fondation-du-patrimoine.png\",\"width\":612,\"height\":607},{\"@type\":\"BreadcrumbList\",\"@id\":\"https:\\\/\\\/batijournal.com\\\/index.php\\\/1-e-apporte-par-la-fondation-du-patrimoine-genere-2117-e-de-retombees-economiques\\\/106478\\\/#breadcrumb\",\"itemListElement\":[{\"@type\":\"ListItem\",\"position\":1,\"name\":\"Accueil\",\"item\":\"https:\\\/\\\/batijournal.com\\\/\"},{\"@type\":\"ListItem\",\"position\":2,\"name\":\"Actualit\u00e9s\",\"item\":\"https:\\\/\\\/batijournal.com\\\/index.php\\\/category\\\/actualites\\\/\"},{\"@type\":\"ListItem\",\"position\":3,\"name\":\"\u00c9conomie &amp; March\u00e9s\",\"item\":\"https:\\\/\\\/batijournal.com\\\/index.php\\\/category\\\/actualites\\\/economie-marches\\\/\"},{\"@type\":\"ListItem\",\"position\":4,\"name\":\"1 \u20ac apport\u00e9 par la Fondation du patrimoine g\u00e9n\u00e8re 21,17 \u20ac de retomb\u00e9es \u00e9conomiques\"}]},{\"@type\":\"WebSite\",\"@id\":\"https:\\\/\\\/batijournal.com\\\/#website\",\"url\":\"https:\\\/\\\/batijournal.com\\\/\",\"name\":\"Batijournal\",\"description\":\"L&#039;actualit\u00e9 du b\u00e2timent\",\"potentialAction\":[{\"@type\":\"SearchAction\",\"target\":{\"@type\":\"EntryPoint\",\"urlTemplate\":\"https:\\\/\\\/batijournal.com\\\/?s={search_term_string}\"},\"query-input\":{\"@type\":\"PropertyValueSpecification\",\"valueRequired\":true,\"valueName\":\"search_term_string\"}}],\"inLanguage\":\"fr-FR\"},{\"@type\":\"Person\",\"@id\":\"https:\\\/\\\/batijournal.com\\\/#\\\/schema\\\/person\\\/1dc96ec6957aa1ccb25ebe78bb19f100\",\"name\":\"St\u00e9phane Miget\",\"image\":{\"@type\":\"ImageObject\",\"inLanguage\":\"fr-FR\",\"@id\":\"https:\\\/\\\/secure.gravatar.com\\\/avatar\\\/89915563d925342126b8ef0281b93d9d7fc337043e8df017f780908eb9644451?s=96&d=mm&r=g\",\"url\":\"https:\\\/\\\/secure.gravatar.com\\\/avatar\\\/89915563d925342126b8ef0281b93d9d7fc337043e8df017f780908eb9644451?s=96&d=mm&r=g\",\"contentUrl\":\"https:\\\/\\\/secure.gravatar.com\\\/avatar\\\/89915563d925342126b8ef0281b93d9d7fc337043e8df017f780908eb9644451?s=96&d=mm&r=g\",\"caption\":\"St\u00e9phane Miget\"},\"url\":\"https:\\\/\\\/batijournal.com\\\/index.php\\\/author\\\/stephane\\\/\"}]}<\/script>\n<!-- \/ Yoast SEO plugin. -->","yoast_head_json":{"title":"1 \u20ac apport\u00e9 par la Fondation du patrimoine g\u00e9n\u00e8re 21,17 \u20ac de retomb\u00e9es \u00e9conomiques","robots":{"index":"index","follow":"follow","max-snippet":"max-snippet:-1","max-image-preview":"max-image-preview:large","max-video-preview":"max-video-preview:-1"},"canonical":"https:\/\/batijournal.com\/index.php\/1-e-apporte-par-la-fondation-du-patrimoine-genere-2117-e-de-retombees-economiques\/106478\/","og_locale":"fr_FR","og_type":"article","og_title":"1 \u20ac apport\u00e9 par la Fondation du patrimoine g\u00e9n\u00e8re 21,17 \u20ac de retomb\u00e9es \u00e9conomiques","og_description":"1 \u20ac apport\u00e9 par la Fondation du patrimoine g\u00e9n\u00e8re 21,17 \u20ac de retomb\u00e9es \u00e9conomiques selon une \u00e9tude sur \u00ab\u00a0l&#8217;empreinte \u00e9conomique\u00a0\u00bb de son activit\u00e9 en faveur du patrimoine non prot\u00e9g\u00e9. L\u2019activit\u00e9 \u00e9conomique g\u00e9n\u00e9r\u00e9e par la Fondation lors de l\u2019ann\u00e9e 2019 est estim\u00e9e \u00e0 1 157 774 763 \u20ac dont 321 187 307 \u20ac de retomb\u00e9es \u00e9conomiques [&hellip;]","og_url":"https:\/\/batijournal.com\/index.php\/1-e-apporte-par-la-fondation-du-patrimoine-genere-2117-e-de-retombees-economiques\/106478\/","og_site_name":"Batijournal","article_published_time":"2021-10-20T11:49:49+00:00","og_image":[{"width":612,"height":607,"url":"https:\/\/batijournal.com\/wp-content\/uploads\/2021\/10\/retombees-fondation-du-patrimoine.png","type":"image\/png"}],"author":"St\u00e9phane Miget","twitter_card":"summary_large_image","twitter_creator":"@bati_journal","twitter_site":"@bati_journal","twitter_misc":{"\u00c9crit par":"St\u00e9phane Miget","Dur\u00e9e de lecture estim\u00e9e":"1 minute"},"schema":{"@context":"https:\/\/schema.org","@graph":[{"@type":"Article","@id":"https:\/\/batijournal.com\/index.php\/1-e-apporte-par-la-fondation-du-patrimoine-genere-2117-e-de-retombees-economiques\/106478\/#article","isPartOf":{"@id":"https:\/\/batijournal.com\/index.php\/1-e-apporte-par-la-fondation-du-patrimoine-genere-2117-e-de-retombees-economiques\/106478\/"},"author":{"name":"St\u00e9phane Miget","@id":"https:\/\/batijournal.com\/#\/schema\/person\/1dc96ec6957aa1ccb25ebe78bb19f100"},"headline":"1 \u20ac apport\u00e9 par la Fondation du patrimoine g\u00e9n\u00e8re 21,17 \u20ac de retomb\u00e9es \u00e9conomiques","datePublished":"2021-10-20T11:49:49+00:00","mainEntityOfPage":{"@id":"https:\/\/batijournal.com\/index.php\/1-e-apporte-par-la-fondation-du-patrimoine-genere-2117-e-de-retombees-economiques\/106478\/"},"wordCount":213,"image":{"@id":"https:\/\/batijournal.com\/index.php\/1-e-apporte-par-la-fondation-du-patrimoine-genere-2117-e-de-retombees-economiques\/106478\/#primaryimage"},"thumbnailUrl":"https:\/\/batijournal.com\/wp-content\/uploads\/2021\/10\/retombees-fondation-du-patrimoine.png","keywords":["fondation du patrimoine"],"articleSection":["Actualit\u00e9s","\u00c9conomie &amp; March\u00e9s","zz_Actualit\u00e9s - Atrium","zz_Atrium Patrimoine"],"inLanguage":"fr-FR"},{"@type":"WebPage","@id":"https:\/\/batijournal.com\/index.php\/1-e-apporte-par-la-fondation-du-patrimoine-genere-2117-e-de-retombees-economiques\/106478\/","url":"https:\/\/batijournal.com\/index.php\/1-e-apporte-par-la-fondation-du-patrimoine-genere-2117-e-de-retombees-economiques\/106478\/","name":"1 \u20ac apport\u00e9 par la Fondation du patrimoine g\u00e9n\u00e8re 21,17 \u20ac de retomb\u00e9es \u00e9conomiques","isPartOf":{"@id":"https:\/\/batijournal.com\/#website"},"primaryImageOfPage":{"@id":"https:\/\/batijournal.com\/index.php\/1-e-apporte-par-la-fondation-du-patrimoine-genere-2117-e-de-retombees-economiques\/106478\/#primaryimage"},"image":{"@id":"https:\/\/batijournal.com\/index.php\/1-e-apporte-par-la-fondation-du-patrimoine-genere-2117-e-de-retombees-economiques\/106478\/#primaryimage"},"thumbnailUrl":"https:\/\/batijournal.com\/wp-content\/uploads\/2021\/10\/retombees-fondation-du-patrimoine.png","datePublished":"2021-10-20T11:49:49+00:00","author":{"@id":"https:\/\/batijournal.com\/#\/schema\/person\/1dc96ec6957aa1ccb25ebe78bb19f100"},"breadcrumb":{"@id":"https:\/\/batijournal.com\/index.php\/1-e-apporte-par-la-fondation-du-patrimoine-genere-2117-e-de-retombees-economiques\/106478\/#breadcrumb"},"inLanguage":"fr-FR","potentialAction":[{"@type":"ReadAction","target":["https:\/\/batijournal.com\/index.php\/1-e-apporte-par-la-fondation-du-patrimoine-genere-2117-e-de-retombees-economiques\/106478\/"]}]},{"@type":"ImageObject","inLanguage":"fr-FR","@id":"https:\/\/batijournal.com\/index.php\/1-e-apporte-par-la-fondation-du-patrimoine-genere-2117-e-de-retombees-economiques\/106478\/#primaryimage","url":"https:\/\/batijournal.com\/wp-content\/uploads\/2021\/10\/retombees-fondation-du-patrimoine.png","contentUrl":"https:\/\/batijournal.com\/wp-content\/uploads\/2021\/10\/retombees-fondation-du-patrimoine.png","width":612,"height":607},{"@type":"BreadcrumbList","@id":"https:\/\/batijournal.com\/index.php\/1-e-apporte-par-la-fondation-du-patrimoine-genere-2117-e-de-retombees-economiques\/106478\/#breadcrumb","itemListElement":[{"@type":"ListItem","position":1,"name":"Accueil","item":"https:\/\/batijournal.com\/"},{"@type":"ListItem","position":2,"name":"Actualit\u00e9s","item":"https:\/\/batijournal.com\/index.php\/category\/actualites\/"},{"@type":"ListItem","position":3,"name":"\u00c9conomie &amp; March\u00e9s","item":"https:\/\/batijournal.com\/index.php\/category\/actualites\/economie-marches\/"},{"@type":"ListItem","position":4,"name":"1 \u20ac apport\u00e9 par la Fondation du patrimoine g\u00e9n\u00e8re 21,17 \u20ac de retomb\u00e9es \u00e9conomiques"}]},{"@type":"WebSite","@id":"https:\/\/batijournal.com\/#website","url":"https:\/\/batijournal.com\/","name":"Batijournal","description":"L&#039;actualit\u00e9 du b\u00e2timent","potentialAction":[{"@type":"SearchAction","target":{"@type":"EntryPoint","urlTemplate":"https:\/\/batijournal.com\/?s={search_term_string}"},"query-input":{"@type":"PropertyValueSpecification","valueRequired":true,"valueName":"search_term_string"}}],"inLanguage":"fr-FR"},{"@type":"Person","@id":"https:\/\/batijournal.com\/#\/schema\/person\/1dc96ec6957aa1ccb25ebe78bb19f100","name":"St\u00e9phane Miget","image":{"@type":"ImageObject","inLanguage":"fr-FR","@id":"https:\/\/secure.gravatar.com\/avatar\/89915563d925342126b8ef0281b93d9d7fc337043e8df017f780908eb9644451?s=96&d=mm&r=g","url":"https:\/\/secure.gravatar.com\/avatar\/89915563d925342126b8ef0281b93d9d7fc337043e8df017f780908eb9644451?s=96&d=mm&r=g","contentUrl":"https:\/\/secure.gravatar.com\/avatar\/89915563d925342126b8ef0281b93d9d7fc337043e8df017f780908eb9644451?s=96&d=mm&r=g","caption":"St\u00e9phane Miget"},"url":"https:\/\/batijournal.com\/index.php\/author\/stephane\/"}]}},"_links":{"self":[{"href":"https:\/\/batijournal.com\/index.php\/wp-json\/wp\/v2\/posts\/106478","targetHints":{"allow":["GET"]}}],"collection":[{"href":"https:\/\/batijournal.com\/index.php\/wp-json\/wp\/v2\/posts"}],"about":[{"href":"https:\/\/batijournal.com\/index.php\/wp-json\/wp\/v2\/types\/post"}],"author":[{"embeddable":true,"href":"https:\/\/batijournal.com\/index.php\/wp-json\/wp\/v2\/users\/17"}],"replies":[{"embeddable":true,"href":"https:\/\/batijournal.com\/index.php\/wp-json\/wp\/v2\/comments?post=106478"}],"version-history":[{"count":0,"href":"https:\/\/batijournal.com\/index.php\/wp-json\/wp\/v2\/posts\/106478\/revisions"}],"wp:featuredmedia":[{"embeddable":true,"href":"https:\/\/batijournal.com\/index.php\/wp-json\/wp\/v2\/media\/106479"}],"wp:attachment":[{"href":"https:\/\/batijournal.com\/index.php\/wp-json\/wp\/v2\/media?parent=106478"}],"wp:term":[{"taxonomy":"category","embeddable":true,"href":"https:\/\/batijournal.com\/index.php\/wp-json\/wp\/v2\/categories?post=106478"},{"taxonomy":"post_tag","embeddable":true,"href":"https:\/\/batijournal.com\/index.php\/wp-json\/wp\/v2\/tags?post=106478"}],"curies":[{"name":"wp","href":"https:\/\/api.w.org\/{rel}","templated":true}]}}