{"id":106482,"date":"2021-11-08T13:36:45","date_gmt":"2021-11-08T12:36:45","guid":{"rendered":"https:\/\/batijournal.com\/?p=106482"},"modified":"2021-11-08T13:39:09","modified_gmt":"2021-11-08T12:39:09","slug":"concours-dinnovation-de-la-foret-et-du-bois","status":"publish","type":"post","link":"https:\/\/batijournal.com\/index.php\/concours-dinnovation-de-la-foret-et-du-bois\/106482\/","title":{"rendered":"Concours d&rsquo;innovation de la for\u00eat et du bois"},"content":{"rendered":"<p>A l&rsquo;occasion de la seconde \u00e9dition du Canop\u00e9e Challenge, la fili\u00e8re for\u00eat bois se mobilise pour faire \u00e9merger des solutions d&rsquo;avenir. La fili\u00e8re se mobilise pour faire \u00e9clore des projets innovants. Le challenge r\u00e9compensera 7 projets dans 3 cat\u00e9gories : Cr\u00e9ation, D\u00e9veloppement et International avec une dotation globale de 60 000 \u20ac. De plus une dotation compl\u00e9mentaire de 10 000 \u20ac est \u00e9galement pr\u00e9vue \u00e0 travers des prix \u00ab\u00a0coups de coeur\u00a0\u00bb qui pourront \u00eatre d\u00e9cern\u00e9s par des co-organisateurs comme l&rsquo;ESB, Fibois France ou encore Xylofutur. Certains crit\u00e8res vont permettre de se d\u00e9marquer comme l&rsquo;innovation technologique ou l&rsquo;impact social. Les pr\u00e9s\u00e9lection commenceront le 13 janvier 2022 afin de pouvoir participer \u00e0 la grande finale qui aura lieu \u00e0 Paris le 11 mai 2022. La fili\u00e8re for\u00eat bois qui est forte de 440 000 emplois se trouve au carrefour des enjeux \u00e9conomique et environnementaux, le Canop\u00e9e Challenge, est donc la pour favoris\u00e9 les d\u00e9marches de recherche et d\u00e9veloppement en consolidant les passerelles vers de nouveaux secteurs d&rsquo;activit\u00e9. L&rsquo;objectif est de mettre en lumi\u00e8re et d&rsquo;accompagner toutes les innovations propos\u00e9es.<\/p>\n<p>Etudiants, chercheurs, startups et entreprises de tous secteurs, implant\u00e9s en France mais aussi \u00e0 l&rsquo;\u00e9tranger,\u00a0<a href=\"https:\/\/canopeechallenge.com\/le-concours#participer\">peuvent proposer leurs id\u00e9es en ligne, jusqu\u2019au 12 d\u00e9cembre.<\/a><\/p>\n","protected":false},"excerpt":{"rendered":"<p>A l&rsquo;occasion de la seconde \u00e9dition du Canop\u00e9e Challenge, la fili\u00e8re for\u00eat bois se mobilise pour faire \u00e9merger des solutions d&rsquo;avenir. La fili\u00e8re se mobilise pour faire \u00e9clore des projets innovants. Le challenge r\u00e9compensera 7 projets dans 3 cat\u00e9gories : Cr\u00e9ation, D\u00e9veloppement et International avec une dotation globale de 60 000 \u20ac. De plus une [&hellip;]<\/p>\n","protected":false},"author":17,"featured_media":106571,"comment_status":"closed","ping_status":"closed","sticky":false,"template":"","format":"standard","meta":{"_et_pb_use_builder":"","_et_pb_old_content":"","_et_gb_content_width":"","footnotes":""},"categories":[10530,9192,10769,10764],"tags":[12676,3307,12594],"class_list":["post-106482","post","type-post","status-publish","format-standard","has-post-thumbnail","hentry","category-actualites","category-evenements","category-publications","category-woodsurfer","tag-concours-dinnovation","tag-filiere-foret-bois","tag-woodsurfer"],"yoast_head":"<!-- This site is optimized with the Yoast SEO plugin v27.4 - https:\/\/yoast.com\/product\/yoast-seo-wordpress\/ -->\n<title>Concours d&#039;innovation de la for\u00eat et du bois<\/title>\n<meta name=\"robots\" content=\"index, follow, max-snippet:-1, max-image-preview:large, max-video-preview:-1\" \/>\n<link rel=\"canonical\" href=\"https:\/\/batijournal.com\/index.php\/concours-dinnovation-de-la-foret-et-du-bois\/106482\/\" \/>\n<meta property=\"og:locale\" content=\"fr_FR\" \/>\n<meta property=\"og:type\" content=\"article\" \/>\n<meta property=\"og:title\" content=\"Concours d&#039;innovation de la for\u00eat et du bois\" \/>\n<meta property=\"og:description\" content=\"A l&rsquo;occasion de la seconde \u00e9dition du Canop\u00e9e Challenge, la fili\u00e8re for\u00eat bois se mobilise pour faire \u00e9merger des solutions d&rsquo;avenir. La fili\u00e8re se mobilise pour faire \u00e9clore des projets innovants. Le challenge r\u00e9compensera 7 projets dans 3 cat\u00e9gories : Cr\u00e9ation, D\u00e9veloppement et International avec une dotation globale de 60 000 \u20ac. De plus une [&hellip;]\" \/>\n<meta property=\"og:url\" content=\"https:\/\/batijournal.com\/index.php\/concours-dinnovation-de-la-foret-et-du-bois\/106482\/\" \/>\n<meta property=\"og:site_name\" content=\"Batijournal\" \/>\n<meta property=\"article:published_time\" content=\"2021-11-08T12:36:45+00:00\" \/>\n<meta property=\"article:modified_time\" content=\"2021-11-08T12:39:09+00:00\" \/>\n<meta property=\"og:image\" content=\"https:\/\/batijournal.com\/wp-content\/uploads\/2021\/11\/Capture-de\u0301cran-2021-11-05-a\u0300-14.02.13.png\" \/>\n\t<meta property=\"og:image:width\" content=\"570\" \/>\n\t<meta property=\"og:image:height\" content=\"231\" \/>\n\t<meta property=\"og:image:type\" content=\"image\/png\" \/>\n<meta name=\"author\" content=\"St\u00e9phane Miget\" \/>\n<meta name=\"twitter:card\" content=\"summary_large_image\" \/>\n<meta name=\"twitter:creator\" content=\"@bati_journal\" \/>\n<meta name=\"twitter:site\" content=\"@bati_journal\" \/>\n<meta name=\"twitter:label1\" content=\"\u00c9crit par\" \/>\n\t<meta name=\"twitter:data1\" content=\"St\u00e9phane Miget\" \/>\n\t<meta name=\"twitter:label2\" content=\"Dur\u00e9e de lecture estim\u00e9e\" \/>\n\t<meta name=\"twitter:data2\" content=\"1 minute\" \/>\n<script type=\"application\/ld+json\" class=\"yoast-schema-graph\">{\"@context\":\"https:\\\/\\\/schema.org\",\"@graph\":[{\"@type\":\"Article\",\"@id\":\"https:\\\/\\\/batijournal.com\\\/index.php\\\/concours-dinnovation-de-la-foret-et-du-bois\\\/106482\\\/#article\",\"isPartOf\":{\"@id\":\"https:\\\/\\\/batijournal.com\\\/index.php\\\/concours-dinnovation-de-la-foret-et-du-bois\\\/106482\\\/\"},\"author\":{\"name\":\"St\u00e9phane Miget\",\"@id\":\"https:\\\/\\\/batijournal.com\\\/#\\\/schema\\\/person\\\/1dc96ec6957aa1ccb25ebe78bb19f100\"},\"headline\":\"Concours d&rsquo;innovation de la for\u00eat et du bois\",\"datePublished\":\"2021-11-08T12:36:45+00:00\",\"dateModified\":\"2021-11-08T12:39:09+00:00\",\"mainEntityOfPage\":{\"@id\":\"https:\\\/\\\/batijournal.com\\\/index.php\\\/concours-dinnovation-de-la-foret-et-du-bois\\\/106482\\\/\"},\"wordCount\":227,\"image\":{\"@id\":\"https:\\\/\\\/batijournal.com\\\/index.php\\\/concours-dinnovation-de-la-foret-et-du-bois\\\/106482\\\/#primaryimage\"},\"thumbnailUrl\":\"https:\\\/\\\/batijournal.com\\\/wp-content\\\/uploads\\\/2021\\\/11\\\/Capture-de\u0301cran-2021-11-05-a\u0300-14.02.13.png\",\"keywords\":[\"Concours d\u2019innovation\",\"fili\u00e8re for\u00eat-bois\",\"woodsurfer\"],\"articleSection\":[\"Actualit\u00e9s\",\"\u00c9v\u00e9nements\",\"zz_Actualit\u00e9s - Woodsurfer\",\"zz_Woodsurfer\"],\"inLanguage\":\"fr-FR\"},{\"@type\":\"WebPage\",\"@id\":\"https:\\\/\\\/batijournal.com\\\/index.php\\\/concours-dinnovation-de-la-foret-et-du-bois\\\/106482\\\/\",\"url\":\"https:\\\/\\\/batijournal.com\\\/index.php\\\/concours-dinnovation-de-la-foret-et-du-bois\\\/106482\\\/\",\"name\":\"Concours d'innovation de la for\u00eat et du bois\",\"isPartOf\":{\"@id\":\"https:\\\/\\\/batijournal.com\\\/#website\"},\"primaryImageOfPage\":{\"@id\":\"https:\\\/\\\/batijournal.com\\\/index.php\\\/concours-dinnovation-de-la-foret-et-du-bois\\\/106482\\\/#primaryimage\"},\"image\":{\"@id\":\"https:\\\/\\\/batijournal.com\\\/index.php\\\/concours-dinnovation-de-la-foret-et-du-bois\\\/106482\\\/#primaryimage\"},\"thumbnailUrl\":\"https:\\\/\\\/batijournal.com\\\/wp-content\\\/uploads\\\/2021\\\/11\\\/Capture-de\u0301cran-2021-11-05-a\u0300-14.02.13.png\",\"datePublished\":\"2021-11-08T12:36:45+00:00\",\"dateModified\":\"2021-11-08T12:39:09+00:00\",\"author\":{\"@id\":\"https:\\\/\\\/batijournal.com\\\/#\\\/schema\\\/person\\\/1dc96ec6957aa1ccb25ebe78bb19f100\"},\"breadcrumb\":{\"@id\":\"https:\\\/\\\/batijournal.com\\\/index.php\\\/concours-dinnovation-de-la-foret-et-du-bois\\\/106482\\\/#breadcrumb\"},\"inLanguage\":\"fr-FR\",\"potentialAction\":[{\"@type\":\"ReadAction\",\"target\":[\"https:\\\/\\\/batijournal.com\\\/index.php\\\/concours-dinnovation-de-la-foret-et-du-bois\\\/106482\\\/\"]}]},{\"@type\":\"ImageObject\",\"inLanguage\":\"fr-FR\",\"@id\":\"https:\\\/\\\/batijournal.com\\\/index.php\\\/concours-dinnovation-de-la-foret-et-du-bois\\\/106482\\\/#primaryimage\",\"url\":\"https:\\\/\\\/batijournal.com\\\/wp-content\\\/uploads\\\/2021\\\/11\\\/Capture-de\u0301cran-2021-11-05-a\u0300-14.02.13.png\",\"contentUrl\":\"https:\\\/\\\/batijournal.com\\\/wp-content\\\/uploads\\\/2021\\\/11\\\/Capture-de\u0301cran-2021-11-05-a\u0300-14.02.13.png\",\"width\":570,\"height\":231},{\"@type\":\"BreadcrumbList\",\"@id\":\"https:\\\/\\\/batijournal.com\\\/index.php\\\/concours-dinnovation-de-la-foret-et-du-bois\\\/106482\\\/#breadcrumb\",\"itemListElement\":[{\"@type\":\"ListItem\",\"position\":1,\"name\":\"Accueil\",\"item\":\"https:\\\/\\\/batijournal.com\\\/\"},{\"@type\":\"ListItem\",\"position\":2,\"name\":\"Actualit\u00e9s\",\"item\":\"https:\\\/\\\/batijournal.com\\\/index.php\\\/category\\\/actualites\\\/\"},{\"@type\":\"ListItem\",\"position\":3,\"name\":\"Concours d&rsquo;innovation de la for\u00eat et du bois\"}]},{\"@type\":\"WebSite\",\"@id\":\"https:\\\/\\\/batijournal.com\\\/#website\",\"url\":\"https:\\\/\\\/batijournal.com\\\/\",\"name\":\"Batijournal\",\"description\":\"L&#039;actualit\u00e9 du b\u00e2timent\",\"potentialAction\":[{\"@type\":\"SearchAction\",\"target\":{\"@type\":\"EntryPoint\",\"urlTemplate\":\"https:\\\/\\\/batijournal.com\\\/?s={search_term_string}\"},\"query-input\":{\"@type\":\"PropertyValueSpecification\",\"valueRequired\":true,\"valueName\":\"search_term_string\"}}],\"inLanguage\":\"fr-FR\"},{\"@type\":\"Person\",\"@id\":\"https:\\\/\\\/batijournal.com\\\/#\\\/schema\\\/person\\\/1dc96ec6957aa1ccb25ebe78bb19f100\",\"name\":\"St\u00e9phane Miget\",\"image\":{\"@type\":\"ImageObject\",\"inLanguage\":\"fr-FR\",\"@id\":\"https:\\\/\\\/secure.gravatar.com\\\/avatar\\\/89915563d925342126b8ef0281b93d9d7fc337043e8df017f780908eb9644451?s=96&d=mm&r=g\",\"url\":\"https:\\\/\\\/secure.gravatar.com\\\/avatar\\\/89915563d925342126b8ef0281b93d9d7fc337043e8df017f780908eb9644451?s=96&d=mm&r=g\",\"contentUrl\":\"https:\\\/\\\/secure.gravatar.com\\\/avatar\\\/89915563d925342126b8ef0281b93d9d7fc337043e8df017f780908eb9644451?s=96&d=mm&r=g\",\"caption\":\"St\u00e9phane Miget\"},\"url\":\"https:\\\/\\\/batijournal.com\\\/index.php\\\/author\\\/stephane\\\/\"}]}<\/script>\n<!-- \/ Yoast SEO plugin. -->","yoast_head_json":{"title":"Concours d'innovation de la for\u00eat et du bois","robots":{"index":"index","follow":"follow","max-snippet":"max-snippet:-1","max-image-preview":"max-image-preview:large","max-video-preview":"max-video-preview:-1"},"canonical":"https:\/\/batijournal.com\/index.php\/concours-dinnovation-de-la-foret-et-du-bois\/106482\/","og_locale":"fr_FR","og_type":"article","og_title":"Concours d'innovation de la for\u00eat et du bois","og_description":"A l&rsquo;occasion de la seconde \u00e9dition du Canop\u00e9e Challenge, la fili\u00e8re for\u00eat bois se mobilise pour faire \u00e9merger des solutions d&rsquo;avenir. La fili\u00e8re se mobilise pour faire \u00e9clore des projets innovants. Le challenge r\u00e9compensera 7 projets dans 3 cat\u00e9gories : Cr\u00e9ation, D\u00e9veloppement et International avec une dotation globale de 60 000 \u20ac. De plus une [&hellip;]","og_url":"https:\/\/batijournal.com\/index.php\/concours-dinnovation-de-la-foret-et-du-bois\/106482\/","og_site_name":"Batijournal","article_published_time":"2021-11-08T12:36:45+00:00","article_modified_time":"2021-11-08T12:39:09+00:00","og_image":[{"width":570,"height":231,"url":"https:\/\/batijournal.com\/wp-content\/uploads\/2021\/11\/Capture-de\u0301cran-2021-11-05-a\u0300-14.02.13.png","type":"image\/png"}],"author":"St\u00e9phane Miget","twitter_card":"summary_large_image","twitter_creator":"@bati_journal","twitter_site":"@bati_journal","twitter_misc":{"\u00c9crit par":"St\u00e9phane Miget","Dur\u00e9e de lecture estim\u00e9e":"1 minute"},"schema":{"@context":"https:\/\/schema.org","@graph":[{"@type":"Article","@id":"https:\/\/batijournal.com\/index.php\/concours-dinnovation-de-la-foret-et-du-bois\/106482\/#article","isPartOf":{"@id":"https:\/\/batijournal.com\/index.php\/concours-dinnovation-de-la-foret-et-du-bois\/106482\/"},"author":{"name":"St\u00e9phane Miget","@id":"https:\/\/batijournal.com\/#\/schema\/person\/1dc96ec6957aa1ccb25ebe78bb19f100"},"headline":"Concours d&rsquo;innovation de la for\u00eat et du bois","datePublished":"2021-11-08T12:36:45+00:00","dateModified":"2021-11-08T12:39:09+00:00","mainEntityOfPage":{"@id":"https:\/\/batijournal.com\/index.php\/concours-dinnovation-de-la-foret-et-du-bois\/106482\/"},"wordCount":227,"image":{"@id":"https:\/\/batijournal.com\/index.php\/concours-dinnovation-de-la-foret-et-du-bois\/106482\/#primaryimage"},"thumbnailUrl":"https:\/\/batijournal.com\/wp-content\/uploads\/2021\/11\/Capture-de\u0301cran-2021-11-05-a\u0300-14.02.13.png","keywords":["Concours d\u2019innovation","fili\u00e8re for\u00eat-bois","woodsurfer"],"articleSection":["Actualit\u00e9s","\u00c9v\u00e9nements","zz_Actualit\u00e9s - Woodsurfer","zz_Woodsurfer"],"inLanguage":"fr-FR"},{"@type":"WebPage","@id":"https:\/\/batijournal.com\/index.php\/concours-dinnovation-de-la-foret-et-du-bois\/106482\/","url":"https:\/\/batijournal.com\/index.php\/concours-dinnovation-de-la-foret-et-du-bois\/106482\/","name":"Concours d'innovation de la for\u00eat et du bois","isPartOf":{"@id":"https:\/\/batijournal.com\/#website"},"primaryImageOfPage":{"@id":"https:\/\/batijournal.com\/index.php\/concours-dinnovation-de-la-foret-et-du-bois\/106482\/#primaryimage"},"image":{"@id":"https:\/\/batijournal.com\/index.php\/concours-dinnovation-de-la-foret-et-du-bois\/106482\/#primaryimage"},"thumbnailUrl":"https:\/\/batijournal.com\/wp-content\/uploads\/2021\/11\/Capture-de\u0301cran-2021-11-05-a\u0300-14.02.13.png","datePublished":"2021-11-08T12:36:45+00:00","dateModified":"2021-11-08T12:39:09+00:00","author":{"@id":"https:\/\/batijournal.com\/#\/schema\/person\/1dc96ec6957aa1ccb25ebe78bb19f100"},"breadcrumb":{"@id":"https:\/\/batijournal.com\/index.php\/concours-dinnovation-de-la-foret-et-du-bois\/106482\/#breadcrumb"},"inLanguage":"fr-FR","potentialAction":[{"@type":"ReadAction","target":["https:\/\/batijournal.com\/index.php\/concours-dinnovation-de-la-foret-et-du-bois\/106482\/"]}]},{"@type":"ImageObject","inLanguage":"fr-FR","@id":"https:\/\/batijournal.com\/index.php\/concours-dinnovation-de-la-foret-et-du-bois\/106482\/#primaryimage","url":"https:\/\/batijournal.com\/wp-content\/uploads\/2021\/11\/Capture-de\u0301cran-2021-11-05-a\u0300-14.02.13.png","contentUrl":"https:\/\/batijournal.com\/wp-content\/uploads\/2021\/11\/Capture-de\u0301cran-2021-11-05-a\u0300-14.02.13.png","width":570,"height":231},{"@type":"BreadcrumbList","@id":"https:\/\/batijournal.com\/index.php\/concours-dinnovation-de-la-foret-et-du-bois\/106482\/#breadcrumb","itemListElement":[{"@type":"ListItem","position":1,"name":"Accueil","item":"https:\/\/batijournal.com\/"},{"@type":"ListItem","position":2,"name":"Actualit\u00e9s","item":"https:\/\/batijournal.com\/index.php\/category\/actualites\/"},{"@type":"ListItem","position":3,"name":"Concours d&rsquo;innovation de la for\u00eat et du bois"}]},{"@type":"WebSite","@id":"https:\/\/batijournal.com\/#website","url":"https:\/\/batijournal.com\/","name":"Batijournal","description":"L&#039;actualit\u00e9 du b\u00e2timent","potentialAction":[{"@type":"SearchAction","target":{"@type":"EntryPoint","urlTemplate":"https:\/\/batijournal.com\/?s={search_term_string}"},"query-input":{"@type":"PropertyValueSpecification","valueRequired":true,"valueName":"search_term_string"}}],"inLanguage":"fr-FR"},{"@type":"Person","@id":"https:\/\/batijournal.com\/#\/schema\/person\/1dc96ec6957aa1ccb25ebe78bb19f100","name":"St\u00e9phane Miget","image":{"@type":"ImageObject","inLanguage":"fr-FR","@id":"https:\/\/secure.gravatar.com\/avatar\/89915563d925342126b8ef0281b93d9d7fc337043e8df017f780908eb9644451?s=96&d=mm&r=g","url":"https:\/\/secure.gravatar.com\/avatar\/89915563d925342126b8ef0281b93d9d7fc337043e8df017f780908eb9644451?s=96&d=mm&r=g","contentUrl":"https:\/\/secure.gravatar.com\/avatar\/89915563d925342126b8ef0281b93d9d7fc337043e8df017f780908eb9644451?s=96&d=mm&r=g","caption":"St\u00e9phane Miget"},"url":"https:\/\/batijournal.com\/index.php\/author\/stephane\/"}]}},"_links":{"self":[{"href":"https:\/\/batijournal.com\/index.php\/wp-json\/wp\/v2\/posts\/106482","targetHints":{"allow":["GET"]}}],"collection":[{"href":"https:\/\/batijournal.com\/index.php\/wp-json\/wp\/v2\/posts"}],"about":[{"href":"https:\/\/batijournal.com\/index.php\/wp-json\/wp\/v2\/types\/post"}],"author":[{"embeddable":true,"href":"https:\/\/batijournal.com\/index.php\/wp-json\/wp\/v2\/users\/17"}],"replies":[{"embeddable":true,"href":"https:\/\/batijournal.com\/index.php\/wp-json\/wp\/v2\/comments?post=106482"}],"version-history":[{"count":0,"href":"https:\/\/batijournal.com\/index.php\/wp-json\/wp\/v2\/posts\/106482\/revisions"}],"wp:featuredmedia":[{"embeddable":true,"href":"https:\/\/batijournal.com\/index.php\/wp-json\/wp\/v2\/media\/106571"}],"wp:attachment":[{"href":"https:\/\/batijournal.com\/index.php\/wp-json\/wp\/v2\/media?parent=106482"}],"wp:term":[{"taxonomy":"category","embeddable":true,"href":"https:\/\/batijournal.com\/index.php\/wp-json\/wp\/v2\/categories?post=106482"},{"taxonomy":"post_tag","embeddable":true,"href":"https:\/\/batijournal.com\/index.php\/wp-json\/wp\/v2\/tags?post=106482"}],"curies":[{"name":"wp","href":"https:\/\/api.w.org\/{rel}","templated":true}]}}