{"id":106504,"date":"2021-10-26T11:07:15","date_gmt":"2021-10-26T09:07:15","guid":{"rendered":"https:\/\/batijournal.com\/?p=106504"},"modified":"2021-10-27T08:07:29","modified_gmt":"2021-10-27T06:07:29","slug":"le-forum-du-patrimoine","status":"publish","type":"post","link":"https:\/\/batijournal.com\/index.php\/le-forum-du-patrimoine\/106504\/","title":{"rendered":"Le forum du patrimoine"},"content":{"rendered":"<p>Cette ann\u00e9e, le<em> Forum du Patrimoine<\/em> prend la forme d\u2019un plateau TV au c\u0153ur du Salon,\u00a0<strong>au stand B59 dans la Delorme<\/strong>. Il comprend <strong>un programme de douze \u00e9missions, des tables-rondes d\u2019une vingtaine de minutes<\/strong> chacune, anim\u00e9es par des experts reconnus. Elles seront l\u2019occasion de d\u00e9crypter l\u2019actualit\u00e9 et les grands enjeux du secteur du patrimoine.<\/p>\n<p>Il s&rsquo;agit de la seconde \u00e9dition du <strong>Forum du Patrimoine<\/strong>, mis en place par le magazine <a href=\"https:\/\/www.atrium-patrimoine.com\/\"><strong>Atrium patrimoine et restauration <\/strong><\/a>et <a href=\"http:\/\/www.ateliersdart.com\/\"><strong>Ateliers d\u2019Art de France<\/strong><\/a> et avec le soutien de la<a href=\"https:\/\/franceboisforet.fr\/la-fondation-france-bois-foret-pour-notre-patrimoine\/\"><strong> Fondation France Bois For\u00eat pour notre Patrimoine<\/strong><\/a>.<\/p>\n<h1 style=\"text-align: center;\"><strong>Jeudi<\/strong><\/h1>\n<p>[Rich_Web_Timeline id=\u00a0\u00bb1&Prime;]<\/p>\n<h1 style=\"text-align: center;\"><strong>Vendredi<\/strong><\/h1>\n<p>[Rich_Web_Timeline id=\u00a0\u00bb2&Prime;]<\/p>\n<h1 style=\"text-align: center;\"><strong>Samedi<\/strong><\/h1>\n<p>[Rich_Web_Timeline id=\u00a0\u00bb3&Prime;]<\/p>\n","protected":false},"excerpt":{"rendered":"<p>Cette ann\u00e9e, le Forum du Patrimoine prend la forme d\u2019un plateau TV au c\u0153ur du Salon,\u00a0au stand B59 dans la Delorme. Il comprend un programme de douze \u00e9missions, des tables-rondes d\u2019une vingtaine de minutes chacune, anim\u00e9es par des experts reconnus. Elles seront l\u2019occasion de d\u00e9crypter l\u2019actualit\u00e9 et les grands enjeux du secteur du patrimoine. Il [&hellip;]<\/p>\n","protected":false},"author":17,"featured_media":106506,"comment_status":"closed","ping_status":"closed","sticky":false,"template":"","format":"standard","meta":{"_et_pb_use_builder":"","_et_pb_old_content":"","_et_gb_content_width":"","footnotes":""},"categories":[10530,6362],"tags":[],"class_list":["post-106504","post","type-post","status-publish","format-standard","has-post-thumbnail","hentry","category-actualites","category-services-equipements"],"yoast_head":"<!-- This site is optimized with the Yoast SEO plugin v27.4 - https:\/\/yoast.com\/product\/yoast-seo-wordpress\/ -->\n<title>Le forum du patrimoine<\/title>\n<meta name=\"robots\" content=\"index, follow, max-snippet:-1, max-image-preview:large, max-video-preview:-1\" \/>\n<link rel=\"canonical\" href=\"https:\/\/batijournal.com\/index.php\/le-forum-du-patrimoine\/106504\/\" \/>\n<meta property=\"og:locale\" content=\"fr_FR\" \/>\n<meta property=\"og:type\" content=\"article\" \/>\n<meta property=\"og:title\" content=\"Le forum du patrimoine\" \/>\n<meta property=\"og:description\" content=\"Cette ann\u00e9e, le Forum du Patrimoine prend la forme d\u2019un plateau TV au c\u0153ur du Salon,\u00a0au stand B59 dans la Delorme. Il comprend un programme de douze \u00e9missions, des tables-rondes d\u2019une vingtaine de minutes chacune, anim\u00e9es par des experts reconnus. Elles seront l\u2019occasion de d\u00e9crypter l\u2019actualit\u00e9 et les grands enjeux du secteur du patrimoine. Il [&hellip;]\" \/>\n<meta property=\"og:url\" content=\"https:\/\/batijournal.com\/index.php\/le-forum-du-patrimoine\/106504\/\" \/>\n<meta property=\"og:site_name\" content=\"Batijournal\" \/>\n<meta property=\"article:published_time\" content=\"2021-10-26T09:07:15+00:00\" \/>\n<meta property=\"article:modified_time\" content=\"2021-10-27T06:07:29+00:00\" \/>\n<meta property=\"og:image\" content=\"https:\/\/batijournal.com\/wp-content\/uploads\/2021\/10\/forum-du-patrimoine-2021.png\" \/>\n\t<meta property=\"og:image:width\" content=\"807\" \/>\n\t<meta property=\"og:image:height\" content=\"456\" \/>\n\t<meta property=\"og:image:type\" content=\"image\/png\" \/>\n<meta name=\"author\" content=\"St\u00e9phane Miget\" \/>\n<meta name=\"twitter:card\" content=\"summary_large_image\" \/>\n<meta name=\"twitter:creator\" content=\"@bati_journal\" \/>\n<meta name=\"twitter:site\" content=\"@bati_journal\" \/>\n<meta name=\"twitter:label1\" content=\"\u00c9crit par\" \/>\n\t<meta name=\"twitter:data1\" content=\"St\u00e9phane Miget\" \/>\n\t<meta name=\"twitter:label2\" content=\"Dur\u00e9e de lecture estim\u00e9e\" \/>\n\t<meta name=\"twitter:data2\" content=\"1 minute\" \/>\n<script type=\"application\/ld+json\" class=\"yoast-schema-graph\">{\"@context\":\"https:\\\/\\\/schema.org\",\"@graph\":[{\"@type\":\"Article\",\"@id\":\"https:\\\/\\\/batijournal.com\\\/index.php\\\/le-forum-du-patrimoine\\\/106504\\\/#article\",\"isPartOf\":{\"@id\":\"https:\\\/\\\/batijournal.com\\\/index.php\\\/le-forum-du-patrimoine\\\/106504\\\/\"},\"author\":{\"name\":\"St\u00e9phane Miget\",\"@id\":\"https:\\\/\\\/batijournal.com\\\/#\\\/schema\\\/person\\\/1dc96ec6957aa1ccb25ebe78bb19f100\"},\"headline\":\"Le forum du patrimoine\",\"datePublished\":\"2021-10-26T09:07:15+00:00\",\"dateModified\":\"2021-10-27T06:07:29+00:00\",\"mainEntityOfPage\":{\"@id\":\"https:\\\/\\\/batijournal.com\\\/index.php\\\/le-forum-du-patrimoine\\\/106504\\\/\"},\"wordCount\":123,\"image\":{\"@id\":\"https:\\\/\\\/batijournal.com\\\/index.php\\\/le-forum-du-patrimoine\\\/106504\\\/#primaryimage\"},\"thumbnailUrl\":\"https:\\\/\\\/batijournal.com\\\/wp-content\\\/uploads\\\/2021\\\/10\\\/forum-du-patrimoine-2021.png\",\"articleSection\":[\"Actualit\u00e9s\",\"Divers\"],\"inLanguage\":\"fr-FR\"},{\"@type\":\"WebPage\",\"@id\":\"https:\\\/\\\/batijournal.com\\\/index.php\\\/le-forum-du-patrimoine\\\/106504\\\/\",\"url\":\"https:\\\/\\\/batijournal.com\\\/index.php\\\/le-forum-du-patrimoine\\\/106504\\\/\",\"name\":\"Le forum du patrimoine\",\"isPartOf\":{\"@id\":\"https:\\\/\\\/batijournal.com\\\/#website\"},\"primaryImageOfPage\":{\"@id\":\"https:\\\/\\\/batijournal.com\\\/index.php\\\/le-forum-du-patrimoine\\\/106504\\\/#primaryimage\"},\"image\":{\"@id\":\"https:\\\/\\\/batijournal.com\\\/index.php\\\/le-forum-du-patrimoine\\\/106504\\\/#primaryimage\"},\"thumbnailUrl\":\"https:\\\/\\\/batijournal.com\\\/wp-content\\\/uploads\\\/2021\\\/10\\\/forum-du-patrimoine-2021.png\",\"datePublished\":\"2021-10-26T09:07:15+00:00\",\"dateModified\":\"2021-10-27T06:07:29+00:00\",\"author\":{\"@id\":\"https:\\\/\\\/batijournal.com\\\/#\\\/schema\\\/person\\\/1dc96ec6957aa1ccb25ebe78bb19f100\"},\"breadcrumb\":{\"@id\":\"https:\\\/\\\/batijournal.com\\\/index.php\\\/le-forum-du-patrimoine\\\/106504\\\/#breadcrumb\"},\"inLanguage\":\"fr-FR\",\"potentialAction\":[{\"@type\":\"ReadAction\",\"target\":[\"https:\\\/\\\/batijournal.com\\\/index.php\\\/le-forum-du-patrimoine\\\/106504\\\/\"]}]},{\"@type\":\"ImageObject\",\"inLanguage\":\"fr-FR\",\"@id\":\"https:\\\/\\\/batijournal.com\\\/index.php\\\/le-forum-du-patrimoine\\\/106504\\\/#primaryimage\",\"url\":\"https:\\\/\\\/batijournal.com\\\/wp-content\\\/uploads\\\/2021\\\/10\\\/forum-du-patrimoine-2021.png\",\"contentUrl\":\"https:\\\/\\\/batijournal.com\\\/wp-content\\\/uploads\\\/2021\\\/10\\\/forum-du-patrimoine-2021.png\",\"width\":807,\"height\":456},{\"@type\":\"BreadcrumbList\",\"@id\":\"https:\\\/\\\/batijournal.com\\\/index.php\\\/le-forum-du-patrimoine\\\/106504\\\/#breadcrumb\",\"itemListElement\":[{\"@type\":\"ListItem\",\"position\":1,\"name\":\"Accueil\",\"item\":\"https:\\\/\\\/batijournal.com\\\/\"},{\"@type\":\"ListItem\",\"position\":2,\"name\":\"Actualit\u00e9s\",\"item\":\"https:\\\/\\\/batijournal.com\\\/index.php\\\/category\\\/actualites\\\/\"},{\"@type\":\"ListItem\",\"position\":3,\"name\":\"Divers\",\"item\":\"https:\\\/\\\/batijournal.com\\\/index.php\\\/category\\\/actualites\\\/services-equipements\\\/\"},{\"@type\":\"ListItem\",\"position\":4,\"name\":\"Le forum du patrimoine\"}]},{\"@type\":\"WebSite\",\"@id\":\"https:\\\/\\\/batijournal.com\\\/#website\",\"url\":\"https:\\\/\\\/batijournal.com\\\/\",\"name\":\"Batijournal\",\"description\":\"L&#039;actualit\u00e9 du b\u00e2timent\",\"potentialAction\":[{\"@type\":\"SearchAction\",\"target\":{\"@type\":\"EntryPoint\",\"urlTemplate\":\"https:\\\/\\\/batijournal.com\\\/?s={search_term_string}\"},\"query-input\":{\"@type\":\"PropertyValueSpecification\",\"valueRequired\":true,\"valueName\":\"search_term_string\"}}],\"inLanguage\":\"fr-FR\"},{\"@type\":\"Person\",\"@id\":\"https:\\\/\\\/batijournal.com\\\/#\\\/schema\\\/person\\\/1dc96ec6957aa1ccb25ebe78bb19f100\",\"name\":\"St\u00e9phane Miget\",\"image\":{\"@type\":\"ImageObject\",\"inLanguage\":\"fr-FR\",\"@id\":\"https:\\\/\\\/secure.gravatar.com\\\/avatar\\\/89915563d925342126b8ef0281b93d9d7fc337043e8df017f780908eb9644451?s=96&d=mm&r=g\",\"url\":\"https:\\\/\\\/secure.gravatar.com\\\/avatar\\\/89915563d925342126b8ef0281b93d9d7fc337043e8df017f780908eb9644451?s=96&d=mm&r=g\",\"contentUrl\":\"https:\\\/\\\/secure.gravatar.com\\\/avatar\\\/89915563d925342126b8ef0281b93d9d7fc337043e8df017f780908eb9644451?s=96&d=mm&r=g\",\"caption\":\"St\u00e9phane Miget\"},\"url\":\"https:\\\/\\\/batijournal.com\\\/index.php\\\/author\\\/stephane\\\/\"}]}<\/script>\n<!-- \/ Yoast SEO plugin. -->","yoast_head_json":{"title":"Le forum du patrimoine","robots":{"index":"index","follow":"follow","max-snippet":"max-snippet:-1","max-image-preview":"max-image-preview:large","max-video-preview":"max-video-preview:-1"},"canonical":"https:\/\/batijournal.com\/index.php\/le-forum-du-patrimoine\/106504\/","og_locale":"fr_FR","og_type":"article","og_title":"Le forum du patrimoine","og_description":"Cette ann\u00e9e, le Forum du Patrimoine prend la forme d\u2019un plateau TV au c\u0153ur du Salon,\u00a0au stand B59 dans la Delorme. Il comprend un programme de douze \u00e9missions, des tables-rondes d\u2019une vingtaine de minutes chacune, anim\u00e9es par des experts reconnus. Elles seront l\u2019occasion de d\u00e9crypter l\u2019actualit\u00e9 et les grands enjeux du secteur du patrimoine. Il [&hellip;]","og_url":"https:\/\/batijournal.com\/index.php\/le-forum-du-patrimoine\/106504\/","og_site_name":"Batijournal","article_published_time":"2021-10-26T09:07:15+00:00","article_modified_time":"2021-10-27T06:07:29+00:00","og_image":[{"width":807,"height":456,"url":"https:\/\/batijournal.com\/wp-content\/uploads\/2021\/10\/forum-du-patrimoine-2021.png","type":"image\/png"}],"author":"St\u00e9phane Miget","twitter_card":"summary_large_image","twitter_creator":"@bati_journal","twitter_site":"@bati_journal","twitter_misc":{"\u00c9crit par":"St\u00e9phane Miget","Dur\u00e9e de lecture estim\u00e9e":"1 minute"},"schema":{"@context":"https:\/\/schema.org","@graph":[{"@type":"Article","@id":"https:\/\/batijournal.com\/index.php\/le-forum-du-patrimoine\/106504\/#article","isPartOf":{"@id":"https:\/\/batijournal.com\/index.php\/le-forum-du-patrimoine\/106504\/"},"author":{"name":"St\u00e9phane Miget","@id":"https:\/\/batijournal.com\/#\/schema\/person\/1dc96ec6957aa1ccb25ebe78bb19f100"},"headline":"Le forum du patrimoine","datePublished":"2021-10-26T09:07:15+00:00","dateModified":"2021-10-27T06:07:29+00:00","mainEntityOfPage":{"@id":"https:\/\/batijournal.com\/index.php\/le-forum-du-patrimoine\/106504\/"},"wordCount":123,"image":{"@id":"https:\/\/batijournal.com\/index.php\/le-forum-du-patrimoine\/106504\/#primaryimage"},"thumbnailUrl":"https:\/\/batijournal.com\/wp-content\/uploads\/2021\/10\/forum-du-patrimoine-2021.png","articleSection":["Actualit\u00e9s","Divers"],"inLanguage":"fr-FR"},{"@type":"WebPage","@id":"https:\/\/batijournal.com\/index.php\/le-forum-du-patrimoine\/106504\/","url":"https:\/\/batijournal.com\/index.php\/le-forum-du-patrimoine\/106504\/","name":"Le forum du patrimoine","isPartOf":{"@id":"https:\/\/batijournal.com\/#website"},"primaryImageOfPage":{"@id":"https:\/\/batijournal.com\/index.php\/le-forum-du-patrimoine\/106504\/#primaryimage"},"image":{"@id":"https:\/\/batijournal.com\/index.php\/le-forum-du-patrimoine\/106504\/#primaryimage"},"thumbnailUrl":"https:\/\/batijournal.com\/wp-content\/uploads\/2021\/10\/forum-du-patrimoine-2021.png","datePublished":"2021-10-26T09:07:15+00:00","dateModified":"2021-10-27T06:07:29+00:00","author":{"@id":"https:\/\/batijournal.com\/#\/schema\/person\/1dc96ec6957aa1ccb25ebe78bb19f100"},"breadcrumb":{"@id":"https:\/\/batijournal.com\/index.php\/le-forum-du-patrimoine\/106504\/#breadcrumb"},"inLanguage":"fr-FR","potentialAction":[{"@type":"ReadAction","target":["https:\/\/batijournal.com\/index.php\/le-forum-du-patrimoine\/106504\/"]}]},{"@type":"ImageObject","inLanguage":"fr-FR","@id":"https:\/\/batijournal.com\/index.php\/le-forum-du-patrimoine\/106504\/#primaryimage","url":"https:\/\/batijournal.com\/wp-content\/uploads\/2021\/10\/forum-du-patrimoine-2021.png","contentUrl":"https:\/\/batijournal.com\/wp-content\/uploads\/2021\/10\/forum-du-patrimoine-2021.png","width":807,"height":456},{"@type":"BreadcrumbList","@id":"https:\/\/batijournal.com\/index.php\/le-forum-du-patrimoine\/106504\/#breadcrumb","itemListElement":[{"@type":"ListItem","position":1,"name":"Accueil","item":"https:\/\/batijournal.com\/"},{"@type":"ListItem","position":2,"name":"Actualit\u00e9s","item":"https:\/\/batijournal.com\/index.php\/category\/actualites\/"},{"@type":"ListItem","position":3,"name":"Divers","item":"https:\/\/batijournal.com\/index.php\/category\/actualites\/services-equipements\/"},{"@type":"ListItem","position":4,"name":"Le forum du patrimoine"}]},{"@type":"WebSite","@id":"https:\/\/batijournal.com\/#website","url":"https:\/\/batijournal.com\/","name":"Batijournal","description":"L&#039;actualit\u00e9 du b\u00e2timent","potentialAction":[{"@type":"SearchAction","target":{"@type":"EntryPoint","urlTemplate":"https:\/\/batijournal.com\/?s={search_term_string}"},"query-input":{"@type":"PropertyValueSpecification","valueRequired":true,"valueName":"search_term_string"}}],"inLanguage":"fr-FR"},{"@type":"Person","@id":"https:\/\/batijournal.com\/#\/schema\/person\/1dc96ec6957aa1ccb25ebe78bb19f100","name":"St\u00e9phane Miget","image":{"@type":"ImageObject","inLanguage":"fr-FR","@id":"https:\/\/secure.gravatar.com\/avatar\/89915563d925342126b8ef0281b93d9d7fc337043e8df017f780908eb9644451?s=96&d=mm&r=g","url":"https:\/\/secure.gravatar.com\/avatar\/89915563d925342126b8ef0281b93d9d7fc337043e8df017f780908eb9644451?s=96&d=mm&r=g","contentUrl":"https:\/\/secure.gravatar.com\/avatar\/89915563d925342126b8ef0281b93d9d7fc337043e8df017f780908eb9644451?s=96&d=mm&r=g","caption":"St\u00e9phane Miget"},"url":"https:\/\/batijournal.com\/index.php\/author\/stephane\/"}]}},"_links":{"self":[{"href":"https:\/\/batijournal.com\/index.php\/wp-json\/wp\/v2\/posts\/106504","targetHints":{"allow":["GET"]}}],"collection":[{"href":"https:\/\/batijournal.com\/index.php\/wp-json\/wp\/v2\/posts"}],"about":[{"href":"https:\/\/batijournal.com\/index.php\/wp-json\/wp\/v2\/types\/post"}],"author":[{"embeddable":true,"href":"https:\/\/batijournal.com\/index.php\/wp-json\/wp\/v2\/users\/17"}],"replies":[{"embeddable":true,"href":"https:\/\/batijournal.com\/index.php\/wp-json\/wp\/v2\/comments?post=106504"}],"version-history":[{"count":0,"href":"https:\/\/batijournal.com\/index.php\/wp-json\/wp\/v2\/posts\/106504\/revisions"}],"wp:featuredmedia":[{"embeddable":true,"href":"https:\/\/batijournal.com\/index.php\/wp-json\/wp\/v2\/media\/106506"}],"wp:attachment":[{"href":"https:\/\/batijournal.com\/index.php\/wp-json\/wp\/v2\/media?parent=106504"}],"wp:term":[{"taxonomy":"category","embeddable":true,"href":"https:\/\/batijournal.com\/index.php\/wp-json\/wp\/v2\/categories?post=106504"},{"taxonomy":"post_tag","embeddable":true,"href":"https:\/\/batijournal.com\/index.php\/wp-json\/wp\/v2\/tags?post=106504"}],"curies":[{"name":"wp","href":"https:\/\/api.w.org\/{rel}","templated":true}]}}