{"id":106579,"date":"2021-11-08T13:34:39","date_gmt":"2021-11-08T12:34:39","guid":{"rendered":"https:\/\/batijournal.com\/?p=106579"},"modified":"2021-11-08T13:34:39","modified_gmt":"2021-11-08T12:34:39","slug":"rencontres-euro-mediterraneennes-de-volubilis-leau-dans-la-ville-et-les-paysages-mediterraneens","status":"publish","type":"post","link":"https:\/\/batijournal.com\/index.php\/rencontres-euro-mediterraneennes-de-volubilis-leau-dans-la-ville-et-les-paysages-mediterraneens\/106579\/","title":{"rendered":"Rencontres euro-m\u00e9diterran\u00e9ennes de Volubilis : l&rsquo;eau dans la ville et les paysages m\u00e9diterran\u00e9ens"},"content":{"rendered":"<div class=\"story chapo\">\n<p class=\"excerpt\">Ces 14\u00e8mes Rencontres seront l&rsquo;occasion d&rsquo;un temps de partage entre professionnels et grand public au travers de conf\u00e9rences, table-rondes, entretiens, projection. Si le th\u00e8me de \u00ab\u00a0L&rsquo;eau dans la ville et les paysages m\u00e9diterran\u00e9ens\u00a0\u00bb a \u00e9t\u00e9 retenu, c&rsquo;est que la place de l&rsquo;eau, notamment au sein des pays m\u00e9diterran\u00e9ens, est malmen\u00e9e par les bouleversements climatiques. La crainte de voir la mer M\u00e9diterran\u00e9e devenir une mer morte attise aujourd&rsquo;hui les initiatives en terme de gestion de l&rsquo;eau (recyclage des eaux urbaines, \u00e9conomies circulaires) et d&rsquo;environnement paysager. Pendant trois jours, des \u0153uvres artistiques tentent de se rapprocher des pr\u00e9occupations scientifiques, objets de ces journ\u00e9es. Elles se d\u00e9rouleront du 24 au 26 novembre 2021 au th\u00e9\u00e2tre des Halles et au cin\u00e9ma Utopia \u00e0 Avignon.<\/p>\n<\/div>\n","protected":false},"excerpt":{"rendered":"<p>Ces 14\u00e8mes Rencontres seront l&rsquo;occasion d&rsquo;un temps de partage entre professionnels et grand public au travers de conf\u00e9rences, table-rondes, entretiens, projection. Si le th\u00e8me de \u00ab\u00a0L&rsquo;eau dans la ville et les paysages m\u00e9diterran\u00e9ens\u00a0\u00bb a \u00e9t\u00e9 retenu, c&rsquo;est que la place de l&rsquo;eau, notamment au sein des pays m\u00e9diterran\u00e9ens, est malmen\u00e9e par les bouleversements climatiques. La [&hellip;]<\/p>\n","protected":false},"author":17,"featured_media":106580,"comment_status":"closed","ping_status":"closed","sticky":false,"template":"","format":"standard","meta":{"_et_pb_use_builder":"","_et_pb_old_content":"","_et_gb_content_width":"","footnotes":""},"categories":[10530,6362,10789],"tags":[13049],"class_list":["post-106579","post","type-post","status-publish","format-standard","has-post-thumbnail","hentry","category-actualites","category-services-equipements","category-publications-atrium","tag-rencontre-euro-mediterraneennes"],"yoast_head":"<!-- This site is optimized with the Yoast SEO plugin v27.4 - https:\/\/yoast.com\/product\/yoast-seo-wordpress\/ -->\n<title>Rencontres euro-m\u00e9diterran\u00e9ennes de Volubilis : l&#039;eau dans la ville et les paysages m\u00e9diterran\u00e9ens<\/title>\n<meta name=\"robots\" content=\"index, follow, max-snippet:-1, max-image-preview:large, max-video-preview:-1\" \/>\n<link rel=\"canonical\" href=\"https:\/\/batijournal.com\/index.php\/rencontres-euro-mediterraneennes-de-volubilis-leau-dans-la-ville-et-les-paysages-mediterraneens\/106579\/\" \/>\n<meta property=\"og:locale\" content=\"fr_FR\" \/>\n<meta property=\"og:type\" content=\"article\" \/>\n<meta property=\"og:title\" content=\"Rencontres euro-m\u00e9diterran\u00e9ennes de Volubilis : l&#039;eau dans la ville et les paysages m\u00e9diterran\u00e9ens\" \/>\n<meta property=\"og:description\" content=\"Ces 14\u00e8mes Rencontres seront l&rsquo;occasion d&rsquo;un temps de partage entre professionnels et grand public au travers de conf\u00e9rences, table-rondes, entretiens, projection. Si le th\u00e8me de \u00ab\u00a0L&rsquo;eau dans la ville et les paysages m\u00e9diterran\u00e9ens\u00a0\u00bb a \u00e9t\u00e9 retenu, c&rsquo;est que la place de l&rsquo;eau, notamment au sein des pays m\u00e9diterran\u00e9ens, est malmen\u00e9e par les bouleversements climatiques. La [&hellip;]\" \/>\n<meta property=\"og:url\" content=\"https:\/\/batijournal.com\/index.php\/rencontres-euro-mediterraneennes-de-volubilis-leau-dans-la-ville-et-les-paysages-mediterraneens\/106579\/\" \/>\n<meta property=\"og:site_name\" content=\"Batijournal\" \/>\n<meta property=\"article:published_time\" content=\"2021-11-08T12:34:39+00:00\" \/>\n<meta property=\"og:image\" content=\"https:\/\/batijournal.com\/wp-content\/uploads\/2021\/11\/Capture-de\u0301cran-2021-11-08-a\u0300-11.07.33.png\" \/>\n\t<meta property=\"og:image:width\" content=\"314\" \/>\n\t<meta property=\"og:image:height\" content=\"438\" \/>\n\t<meta property=\"og:image:type\" content=\"image\/png\" \/>\n<meta name=\"author\" content=\"St\u00e9phane Miget\" \/>\n<meta name=\"twitter:card\" content=\"summary_large_image\" \/>\n<meta name=\"twitter:creator\" content=\"@bati_journal\" \/>\n<meta name=\"twitter:site\" content=\"@bati_journal\" \/>\n<meta name=\"twitter:label1\" content=\"\u00c9crit par\" \/>\n\t<meta name=\"twitter:data1\" content=\"St\u00e9phane Miget\" \/>\n\t<meta name=\"twitter:label2\" content=\"Dur\u00e9e de lecture estim\u00e9e\" \/>\n\t<meta name=\"twitter:data2\" content=\"1 minute\" \/>\n<script type=\"application\/ld+json\" class=\"yoast-schema-graph\">{\"@context\":\"https:\\\/\\\/schema.org\",\"@graph\":[{\"@type\":\"Article\",\"@id\":\"https:\\\/\\\/batijournal.com\\\/index.php\\\/rencontres-euro-mediterraneennes-de-volubilis-leau-dans-la-ville-et-les-paysages-mediterraneens\\\/106579\\\/#article\",\"isPartOf\":{\"@id\":\"https:\\\/\\\/batijournal.com\\\/index.php\\\/rencontres-euro-mediterraneennes-de-volubilis-leau-dans-la-ville-et-les-paysages-mediterraneens\\\/106579\\\/\"},\"author\":{\"name\":\"St\u00e9phane Miget\",\"@id\":\"https:\\\/\\\/batijournal.com\\\/#\\\/schema\\\/person\\\/1dc96ec6957aa1ccb25ebe78bb19f100\"},\"headline\":\"Rencontres euro-m\u00e9diterran\u00e9ennes de Volubilis : l&rsquo;eau dans la ville et les paysages m\u00e9diterran\u00e9ens\",\"datePublished\":\"2021-11-08T12:34:39+00:00\",\"mainEntityOfPage\":{\"@id\":\"https:\\\/\\\/batijournal.com\\\/index.php\\\/rencontres-euro-mediterraneennes-de-volubilis-leau-dans-la-ville-et-les-paysages-mediterraneens\\\/106579\\\/\"},\"wordCount\":155,\"image\":{\"@id\":\"https:\\\/\\\/batijournal.com\\\/index.php\\\/rencontres-euro-mediterraneennes-de-volubilis-leau-dans-la-ville-et-les-paysages-mediterraneens\\\/106579\\\/#primaryimage\"},\"thumbnailUrl\":\"https:\\\/\\\/batijournal.com\\\/wp-content\\\/uploads\\\/2021\\\/11\\\/Capture-de\u0301cran-2021-11-08-a\u0300-11.07.33.png\",\"keywords\":[\"rencontre euro-m\u00e9diterran\u00e9ennes\"],\"articleSection\":[\"Actualit\u00e9s\",\"Divers\",\"zz_Actualit\u00e9s - Atrium\"],\"inLanguage\":\"fr-FR\"},{\"@type\":\"WebPage\",\"@id\":\"https:\\\/\\\/batijournal.com\\\/index.php\\\/rencontres-euro-mediterraneennes-de-volubilis-leau-dans-la-ville-et-les-paysages-mediterraneens\\\/106579\\\/\",\"url\":\"https:\\\/\\\/batijournal.com\\\/index.php\\\/rencontres-euro-mediterraneennes-de-volubilis-leau-dans-la-ville-et-les-paysages-mediterraneens\\\/106579\\\/\",\"name\":\"Rencontres euro-m\u00e9diterran\u00e9ennes de Volubilis : l'eau dans la ville et les paysages m\u00e9diterran\u00e9ens\",\"isPartOf\":{\"@id\":\"https:\\\/\\\/batijournal.com\\\/#website\"},\"primaryImageOfPage\":{\"@id\":\"https:\\\/\\\/batijournal.com\\\/index.php\\\/rencontres-euro-mediterraneennes-de-volubilis-leau-dans-la-ville-et-les-paysages-mediterraneens\\\/106579\\\/#primaryimage\"},\"image\":{\"@id\":\"https:\\\/\\\/batijournal.com\\\/index.php\\\/rencontres-euro-mediterraneennes-de-volubilis-leau-dans-la-ville-et-les-paysages-mediterraneens\\\/106579\\\/#primaryimage\"},\"thumbnailUrl\":\"https:\\\/\\\/batijournal.com\\\/wp-content\\\/uploads\\\/2021\\\/11\\\/Capture-de\u0301cran-2021-11-08-a\u0300-11.07.33.png\",\"datePublished\":\"2021-11-08T12:34:39+00:00\",\"author\":{\"@id\":\"https:\\\/\\\/batijournal.com\\\/#\\\/schema\\\/person\\\/1dc96ec6957aa1ccb25ebe78bb19f100\"},\"breadcrumb\":{\"@id\":\"https:\\\/\\\/batijournal.com\\\/index.php\\\/rencontres-euro-mediterraneennes-de-volubilis-leau-dans-la-ville-et-les-paysages-mediterraneens\\\/106579\\\/#breadcrumb\"},\"inLanguage\":\"fr-FR\",\"potentialAction\":[{\"@type\":\"ReadAction\",\"target\":[\"https:\\\/\\\/batijournal.com\\\/index.php\\\/rencontres-euro-mediterraneennes-de-volubilis-leau-dans-la-ville-et-les-paysages-mediterraneens\\\/106579\\\/\"]}]},{\"@type\":\"ImageObject\",\"inLanguage\":\"fr-FR\",\"@id\":\"https:\\\/\\\/batijournal.com\\\/index.php\\\/rencontres-euro-mediterraneennes-de-volubilis-leau-dans-la-ville-et-les-paysages-mediterraneens\\\/106579\\\/#primaryimage\",\"url\":\"https:\\\/\\\/batijournal.com\\\/wp-content\\\/uploads\\\/2021\\\/11\\\/Capture-de\u0301cran-2021-11-08-a\u0300-11.07.33.png\",\"contentUrl\":\"https:\\\/\\\/batijournal.com\\\/wp-content\\\/uploads\\\/2021\\\/11\\\/Capture-de\u0301cran-2021-11-08-a\u0300-11.07.33.png\",\"width\":314,\"height\":438},{\"@type\":\"BreadcrumbList\",\"@id\":\"https:\\\/\\\/batijournal.com\\\/index.php\\\/rencontres-euro-mediterraneennes-de-volubilis-leau-dans-la-ville-et-les-paysages-mediterraneens\\\/106579\\\/#breadcrumb\",\"itemListElement\":[{\"@type\":\"ListItem\",\"position\":1,\"name\":\"Accueil\",\"item\":\"https:\\\/\\\/batijournal.com\\\/\"},{\"@type\":\"ListItem\",\"position\":2,\"name\":\"Actualit\u00e9s\",\"item\":\"https:\\\/\\\/batijournal.com\\\/index.php\\\/category\\\/actualites\\\/\"},{\"@type\":\"ListItem\",\"position\":3,\"name\":\"Rencontres euro-m\u00e9diterran\u00e9ennes de Volubilis : l&rsquo;eau dans la ville et les paysages m\u00e9diterran\u00e9ens\"}]},{\"@type\":\"WebSite\",\"@id\":\"https:\\\/\\\/batijournal.com\\\/#website\",\"url\":\"https:\\\/\\\/batijournal.com\\\/\",\"name\":\"Batijournal\",\"description\":\"L&#039;actualit\u00e9 du b\u00e2timent\",\"potentialAction\":[{\"@type\":\"SearchAction\",\"target\":{\"@type\":\"EntryPoint\",\"urlTemplate\":\"https:\\\/\\\/batijournal.com\\\/?s={search_term_string}\"},\"query-input\":{\"@type\":\"PropertyValueSpecification\",\"valueRequired\":true,\"valueName\":\"search_term_string\"}}],\"inLanguage\":\"fr-FR\"},{\"@type\":\"Person\",\"@id\":\"https:\\\/\\\/batijournal.com\\\/#\\\/schema\\\/person\\\/1dc96ec6957aa1ccb25ebe78bb19f100\",\"name\":\"St\u00e9phane Miget\",\"image\":{\"@type\":\"ImageObject\",\"inLanguage\":\"fr-FR\",\"@id\":\"https:\\\/\\\/secure.gravatar.com\\\/avatar\\\/89915563d925342126b8ef0281b93d9d7fc337043e8df017f780908eb9644451?s=96&d=mm&r=g\",\"url\":\"https:\\\/\\\/secure.gravatar.com\\\/avatar\\\/89915563d925342126b8ef0281b93d9d7fc337043e8df017f780908eb9644451?s=96&d=mm&r=g\",\"contentUrl\":\"https:\\\/\\\/secure.gravatar.com\\\/avatar\\\/89915563d925342126b8ef0281b93d9d7fc337043e8df017f780908eb9644451?s=96&d=mm&r=g\",\"caption\":\"St\u00e9phane Miget\"},\"url\":\"https:\\\/\\\/batijournal.com\\\/index.php\\\/author\\\/stephane\\\/\"}]}<\/script>\n<!-- \/ Yoast SEO plugin. -->","yoast_head_json":{"title":"Rencontres euro-m\u00e9diterran\u00e9ennes de Volubilis : l'eau dans la ville et les paysages m\u00e9diterran\u00e9ens","robots":{"index":"index","follow":"follow","max-snippet":"max-snippet:-1","max-image-preview":"max-image-preview:large","max-video-preview":"max-video-preview:-1"},"canonical":"https:\/\/batijournal.com\/index.php\/rencontres-euro-mediterraneennes-de-volubilis-leau-dans-la-ville-et-les-paysages-mediterraneens\/106579\/","og_locale":"fr_FR","og_type":"article","og_title":"Rencontres euro-m\u00e9diterran\u00e9ennes de Volubilis : l'eau dans la ville et les paysages m\u00e9diterran\u00e9ens","og_description":"Ces 14\u00e8mes Rencontres seront l&rsquo;occasion d&rsquo;un temps de partage entre professionnels et grand public au travers de conf\u00e9rences, table-rondes, entretiens, projection. Si le th\u00e8me de \u00ab\u00a0L&rsquo;eau dans la ville et les paysages m\u00e9diterran\u00e9ens\u00a0\u00bb a \u00e9t\u00e9 retenu, c&rsquo;est que la place de l&rsquo;eau, notamment au sein des pays m\u00e9diterran\u00e9ens, est malmen\u00e9e par les bouleversements climatiques. La [&hellip;]","og_url":"https:\/\/batijournal.com\/index.php\/rencontres-euro-mediterraneennes-de-volubilis-leau-dans-la-ville-et-les-paysages-mediterraneens\/106579\/","og_site_name":"Batijournal","article_published_time":"2021-11-08T12:34:39+00:00","og_image":[{"width":314,"height":438,"url":"https:\/\/batijournal.com\/wp-content\/uploads\/2021\/11\/Capture-de\u0301cran-2021-11-08-a\u0300-11.07.33.png","type":"image\/png"}],"author":"St\u00e9phane Miget","twitter_card":"summary_large_image","twitter_creator":"@bati_journal","twitter_site":"@bati_journal","twitter_misc":{"\u00c9crit par":"St\u00e9phane Miget","Dur\u00e9e de lecture estim\u00e9e":"1 minute"},"schema":{"@context":"https:\/\/schema.org","@graph":[{"@type":"Article","@id":"https:\/\/batijournal.com\/index.php\/rencontres-euro-mediterraneennes-de-volubilis-leau-dans-la-ville-et-les-paysages-mediterraneens\/106579\/#article","isPartOf":{"@id":"https:\/\/batijournal.com\/index.php\/rencontres-euro-mediterraneennes-de-volubilis-leau-dans-la-ville-et-les-paysages-mediterraneens\/106579\/"},"author":{"name":"St\u00e9phane Miget","@id":"https:\/\/batijournal.com\/#\/schema\/person\/1dc96ec6957aa1ccb25ebe78bb19f100"},"headline":"Rencontres euro-m\u00e9diterran\u00e9ennes de Volubilis : l&rsquo;eau dans la ville et les paysages m\u00e9diterran\u00e9ens","datePublished":"2021-11-08T12:34:39+00:00","mainEntityOfPage":{"@id":"https:\/\/batijournal.com\/index.php\/rencontres-euro-mediterraneennes-de-volubilis-leau-dans-la-ville-et-les-paysages-mediterraneens\/106579\/"},"wordCount":155,"image":{"@id":"https:\/\/batijournal.com\/index.php\/rencontres-euro-mediterraneennes-de-volubilis-leau-dans-la-ville-et-les-paysages-mediterraneens\/106579\/#primaryimage"},"thumbnailUrl":"https:\/\/batijournal.com\/wp-content\/uploads\/2021\/11\/Capture-de\u0301cran-2021-11-08-a\u0300-11.07.33.png","keywords":["rencontre euro-m\u00e9diterran\u00e9ennes"],"articleSection":["Actualit\u00e9s","Divers","zz_Actualit\u00e9s - Atrium"],"inLanguage":"fr-FR"},{"@type":"WebPage","@id":"https:\/\/batijournal.com\/index.php\/rencontres-euro-mediterraneennes-de-volubilis-leau-dans-la-ville-et-les-paysages-mediterraneens\/106579\/","url":"https:\/\/batijournal.com\/index.php\/rencontres-euro-mediterraneennes-de-volubilis-leau-dans-la-ville-et-les-paysages-mediterraneens\/106579\/","name":"Rencontres euro-m\u00e9diterran\u00e9ennes de Volubilis : l'eau dans la ville et les paysages m\u00e9diterran\u00e9ens","isPartOf":{"@id":"https:\/\/batijournal.com\/#website"},"primaryImageOfPage":{"@id":"https:\/\/batijournal.com\/index.php\/rencontres-euro-mediterraneennes-de-volubilis-leau-dans-la-ville-et-les-paysages-mediterraneens\/106579\/#primaryimage"},"image":{"@id":"https:\/\/batijournal.com\/index.php\/rencontres-euro-mediterraneennes-de-volubilis-leau-dans-la-ville-et-les-paysages-mediterraneens\/106579\/#primaryimage"},"thumbnailUrl":"https:\/\/batijournal.com\/wp-content\/uploads\/2021\/11\/Capture-de\u0301cran-2021-11-08-a\u0300-11.07.33.png","datePublished":"2021-11-08T12:34:39+00:00","author":{"@id":"https:\/\/batijournal.com\/#\/schema\/person\/1dc96ec6957aa1ccb25ebe78bb19f100"},"breadcrumb":{"@id":"https:\/\/batijournal.com\/index.php\/rencontres-euro-mediterraneennes-de-volubilis-leau-dans-la-ville-et-les-paysages-mediterraneens\/106579\/#breadcrumb"},"inLanguage":"fr-FR","potentialAction":[{"@type":"ReadAction","target":["https:\/\/batijournal.com\/index.php\/rencontres-euro-mediterraneennes-de-volubilis-leau-dans-la-ville-et-les-paysages-mediterraneens\/106579\/"]}]},{"@type":"ImageObject","inLanguage":"fr-FR","@id":"https:\/\/batijournal.com\/index.php\/rencontres-euro-mediterraneennes-de-volubilis-leau-dans-la-ville-et-les-paysages-mediterraneens\/106579\/#primaryimage","url":"https:\/\/batijournal.com\/wp-content\/uploads\/2021\/11\/Capture-de\u0301cran-2021-11-08-a\u0300-11.07.33.png","contentUrl":"https:\/\/batijournal.com\/wp-content\/uploads\/2021\/11\/Capture-de\u0301cran-2021-11-08-a\u0300-11.07.33.png","width":314,"height":438},{"@type":"BreadcrumbList","@id":"https:\/\/batijournal.com\/index.php\/rencontres-euro-mediterraneennes-de-volubilis-leau-dans-la-ville-et-les-paysages-mediterraneens\/106579\/#breadcrumb","itemListElement":[{"@type":"ListItem","position":1,"name":"Accueil","item":"https:\/\/batijournal.com\/"},{"@type":"ListItem","position":2,"name":"Actualit\u00e9s","item":"https:\/\/batijournal.com\/index.php\/category\/actualites\/"},{"@type":"ListItem","position":3,"name":"Rencontres euro-m\u00e9diterran\u00e9ennes de Volubilis : l&rsquo;eau dans la ville et les paysages m\u00e9diterran\u00e9ens"}]},{"@type":"WebSite","@id":"https:\/\/batijournal.com\/#website","url":"https:\/\/batijournal.com\/","name":"Batijournal","description":"L&#039;actualit\u00e9 du b\u00e2timent","potentialAction":[{"@type":"SearchAction","target":{"@type":"EntryPoint","urlTemplate":"https:\/\/batijournal.com\/?s={search_term_string}"},"query-input":{"@type":"PropertyValueSpecification","valueRequired":true,"valueName":"search_term_string"}}],"inLanguage":"fr-FR"},{"@type":"Person","@id":"https:\/\/batijournal.com\/#\/schema\/person\/1dc96ec6957aa1ccb25ebe78bb19f100","name":"St\u00e9phane Miget","image":{"@type":"ImageObject","inLanguage":"fr-FR","@id":"https:\/\/secure.gravatar.com\/avatar\/89915563d925342126b8ef0281b93d9d7fc337043e8df017f780908eb9644451?s=96&d=mm&r=g","url":"https:\/\/secure.gravatar.com\/avatar\/89915563d925342126b8ef0281b93d9d7fc337043e8df017f780908eb9644451?s=96&d=mm&r=g","contentUrl":"https:\/\/secure.gravatar.com\/avatar\/89915563d925342126b8ef0281b93d9d7fc337043e8df017f780908eb9644451?s=96&d=mm&r=g","caption":"St\u00e9phane Miget"},"url":"https:\/\/batijournal.com\/index.php\/author\/stephane\/"}]}},"_links":{"self":[{"href":"https:\/\/batijournal.com\/index.php\/wp-json\/wp\/v2\/posts\/106579","targetHints":{"allow":["GET"]}}],"collection":[{"href":"https:\/\/batijournal.com\/index.php\/wp-json\/wp\/v2\/posts"}],"about":[{"href":"https:\/\/batijournal.com\/index.php\/wp-json\/wp\/v2\/types\/post"}],"author":[{"embeddable":true,"href":"https:\/\/batijournal.com\/index.php\/wp-json\/wp\/v2\/users\/17"}],"replies":[{"embeddable":true,"href":"https:\/\/batijournal.com\/index.php\/wp-json\/wp\/v2\/comments?post=106579"}],"version-history":[{"count":0,"href":"https:\/\/batijournal.com\/index.php\/wp-json\/wp\/v2\/posts\/106579\/revisions"}],"wp:featuredmedia":[{"embeddable":true,"href":"https:\/\/batijournal.com\/index.php\/wp-json\/wp\/v2\/media\/106580"}],"wp:attachment":[{"href":"https:\/\/batijournal.com\/index.php\/wp-json\/wp\/v2\/media?parent=106579"}],"wp:term":[{"taxonomy":"category","embeddable":true,"href":"https:\/\/batijournal.com\/index.php\/wp-json\/wp\/v2\/categories?post=106579"},{"taxonomy":"post_tag","embeddable":true,"href":"https:\/\/batijournal.com\/index.php\/wp-json\/wp\/v2\/tags?post=106579"}],"curies":[{"name":"wp","href":"https:\/\/api.w.org\/{rel}","templated":true}]}}