{"id":106637,"date":"2021-11-15T18:04:34","date_gmt":"2021-11-15T17:04:34","guid":{"rendered":"https:\/\/batijournal.com\/?p=106637"},"modified":"2021-11-15T18:04:34","modified_gmt":"2021-11-15T17:04:34","slug":"le-marche-du-bardage-bois-en-progression-de-25","status":"publish","type":"post","link":"https:\/\/batijournal.com\/index.php\/le-marche-du-bardage-bois-en-progression-de-25\/106637\/","title":{"rendered":"Le march\u00e9 du bardage bois en progression de 25%"},"content":{"rendered":"<p>Le march\u00e9 du bardage bois enregistre une forte progression avec une hausse de 12,5% entre 2019 et 2020 et une hausse de 25% entre 2019 et 2021. Cela s&rsquo;explique avec la volont\u00e9 des ma\u00eetres d&rsquo;oeuvre de s&rsquo;orienter vers des constructions bas carbone. Le march\u00e9 devrait encore progresser au moins de 16 \u00e0 17% d&rsquo;ici \u00e0 2025. Rappelons que les principaux produits de ce secteur sont les bardages peints, les bardages avec saturateurs, les bardages naturels et les bardages autoclav\u00e9s. La RE2020 devrait lui profiter avec des prescripteurs int\u00e9ress\u00e9s par le c\u00f4t\u00e9 \u00ab\u00a0puits de carbone\u00a0\u00bb des bardages bois et donc leur contribution \u00e0 l&rsquo;atteinte des objectifs de la RE.<\/p>\n<p>Source : Le Commerce du Bois<\/p>\n<p>&nbsp;<\/p>\n","protected":false},"excerpt":{"rendered":"<p>Le march\u00e9 du bardage bois enregistre une forte progression avec une hausse de 12,5% entre 2019 et 2020 et une hausse de 25% entre 2019 et 2021. Cela s&rsquo;explique avec la volont\u00e9 des ma\u00eetres d&rsquo;oeuvre de s&rsquo;orienter vers des constructions bas carbone. Le march\u00e9 devrait encore progresser au moins de 16 \u00e0 17% d&rsquo;ici \u00e0 [&hellip;]<\/p>\n","protected":false},"author":17,"featured_media":106638,"comment_status":"closed","ping_status":"closed","sticky":false,"template":"","format":"standard","meta":{"_et_pb_use_builder":"","_et_pb_old_content":"","_et_gb_content_width":"","footnotes":""},"categories":[10530,6345,12829,10767,10764],"tags":[12885,12769],"class_list":["post-106637","post","type-post","status-publish","format-standard","has-post-thumbnail","hentry","category-actualites","category-economie-marches","category-entretien-finition","category-produits-woodsurfer","category-woodsurfer","tag-bardage","tag-re2020"],"yoast_head":"<!-- This site is optimized with the Yoast SEO plugin v27.4 - https:\/\/yoast.com\/product\/yoast-seo-wordpress\/ -->\n<title>Le march\u00e9 du bardage bois en progression de 25%<\/title>\n<meta name=\"robots\" content=\"index, follow, max-snippet:-1, max-image-preview:large, max-video-preview:-1\" \/>\n<link rel=\"canonical\" href=\"https:\/\/batijournal.com\/index.php\/le-marche-du-bardage-bois-en-progression-de-25\/106637\/\" \/>\n<meta property=\"og:locale\" content=\"fr_FR\" \/>\n<meta property=\"og:type\" content=\"article\" \/>\n<meta property=\"og:title\" content=\"Le march\u00e9 du bardage bois en progression de 25%\" \/>\n<meta property=\"og:description\" content=\"Le march\u00e9 du bardage bois enregistre une forte progression avec une hausse de 12,5% entre 2019 et 2020 et une hausse de 25% entre 2019 et 2021. Cela s&rsquo;explique avec la volont\u00e9 des ma\u00eetres d&rsquo;oeuvre de s&rsquo;orienter vers des constructions bas carbone. Le march\u00e9 devrait encore progresser au moins de 16 \u00e0 17% d&rsquo;ici \u00e0 [&hellip;]\" \/>\n<meta property=\"og:url\" content=\"https:\/\/batijournal.com\/index.php\/le-marche-du-bardage-bois-en-progression-de-25\/106637\/\" \/>\n<meta property=\"og:site_name\" content=\"Batijournal\" \/>\n<meta property=\"article:published_time\" content=\"2021-11-15T17:04:34+00:00\" \/>\n<meta property=\"og:image\" content=\"https:\/\/batijournal.com\/wp-content\/uploads\/2021\/11\/Le-commerce-du-bois.png\" \/>\n\t<meta property=\"og:image:width\" content=\"2500\" \/>\n\t<meta property=\"og:image:height\" content=\"970\" \/>\n\t<meta property=\"og:image:type\" content=\"image\/png\" \/>\n<meta name=\"author\" content=\"St\u00e9phane Miget\" \/>\n<meta name=\"twitter:card\" content=\"summary_large_image\" \/>\n<meta name=\"twitter:creator\" content=\"@bati_journal\" \/>\n<meta name=\"twitter:site\" content=\"@bati_journal\" \/>\n<meta name=\"twitter:label1\" content=\"\u00c9crit par\" \/>\n\t<meta name=\"twitter:data1\" content=\"St\u00e9phane Miget\" \/>\n\t<meta name=\"twitter:label2\" content=\"Dur\u00e9e de lecture estim\u00e9e\" \/>\n\t<meta name=\"twitter:data2\" content=\"1 minute\" \/>\n<script type=\"application\/ld+json\" class=\"yoast-schema-graph\">{\"@context\":\"https:\\\/\\\/schema.org\",\"@graph\":[{\"@type\":\"Article\",\"@id\":\"https:\\\/\\\/batijournal.com\\\/index.php\\\/le-marche-du-bardage-bois-en-progression-de-25\\\/106637\\\/#article\",\"isPartOf\":{\"@id\":\"https:\\\/\\\/batijournal.com\\\/index.php\\\/le-marche-du-bardage-bois-en-progression-de-25\\\/106637\\\/\"},\"author\":{\"name\":\"St\u00e9phane Miget\",\"@id\":\"https:\\\/\\\/batijournal.com\\\/#\\\/schema\\\/person\\\/1dc96ec6957aa1ccb25ebe78bb19f100\"},\"headline\":\"Le march\u00e9 du bardage bois en progression de 25%\",\"datePublished\":\"2021-11-15T17:04:34+00:00\",\"mainEntityOfPage\":{\"@id\":\"https:\\\/\\\/batijournal.com\\\/index.php\\\/le-marche-du-bardage-bois-en-progression-de-25\\\/106637\\\/\"},\"wordCount\":120,\"image\":{\"@id\":\"https:\\\/\\\/batijournal.com\\\/index.php\\\/le-marche-du-bardage-bois-en-progression-de-25\\\/106637\\\/#primaryimage\"},\"thumbnailUrl\":\"https:\\\/\\\/batijournal.com\\\/wp-content\\\/uploads\\\/2021\\\/11\\\/Le-commerce-du-bois.png\",\"keywords\":[\"bardage\",\"RE2020\"],\"articleSection\":[\"Actualit\u00e9s\",\"\u00c9conomie &amp; March\u00e9s\",\"Entretien\\\/finition\",\"zz_Produits - Woodsurfer\",\"zz_Woodsurfer\"],\"inLanguage\":\"fr-FR\"},{\"@type\":\"WebPage\",\"@id\":\"https:\\\/\\\/batijournal.com\\\/index.php\\\/le-marche-du-bardage-bois-en-progression-de-25\\\/106637\\\/\",\"url\":\"https:\\\/\\\/batijournal.com\\\/index.php\\\/le-marche-du-bardage-bois-en-progression-de-25\\\/106637\\\/\",\"name\":\"Le march\u00e9 du bardage bois en progression de 25%\",\"isPartOf\":{\"@id\":\"https:\\\/\\\/batijournal.com\\\/#website\"},\"primaryImageOfPage\":{\"@id\":\"https:\\\/\\\/batijournal.com\\\/index.php\\\/le-marche-du-bardage-bois-en-progression-de-25\\\/106637\\\/#primaryimage\"},\"image\":{\"@id\":\"https:\\\/\\\/batijournal.com\\\/index.php\\\/le-marche-du-bardage-bois-en-progression-de-25\\\/106637\\\/#primaryimage\"},\"thumbnailUrl\":\"https:\\\/\\\/batijournal.com\\\/wp-content\\\/uploads\\\/2021\\\/11\\\/Le-commerce-du-bois.png\",\"datePublished\":\"2021-11-15T17:04:34+00:00\",\"author\":{\"@id\":\"https:\\\/\\\/batijournal.com\\\/#\\\/schema\\\/person\\\/1dc96ec6957aa1ccb25ebe78bb19f100\"},\"breadcrumb\":{\"@id\":\"https:\\\/\\\/batijournal.com\\\/index.php\\\/le-marche-du-bardage-bois-en-progression-de-25\\\/106637\\\/#breadcrumb\"},\"inLanguage\":\"fr-FR\",\"potentialAction\":[{\"@type\":\"ReadAction\",\"target\":[\"https:\\\/\\\/batijournal.com\\\/index.php\\\/le-marche-du-bardage-bois-en-progression-de-25\\\/106637\\\/\"]}]},{\"@type\":\"ImageObject\",\"inLanguage\":\"fr-FR\",\"@id\":\"https:\\\/\\\/batijournal.com\\\/index.php\\\/le-marche-du-bardage-bois-en-progression-de-25\\\/106637\\\/#primaryimage\",\"url\":\"https:\\\/\\\/batijournal.com\\\/wp-content\\\/uploads\\\/2021\\\/11\\\/Le-commerce-du-bois.png\",\"contentUrl\":\"https:\\\/\\\/batijournal.com\\\/wp-content\\\/uploads\\\/2021\\\/11\\\/Le-commerce-du-bois.png\",\"width\":2500,\"height\":970},{\"@type\":\"BreadcrumbList\",\"@id\":\"https:\\\/\\\/batijournal.com\\\/index.php\\\/le-marche-du-bardage-bois-en-progression-de-25\\\/106637\\\/#breadcrumb\",\"itemListElement\":[{\"@type\":\"ListItem\",\"position\":1,\"name\":\"Accueil\",\"item\":\"https:\\\/\\\/batijournal.com\\\/\"},{\"@type\":\"ListItem\",\"position\":2,\"name\":\"Actualit\u00e9s\",\"item\":\"https:\\\/\\\/batijournal.com\\\/index.php\\\/category\\\/actualites\\\/\"},{\"@type\":\"ListItem\",\"position\":3,\"name\":\"Le march\u00e9 du bardage bois en progression de 25%\"}]},{\"@type\":\"WebSite\",\"@id\":\"https:\\\/\\\/batijournal.com\\\/#website\",\"url\":\"https:\\\/\\\/batijournal.com\\\/\",\"name\":\"Batijournal\",\"description\":\"L&#039;actualit\u00e9 du b\u00e2timent\",\"potentialAction\":[{\"@type\":\"SearchAction\",\"target\":{\"@type\":\"EntryPoint\",\"urlTemplate\":\"https:\\\/\\\/batijournal.com\\\/?s={search_term_string}\"},\"query-input\":{\"@type\":\"PropertyValueSpecification\",\"valueRequired\":true,\"valueName\":\"search_term_string\"}}],\"inLanguage\":\"fr-FR\"},{\"@type\":\"Person\",\"@id\":\"https:\\\/\\\/batijournal.com\\\/#\\\/schema\\\/person\\\/1dc96ec6957aa1ccb25ebe78bb19f100\",\"name\":\"St\u00e9phane Miget\",\"image\":{\"@type\":\"ImageObject\",\"inLanguage\":\"fr-FR\",\"@id\":\"https:\\\/\\\/secure.gravatar.com\\\/avatar\\\/89915563d925342126b8ef0281b93d9d7fc337043e8df017f780908eb9644451?s=96&d=mm&r=g\",\"url\":\"https:\\\/\\\/secure.gravatar.com\\\/avatar\\\/89915563d925342126b8ef0281b93d9d7fc337043e8df017f780908eb9644451?s=96&d=mm&r=g\",\"contentUrl\":\"https:\\\/\\\/secure.gravatar.com\\\/avatar\\\/89915563d925342126b8ef0281b93d9d7fc337043e8df017f780908eb9644451?s=96&d=mm&r=g\",\"caption\":\"St\u00e9phane Miget\"},\"url\":\"https:\\\/\\\/batijournal.com\\\/index.php\\\/author\\\/stephane\\\/\"}]}<\/script>\n<!-- \/ Yoast SEO plugin. -->","yoast_head_json":{"title":"Le march\u00e9 du bardage bois en progression de 25%","robots":{"index":"index","follow":"follow","max-snippet":"max-snippet:-1","max-image-preview":"max-image-preview:large","max-video-preview":"max-video-preview:-1"},"canonical":"https:\/\/batijournal.com\/index.php\/le-marche-du-bardage-bois-en-progression-de-25\/106637\/","og_locale":"fr_FR","og_type":"article","og_title":"Le march\u00e9 du bardage bois en progression de 25%","og_description":"Le march\u00e9 du bardage bois enregistre une forte progression avec une hausse de 12,5% entre 2019 et 2020 et une hausse de 25% entre 2019 et 2021. Cela s&rsquo;explique avec la volont\u00e9 des ma\u00eetres d&rsquo;oeuvre de s&rsquo;orienter vers des constructions bas carbone. Le march\u00e9 devrait encore progresser au moins de 16 \u00e0 17% d&rsquo;ici \u00e0 [&hellip;]","og_url":"https:\/\/batijournal.com\/index.php\/le-marche-du-bardage-bois-en-progression-de-25\/106637\/","og_site_name":"Batijournal","article_published_time":"2021-11-15T17:04:34+00:00","og_image":[{"width":2500,"height":970,"url":"https:\/\/batijournal.com\/wp-content\/uploads\/2021\/11\/Le-commerce-du-bois.png","type":"image\/png"}],"author":"St\u00e9phane Miget","twitter_card":"summary_large_image","twitter_creator":"@bati_journal","twitter_site":"@bati_journal","twitter_misc":{"\u00c9crit par":"St\u00e9phane Miget","Dur\u00e9e de lecture estim\u00e9e":"1 minute"},"schema":{"@context":"https:\/\/schema.org","@graph":[{"@type":"Article","@id":"https:\/\/batijournal.com\/index.php\/le-marche-du-bardage-bois-en-progression-de-25\/106637\/#article","isPartOf":{"@id":"https:\/\/batijournal.com\/index.php\/le-marche-du-bardage-bois-en-progression-de-25\/106637\/"},"author":{"name":"St\u00e9phane Miget","@id":"https:\/\/batijournal.com\/#\/schema\/person\/1dc96ec6957aa1ccb25ebe78bb19f100"},"headline":"Le march\u00e9 du bardage bois en progression de 25%","datePublished":"2021-11-15T17:04:34+00:00","mainEntityOfPage":{"@id":"https:\/\/batijournal.com\/index.php\/le-marche-du-bardage-bois-en-progression-de-25\/106637\/"},"wordCount":120,"image":{"@id":"https:\/\/batijournal.com\/index.php\/le-marche-du-bardage-bois-en-progression-de-25\/106637\/#primaryimage"},"thumbnailUrl":"https:\/\/batijournal.com\/wp-content\/uploads\/2021\/11\/Le-commerce-du-bois.png","keywords":["bardage","RE2020"],"articleSection":["Actualit\u00e9s","\u00c9conomie &amp; March\u00e9s","Entretien\/finition","zz_Produits - Woodsurfer","zz_Woodsurfer"],"inLanguage":"fr-FR"},{"@type":"WebPage","@id":"https:\/\/batijournal.com\/index.php\/le-marche-du-bardage-bois-en-progression-de-25\/106637\/","url":"https:\/\/batijournal.com\/index.php\/le-marche-du-bardage-bois-en-progression-de-25\/106637\/","name":"Le march\u00e9 du bardage bois en progression de 25%","isPartOf":{"@id":"https:\/\/batijournal.com\/#website"},"primaryImageOfPage":{"@id":"https:\/\/batijournal.com\/index.php\/le-marche-du-bardage-bois-en-progression-de-25\/106637\/#primaryimage"},"image":{"@id":"https:\/\/batijournal.com\/index.php\/le-marche-du-bardage-bois-en-progression-de-25\/106637\/#primaryimage"},"thumbnailUrl":"https:\/\/batijournal.com\/wp-content\/uploads\/2021\/11\/Le-commerce-du-bois.png","datePublished":"2021-11-15T17:04:34+00:00","author":{"@id":"https:\/\/batijournal.com\/#\/schema\/person\/1dc96ec6957aa1ccb25ebe78bb19f100"},"breadcrumb":{"@id":"https:\/\/batijournal.com\/index.php\/le-marche-du-bardage-bois-en-progression-de-25\/106637\/#breadcrumb"},"inLanguage":"fr-FR","potentialAction":[{"@type":"ReadAction","target":["https:\/\/batijournal.com\/index.php\/le-marche-du-bardage-bois-en-progression-de-25\/106637\/"]}]},{"@type":"ImageObject","inLanguage":"fr-FR","@id":"https:\/\/batijournal.com\/index.php\/le-marche-du-bardage-bois-en-progression-de-25\/106637\/#primaryimage","url":"https:\/\/batijournal.com\/wp-content\/uploads\/2021\/11\/Le-commerce-du-bois.png","contentUrl":"https:\/\/batijournal.com\/wp-content\/uploads\/2021\/11\/Le-commerce-du-bois.png","width":2500,"height":970},{"@type":"BreadcrumbList","@id":"https:\/\/batijournal.com\/index.php\/le-marche-du-bardage-bois-en-progression-de-25\/106637\/#breadcrumb","itemListElement":[{"@type":"ListItem","position":1,"name":"Accueil","item":"https:\/\/batijournal.com\/"},{"@type":"ListItem","position":2,"name":"Actualit\u00e9s","item":"https:\/\/batijournal.com\/index.php\/category\/actualites\/"},{"@type":"ListItem","position":3,"name":"Le march\u00e9 du bardage bois en progression de 25%"}]},{"@type":"WebSite","@id":"https:\/\/batijournal.com\/#website","url":"https:\/\/batijournal.com\/","name":"Batijournal","description":"L&#039;actualit\u00e9 du b\u00e2timent","potentialAction":[{"@type":"SearchAction","target":{"@type":"EntryPoint","urlTemplate":"https:\/\/batijournal.com\/?s={search_term_string}"},"query-input":{"@type":"PropertyValueSpecification","valueRequired":true,"valueName":"search_term_string"}}],"inLanguage":"fr-FR"},{"@type":"Person","@id":"https:\/\/batijournal.com\/#\/schema\/person\/1dc96ec6957aa1ccb25ebe78bb19f100","name":"St\u00e9phane Miget","image":{"@type":"ImageObject","inLanguage":"fr-FR","@id":"https:\/\/secure.gravatar.com\/avatar\/89915563d925342126b8ef0281b93d9d7fc337043e8df017f780908eb9644451?s=96&d=mm&r=g","url":"https:\/\/secure.gravatar.com\/avatar\/89915563d925342126b8ef0281b93d9d7fc337043e8df017f780908eb9644451?s=96&d=mm&r=g","contentUrl":"https:\/\/secure.gravatar.com\/avatar\/89915563d925342126b8ef0281b93d9d7fc337043e8df017f780908eb9644451?s=96&d=mm&r=g","caption":"St\u00e9phane Miget"},"url":"https:\/\/batijournal.com\/index.php\/author\/stephane\/"}]}},"_links":{"self":[{"href":"https:\/\/batijournal.com\/index.php\/wp-json\/wp\/v2\/posts\/106637","targetHints":{"allow":["GET"]}}],"collection":[{"href":"https:\/\/batijournal.com\/index.php\/wp-json\/wp\/v2\/posts"}],"about":[{"href":"https:\/\/batijournal.com\/index.php\/wp-json\/wp\/v2\/types\/post"}],"author":[{"embeddable":true,"href":"https:\/\/batijournal.com\/index.php\/wp-json\/wp\/v2\/users\/17"}],"replies":[{"embeddable":true,"href":"https:\/\/batijournal.com\/index.php\/wp-json\/wp\/v2\/comments?post=106637"}],"version-history":[{"count":0,"href":"https:\/\/batijournal.com\/index.php\/wp-json\/wp\/v2\/posts\/106637\/revisions"}],"wp:featuredmedia":[{"embeddable":true,"href":"https:\/\/batijournal.com\/index.php\/wp-json\/wp\/v2\/media\/106638"}],"wp:attachment":[{"href":"https:\/\/batijournal.com\/index.php\/wp-json\/wp\/v2\/media?parent=106637"}],"wp:term":[{"taxonomy":"category","embeddable":true,"href":"https:\/\/batijournal.com\/index.php\/wp-json\/wp\/v2\/categories?post=106637"},{"taxonomy":"post_tag","embeddable":true,"href":"https:\/\/batijournal.com\/index.php\/wp-json\/wp\/v2\/tags?post=106637"}],"curies":[{"name":"wp","href":"https:\/\/api.w.org\/{rel}","templated":true}]}}