{"id":106713,"date":"2021-11-29T08:36:21","date_gmt":"2021-11-29T07:36:21","guid":{"rendered":"https:\/\/batijournal.com\/?p=106713"},"modified":"2021-11-29T08:36:21","modified_gmt":"2021-11-29T07:36:21","slug":"bilan-du-salon-des-maires-2021","status":"publish","type":"post","link":"https:\/\/batijournal.com\/index.php\/bilan-du-salon-des-maires-2021\/106713\/","title":{"rendered":"Bilan du Salon des Maires 2021"},"content":{"rendered":"<div class=\"page\" title=\"Page 1\">\n<div class=\"section\">\n<div class=\"layoutArea\">\n<div class=\"column\">\n<p>La 20e\u0300me e\u0301dition du Salon des Maires et des Collectivite\u0301s Locales a re\u0301uni 945 exposants et plus de 45 300 visiteurs les 16, 17 et 18 novembre derniers au Parc des Expositions de la Porte de Versailles a\u0300 Paris. \u00a0Entie\u0300rement repense\u0301 dans sa structure et dans son contenu, il a offert a\u0300 ses visiteurs, partenaires, confe\u0301renciers et exposants de nouveaux espaces d\u2019expression, de de\u0301monstration et d\u2019e\u0301change pour accompagner les transformations e\u0301cologiques, climatiques, e\u0301conomiques, nume\u0301riques, sociales et socie\u0301tales a\u0300 l\u2019\u0153uvre sur tous les territoires. Les Labs, espaces participatifs de prise de parole et de rencontre sur de nombreux sujets concrets comme autant de leviers d\u2019action locale. Les Atmosphe\u0300res, espaces de confe\u0301rence ouverts pour s\u2019informer et se former sur de nombreuses solutions et opportunite\u0301s associe\u0301es aux dynamiques de transition. Les espaces Vis ta Ville, lieux immersifs qui recre\u0301ent l\u2019univers de la ville : marche\u0301s, terrains de sport, tiers-lieux&#8230; Les Are\u0300nes de l\u2019Innovation, terrains d\u2019expression et d\u2019e\u0301change autour de solutions innovantes, des modalite\u0301s varie\u0301es de l\u2019innovation, ses financements et ses conditions d\u2019e\u0301mergence a\u0300 l\u2019e\u0301chelle locale.<\/p>\n<\/div>\n<\/div>\n<\/div>\n<\/div>\n<p>&nbsp;<\/p>\n<p>&nbsp;<\/p>\n","protected":false},"excerpt":{"rendered":"<p>La 20e\u0300me e\u0301dition du Salon des Maires et des Collectivite\u0301s Locales a re\u0301uni 945 exposants et plus de 45 300 visiteurs les 16, 17 et 18 novembre derniers au Parc des Expositions de la Porte de Versailles a\u0300 Paris. \u00a0Entie\u0300rement repense\u0301 dans sa structure et dans son contenu, il a offert a\u0300 ses visiteurs, partenaires, [&hellip;]<\/p>\n","protected":false},"author":17,"featured_media":106717,"comment_status":"closed","ping_status":"closed","sticky":false,"template":"","format":"standard","meta":{"_et_pb_use_builder":"","_et_pb_old_content":"","_et_gb_content_width":"","footnotes":""},"categories":[10530,6362,9192],"tags":[3306],"class_list":["post-106713","post","type-post","status-publish","format-standard","has-post-thumbnail","hentry","category-actualites","category-services-equipements","category-evenements","tag-salon-des-maires"],"yoast_head":"<!-- This site is optimized with the Yoast SEO plugin v27.4 - https:\/\/yoast.com\/product\/yoast-seo-wordpress\/ -->\n<title>Bilan du Salon des Maires 2021<\/title>\n<meta name=\"robots\" content=\"index, follow, max-snippet:-1, max-image-preview:large, max-video-preview:-1\" \/>\n<link rel=\"canonical\" href=\"https:\/\/batijournal.com\/index.php\/bilan-du-salon-des-maires-2021\/106713\/\" \/>\n<meta property=\"og:locale\" content=\"fr_FR\" \/>\n<meta property=\"og:type\" content=\"article\" \/>\n<meta property=\"og:title\" content=\"Bilan du Salon des Maires 2021\" \/>\n<meta property=\"og:description\" content=\"La 20e\u0300me e\u0301dition du Salon des Maires et des Collectivite\u0301s Locales a re\u0301uni 945 exposants et plus de 45 300 visiteurs les 16, 17 et 18 novembre derniers au Parc des Expositions de la Porte de Versailles a\u0300 Paris. \u00a0Entie\u0300rement repense\u0301 dans sa structure et dans son contenu, il a offert a\u0300 ses visiteurs, partenaires, [&hellip;]\" \/>\n<meta property=\"og:url\" content=\"https:\/\/batijournal.com\/index.php\/bilan-du-salon-des-maires-2021\/106713\/\" \/>\n<meta property=\"og:site_name\" content=\"Batijournal\" \/>\n<meta property=\"article:published_time\" content=\"2021-11-29T07:36:21+00:00\" \/>\n<meta property=\"og:image\" content=\"https:\/\/batijournal.com\/wp-content\/uploads\/2021\/11\/437e3d3d-d3f1-4e05-a770-18cf93b0d08d@augure.jpg\" \/>\n\t<meta property=\"og:image:width\" content=\"2048\" \/>\n\t<meta property=\"og:image:height\" content=\"1365\" \/>\n\t<meta property=\"og:image:type\" content=\"image\/jpeg\" \/>\n<meta name=\"author\" content=\"St\u00e9phane Miget\" \/>\n<meta name=\"twitter:card\" content=\"summary_large_image\" \/>\n<meta name=\"twitter:creator\" content=\"@bati_journal\" \/>\n<meta name=\"twitter:site\" content=\"@bati_journal\" \/>\n<meta name=\"twitter:label1\" content=\"\u00c9crit par\" \/>\n\t<meta name=\"twitter:data1\" content=\"St\u00e9phane Miget\" \/>\n\t<meta name=\"twitter:label2\" content=\"Dur\u00e9e de lecture estim\u00e9e\" \/>\n\t<meta name=\"twitter:data2\" content=\"1 minute\" \/>\n<script type=\"application\/ld+json\" class=\"yoast-schema-graph\">{\"@context\":\"https:\\\/\\\/schema.org\",\"@graph\":[{\"@type\":\"Article\",\"@id\":\"https:\\\/\\\/batijournal.com\\\/index.php\\\/bilan-du-salon-des-maires-2021\\\/106713\\\/#article\",\"isPartOf\":{\"@id\":\"https:\\\/\\\/batijournal.com\\\/index.php\\\/bilan-du-salon-des-maires-2021\\\/106713\\\/\"},\"author\":{\"name\":\"St\u00e9phane Miget\",\"@id\":\"https:\\\/\\\/batijournal.com\\\/#\\\/schema\\\/person\\\/1dc96ec6957aa1ccb25ebe78bb19f100\"},\"headline\":\"Bilan du Salon des Maires 2021\",\"datePublished\":\"2021-11-29T07:36:21+00:00\",\"mainEntityOfPage\":{\"@id\":\"https:\\\/\\\/batijournal.com\\\/index.php\\\/bilan-du-salon-des-maires-2021\\\/106713\\\/\"},\"wordCount\":208,\"image\":{\"@id\":\"https:\\\/\\\/batijournal.com\\\/index.php\\\/bilan-du-salon-des-maires-2021\\\/106713\\\/#primaryimage\"},\"thumbnailUrl\":\"https:\\\/\\\/batijournal.com\\\/wp-content\\\/uploads\\\/2021\\\/11\\\/437e3d3d-d3f1-4e05-a770-18cf93b0d08d@augure.jpg\",\"keywords\":[\"Salon des maires\"],\"articleSection\":[\"Actualit\u00e9s\",\"Divers\",\"\u00c9v\u00e9nements\"],\"inLanguage\":\"fr-FR\"},{\"@type\":\"WebPage\",\"@id\":\"https:\\\/\\\/batijournal.com\\\/index.php\\\/bilan-du-salon-des-maires-2021\\\/106713\\\/\",\"url\":\"https:\\\/\\\/batijournal.com\\\/index.php\\\/bilan-du-salon-des-maires-2021\\\/106713\\\/\",\"name\":\"Bilan du Salon des Maires 2021\",\"isPartOf\":{\"@id\":\"https:\\\/\\\/batijournal.com\\\/#website\"},\"primaryImageOfPage\":{\"@id\":\"https:\\\/\\\/batijournal.com\\\/index.php\\\/bilan-du-salon-des-maires-2021\\\/106713\\\/#primaryimage\"},\"image\":{\"@id\":\"https:\\\/\\\/batijournal.com\\\/index.php\\\/bilan-du-salon-des-maires-2021\\\/106713\\\/#primaryimage\"},\"thumbnailUrl\":\"https:\\\/\\\/batijournal.com\\\/wp-content\\\/uploads\\\/2021\\\/11\\\/437e3d3d-d3f1-4e05-a770-18cf93b0d08d@augure.jpg\",\"datePublished\":\"2021-11-29T07:36:21+00:00\",\"author\":{\"@id\":\"https:\\\/\\\/batijournal.com\\\/#\\\/schema\\\/person\\\/1dc96ec6957aa1ccb25ebe78bb19f100\"},\"breadcrumb\":{\"@id\":\"https:\\\/\\\/batijournal.com\\\/index.php\\\/bilan-du-salon-des-maires-2021\\\/106713\\\/#breadcrumb\"},\"inLanguage\":\"fr-FR\",\"potentialAction\":[{\"@type\":\"ReadAction\",\"target\":[\"https:\\\/\\\/batijournal.com\\\/index.php\\\/bilan-du-salon-des-maires-2021\\\/106713\\\/\"]}]},{\"@type\":\"ImageObject\",\"inLanguage\":\"fr-FR\",\"@id\":\"https:\\\/\\\/batijournal.com\\\/index.php\\\/bilan-du-salon-des-maires-2021\\\/106713\\\/#primaryimage\",\"url\":\"https:\\\/\\\/batijournal.com\\\/wp-content\\\/uploads\\\/2021\\\/11\\\/437e3d3d-d3f1-4e05-a770-18cf93b0d08d@augure.jpg\",\"contentUrl\":\"https:\\\/\\\/batijournal.com\\\/wp-content\\\/uploads\\\/2021\\\/11\\\/437e3d3d-d3f1-4e05-a770-18cf93b0d08d@augure.jpg\",\"width\":2048,\"height\":1365},{\"@type\":\"BreadcrumbList\",\"@id\":\"https:\\\/\\\/batijournal.com\\\/index.php\\\/bilan-du-salon-des-maires-2021\\\/106713\\\/#breadcrumb\",\"itemListElement\":[{\"@type\":\"ListItem\",\"position\":1,\"name\":\"Accueil\",\"item\":\"https:\\\/\\\/batijournal.com\\\/\"},{\"@type\":\"ListItem\",\"position\":2,\"name\":\"Actualit\u00e9s\",\"item\":\"https:\\\/\\\/batijournal.com\\\/index.php\\\/category\\\/actualites\\\/\"},{\"@type\":\"ListItem\",\"position\":3,\"name\":\"Bilan du Salon des Maires 2021\"}]},{\"@type\":\"WebSite\",\"@id\":\"https:\\\/\\\/batijournal.com\\\/#website\",\"url\":\"https:\\\/\\\/batijournal.com\\\/\",\"name\":\"Batijournal\",\"description\":\"L&#039;actualit\u00e9 du b\u00e2timent\",\"potentialAction\":[{\"@type\":\"SearchAction\",\"target\":{\"@type\":\"EntryPoint\",\"urlTemplate\":\"https:\\\/\\\/batijournal.com\\\/?s={search_term_string}\"},\"query-input\":{\"@type\":\"PropertyValueSpecification\",\"valueRequired\":true,\"valueName\":\"search_term_string\"}}],\"inLanguage\":\"fr-FR\"},{\"@type\":\"Person\",\"@id\":\"https:\\\/\\\/batijournal.com\\\/#\\\/schema\\\/person\\\/1dc96ec6957aa1ccb25ebe78bb19f100\",\"name\":\"St\u00e9phane Miget\",\"image\":{\"@type\":\"ImageObject\",\"inLanguage\":\"fr-FR\",\"@id\":\"https:\\\/\\\/secure.gravatar.com\\\/avatar\\\/89915563d925342126b8ef0281b93d9d7fc337043e8df017f780908eb9644451?s=96&d=mm&r=g\",\"url\":\"https:\\\/\\\/secure.gravatar.com\\\/avatar\\\/89915563d925342126b8ef0281b93d9d7fc337043e8df017f780908eb9644451?s=96&d=mm&r=g\",\"contentUrl\":\"https:\\\/\\\/secure.gravatar.com\\\/avatar\\\/89915563d925342126b8ef0281b93d9d7fc337043e8df017f780908eb9644451?s=96&d=mm&r=g\",\"caption\":\"St\u00e9phane Miget\"},\"url\":\"https:\\\/\\\/batijournal.com\\\/index.php\\\/author\\\/stephane\\\/\"}]}<\/script>\n<!-- \/ Yoast SEO plugin. -->","yoast_head_json":{"title":"Bilan du Salon des Maires 2021","robots":{"index":"index","follow":"follow","max-snippet":"max-snippet:-1","max-image-preview":"max-image-preview:large","max-video-preview":"max-video-preview:-1"},"canonical":"https:\/\/batijournal.com\/index.php\/bilan-du-salon-des-maires-2021\/106713\/","og_locale":"fr_FR","og_type":"article","og_title":"Bilan du Salon des Maires 2021","og_description":"La 20e\u0300me e\u0301dition du Salon des Maires et des Collectivite\u0301s Locales a re\u0301uni 945 exposants et plus de 45 300 visiteurs les 16, 17 et 18 novembre derniers au Parc des Expositions de la Porte de Versailles a\u0300 Paris. \u00a0Entie\u0300rement repense\u0301 dans sa structure et dans son contenu, il a offert a\u0300 ses visiteurs, partenaires, [&hellip;]","og_url":"https:\/\/batijournal.com\/index.php\/bilan-du-salon-des-maires-2021\/106713\/","og_site_name":"Batijournal","article_published_time":"2021-11-29T07:36:21+00:00","og_image":[{"width":2048,"height":1365,"url":"https:\/\/batijournal.com\/wp-content\/uploads\/2021\/11\/437e3d3d-d3f1-4e05-a770-18cf93b0d08d@augure.jpg","type":"image\/jpeg"}],"author":"St\u00e9phane Miget","twitter_card":"summary_large_image","twitter_creator":"@bati_journal","twitter_site":"@bati_journal","twitter_misc":{"\u00c9crit par":"St\u00e9phane Miget","Dur\u00e9e de lecture estim\u00e9e":"1 minute"},"schema":{"@context":"https:\/\/schema.org","@graph":[{"@type":"Article","@id":"https:\/\/batijournal.com\/index.php\/bilan-du-salon-des-maires-2021\/106713\/#article","isPartOf":{"@id":"https:\/\/batijournal.com\/index.php\/bilan-du-salon-des-maires-2021\/106713\/"},"author":{"name":"St\u00e9phane Miget","@id":"https:\/\/batijournal.com\/#\/schema\/person\/1dc96ec6957aa1ccb25ebe78bb19f100"},"headline":"Bilan du Salon des Maires 2021","datePublished":"2021-11-29T07:36:21+00:00","mainEntityOfPage":{"@id":"https:\/\/batijournal.com\/index.php\/bilan-du-salon-des-maires-2021\/106713\/"},"wordCount":208,"image":{"@id":"https:\/\/batijournal.com\/index.php\/bilan-du-salon-des-maires-2021\/106713\/#primaryimage"},"thumbnailUrl":"https:\/\/batijournal.com\/wp-content\/uploads\/2021\/11\/437e3d3d-d3f1-4e05-a770-18cf93b0d08d@augure.jpg","keywords":["Salon des maires"],"articleSection":["Actualit\u00e9s","Divers","\u00c9v\u00e9nements"],"inLanguage":"fr-FR"},{"@type":"WebPage","@id":"https:\/\/batijournal.com\/index.php\/bilan-du-salon-des-maires-2021\/106713\/","url":"https:\/\/batijournal.com\/index.php\/bilan-du-salon-des-maires-2021\/106713\/","name":"Bilan du Salon des Maires 2021","isPartOf":{"@id":"https:\/\/batijournal.com\/#website"},"primaryImageOfPage":{"@id":"https:\/\/batijournal.com\/index.php\/bilan-du-salon-des-maires-2021\/106713\/#primaryimage"},"image":{"@id":"https:\/\/batijournal.com\/index.php\/bilan-du-salon-des-maires-2021\/106713\/#primaryimage"},"thumbnailUrl":"https:\/\/batijournal.com\/wp-content\/uploads\/2021\/11\/437e3d3d-d3f1-4e05-a770-18cf93b0d08d@augure.jpg","datePublished":"2021-11-29T07:36:21+00:00","author":{"@id":"https:\/\/batijournal.com\/#\/schema\/person\/1dc96ec6957aa1ccb25ebe78bb19f100"},"breadcrumb":{"@id":"https:\/\/batijournal.com\/index.php\/bilan-du-salon-des-maires-2021\/106713\/#breadcrumb"},"inLanguage":"fr-FR","potentialAction":[{"@type":"ReadAction","target":["https:\/\/batijournal.com\/index.php\/bilan-du-salon-des-maires-2021\/106713\/"]}]},{"@type":"ImageObject","inLanguage":"fr-FR","@id":"https:\/\/batijournal.com\/index.php\/bilan-du-salon-des-maires-2021\/106713\/#primaryimage","url":"https:\/\/batijournal.com\/wp-content\/uploads\/2021\/11\/437e3d3d-d3f1-4e05-a770-18cf93b0d08d@augure.jpg","contentUrl":"https:\/\/batijournal.com\/wp-content\/uploads\/2021\/11\/437e3d3d-d3f1-4e05-a770-18cf93b0d08d@augure.jpg","width":2048,"height":1365},{"@type":"BreadcrumbList","@id":"https:\/\/batijournal.com\/index.php\/bilan-du-salon-des-maires-2021\/106713\/#breadcrumb","itemListElement":[{"@type":"ListItem","position":1,"name":"Accueil","item":"https:\/\/batijournal.com\/"},{"@type":"ListItem","position":2,"name":"Actualit\u00e9s","item":"https:\/\/batijournal.com\/index.php\/category\/actualites\/"},{"@type":"ListItem","position":3,"name":"Bilan du Salon des Maires 2021"}]},{"@type":"WebSite","@id":"https:\/\/batijournal.com\/#website","url":"https:\/\/batijournal.com\/","name":"Batijournal","description":"L&#039;actualit\u00e9 du b\u00e2timent","potentialAction":[{"@type":"SearchAction","target":{"@type":"EntryPoint","urlTemplate":"https:\/\/batijournal.com\/?s={search_term_string}"},"query-input":{"@type":"PropertyValueSpecification","valueRequired":true,"valueName":"search_term_string"}}],"inLanguage":"fr-FR"},{"@type":"Person","@id":"https:\/\/batijournal.com\/#\/schema\/person\/1dc96ec6957aa1ccb25ebe78bb19f100","name":"St\u00e9phane Miget","image":{"@type":"ImageObject","inLanguage":"fr-FR","@id":"https:\/\/secure.gravatar.com\/avatar\/89915563d925342126b8ef0281b93d9d7fc337043e8df017f780908eb9644451?s=96&d=mm&r=g","url":"https:\/\/secure.gravatar.com\/avatar\/89915563d925342126b8ef0281b93d9d7fc337043e8df017f780908eb9644451?s=96&d=mm&r=g","contentUrl":"https:\/\/secure.gravatar.com\/avatar\/89915563d925342126b8ef0281b93d9d7fc337043e8df017f780908eb9644451?s=96&d=mm&r=g","caption":"St\u00e9phane Miget"},"url":"https:\/\/batijournal.com\/index.php\/author\/stephane\/"}]}},"_links":{"self":[{"href":"https:\/\/batijournal.com\/index.php\/wp-json\/wp\/v2\/posts\/106713","targetHints":{"allow":["GET"]}}],"collection":[{"href":"https:\/\/batijournal.com\/index.php\/wp-json\/wp\/v2\/posts"}],"about":[{"href":"https:\/\/batijournal.com\/index.php\/wp-json\/wp\/v2\/types\/post"}],"author":[{"embeddable":true,"href":"https:\/\/batijournal.com\/index.php\/wp-json\/wp\/v2\/users\/17"}],"replies":[{"embeddable":true,"href":"https:\/\/batijournal.com\/index.php\/wp-json\/wp\/v2\/comments?post=106713"}],"version-history":[{"count":0,"href":"https:\/\/batijournal.com\/index.php\/wp-json\/wp\/v2\/posts\/106713\/revisions"}],"wp:featuredmedia":[{"embeddable":true,"href":"https:\/\/batijournal.com\/index.php\/wp-json\/wp\/v2\/media\/106717"}],"wp:attachment":[{"href":"https:\/\/batijournal.com\/index.php\/wp-json\/wp\/v2\/media?parent=106713"}],"wp:term":[{"taxonomy":"category","embeddable":true,"href":"https:\/\/batijournal.com\/index.php\/wp-json\/wp\/v2\/categories?post=106713"},{"taxonomy":"post_tag","embeddable":true,"href":"https:\/\/batijournal.com\/index.php\/wp-json\/wp\/v2\/tags?post=106713"}],"curies":[{"name":"wp","href":"https:\/\/api.w.org\/{rel}","templated":true}]}}