{"id":106718,"date":"2021-11-25T15:11:05","date_gmt":"2021-11-25T14:11:05","guid":{"rendered":"https:\/\/batijournal.com\/?p=106718"},"modified":"2021-11-25T15:11:05","modified_gmt":"2021-11-25T14:11:05","slug":"intensifier-le-maillage-des-points-de-collecte-des-menuiseries","status":"publish","type":"post","link":"https:\/\/batijournal.com\/index.php\/intensifier-le-maillage-des-points-de-collecte-des-menuiseries\/106718\/","title":{"rendered":"Intensifier le maillage des points de collecte des menuiseries"},"content":{"rendered":"<p>Le maillage territorial des points de collecte et de d\u00e9mant\u00e8lement FERVAM (Fili\u00e8re Engag\u00e9e pour le Recyclage et la VAlorisation des Menuiseries) s\u2019\u00e9largit au fil des mois. En un an, l\u2019UFME en compte d\u00e9j\u00e0 84. Alors, elle met en place des actions cibl\u00e9es sur les r\u00e9gions \u00e0 d\u00e9velopper afin de garantir plus de proximit\u00e9 et de p\u00e9renniser son action. L\u2019indicateur de tra\u00e7abilit\u00e9 en lien avec la Charte FERVAM, affiche au 1er semestre 2021, une augmentation forte des volumes de menuiseries d\u00e9pos\u00e9es, des entr\u00e9es de d\u00e9chets ainsi que des sorties de mati\u00e8res recycl\u00e9es. L&rsquo;objectif pour 2022 est de maintenir cette croissance quasi exponentielle de la quantit\u00e9 des volumes collect\u00e9s et d\u00e9mantel\u00e9s.<\/p>\n","protected":false},"excerpt":{"rendered":"<p>Le maillage territorial des points de collecte et de d\u00e9mant\u00e8lement FERVAM (Fili\u00e8re Engag\u00e9e pour le Recyclage et la VAlorisation des Menuiseries) s\u2019\u00e9largit au fil des mois. En un an, l\u2019UFME en compte d\u00e9j\u00e0 84. Alors, elle met en place des actions cibl\u00e9es sur les r\u00e9gions \u00e0 d\u00e9velopper afin de garantir plus de proximit\u00e9 et de [&hellip;]<\/p>\n","protected":false},"author":17,"featured_media":106719,"comment_status":"closed","ping_status":"closed","sticky":false,"template":"","format":"standard","meta":{"_et_pb_use_builder":"","_et_pb_old_content":"","_et_gb_content_width":"","footnotes":""},"categories":[10530,6351,10771,10775],"tags":[11430,2500],"class_list":["post-106718","post","type-post","status-publish","format-standard","has-post-thumbnail","hentry","category-actualites","category-energie-environnement","category-5facades","category-actualites-5facades","tag-economie-circulaire","tag-ufme"],"yoast_head":"<!-- This site is optimized with the Yoast SEO plugin v27.4 - https:\/\/yoast.com\/product\/yoast-seo-wordpress\/ -->\n<title>Intensifier le maillage des points de collecte des menuiseries<\/title>\n<meta name=\"robots\" content=\"index, follow, max-snippet:-1, max-image-preview:large, max-video-preview:-1\" \/>\n<link rel=\"canonical\" href=\"https:\/\/batijournal.com\/index.php\/intensifier-le-maillage-des-points-de-collecte-des-menuiseries\/106718\/\" \/>\n<meta property=\"og:locale\" content=\"fr_FR\" \/>\n<meta property=\"og:type\" content=\"article\" \/>\n<meta property=\"og:title\" content=\"Intensifier le maillage des points de collecte des menuiseries\" \/>\n<meta property=\"og:description\" content=\"Le maillage territorial des points de collecte et de d\u00e9mant\u00e8lement FERVAM (Fili\u00e8re Engag\u00e9e pour le Recyclage et la VAlorisation des Menuiseries) s\u2019\u00e9largit au fil des mois. En un an, l\u2019UFME en compte d\u00e9j\u00e0 84. Alors, elle met en place des actions cibl\u00e9es sur les r\u00e9gions \u00e0 d\u00e9velopper afin de garantir plus de proximit\u00e9 et de [&hellip;]\" \/>\n<meta property=\"og:url\" content=\"https:\/\/batijournal.com\/index.php\/intensifier-le-maillage-des-points-de-collecte-des-menuiseries\/106718\/\" \/>\n<meta property=\"og:site_name\" content=\"Batijournal\" \/>\n<meta property=\"article:published_time\" content=\"2021-11-25T14:11:05+00:00\" \/>\n<meta property=\"og:image\" content=\"https:\/\/batijournal.com\/wp-content\/uploads\/2021\/11\/FERVAM-UFME.png\" \/>\n\t<meta property=\"og:image:width\" content=\"904\" \/>\n\t<meta property=\"og:image:height\" content=\"467\" \/>\n\t<meta property=\"og:image:type\" content=\"image\/png\" \/>\n<meta name=\"author\" content=\"St\u00e9phane Miget\" \/>\n<meta name=\"twitter:card\" content=\"summary_large_image\" \/>\n<meta name=\"twitter:creator\" content=\"@bati_journal\" \/>\n<meta name=\"twitter:site\" content=\"@bati_journal\" \/>\n<meta name=\"twitter:label1\" content=\"\u00c9crit par\" \/>\n\t<meta name=\"twitter:data1\" content=\"St\u00e9phane Miget\" \/>\n\t<meta name=\"twitter:label2\" content=\"Dur\u00e9e de lecture estim\u00e9e\" \/>\n\t<meta name=\"twitter:data2\" content=\"1 minute\" \/>\n<script type=\"application\/ld+json\" class=\"yoast-schema-graph\">{\"@context\":\"https:\\\/\\\/schema.org\",\"@graph\":[{\"@type\":\"Article\",\"@id\":\"https:\\\/\\\/batijournal.com\\\/index.php\\\/intensifier-le-maillage-des-points-de-collecte-des-menuiseries\\\/106718\\\/#article\",\"isPartOf\":{\"@id\":\"https:\\\/\\\/batijournal.com\\\/index.php\\\/intensifier-le-maillage-des-points-de-collecte-des-menuiseries\\\/106718\\\/\"},\"author\":{\"name\":\"St\u00e9phane Miget\",\"@id\":\"https:\\\/\\\/batijournal.com\\\/#\\\/schema\\\/person\\\/1dc96ec6957aa1ccb25ebe78bb19f100\"},\"headline\":\"Intensifier le maillage des points de collecte des menuiseries\",\"datePublished\":\"2021-11-25T14:11:05+00:00\",\"mainEntityOfPage\":{\"@id\":\"https:\\\/\\\/batijournal.com\\\/index.php\\\/intensifier-le-maillage-des-points-de-collecte-des-menuiseries\\\/106718\\\/\"},\"wordCount\":137,\"image\":{\"@id\":\"https:\\\/\\\/batijournal.com\\\/index.php\\\/intensifier-le-maillage-des-points-de-collecte-des-menuiseries\\\/106718\\\/#primaryimage\"},\"thumbnailUrl\":\"https:\\\/\\\/batijournal.com\\\/wp-content\\\/uploads\\\/2021\\\/11\\\/FERVAM-UFME.png\",\"keywords\":[\"\u00e9conomie circulaire\",\"UFME\"],\"articleSection\":[\"Actualit\u00e9s\",\"\u00c9nergie &amp; Environnement\",\"zz_5fa\u00e7ades\",\"zz_Actualit\u00e9s - 5fa\u00e7ades\"],\"inLanguage\":\"fr-FR\"},{\"@type\":\"WebPage\",\"@id\":\"https:\\\/\\\/batijournal.com\\\/index.php\\\/intensifier-le-maillage-des-points-de-collecte-des-menuiseries\\\/106718\\\/\",\"url\":\"https:\\\/\\\/batijournal.com\\\/index.php\\\/intensifier-le-maillage-des-points-de-collecte-des-menuiseries\\\/106718\\\/\",\"name\":\"Intensifier le maillage des points de collecte des menuiseries\",\"isPartOf\":{\"@id\":\"https:\\\/\\\/batijournal.com\\\/#website\"},\"primaryImageOfPage\":{\"@id\":\"https:\\\/\\\/batijournal.com\\\/index.php\\\/intensifier-le-maillage-des-points-de-collecte-des-menuiseries\\\/106718\\\/#primaryimage\"},\"image\":{\"@id\":\"https:\\\/\\\/batijournal.com\\\/index.php\\\/intensifier-le-maillage-des-points-de-collecte-des-menuiseries\\\/106718\\\/#primaryimage\"},\"thumbnailUrl\":\"https:\\\/\\\/batijournal.com\\\/wp-content\\\/uploads\\\/2021\\\/11\\\/FERVAM-UFME.png\",\"datePublished\":\"2021-11-25T14:11:05+00:00\",\"author\":{\"@id\":\"https:\\\/\\\/batijournal.com\\\/#\\\/schema\\\/person\\\/1dc96ec6957aa1ccb25ebe78bb19f100\"},\"breadcrumb\":{\"@id\":\"https:\\\/\\\/batijournal.com\\\/index.php\\\/intensifier-le-maillage-des-points-de-collecte-des-menuiseries\\\/106718\\\/#breadcrumb\"},\"inLanguage\":\"fr-FR\",\"potentialAction\":[{\"@type\":\"ReadAction\",\"target\":[\"https:\\\/\\\/batijournal.com\\\/index.php\\\/intensifier-le-maillage-des-points-de-collecte-des-menuiseries\\\/106718\\\/\"]}]},{\"@type\":\"ImageObject\",\"inLanguage\":\"fr-FR\",\"@id\":\"https:\\\/\\\/batijournal.com\\\/index.php\\\/intensifier-le-maillage-des-points-de-collecte-des-menuiseries\\\/106718\\\/#primaryimage\",\"url\":\"https:\\\/\\\/batijournal.com\\\/wp-content\\\/uploads\\\/2021\\\/11\\\/FERVAM-UFME.png\",\"contentUrl\":\"https:\\\/\\\/batijournal.com\\\/wp-content\\\/uploads\\\/2021\\\/11\\\/FERVAM-UFME.png\",\"width\":904,\"height\":467},{\"@type\":\"BreadcrumbList\",\"@id\":\"https:\\\/\\\/batijournal.com\\\/index.php\\\/intensifier-le-maillage-des-points-de-collecte-des-menuiseries\\\/106718\\\/#breadcrumb\",\"itemListElement\":[{\"@type\":\"ListItem\",\"position\":1,\"name\":\"Accueil\",\"item\":\"https:\\\/\\\/batijournal.com\\\/\"},{\"@type\":\"ListItem\",\"position\":2,\"name\":\"Actualit\u00e9s\",\"item\":\"https:\\\/\\\/batijournal.com\\\/index.php\\\/category\\\/actualites\\\/\"},{\"@type\":\"ListItem\",\"position\":3,\"name\":\"Intensifier le maillage des points de collecte des menuiseries\"}]},{\"@type\":\"WebSite\",\"@id\":\"https:\\\/\\\/batijournal.com\\\/#website\",\"url\":\"https:\\\/\\\/batijournal.com\\\/\",\"name\":\"Batijournal\",\"description\":\"L&#039;actualit\u00e9 du b\u00e2timent\",\"potentialAction\":[{\"@type\":\"SearchAction\",\"target\":{\"@type\":\"EntryPoint\",\"urlTemplate\":\"https:\\\/\\\/batijournal.com\\\/?s={search_term_string}\"},\"query-input\":{\"@type\":\"PropertyValueSpecification\",\"valueRequired\":true,\"valueName\":\"search_term_string\"}}],\"inLanguage\":\"fr-FR\"},{\"@type\":\"Person\",\"@id\":\"https:\\\/\\\/batijournal.com\\\/#\\\/schema\\\/person\\\/1dc96ec6957aa1ccb25ebe78bb19f100\",\"name\":\"St\u00e9phane Miget\",\"image\":{\"@type\":\"ImageObject\",\"inLanguage\":\"fr-FR\",\"@id\":\"https:\\\/\\\/secure.gravatar.com\\\/avatar\\\/89915563d925342126b8ef0281b93d9d7fc337043e8df017f780908eb9644451?s=96&d=mm&r=g\",\"url\":\"https:\\\/\\\/secure.gravatar.com\\\/avatar\\\/89915563d925342126b8ef0281b93d9d7fc337043e8df017f780908eb9644451?s=96&d=mm&r=g\",\"contentUrl\":\"https:\\\/\\\/secure.gravatar.com\\\/avatar\\\/89915563d925342126b8ef0281b93d9d7fc337043e8df017f780908eb9644451?s=96&d=mm&r=g\",\"caption\":\"St\u00e9phane Miget\"},\"url\":\"https:\\\/\\\/batijournal.com\\\/index.php\\\/author\\\/stephane\\\/\"}]}<\/script>\n<!-- \/ Yoast SEO plugin. -->","yoast_head_json":{"title":"Intensifier le maillage des points de collecte des menuiseries","robots":{"index":"index","follow":"follow","max-snippet":"max-snippet:-1","max-image-preview":"max-image-preview:large","max-video-preview":"max-video-preview:-1"},"canonical":"https:\/\/batijournal.com\/index.php\/intensifier-le-maillage-des-points-de-collecte-des-menuiseries\/106718\/","og_locale":"fr_FR","og_type":"article","og_title":"Intensifier le maillage des points de collecte des menuiseries","og_description":"Le maillage territorial des points de collecte et de d\u00e9mant\u00e8lement FERVAM (Fili\u00e8re Engag\u00e9e pour le Recyclage et la VAlorisation des Menuiseries) s\u2019\u00e9largit au fil des mois. En un an, l\u2019UFME en compte d\u00e9j\u00e0 84. Alors, elle met en place des actions cibl\u00e9es sur les r\u00e9gions \u00e0 d\u00e9velopper afin de garantir plus de proximit\u00e9 et de [&hellip;]","og_url":"https:\/\/batijournal.com\/index.php\/intensifier-le-maillage-des-points-de-collecte-des-menuiseries\/106718\/","og_site_name":"Batijournal","article_published_time":"2021-11-25T14:11:05+00:00","og_image":[{"width":904,"height":467,"url":"https:\/\/batijournal.com\/wp-content\/uploads\/2021\/11\/FERVAM-UFME.png","type":"image\/png"}],"author":"St\u00e9phane Miget","twitter_card":"summary_large_image","twitter_creator":"@bati_journal","twitter_site":"@bati_journal","twitter_misc":{"\u00c9crit par":"St\u00e9phane Miget","Dur\u00e9e de lecture estim\u00e9e":"1 minute"},"schema":{"@context":"https:\/\/schema.org","@graph":[{"@type":"Article","@id":"https:\/\/batijournal.com\/index.php\/intensifier-le-maillage-des-points-de-collecte-des-menuiseries\/106718\/#article","isPartOf":{"@id":"https:\/\/batijournal.com\/index.php\/intensifier-le-maillage-des-points-de-collecte-des-menuiseries\/106718\/"},"author":{"name":"St\u00e9phane Miget","@id":"https:\/\/batijournal.com\/#\/schema\/person\/1dc96ec6957aa1ccb25ebe78bb19f100"},"headline":"Intensifier le maillage des points de collecte des menuiseries","datePublished":"2021-11-25T14:11:05+00:00","mainEntityOfPage":{"@id":"https:\/\/batijournal.com\/index.php\/intensifier-le-maillage-des-points-de-collecte-des-menuiseries\/106718\/"},"wordCount":137,"image":{"@id":"https:\/\/batijournal.com\/index.php\/intensifier-le-maillage-des-points-de-collecte-des-menuiseries\/106718\/#primaryimage"},"thumbnailUrl":"https:\/\/batijournal.com\/wp-content\/uploads\/2021\/11\/FERVAM-UFME.png","keywords":["\u00e9conomie circulaire","UFME"],"articleSection":["Actualit\u00e9s","\u00c9nergie &amp; Environnement","zz_5fa\u00e7ades","zz_Actualit\u00e9s - 5fa\u00e7ades"],"inLanguage":"fr-FR"},{"@type":"WebPage","@id":"https:\/\/batijournal.com\/index.php\/intensifier-le-maillage-des-points-de-collecte-des-menuiseries\/106718\/","url":"https:\/\/batijournal.com\/index.php\/intensifier-le-maillage-des-points-de-collecte-des-menuiseries\/106718\/","name":"Intensifier le maillage des points de collecte des menuiseries","isPartOf":{"@id":"https:\/\/batijournal.com\/#website"},"primaryImageOfPage":{"@id":"https:\/\/batijournal.com\/index.php\/intensifier-le-maillage-des-points-de-collecte-des-menuiseries\/106718\/#primaryimage"},"image":{"@id":"https:\/\/batijournal.com\/index.php\/intensifier-le-maillage-des-points-de-collecte-des-menuiseries\/106718\/#primaryimage"},"thumbnailUrl":"https:\/\/batijournal.com\/wp-content\/uploads\/2021\/11\/FERVAM-UFME.png","datePublished":"2021-11-25T14:11:05+00:00","author":{"@id":"https:\/\/batijournal.com\/#\/schema\/person\/1dc96ec6957aa1ccb25ebe78bb19f100"},"breadcrumb":{"@id":"https:\/\/batijournal.com\/index.php\/intensifier-le-maillage-des-points-de-collecte-des-menuiseries\/106718\/#breadcrumb"},"inLanguage":"fr-FR","potentialAction":[{"@type":"ReadAction","target":["https:\/\/batijournal.com\/index.php\/intensifier-le-maillage-des-points-de-collecte-des-menuiseries\/106718\/"]}]},{"@type":"ImageObject","inLanguage":"fr-FR","@id":"https:\/\/batijournal.com\/index.php\/intensifier-le-maillage-des-points-de-collecte-des-menuiseries\/106718\/#primaryimage","url":"https:\/\/batijournal.com\/wp-content\/uploads\/2021\/11\/FERVAM-UFME.png","contentUrl":"https:\/\/batijournal.com\/wp-content\/uploads\/2021\/11\/FERVAM-UFME.png","width":904,"height":467},{"@type":"BreadcrumbList","@id":"https:\/\/batijournal.com\/index.php\/intensifier-le-maillage-des-points-de-collecte-des-menuiseries\/106718\/#breadcrumb","itemListElement":[{"@type":"ListItem","position":1,"name":"Accueil","item":"https:\/\/batijournal.com\/"},{"@type":"ListItem","position":2,"name":"Actualit\u00e9s","item":"https:\/\/batijournal.com\/index.php\/category\/actualites\/"},{"@type":"ListItem","position":3,"name":"Intensifier le maillage des points de collecte des menuiseries"}]},{"@type":"WebSite","@id":"https:\/\/batijournal.com\/#website","url":"https:\/\/batijournal.com\/","name":"Batijournal","description":"L&#039;actualit\u00e9 du b\u00e2timent","potentialAction":[{"@type":"SearchAction","target":{"@type":"EntryPoint","urlTemplate":"https:\/\/batijournal.com\/?s={search_term_string}"},"query-input":{"@type":"PropertyValueSpecification","valueRequired":true,"valueName":"search_term_string"}}],"inLanguage":"fr-FR"},{"@type":"Person","@id":"https:\/\/batijournal.com\/#\/schema\/person\/1dc96ec6957aa1ccb25ebe78bb19f100","name":"St\u00e9phane Miget","image":{"@type":"ImageObject","inLanguage":"fr-FR","@id":"https:\/\/secure.gravatar.com\/avatar\/89915563d925342126b8ef0281b93d9d7fc337043e8df017f780908eb9644451?s=96&d=mm&r=g","url":"https:\/\/secure.gravatar.com\/avatar\/89915563d925342126b8ef0281b93d9d7fc337043e8df017f780908eb9644451?s=96&d=mm&r=g","contentUrl":"https:\/\/secure.gravatar.com\/avatar\/89915563d925342126b8ef0281b93d9d7fc337043e8df017f780908eb9644451?s=96&d=mm&r=g","caption":"St\u00e9phane Miget"},"url":"https:\/\/batijournal.com\/index.php\/author\/stephane\/"}]}},"_links":{"self":[{"href":"https:\/\/batijournal.com\/index.php\/wp-json\/wp\/v2\/posts\/106718","targetHints":{"allow":["GET"]}}],"collection":[{"href":"https:\/\/batijournal.com\/index.php\/wp-json\/wp\/v2\/posts"}],"about":[{"href":"https:\/\/batijournal.com\/index.php\/wp-json\/wp\/v2\/types\/post"}],"author":[{"embeddable":true,"href":"https:\/\/batijournal.com\/index.php\/wp-json\/wp\/v2\/users\/17"}],"replies":[{"embeddable":true,"href":"https:\/\/batijournal.com\/index.php\/wp-json\/wp\/v2\/comments?post=106718"}],"version-history":[{"count":0,"href":"https:\/\/batijournal.com\/index.php\/wp-json\/wp\/v2\/posts\/106718\/revisions"}],"wp:featuredmedia":[{"embeddable":true,"href":"https:\/\/batijournal.com\/index.php\/wp-json\/wp\/v2\/media\/106719"}],"wp:attachment":[{"href":"https:\/\/batijournal.com\/index.php\/wp-json\/wp\/v2\/media?parent=106718"}],"wp:term":[{"taxonomy":"category","embeddable":true,"href":"https:\/\/batijournal.com\/index.php\/wp-json\/wp\/v2\/categories?post=106718"},{"taxonomy":"post_tag","embeddable":true,"href":"https:\/\/batijournal.com\/index.php\/wp-json\/wp\/v2\/tags?post=106718"}],"curies":[{"name":"wp","href":"https:\/\/api.w.org\/{rel}","templated":true}]}}