{"id":106726,"date":"2021-11-26T11:17:14","date_gmt":"2021-11-26T10:17:14","guid":{"rendered":"https:\/\/batijournal.com\/?p=106726"},"modified":"2021-11-26T11:17:14","modified_gmt":"2021-11-26T10:17:14","slug":"en-2021-la-ville-revee-des-enfants-est-en-bois","status":"publish","type":"post","link":"https:\/\/batijournal.com\/index.php\/en-2021-la-ville-revee-des-enfants-est-en-bois\/106726\/","title":{"rendered":"En 2021, la ville r\u00eav\u00e9e des enfants est en bois"},"content":{"rendered":"<p>Plus de 3 200 \u00e9l\u00e8ves de maternelles et primaires du 10\u00e8me et 13\u00e8me arrondissement de Paris, accompagn\u00e9s par leurs enseignants et des architectes de la Maison de l\u2019architecture Ile-de-France r\u00e9alisent, en deux mois, une oeuvre g\u00e9ante et collective en bois, mat\u00e9riau \u00e9cologique et recyclable. Elle sera expos\u00e9e d\u00e8s le 11 d\u00e9cembre 2021 dans la chapelle du couvent des R\u00e9collets. Apr\u00e8s le papier, la terre cuite, le pl\u00e2tre, \u00ab La ville r\u00eav\u00e9e des enfants \u00bb, sera en bois, mat\u00e9riau fourni gracieusement par Fibois Ile-de-France, Manubois (Groupe Lefebvre) et le Groupe Rubner pour les 124 classes de cette 5\u00e8me \u00e9dition. En partenariat avec l\u2019acad\u00e9mie de Paris, la Maison de l\u2019architecture Ile-de-France initie chaque ann\u00e9e le regard des \u00e9coliers \u00e0 l\u2019architecture, apprend aux enfants \u00e0 lire les diff\u00e9rentes composantes de l\u2019espace urbain et \u00e0 imaginer les usages nouveaux de leur ville id\u00e9ale. Apr\u00e8s le papier, la terre cuite, le pl\u00e2tre, \u00ab La ville r\u00eav\u00e9e des enfants \u00bb, sera en bois, mat\u00e9riau fourni gracieusement par Fibois Ile-de-France, Manubois (Groupe Lefebvre) et le Groupe Rubner pour les 124 classes de cette 5\u00e8me \u00e9dition.<\/p>\n","protected":false},"excerpt":{"rendered":"<p>Plus de 3 200 \u00e9l\u00e8ves de maternelles et primaires du 10\u00e8me et 13\u00e8me arrondissement de Paris, accompagn\u00e9s par leurs enseignants et des architectes de la Maison de l\u2019architecture Ile-de-France r\u00e9alisent, en deux mois, une oeuvre g\u00e9ante et collective en bois, mat\u00e9riau \u00e9cologique et recyclable. Elle sera expos\u00e9e d\u00e8s le 11 d\u00e9cembre 2021 dans la chapelle [&hellip;]<\/p>\n","protected":false},"author":17,"featured_media":106721,"comment_status":"closed","ping_status":"closed","sticky":false,"template":"","format":"standard","meta":{"_et_pb_use_builder":"","_et_pb_old_content":"","_et_gb_content_width":"","footnotes":""},"categories":[10530,6362,10769,10764],"tags":[1017],"class_list":["post-106726","post","type-post","status-publish","format-standard","has-post-thumbnail","hentry","category-actualites","category-services-equipements","category-publications","category-woodsurfer","tag-filiere-bois"],"yoast_head":"<!-- This site is optimized with the Yoast SEO plugin v27.4 - https:\/\/yoast.com\/product\/yoast-seo-wordpress\/ -->\n<title>En 2021, la ville r\u00eav\u00e9e des enfants est en bois<\/title>\n<meta name=\"robots\" content=\"index, follow, max-snippet:-1, max-image-preview:large, max-video-preview:-1\" \/>\n<link rel=\"canonical\" href=\"https:\/\/batijournal.com\/index.php\/en-2021-la-ville-revee-des-enfants-est-en-bois\/106726\/\" \/>\n<meta property=\"og:locale\" content=\"fr_FR\" \/>\n<meta property=\"og:type\" content=\"article\" \/>\n<meta property=\"og:title\" content=\"En 2021, la ville r\u00eav\u00e9e des enfants est en bois\" \/>\n<meta property=\"og:description\" content=\"Plus de 3 200 \u00e9l\u00e8ves de maternelles et primaires du 10\u00e8me et 13\u00e8me arrondissement de Paris, accompagn\u00e9s par leurs enseignants et des architectes de la Maison de l\u2019architecture Ile-de-France r\u00e9alisent, en deux mois, une oeuvre g\u00e9ante et collective en bois, mat\u00e9riau \u00e9cologique et recyclable. Elle sera expos\u00e9e d\u00e8s le 11 d\u00e9cembre 2021 dans la chapelle [&hellip;]\" \/>\n<meta property=\"og:url\" content=\"https:\/\/batijournal.com\/index.php\/en-2021-la-ville-revee-des-enfants-est-en-bois\/106726\/\" \/>\n<meta property=\"og:site_name\" content=\"Batijournal\" \/>\n<meta property=\"article:published_time\" content=\"2021-11-26T10:17:14+00:00\" \/>\n<meta property=\"og:image\" content=\"https:\/\/batijournal.com\/wp-content\/uploads\/2021\/11\/labo-esb.png\" \/>\n\t<meta property=\"og:image:width\" content=\"572\" \/>\n\t<meta property=\"og:image:height\" content=\"259\" \/>\n\t<meta property=\"og:image:type\" content=\"image\/png\" \/>\n<meta name=\"author\" content=\"St\u00e9phane Miget\" \/>\n<meta name=\"twitter:card\" content=\"summary_large_image\" \/>\n<meta name=\"twitter:creator\" content=\"@bati_journal\" \/>\n<meta name=\"twitter:site\" content=\"@bati_journal\" \/>\n<meta name=\"twitter:label1\" content=\"\u00c9crit par\" \/>\n\t<meta name=\"twitter:data1\" content=\"St\u00e9phane Miget\" \/>\n\t<meta name=\"twitter:label2\" content=\"Dur\u00e9e de lecture estim\u00e9e\" \/>\n\t<meta name=\"twitter:data2\" content=\"1 minute\" \/>\n<script type=\"application\/ld+json\" class=\"yoast-schema-graph\">{\"@context\":\"https:\\\/\\\/schema.org\",\"@graph\":[{\"@type\":\"Article\",\"@id\":\"https:\\\/\\\/batijournal.com\\\/index.php\\\/en-2021-la-ville-revee-des-enfants-est-en-bois\\\/106726\\\/#article\",\"isPartOf\":{\"@id\":\"https:\\\/\\\/batijournal.com\\\/index.php\\\/en-2021-la-ville-revee-des-enfants-est-en-bois\\\/106726\\\/\"},\"author\":{\"name\":\"St\u00e9phane Miget\",\"@id\":\"https:\\\/\\\/batijournal.com\\\/#\\\/schema\\\/person\\\/1dc96ec6957aa1ccb25ebe78bb19f100\"},\"headline\":\"En 2021, la ville r\u00eav\u00e9e des enfants est en bois\",\"datePublished\":\"2021-11-26T10:17:14+00:00\",\"mainEntityOfPage\":{\"@id\":\"https:\\\/\\\/batijournal.com\\\/index.php\\\/en-2021-la-ville-revee-des-enfants-est-en-bois\\\/106726\\\/\"},\"wordCount\":204,\"image\":{\"@id\":\"https:\\\/\\\/batijournal.com\\\/index.php\\\/en-2021-la-ville-revee-des-enfants-est-en-bois\\\/106726\\\/#primaryimage\"},\"thumbnailUrl\":\"https:\\\/\\\/batijournal.com\\\/wp-content\\\/uploads\\\/2021\\\/11\\\/labo-esb.png\",\"keywords\":[\"fili\u00e8re bois\"],\"articleSection\":[\"Actualit\u00e9s\",\"Divers\",\"zz_Actualit\u00e9s - Woodsurfer\",\"zz_Woodsurfer\"],\"inLanguage\":\"fr-FR\"},{\"@type\":\"WebPage\",\"@id\":\"https:\\\/\\\/batijournal.com\\\/index.php\\\/en-2021-la-ville-revee-des-enfants-est-en-bois\\\/106726\\\/\",\"url\":\"https:\\\/\\\/batijournal.com\\\/index.php\\\/en-2021-la-ville-revee-des-enfants-est-en-bois\\\/106726\\\/\",\"name\":\"En 2021, la ville r\u00eav\u00e9e des enfants est en bois\",\"isPartOf\":{\"@id\":\"https:\\\/\\\/batijournal.com\\\/#website\"},\"primaryImageOfPage\":{\"@id\":\"https:\\\/\\\/batijournal.com\\\/index.php\\\/en-2021-la-ville-revee-des-enfants-est-en-bois\\\/106726\\\/#primaryimage\"},\"image\":{\"@id\":\"https:\\\/\\\/batijournal.com\\\/index.php\\\/en-2021-la-ville-revee-des-enfants-est-en-bois\\\/106726\\\/#primaryimage\"},\"thumbnailUrl\":\"https:\\\/\\\/batijournal.com\\\/wp-content\\\/uploads\\\/2021\\\/11\\\/labo-esb.png\",\"datePublished\":\"2021-11-26T10:17:14+00:00\",\"author\":{\"@id\":\"https:\\\/\\\/batijournal.com\\\/#\\\/schema\\\/person\\\/1dc96ec6957aa1ccb25ebe78bb19f100\"},\"breadcrumb\":{\"@id\":\"https:\\\/\\\/batijournal.com\\\/index.php\\\/en-2021-la-ville-revee-des-enfants-est-en-bois\\\/106726\\\/#breadcrumb\"},\"inLanguage\":\"fr-FR\",\"potentialAction\":[{\"@type\":\"ReadAction\",\"target\":[\"https:\\\/\\\/batijournal.com\\\/index.php\\\/en-2021-la-ville-revee-des-enfants-est-en-bois\\\/106726\\\/\"]}]},{\"@type\":\"ImageObject\",\"inLanguage\":\"fr-FR\",\"@id\":\"https:\\\/\\\/batijournal.com\\\/index.php\\\/en-2021-la-ville-revee-des-enfants-est-en-bois\\\/106726\\\/#primaryimage\",\"url\":\"https:\\\/\\\/batijournal.com\\\/wp-content\\\/uploads\\\/2021\\\/11\\\/labo-esb.png\",\"contentUrl\":\"https:\\\/\\\/batijournal.com\\\/wp-content\\\/uploads\\\/2021\\\/11\\\/labo-esb.png\",\"width\":572,\"height\":259},{\"@type\":\"BreadcrumbList\",\"@id\":\"https:\\\/\\\/batijournal.com\\\/index.php\\\/en-2021-la-ville-revee-des-enfants-est-en-bois\\\/106726\\\/#breadcrumb\",\"itemListElement\":[{\"@type\":\"ListItem\",\"position\":1,\"name\":\"Accueil\",\"item\":\"https:\\\/\\\/batijournal.com\\\/\"},{\"@type\":\"ListItem\",\"position\":2,\"name\":\"Actualit\u00e9s\",\"item\":\"https:\\\/\\\/batijournal.com\\\/index.php\\\/category\\\/actualites\\\/\"},{\"@type\":\"ListItem\",\"position\":3,\"name\":\"En 2021, la ville r\u00eav\u00e9e des enfants est en bois\"}]},{\"@type\":\"WebSite\",\"@id\":\"https:\\\/\\\/batijournal.com\\\/#website\",\"url\":\"https:\\\/\\\/batijournal.com\\\/\",\"name\":\"Batijournal\",\"description\":\"L&#039;actualit\u00e9 du b\u00e2timent\",\"potentialAction\":[{\"@type\":\"SearchAction\",\"target\":{\"@type\":\"EntryPoint\",\"urlTemplate\":\"https:\\\/\\\/batijournal.com\\\/?s={search_term_string}\"},\"query-input\":{\"@type\":\"PropertyValueSpecification\",\"valueRequired\":true,\"valueName\":\"search_term_string\"}}],\"inLanguage\":\"fr-FR\"},{\"@type\":\"Person\",\"@id\":\"https:\\\/\\\/batijournal.com\\\/#\\\/schema\\\/person\\\/1dc96ec6957aa1ccb25ebe78bb19f100\",\"name\":\"St\u00e9phane Miget\",\"image\":{\"@type\":\"ImageObject\",\"inLanguage\":\"fr-FR\",\"@id\":\"https:\\\/\\\/secure.gravatar.com\\\/avatar\\\/89915563d925342126b8ef0281b93d9d7fc337043e8df017f780908eb9644451?s=96&d=mm&r=g\",\"url\":\"https:\\\/\\\/secure.gravatar.com\\\/avatar\\\/89915563d925342126b8ef0281b93d9d7fc337043e8df017f780908eb9644451?s=96&d=mm&r=g\",\"contentUrl\":\"https:\\\/\\\/secure.gravatar.com\\\/avatar\\\/89915563d925342126b8ef0281b93d9d7fc337043e8df017f780908eb9644451?s=96&d=mm&r=g\",\"caption\":\"St\u00e9phane Miget\"},\"url\":\"https:\\\/\\\/batijournal.com\\\/index.php\\\/author\\\/stephane\\\/\"}]}<\/script>\n<!-- \/ Yoast SEO plugin. -->","yoast_head_json":{"title":"En 2021, la ville r\u00eav\u00e9e des enfants est en bois","robots":{"index":"index","follow":"follow","max-snippet":"max-snippet:-1","max-image-preview":"max-image-preview:large","max-video-preview":"max-video-preview:-1"},"canonical":"https:\/\/batijournal.com\/index.php\/en-2021-la-ville-revee-des-enfants-est-en-bois\/106726\/","og_locale":"fr_FR","og_type":"article","og_title":"En 2021, la ville r\u00eav\u00e9e des enfants est en bois","og_description":"Plus de 3 200 \u00e9l\u00e8ves de maternelles et primaires du 10\u00e8me et 13\u00e8me arrondissement de Paris, accompagn\u00e9s par leurs enseignants et des architectes de la Maison de l\u2019architecture Ile-de-France r\u00e9alisent, en deux mois, une oeuvre g\u00e9ante et collective en bois, mat\u00e9riau \u00e9cologique et recyclable. Elle sera expos\u00e9e d\u00e8s le 11 d\u00e9cembre 2021 dans la chapelle [&hellip;]","og_url":"https:\/\/batijournal.com\/index.php\/en-2021-la-ville-revee-des-enfants-est-en-bois\/106726\/","og_site_name":"Batijournal","article_published_time":"2021-11-26T10:17:14+00:00","og_image":[{"width":572,"height":259,"url":"https:\/\/batijournal.com\/wp-content\/uploads\/2021\/11\/labo-esb.png","type":"image\/png"}],"author":"St\u00e9phane Miget","twitter_card":"summary_large_image","twitter_creator":"@bati_journal","twitter_site":"@bati_journal","twitter_misc":{"\u00c9crit par":"St\u00e9phane Miget","Dur\u00e9e de lecture estim\u00e9e":"1 minute"},"schema":{"@context":"https:\/\/schema.org","@graph":[{"@type":"Article","@id":"https:\/\/batijournal.com\/index.php\/en-2021-la-ville-revee-des-enfants-est-en-bois\/106726\/#article","isPartOf":{"@id":"https:\/\/batijournal.com\/index.php\/en-2021-la-ville-revee-des-enfants-est-en-bois\/106726\/"},"author":{"name":"St\u00e9phane Miget","@id":"https:\/\/batijournal.com\/#\/schema\/person\/1dc96ec6957aa1ccb25ebe78bb19f100"},"headline":"En 2021, la ville r\u00eav\u00e9e des enfants est en bois","datePublished":"2021-11-26T10:17:14+00:00","mainEntityOfPage":{"@id":"https:\/\/batijournal.com\/index.php\/en-2021-la-ville-revee-des-enfants-est-en-bois\/106726\/"},"wordCount":204,"image":{"@id":"https:\/\/batijournal.com\/index.php\/en-2021-la-ville-revee-des-enfants-est-en-bois\/106726\/#primaryimage"},"thumbnailUrl":"https:\/\/batijournal.com\/wp-content\/uploads\/2021\/11\/labo-esb.png","keywords":["fili\u00e8re bois"],"articleSection":["Actualit\u00e9s","Divers","zz_Actualit\u00e9s - Woodsurfer","zz_Woodsurfer"],"inLanguage":"fr-FR"},{"@type":"WebPage","@id":"https:\/\/batijournal.com\/index.php\/en-2021-la-ville-revee-des-enfants-est-en-bois\/106726\/","url":"https:\/\/batijournal.com\/index.php\/en-2021-la-ville-revee-des-enfants-est-en-bois\/106726\/","name":"En 2021, la ville r\u00eav\u00e9e des enfants est en bois","isPartOf":{"@id":"https:\/\/batijournal.com\/#website"},"primaryImageOfPage":{"@id":"https:\/\/batijournal.com\/index.php\/en-2021-la-ville-revee-des-enfants-est-en-bois\/106726\/#primaryimage"},"image":{"@id":"https:\/\/batijournal.com\/index.php\/en-2021-la-ville-revee-des-enfants-est-en-bois\/106726\/#primaryimage"},"thumbnailUrl":"https:\/\/batijournal.com\/wp-content\/uploads\/2021\/11\/labo-esb.png","datePublished":"2021-11-26T10:17:14+00:00","author":{"@id":"https:\/\/batijournal.com\/#\/schema\/person\/1dc96ec6957aa1ccb25ebe78bb19f100"},"breadcrumb":{"@id":"https:\/\/batijournal.com\/index.php\/en-2021-la-ville-revee-des-enfants-est-en-bois\/106726\/#breadcrumb"},"inLanguage":"fr-FR","potentialAction":[{"@type":"ReadAction","target":["https:\/\/batijournal.com\/index.php\/en-2021-la-ville-revee-des-enfants-est-en-bois\/106726\/"]}]},{"@type":"ImageObject","inLanguage":"fr-FR","@id":"https:\/\/batijournal.com\/index.php\/en-2021-la-ville-revee-des-enfants-est-en-bois\/106726\/#primaryimage","url":"https:\/\/batijournal.com\/wp-content\/uploads\/2021\/11\/labo-esb.png","contentUrl":"https:\/\/batijournal.com\/wp-content\/uploads\/2021\/11\/labo-esb.png","width":572,"height":259},{"@type":"BreadcrumbList","@id":"https:\/\/batijournal.com\/index.php\/en-2021-la-ville-revee-des-enfants-est-en-bois\/106726\/#breadcrumb","itemListElement":[{"@type":"ListItem","position":1,"name":"Accueil","item":"https:\/\/batijournal.com\/"},{"@type":"ListItem","position":2,"name":"Actualit\u00e9s","item":"https:\/\/batijournal.com\/index.php\/category\/actualites\/"},{"@type":"ListItem","position":3,"name":"En 2021, la ville r\u00eav\u00e9e des enfants est en bois"}]},{"@type":"WebSite","@id":"https:\/\/batijournal.com\/#website","url":"https:\/\/batijournal.com\/","name":"Batijournal","description":"L&#039;actualit\u00e9 du b\u00e2timent","potentialAction":[{"@type":"SearchAction","target":{"@type":"EntryPoint","urlTemplate":"https:\/\/batijournal.com\/?s={search_term_string}"},"query-input":{"@type":"PropertyValueSpecification","valueRequired":true,"valueName":"search_term_string"}}],"inLanguage":"fr-FR"},{"@type":"Person","@id":"https:\/\/batijournal.com\/#\/schema\/person\/1dc96ec6957aa1ccb25ebe78bb19f100","name":"St\u00e9phane Miget","image":{"@type":"ImageObject","inLanguage":"fr-FR","@id":"https:\/\/secure.gravatar.com\/avatar\/89915563d925342126b8ef0281b93d9d7fc337043e8df017f780908eb9644451?s=96&d=mm&r=g","url":"https:\/\/secure.gravatar.com\/avatar\/89915563d925342126b8ef0281b93d9d7fc337043e8df017f780908eb9644451?s=96&d=mm&r=g","contentUrl":"https:\/\/secure.gravatar.com\/avatar\/89915563d925342126b8ef0281b93d9d7fc337043e8df017f780908eb9644451?s=96&d=mm&r=g","caption":"St\u00e9phane Miget"},"url":"https:\/\/batijournal.com\/index.php\/author\/stephane\/"}]}},"_links":{"self":[{"href":"https:\/\/batijournal.com\/index.php\/wp-json\/wp\/v2\/posts\/106726","targetHints":{"allow":["GET"]}}],"collection":[{"href":"https:\/\/batijournal.com\/index.php\/wp-json\/wp\/v2\/posts"}],"about":[{"href":"https:\/\/batijournal.com\/index.php\/wp-json\/wp\/v2\/types\/post"}],"author":[{"embeddable":true,"href":"https:\/\/batijournal.com\/index.php\/wp-json\/wp\/v2\/users\/17"}],"replies":[{"embeddable":true,"href":"https:\/\/batijournal.com\/index.php\/wp-json\/wp\/v2\/comments?post=106726"}],"version-history":[{"count":0,"href":"https:\/\/batijournal.com\/index.php\/wp-json\/wp\/v2\/posts\/106726\/revisions"}],"wp:featuredmedia":[{"embeddable":true,"href":"https:\/\/batijournal.com\/index.php\/wp-json\/wp\/v2\/media\/106721"}],"wp:attachment":[{"href":"https:\/\/batijournal.com\/index.php\/wp-json\/wp\/v2\/media?parent=106726"}],"wp:term":[{"taxonomy":"category","embeddable":true,"href":"https:\/\/batijournal.com\/index.php\/wp-json\/wp\/v2\/categories?post=106726"},{"taxonomy":"post_tag","embeddable":true,"href":"https:\/\/batijournal.com\/index.php\/wp-json\/wp\/v2\/tags?post=106726"}],"curies":[{"name":"wp","href":"https:\/\/api.w.org\/{rel}","templated":true}]}}