{"id":106753,"date":"2021-12-02T07:14:39","date_gmt":"2021-12-02T06:14:39","guid":{"rendered":"https:\/\/batijournal.com\/?p=106753"},"modified":"2021-12-02T07:14:39","modified_gmt":"2021-12-02T06:14:39","slug":"facade-repensee-pour-immeuble-restructure","status":"publish","type":"post","link":"https:\/\/batijournal.com\/index.php\/facade-repensee-pour-immeuble-restructure\/106753\/","title":{"rendered":"Fa\u00e7ade repens\u00e9e pour immeuble restructur\u00e9"},"content":{"rendered":"<p>Engag\u00e9e il y a deux ans, la restructuration de l\u2019immeuble \u00ab Axe D\u00e9fense \u00bb op\u00e9r\u00e9e par Rehagreen, l\u2019entit\u00e9 sp\u00e9cialis\u00e9e dans les restructurations d\u2019immeubles tertiaires de Bouygues Immobilier, touche \u00e0 sa fin. Le nouvel ensemble, d\u00e9sormais d\u00e9nomm\u00e9 NE.ST, vient d&rsquo;\u00eatre livr\u00e9. Apr\u00e8s une op\u00e9ration de r\u00e9habilitation lourde et compl\u00e8te, l&rsquo;immeuble, con\u00e7u par l\u2019agence d\u2019architecture 163 Ateliers, a vu sa surface cro\u00eetre de 30% pour atteindre 12 380 m\u00b2. Le b\u00e2timent s&rsquo;ins\u00e8re dans une trame urbaine existante, tout en proposant une architecture significative porteuse d&rsquo;une image identitaire. Apr\u00e8s avoir \u00e9t\u00e9 d\u00e9samiant\u00e9, le b\u00e2timent a \u00e9t\u00e9 envelopp\u00e9 d&rsquo;un bardage en aluminium anodis\u00e9 et de verre \u00e9maill\u00e9. C\u00f4t\u00e9 cour, l\u2019extension R+9 en forme de triangle, a \u00e9t\u00e9 rapport\u00e9e au b\u00e2timent existant. Pour donner durythme \u00e0 l\u2019ensemble, le cabinet d\u2019Architecture 163 Ateliers a imagin\u00e9 une fa\u00e7ade reprenant le principe descr\u00e9neaux avec des cadres en aluminium pos\u00e9s en quinconce. Pour accentuer cette impression devibration, l\u2019architecte a opt\u00e9 pour un syst\u00e8me \u00ab invers\u00e9 \u00bb o\u00f9 le vitrage se situe en retrait tandis que les\u00e9l\u00e9ments de d\u00e9coration sont au premier plan. Deux autres particularit\u00e9s caract\u00e9risent les fa\u00e7ades de cet immeuble :\u00a0d\u2019une part, le traitement thermique et a\u00e9raulique du b\u00e2timent est assur\u00e9 par des unit\u00e9s de confort individuel (UtCI) dissimul\u00e9es en fa\u00e7ade assurant \u00e0 la fois le renouvellement de l\u2019air sans r\u00e9seau de gaine, la r\u00e9cup\u00e9ration d\u2019\u00e9nergie thermique, le chauffage et le rafraichissement du b\u00e2timent. D&rsquo;autre part, des brise-soleil orientables (BSO) en lame d\u2019aluminium sont g\u00e9r\u00e9s automatiquement par la GTB du b\u00e2timent. Dans ce contexte et compte tenu de l\u2019exigu\u00eft\u00e9 du site, les \u00e9quipes du poseur et WICONA ont recommand\u00e9 le recours \u00e0 une\u00a0fa\u00e7ade cadre, pr\u00e9-mont\u00e9e en atelier. Cette derni\u00e8re a fait l\u2019objet d\u2019une cr\u00e9ation sp\u00e9ciale. Chaque bloc \u00e9tant constitu\u00e9 de trois \u00e9l\u00e9ments : un panneau vitr\u00e9 fixe ou un ouvrant WICLINE 65 de WICONA avecint\u00e9gration d\u2019un BSO en imposte et du syst\u00e8me de ventilation UtCI en all\u00e8ge. Cette fa\u00e7ade c\u00f4t\u00e9 cour compte au total 530 blocs, de 3 350 mm de large par 3 000 mm de haut, dont lamoiti\u00e9 avec des ouvrants WICLINE 65 de WICONA. Sur l\u2019extension en triangle, la pose a \u00e9t\u00e9 effectu\u00e9e entredalles poteaux en R+ 9. Sur le b\u00e2timent existant de forme arrondie, en R+8, la fa\u00e7ade cadre a \u00e9t\u00e9 pos\u00e9e \u00e0 l\u2019ext\u00e9rieur dans un voile perc\u00e9. L\u2019extension repose sur un socle au rez-de-chauss\u00e9e et en R+1 constitu\u00e9 de fa\u00e7ades WICTEC 60 WICONA qui enlacent le b\u00e2timent, se prolongent sous le porche. Ces syst\u00e8mes de fa\u00e7ades ont \u00e9galement \u00e9t\u00e9 mis en oeuvre sur un autre espace symbolique du programme : la sur\u00e9l\u00e9vation en attique. En effet, les niveaux R+9, R+10 et R+11, en charpente m\u00e9tallique reli\u00e9s avec un bardage m\u00e9tallique, ont \u00e9t\u00e9 ajout\u00e9s au b\u00e2timent initial. Ils s\u2019ouvrent pleinement sur l\u2019ext\u00e9rieur gr\u00e2ce au syst\u00e8me de fa\u00e7ade WICTEC 60 avec des \u00e9l\u00e9ments vitr\u00e9sde 2,5 m de haut par 2 m de large.<\/p>\n<p>Ma\u00eetre d\u2019ouvrage : Rehagreen<br \/>\nArchitecte : cabinet d\u2019Architectures 163Ateliers<br \/>\nEntreprise : AZA<br \/>\nPhoto : Franck Deletang<\/p>\n<p>&nbsp;<\/p>\n","protected":false},"excerpt":{"rendered":"<p>Engag\u00e9e il y a deux ans, la restructuration de l\u2019immeuble \u00ab Axe D\u00e9fense \u00bb op\u00e9r\u00e9e par Rehagreen, l\u2019entit\u00e9 sp\u00e9cialis\u00e9e dans les restructurations d\u2019immeubles tertiaires de Bouygues Immobilier, touche \u00e0 sa fin. Le nouvel ensemble, d\u00e9sormais d\u00e9nomm\u00e9 NE.ST, vient d&rsquo;\u00eatre livr\u00e9. Apr\u00e8s une op\u00e9ration de r\u00e9habilitation lourde et compl\u00e8te, l&rsquo;immeuble, con\u00e7u par l\u2019agence d\u2019architecture 163 Ateliers, [&hellip;]<\/p>\n","protected":false},"author":17,"featured_media":106767,"comment_status":"closed","ping_status":"closed","sticky":false,"template":"","format":"standard","meta":{"_et_pb_use_builder":"","_et_pb_old_content":"","_et_gb_content_width":"","footnotes":""},"categories":[10530,6340,10771,10775],"tags":[12885,126,2944],"class_list":["post-106753","post","type-post","status-publish","format-standard","has-post-thumbnail","hentry","category-actualites","category-architecture-conception","category-5facades","category-actualites-5facades","tag-bardage","tag-facade","tag-reconstruction"],"yoast_head":"<!-- This site is optimized with the Yoast SEO plugin v27.4 - https:\/\/yoast.com\/product\/yoast-seo-wordpress\/ -->\n<title>Fa\u00e7ade repens\u00e9e pour immeuble restructur\u00e9<\/title>\n<meta name=\"robots\" content=\"index, follow, max-snippet:-1, max-image-preview:large, max-video-preview:-1\" \/>\n<link rel=\"canonical\" href=\"https:\/\/batijournal.com\/index.php\/facade-repensee-pour-immeuble-restructure\/106753\/\" \/>\n<meta property=\"og:locale\" content=\"fr_FR\" \/>\n<meta property=\"og:type\" content=\"article\" \/>\n<meta property=\"og:title\" content=\"Fa\u00e7ade repens\u00e9e pour immeuble restructur\u00e9\" \/>\n<meta property=\"og:description\" content=\"Engag\u00e9e il y a deux ans, la restructuration de l\u2019immeuble \u00ab Axe D\u00e9fense \u00bb op\u00e9r\u00e9e par Rehagreen, l\u2019entit\u00e9 sp\u00e9cialis\u00e9e dans les restructurations d\u2019immeubles tertiaires de Bouygues Immobilier, touche \u00e0 sa fin. Le nouvel ensemble, d\u00e9sormais d\u00e9nomm\u00e9 NE.ST, vient d&rsquo;\u00eatre livr\u00e9. Apr\u00e8s une op\u00e9ration de r\u00e9habilitation lourde et compl\u00e8te, l&rsquo;immeuble, con\u00e7u par l\u2019agence d\u2019architecture 163 Ateliers, [&hellip;]\" \/>\n<meta property=\"og:url\" content=\"https:\/\/batijournal.com\/index.php\/facade-repensee-pour-immeuble-restructure\/106753\/\" \/>\n<meta property=\"og:site_name\" content=\"Batijournal\" \/>\n<meta property=\"article:published_time\" content=\"2021-12-02T06:14:39+00:00\" \/>\n<meta property=\"og:image\" content=\"https:\/\/batijournal.com\/wp-content\/uploads\/2021\/12\/Courbevoie_Nest_immeuble-la-defense.jpg\" \/>\n\t<meta property=\"og:image:width\" content=\"1024\" \/>\n\t<meta property=\"og:image:height\" content=\"683\" \/>\n\t<meta property=\"og:image:type\" content=\"image\/jpeg\" \/>\n<meta name=\"author\" content=\"St\u00e9phane Miget\" \/>\n<meta name=\"twitter:card\" content=\"summary_large_image\" \/>\n<meta name=\"twitter:creator\" content=\"@bati_journal\" \/>\n<meta name=\"twitter:site\" content=\"@bati_journal\" \/>\n<meta name=\"twitter:label1\" content=\"\u00c9crit par\" \/>\n\t<meta name=\"twitter:data1\" content=\"St\u00e9phane Miget\" \/>\n\t<meta name=\"twitter:label2\" content=\"Dur\u00e9e de lecture estim\u00e9e\" \/>\n\t<meta name=\"twitter:data2\" content=\"3 minutes\" \/>\n<script type=\"application\/ld+json\" class=\"yoast-schema-graph\">{\"@context\":\"https:\\\/\\\/schema.org\",\"@graph\":[{\"@type\":\"Article\",\"@id\":\"https:\\\/\\\/batijournal.com\\\/index.php\\\/facade-repensee-pour-immeuble-restructure\\\/106753\\\/#article\",\"isPartOf\":{\"@id\":\"https:\\\/\\\/batijournal.com\\\/index.php\\\/facade-repensee-pour-immeuble-restructure\\\/106753\\\/\"},\"author\":{\"name\":\"St\u00e9phane Miget\",\"@id\":\"https:\\\/\\\/batijournal.com\\\/#\\\/schema\\\/person\\\/1dc96ec6957aa1ccb25ebe78bb19f100\"},\"headline\":\"Fa\u00e7ade repens\u00e9e pour immeuble restructur\u00e9\",\"datePublished\":\"2021-12-02T06:14:39+00:00\",\"mainEntityOfPage\":{\"@id\":\"https:\\\/\\\/batijournal.com\\\/index.php\\\/facade-repensee-pour-immeuble-restructure\\\/106753\\\/\"},\"wordCount\":573,\"image\":{\"@id\":\"https:\\\/\\\/batijournal.com\\\/index.php\\\/facade-repensee-pour-immeuble-restructure\\\/106753\\\/#primaryimage\"},\"thumbnailUrl\":\"https:\\\/\\\/batijournal.com\\\/wp-content\\\/uploads\\\/2021\\\/12\\\/Courbevoie_Nest_immeuble-la-defense.jpg\",\"keywords\":[\"bardage\",\"fa\u00e7ade\",\"reconstruction\"],\"articleSection\":[\"Actualit\u00e9s\",\"Architecture &amp; Conception\",\"zz_5fa\u00e7ades\",\"zz_Actualit\u00e9s - 5fa\u00e7ades\"],\"inLanguage\":\"fr-FR\"},{\"@type\":\"WebPage\",\"@id\":\"https:\\\/\\\/batijournal.com\\\/index.php\\\/facade-repensee-pour-immeuble-restructure\\\/106753\\\/\",\"url\":\"https:\\\/\\\/batijournal.com\\\/index.php\\\/facade-repensee-pour-immeuble-restructure\\\/106753\\\/\",\"name\":\"Fa\u00e7ade repens\u00e9e pour immeuble restructur\u00e9\",\"isPartOf\":{\"@id\":\"https:\\\/\\\/batijournal.com\\\/#website\"},\"primaryImageOfPage\":{\"@id\":\"https:\\\/\\\/batijournal.com\\\/index.php\\\/facade-repensee-pour-immeuble-restructure\\\/106753\\\/#primaryimage\"},\"image\":{\"@id\":\"https:\\\/\\\/batijournal.com\\\/index.php\\\/facade-repensee-pour-immeuble-restructure\\\/106753\\\/#primaryimage\"},\"thumbnailUrl\":\"https:\\\/\\\/batijournal.com\\\/wp-content\\\/uploads\\\/2021\\\/12\\\/Courbevoie_Nest_immeuble-la-defense.jpg\",\"datePublished\":\"2021-12-02T06:14:39+00:00\",\"author\":{\"@id\":\"https:\\\/\\\/batijournal.com\\\/#\\\/schema\\\/person\\\/1dc96ec6957aa1ccb25ebe78bb19f100\"},\"breadcrumb\":{\"@id\":\"https:\\\/\\\/batijournal.com\\\/index.php\\\/facade-repensee-pour-immeuble-restructure\\\/106753\\\/#breadcrumb\"},\"inLanguage\":\"fr-FR\",\"potentialAction\":[{\"@type\":\"ReadAction\",\"target\":[\"https:\\\/\\\/batijournal.com\\\/index.php\\\/facade-repensee-pour-immeuble-restructure\\\/106753\\\/\"]}]},{\"@type\":\"ImageObject\",\"inLanguage\":\"fr-FR\",\"@id\":\"https:\\\/\\\/batijournal.com\\\/index.php\\\/facade-repensee-pour-immeuble-restructure\\\/106753\\\/#primaryimage\",\"url\":\"https:\\\/\\\/batijournal.com\\\/wp-content\\\/uploads\\\/2021\\\/12\\\/Courbevoie_Nest_immeuble-la-defense.jpg\",\"contentUrl\":\"https:\\\/\\\/batijournal.com\\\/wp-content\\\/uploads\\\/2021\\\/12\\\/Courbevoie_Nest_immeuble-la-defense.jpg\",\"width\":1024,\"height\":683},{\"@type\":\"BreadcrumbList\",\"@id\":\"https:\\\/\\\/batijournal.com\\\/index.php\\\/facade-repensee-pour-immeuble-restructure\\\/106753\\\/#breadcrumb\",\"itemListElement\":[{\"@type\":\"ListItem\",\"position\":1,\"name\":\"Accueil\",\"item\":\"https:\\\/\\\/batijournal.com\\\/\"},{\"@type\":\"ListItem\",\"position\":2,\"name\":\"Actualit\u00e9s\",\"item\":\"https:\\\/\\\/batijournal.com\\\/index.php\\\/category\\\/actualites\\\/\"},{\"@type\":\"ListItem\",\"position\":3,\"name\":\"Fa\u00e7ade repens\u00e9e pour immeuble restructur\u00e9\"}]},{\"@type\":\"WebSite\",\"@id\":\"https:\\\/\\\/batijournal.com\\\/#website\",\"url\":\"https:\\\/\\\/batijournal.com\\\/\",\"name\":\"Batijournal\",\"description\":\"L&#039;actualit\u00e9 du b\u00e2timent\",\"potentialAction\":[{\"@type\":\"SearchAction\",\"target\":{\"@type\":\"EntryPoint\",\"urlTemplate\":\"https:\\\/\\\/batijournal.com\\\/?s={search_term_string}\"},\"query-input\":{\"@type\":\"PropertyValueSpecification\",\"valueRequired\":true,\"valueName\":\"search_term_string\"}}],\"inLanguage\":\"fr-FR\"},{\"@type\":\"Person\",\"@id\":\"https:\\\/\\\/batijournal.com\\\/#\\\/schema\\\/person\\\/1dc96ec6957aa1ccb25ebe78bb19f100\",\"name\":\"St\u00e9phane Miget\",\"image\":{\"@type\":\"ImageObject\",\"inLanguage\":\"fr-FR\",\"@id\":\"https:\\\/\\\/secure.gravatar.com\\\/avatar\\\/89915563d925342126b8ef0281b93d9d7fc337043e8df017f780908eb9644451?s=96&d=mm&r=g\",\"url\":\"https:\\\/\\\/secure.gravatar.com\\\/avatar\\\/89915563d925342126b8ef0281b93d9d7fc337043e8df017f780908eb9644451?s=96&d=mm&r=g\",\"contentUrl\":\"https:\\\/\\\/secure.gravatar.com\\\/avatar\\\/89915563d925342126b8ef0281b93d9d7fc337043e8df017f780908eb9644451?s=96&d=mm&r=g\",\"caption\":\"St\u00e9phane Miget\"},\"url\":\"https:\\\/\\\/batijournal.com\\\/index.php\\\/author\\\/stephane\\\/\"}]}<\/script>\n<!-- \/ Yoast SEO plugin. -->","yoast_head_json":{"title":"Fa\u00e7ade repens\u00e9e pour immeuble restructur\u00e9","robots":{"index":"index","follow":"follow","max-snippet":"max-snippet:-1","max-image-preview":"max-image-preview:large","max-video-preview":"max-video-preview:-1"},"canonical":"https:\/\/batijournal.com\/index.php\/facade-repensee-pour-immeuble-restructure\/106753\/","og_locale":"fr_FR","og_type":"article","og_title":"Fa\u00e7ade repens\u00e9e pour immeuble restructur\u00e9","og_description":"Engag\u00e9e il y a deux ans, la restructuration de l\u2019immeuble \u00ab Axe D\u00e9fense \u00bb op\u00e9r\u00e9e par Rehagreen, l\u2019entit\u00e9 sp\u00e9cialis\u00e9e dans les restructurations d\u2019immeubles tertiaires de Bouygues Immobilier, touche \u00e0 sa fin. Le nouvel ensemble, d\u00e9sormais d\u00e9nomm\u00e9 NE.ST, vient d&rsquo;\u00eatre livr\u00e9. Apr\u00e8s une op\u00e9ration de r\u00e9habilitation lourde et compl\u00e8te, l&rsquo;immeuble, con\u00e7u par l\u2019agence d\u2019architecture 163 Ateliers, [&hellip;]","og_url":"https:\/\/batijournal.com\/index.php\/facade-repensee-pour-immeuble-restructure\/106753\/","og_site_name":"Batijournal","article_published_time":"2021-12-02T06:14:39+00:00","og_image":[{"width":1024,"height":683,"url":"https:\/\/batijournal.com\/wp-content\/uploads\/2021\/12\/Courbevoie_Nest_immeuble-la-defense.jpg","type":"image\/jpeg"}],"author":"St\u00e9phane Miget","twitter_card":"summary_large_image","twitter_creator":"@bati_journal","twitter_site":"@bati_journal","twitter_misc":{"\u00c9crit par":"St\u00e9phane Miget","Dur\u00e9e de lecture estim\u00e9e":"3 minutes"},"schema":{"@context":"https:\/\/schema.org","@graph":[{"@type":"Article","@id":"https:\/\/batijournal.com\/index.php\/facade-repensee-pour-immeuble-restructure\/106753\/#article","isPartOf":{"@id":"https:\/\/batijournal.com\/index.php\/facade-repensee-pour-immeuble-restructure\/106753\/"},"author":{"name":"St\u00e9phane Miget","@id":"https:\/\/batijournal.com\/#\/schema\/person\/1dc96ec6957aa1ccb25ebe78bb19f100"},"headline":"Fa\u00e7ade repens\u00e9e pour immeuble restructur\u00e9","datePublished":"2021-12-02T06:14:39+00:00","mainEntityOfPage":{"@id":"https:\/\/batijournal.com\/index.php\/facade-repensee-pour-immeuble-restructure\/106753\/"},"wordCount":573,"image":{"@id":"https:\/\/batijournal.com\/index.php\/facade-repensee-pour-immeuble-restructure\/106753\/#primaryimage"},"thumbnailUrl":"https:\/\/batijournal.com\/wp-content\/uploads\/2021\/12\/Courbevoie_Nest_immeuble-la-defense.jpg","keywords":["bardage","fa\u00e7ade","reconstruction"],"articleSection":["Actualit\u00e9s","Architecture &amp; Conception","zz_5fa\u00e7ades","zz_Actualit\u00e9s - 5fa\u00e7ades"],"inLanguage":"fr-FR"},{"@type":"WebPage","@id":"https:\/\/batijournal.com\/index.php\/facade-repensee-pour-immeuble-restructure\/106753\/","url":"https:\/\/batijournal.com\/index.php\/facade-repensee-pour-immeuble-restructure\/106753\/","name":"Fa\u00e7ade repens\u00e9e pour immeuble restructur\u00e9","isPartOf":{"@id":"https:\/\/batijournal.com\/#website"},"primaryImageOfPage":{"@id":"https:\/\/batijournal.com\/index.php\/facade-repensee-pour-immeuble-restructure\/106753\/#primaryimage"},"image":{"@id":"https:\/\/batijournal.com\/index.php\/facade-repensee-pour-immeuble-restructure\/106753\/#primaryimage"},"thumbnailUrl":"https:\/\/batijournal.com\/wp-content\/uploads\/2021\/12\/Courbevoie_Nest_immeuble-la-defense.jpg","datePublished":"2021-12-02T06:14:39+00:00","author":{"@id":"https:\/\/batijournal.com\/#\/schema\/person\/1dc96ec6957aa1ccb25ebe78bb19f100"},"breadcrumb":{"@id":"https:\/\/batijournal.com\/index.php\/facade-repensee-pour-immeuble-restructure\/106753\/#breadcrumb"},"inLanguage":"fr-FR","potentialAction":[{"@type":"ReadAction","target":["https:\/\/batijournal.com\/index.php\/facade-repensee-pour-immeuble-restructure\/106753\/"]}]},{"@type":"ImageObject","inLanguage":"fr-FR","@id":"https:\/\/batijournal.com\/index.php\/facade-repensee-pour-immeuble-restructure\/106753\/#primaryimage","url":"https:\/\/batijournal.com\/wp-content\/uploads\/2021\/12\/Courbevoie_Nest_immeuble-la-defense.jpg","contentUrl":"https:\/\/batijournal.com\/wp-content\/uploads\/2021\/12\/Courbevoie_Nest_immeuble-la-defense.jpg","width":1024,"height":683},{"@type":"BreadcrumbList","@id":"https:\/\/batijournal.com\/index.php\/facade-repensee-pour-immeuble-restructure\/106753\/#breadcrumb","itemListElement":[{"@type":"ListItem","position":1,"name":"Accueil","item":"https:\/\/batijournal.com\/"},{"@type":"ListItem","position":2,"name":"Actualit\u00e9s","item":"https:\/\/batijournal.com\/index.php\/category\/actualites\/"},{"@type":"ListItem","position":3,"name":"Fa\u00e7ade repens\u00e9e pour immeuble restructur\u00e9"}]},{"@type":"WebSite","@id":"https:\/\/batijournal.com\/#website","url":"https:\/\/batijournal.com\/","name":"Batijournal","description":"L&#039;actualit\u00e9 du b\u00e2timent","potentialAction":[{"@type":"SearchAction","target":{"@type":"EntryPoint","urlTemplate":"https:\/\/batijournal.com\/?s={search_term_string}"},"query-input":{"@type":"PropertyValueSpecification","valueRequired":true,"valueName":"search_term_string"}}],"inLanguage":"fr-FR"},{"@type":"Person","@id":"https:\/\/batijournal.com\/#\/schema\/person\/1dc96ec6957aa1ccb25ebe78bb19f100","name":"St\u00e9phane Miget","image":{"@type":"ImageObject","inLanguage":"fr-FR","@id":"https:\/\/secure.gravatar.com\/avatar\/89915563d925342126b8ef0281b93d9d7fc337043e8df017f780908eb9644451?s=96&d=mm&r=g","url":"https:\/\/secure.gravatar.com\/avatar\/89915563d925342126b8ef0281b93d9d7fc337043e8df017f780908eb9644451?s=96&d=mm&r=g","contentUrl":"https:\/\/secure.gravatar.com\/avatar\/89915563d925342126b8ef0281b93d9d7fc337043e8df017f780908eb9644451?s=96&d=mm&r=g","caption":"St\u00e9phane Miget"},"url":"https:\/\/batijournal.com\/index.php\/author\/stephane\/"}]}},"_links":{"self":[{"href":"https:\/\/batijournal.com\/index.php\/wp-json\/wp\/v2\/posts\/106753","targetHints":{"allow":["GET"]}}],"collection":[{"href":"https:\/\/batijournal.com\/index.php\/wp-json\/wp\/v2\/posts"}],"about":[{"href":"https:\/\/batijournal.com\/index.php\/wp-json\/wp\/v2\/types\/post"}],"author":[{"embeddable":true,"href":"https:\/\/batijournal.com\/index.php\/wp-json\/wp\/v2\/users\/17"}],"replies":[{"embeddable":true,"href":"https:\/\/batijournal.com\/index.php\/wp-json\/wp\/v2\/comments?post=106753"}],"version-history":[{"count":0,"href":"https:\/\/batijournal.com\/index.php\/wp-json\/wp\/v2\/posts\/106753\/revisions"}],"wp:featuredmedia":[{"embeddable":true,"href":"https:\/\/batijournal.com\/index.php\/wp-json\/wp\/v2\/media\/106767"}],"wp:attachment":[{"href":"https:\/\/batijournal.com\/index.php\/wp-json\/wp\/v2\/media?parent=106753"}],"wp:term":[{"taxonomy":"category","embeddable":true,"href":"https:\/\/batijournal.com\/index.php\/wp-json\/wp\/v2\/categories?post=106753"},{"taxonomy":"post_tag","embeddable":true,"href":"https:\/\/batijournal.com\/index.php\/wp-json\/wp\/v2\/tags?post=106753"}],"curies":[{"name":"wp","href":"https:\/\/api.w.org\/{rel}","templated":true}]}}