{"id":106930,"date":"2022-01-11T09:55:53","date_gmt":"2022-01-11T08:55:53","guid":{"rendered":"https:\/\/batijournal.com\/?p=106930"},"modified":"2022-01-11T09:55:53","modified_gmt":"2022-01-11T08:55:53","slug":"le-village-des-athletes-des-jo-de-paris-sera-bas-carbone","status":"publish","type":"post","link":"https:\/\/batijournal.com\/index.php\/le-village-des-athletes-des-jo-de-paris-sera-bas-carbone\/106930\/","title":{"rendered":"Le village des athl\u00e8tes des JO de Paris sera bas carbone"},"content":{"rendered":"<p><strong>Spie batignolles outarex, en groupement avec GCC Habitat, r\u00e9alise actuellement 12 b\u00e2timents des lots D1 et D2 du Village des Athl\u00e8tes, am\u00e9nag\u00e9 pour les Jeux Olympiques Paris 2024. Si dans un premier temps ces ouvrages sont destin\u00e9s \u00e0 loger plus de 2000 athl\u00e8tes, ils accueilleront \u00e0 terme, pour la phase H\u00e9ritage, et ce, d\u00e8s la rentr\u00e9e 2025, des logements, commerces et de nombreux services.<\/strong><\/p>\n<p>Sur ce projet, le groupe Spie batignolles s\u2019est lanc\u00e9 plusieurs d\u00e9fis avec, notamment, l\u2019installation de sa premi\u00e8re centrale b\u00e9ton bas carbone pour produire les 30 000 m3 n\u00e9cessaires \u00e0 l\u2019ensemble du projet. Les \u00e9quipes Spie batignolles ont travaill\u00e9 pendant plusieurs mois sur les caract\u00e9ristiques du b\u00e9ton \u00e0 employer, pour qu\u2019il puisse pr\u00e9senter un impact carbone faible fixant \u00e0 157 kg eq CO2\/m3 maximum la quantit\u00e9 d\u2019\u00e9missions carbone du b\u00e9ton \u00e0 produire. Avec le support du bureau d\u2019\u00e9tudes EGIS, Spie batignolles a identifi\u00e9 10 formulations de b\u00e9ton, qui ont toutes \u00e9t\u00e9 retenues. Elles correspondent aux diff\u00e9rentes sp\u00e9cificit\u00e9s techniques du projet, int\u00e8grent les facteurs m\u00e9t\u00e9orologistes et les cadences\/rotations de production. Spie batignolles a utilis\u00e9 du laitier de haut-fourneau issu des d\u00e9chets sid\u00e9rurgiques pour remplacer une partie du ciment, dont la cuisson \u00e0 haute temp\u00e9rature g\u00e9n\u00e8re une forte pollution. Les \u00e9quipes ont privil\u00e9gi\u00e9 des fournisseurs d\u00e9tenant des carri\u00e8res en France, en maximisant les apports par voie fluviale (Ciments Calcia, Lafarge Granulats, Ecocem et Master Builders). Afin de s\u2019assurer de sa strat\u00e9gie d\u2019ex\u00e9cution et de ses choix de mat\u00e9riaux pour rester dans la limite des 740 kg eq CO2\/m\u00b2 de plancher impos\u00e9s sur le secteur D par le ma\u00eetre d\u2019ouvrage, le groupe a lanc\u00e9 un processus de v\u00e9rification de sa performance. Cette r\u00e9flexion a conduit l\u2019entreprise \u00e0 produire 43 fiches de d\u00e9claration environnementale et sanitaire.<\/p>\n<p>Le projet fait \u00e9galement la part belle au bois, mat\u00e9riau par ailleurs favoris\u00e9 sur l\u2019ensemble du Village des Athl\u00e8tes, pour une construction mixte bois\/b\u00e9ton. Celui-ci sera achemin\u00e9 depuis des for\u00eats g\u00e9r\u00e9es durablement et certifi\u00e9es PEFC ou FSC avec 30% de bois structurel issus des for\u00eats fran\u00e7aises.<\/p>\n<p>Les travaux d\u00e9but\u00e9s en mai 2021 s\u2019ach\u00e8veront, au cours d\u2019une premi\u00e8re mise \u00e0 disposition, au 31 d\u00e9cembre 2023 en faveur de P2024 pour le Village des Athl\u00e8tes. Les travaux reprendront d\u00e8s novembre 2024 pour lancer la reconversion des b\u00e2timents, jusqu\u2019\u00e0 la phase de livraison aux clients au 3\u00e8me trimestre 2025.<\/p>\n<p>Ma\u00eetre d\u2019ouvrage : SCCV Quinconces repr\u00e9sent\u00e9e par Icade Promotion, co-investisseur avec la Caisse des D\u00e9p\u00f4ts et CDC Habitat<br \/>\nMa\u00eetre d\u2019\u0153uvre :<br \/>\n&#8211; UAPS Architecte coordonnateur<br \/>\n&#8211; Atelier Pascal Gontier<br \/>\n&#8211; Atelier Architecture Brenac Gonzalez associ\u00e9s<br \/>\n&#8211; NP2F<br \/>\n&#8211; Fagart &amp; Fontana<br \/>\nConception\/construction : Groupement Spie batignolles outarex (mandataire) et GCC Habitat<\/p>\n","protected":false},"excerpt":{"rendered":"<p>Spie batignolles outarex, en groupement avec GCC Habitat, r\u00e9alise actuellement 12 b\u00e2timents des lots D1 et D2 du Village des Athl\u00e8tes, am\u00e9nag\u00e9 pour les Jeux Olympiques Paris 2024. Si dans un premier temps ces ouvrages sont destin\u00e9s \u00e0 loger plus de 2000 athl\u00e8tes, ils accueilleront \u00e0 terme, pour la phase H\u00e9ritage, et ce, d\u00e8s la [&hellip;]<\/p>\n","protected":false},"author":17,"featured_media":106931,"comment_status":"closed","ping_status":"closed","sticky":false,"template":"","format":"standard","meta":{"_et_pb_use_builder":"","_et_pb_old_content":"","_et_gb_content_width":"","footnotes":""},"categories":[10530,6340,10781,10778],"tags":[13009,12776],"class_list":["post-106930","post","type-post","status-publish","format-standard","has-post-thumbnail","hentry","category-actualites","category-architecture-conception","category-publications-planete","category-planete","tag-bas-carbone","tag-jo-2024"],"yoast_head":"<!-- This site is optimized with the Yoast SEO plugin v27.4 - https:\/\/yoast.com\/product\/yoast-seo-wordpress\/ -->\n<title>Le village des athl\u00e8tes des JO de Paris sera bas carbone<\/title>\n<meta name=\"robots\" content=\"index, follow, max-snippet:-1, max-image-preview:large, max-video-preview:-1\" \/>\n<link rel=\"canonical\" href=\"https:\/\/batijournal.com\/index.php\/le-village-des-athletes-des-jo-de-paris-sera-bas-carbone\/106930\/\" \/>\n<meta property=\"og:locale\" content=\"fr_FR\" \/>\n<meta property=\"og:type\" content=\"article\" \/>\n<meta property=\"og:title\" content=\"Le village des athl\u00e8tes des JO de Paris sera bas carbone\" \/>\n<meta property=\"og:description\" content=\"Spie batignolles outarex, en groupement avec GCC Habitat, r\u00e9alise actuellement 12 b\u00e2timents des lots D1 et D2 du Village des Athl\u00e8tes, am\u00e9nag\u00e9 pour les Jeux Olympiques Paris 2024. Si dans un premier temps ces ouvrages sont destin\u00e9s \u00e0 loger plus de 2000 athl\u00e8tes, ils accueilleront \u00e0 terme, pour la phase H\u00e9ritage, et ce, d\u00e8s la [&hellip;]\" \/>\n<meta property=\"og:url\" content=\"https:\/\/batijournal.com\/index.php\/le-village-des-athletes-des-jo-de-paris-sera-bas-carbone\/106930\/\" \/>\n<meta property=\"og:site_name\" content=\"Batijournal\" \/>\n<meta property=\"article:published_time\" content=\"2022-01-11T08:55:53+00:00\" \/>\n<meta property=\"og:image\" content=\"https:\/\/batijournal.com\/wp-content\/uploads\/2022\/01\/Spie-Batignolles-village-athletes-paris-2024-jo.jpg\" \/>\n\t<meta property=\"og:image:width\" content=\"1200\" \/>\n\t<meta property=\"og:image:height\" content=\"800\" \/>\n\t<meta property=\"og:image:type\" content=\"image\/jpeg\" \/>\n<meta name=\"author\" content=\"St\u00e9phane Miget\" \/>\n<meta name=\"twitter:card\" content=\"summary_large_image\" \/>\n<meta name=\"twitter:creator\" content=\"@bati_journal\" \/>\n<meta name=\"twitter:site\" content=\"@bati_journal\" \/>\n<meta name=\"twitter:label1\" content=\"\u00c9crit par\" \/>\n\t<meta name=\"twitter:data1\" content=\"St\u00e9phane Miget\" \/>\n\t<meta name=\"twitter:label2\" content=\"Dur\u00e9e de lecture estim\u00e9e\" \/>\n\t<meta name=\"twitter:data2\" content=\"2 minutes\" \/>\n<script type=\"application\/ld+json\" class=\"yoast-schema-graph\">{\"@context\":\"https:\\\/\\\/schema.org\",\"@graph\":[{\"@type\":\"Article\",\"@id\":\"https:\\\/\\\/batijournal.com\\\/index.php\\\/le-village-des-athletes-des-jo-de-paris-sera-bas-carbone\\\/106930\\\/#article\",\"isPartOf\":{\"@id\":\"https:\\\/\\\/batijournal.com\\\/index.php\\\/le-village-des-athletes-des-jo-de-paris-sera-bas-carbone\\\/106930\\\/\"},\"author\":{\"name\":\"St\u00e9phane Miget\",\"@id\":\"https:\\\/\\\/batijournal.com\\\/#\\\/schema\\\/person\\\/1dc96ec6957aa1ccb25ebe78bb19f100\"},\"headline\":\"Le village des athl\u00e8tes des JO de Paris sera bas carbone\",\"datePublished\":\"2022-01-11T08:55:53+00:00\",\"mainEntityOfPage\":{\"@id\":\"https:\\\/\\\/batijournal.com\\\/index.php\\\/le-village-des-athletes-des-jo-de-paris-sera-bas-carbone\\\/106930\\\/\"},\"wordCount\":501,\"image\":{\"@id\":\"https:\\\/\\\/batijournal.com\\\/index.php\\\/le-village-des-athletes-des-jo-de-paris-sera-bas-carbone\\\/106930\\\/#primaryimage\"},\"thumbnailUrl\":\"https:\\\/\\\/batijournal.com\\\/wp-content\\\/uploads\\\/2022\\\/01\\\/Spie-Batignolles-village-athletes-paris-2024-jo.jpg\",\"keywords\":[\"bas carbone\",\"JO 2024\"],\"articleSection\":[\"Actualit\u00e9s\",\"Architecture &amp; Conception\",\"zz_Actualit\u00e9s - Plan\u00e8te\",\"zz_Plan\u00e8te B\u00e2timent\"],\"inLanguage\":\"fr-FR\"},{\"@type\":\"WebPage\",\"@id\":\"https:\\\/\\\/batijournal.com\\\/index.php\\\/le-village-des-athletes-des-jo-de-paris-sera-bas-carbone\\\/106930\\\/\",\"url\":\"https:\\\/\\\/batijournal.com\\\/index.php\\\/le-village-des-athletes-des-jo-de-paris-sera-bas-carbone\\\/106930\\\/\",\"name\":\"Le village des athl\u00e8tes des JO de Paris sera bas carbone\",\"isPartOf\":{\"@id\":\"https:\\\/\\\/batijournal.com\\\/#website\"},\"primaryImageOfPage\":{\"@id\":\"https:\\\/\\\/batijournal.com\\\/index.php\\\/le-village-des-athletes-des-jo-de-paris-sera-bas-carbone\\\/106930\\\/#primaryimage\"},\"image\":{\"@id\":\"https:\\\/\\\/batijournal.com\\\/index.php\\\/le-village-des-athletes-des-jo-de-paris-sera-bas-carbone\\\/106930\\\/#primaryimage\"},\"thumbnailUrl\":\"https:\\\/\\\/batijournal.com\\\/wp-content\\\/uploads\\\/2022\\\/01\\\/Spie-Batignolles-village-athletes-paris-2024-jo.jpg\",\"datePublished\":\"2022-01-11T08:55:53+00:00\",\"author\":{\"@id\":\"https:\\\/\\\/batijournal.com\\\/#\\\/schema\\\/person\\\/1dc96ec6957aa1ccb25ebe78bb19f100\"},\"breadcrumb\":{\"@id\":\"https:\\\/\\\/batijournal.com\\\/index.php\\\/le-village-des-athletes-des-jo-de-paris-sera-bas-carbone\\\/106930\\\/#breadcrumb\"},\"inLanguage\":\"fr-FR\",\"potentialAction\":[{\"@type\":\"ReadAction\",\"target\":[\"https:\\\/\\\/batijournal.com\\\/index.php\\\/le-village-des-athletes-des-jo-de-paris-sera-bas-carbone\\\/106930\\\/\"]}]},{\"@type\":\"ImageObject\",\"inLanguage\":\"fr-FR\",\"@id\":\"https:\\\/\\\/batijournal.com\\\/index.php\\\/le-village-des-athletes-des-jo-de-paris-sera-bas-carbone\\\/106930\\\/#primaryimage\",\"url\":\"https:\\\/\\\/batijournal.com\\\/wp-content\\\/uploads\\\/2022\\\/01\\\/Spie-Batignolles-village-athletes-paris-2024-jo.jpg\",\"contentUrl\":\"https:\\\/\\\/batijournal.com\\\/wp-content\\\/uploads\\\/2022\\\/01\\\/Spie-Batignolles-village-athletes-paris-2024-jo.jpg\",\"width\":1200,\"height\":800,\"caption\":\"Spie batignolles ile de france - Chantier Village des Athletes - 07 d\u00e9cembre 2021 - Photo Germain Hazard \\\/ Royal Spark\"},{\"@type\":\"BreadcrumbList\",\"@id\":\"https:\\\/\\\/batijournal.com\\\/index.php\\\/le-village-des-athletes-des-jo-de-paris-sera-bas-carbone\\\/106930\\\/#breadcrumb\",\"itemListElement\":[{\"@type\":\"ListItem\",\"position\":1,\"name\":\"Accueil\",\"item\":\"https:\\\/\\\/batijournal.com\\\/\"},{\"@type\":\"ListItem\",\"position\":2,\"name\":\"Actualit\u00e9s\",\"item\":\"https:\\\/\\\/batijournal.com\\\/index.php\\\/category\\\/actualites\\\/\"},{\"@type\":\"ListItem\",\"position\":3,\"name\":\"Le village des athl\u00e8tes des JO de Paris sera bas carbone\"}]},{\"@type\":\"WebSite\",\"@id\":\"https:\\\/\\\/batijournal.com\\\/#website\",\"url\":\"https:\\\/\\\/batijournal.com\\\/\",\"name\":\"Batijournal\",\"description\":\"L&#039;actualit\u00e9 du b\u00e2timent\",\"potentialAction\":[{\"@type\":\"SearchAction\",\"target\":{\"@type\":\"EntryPoint\",\"urlTemplate\":\"https:\\\/\\\/batijournal.com\\\/?s={search_term_string}\"},\"query-input\":{\"@type\":\"PropertyValueSpecification\",\"valueRequired\":true,\"valueName\":\"search_term_string\"}}],\"inLanguage\":\"fr-FR\"},{\"@type\":\"Person\",\"@id\":\"https:\\\/\\\/batijournal.com\\\/#\\\/schema\\\/person\\\/1dc96ec6957aa1ccb25ebe78bb19f100\",\"name\":\"St\u00e9phane Miget\",\"image\":{\"@type\":\"ImageObject\",\"inLanguage\":\"fr-FR\",\"@id\":\"https:\\\/\\\/secure.gravatar.com\\\/avatar\\\/89915563d925342126b8ef0281b93d9d7fc337043e8df017f780908eb9644451?s=96&d=mm&r=g\",\"url\":\"https:\\\/\\\/secure.gravatar.com\\\/avatar\\\/89915563d925342126b8ef0281b93d9d7fc337043e8df017f780908eb9644451?s=96&d=mm&r=g\",\"contentUrl\":\"https:\\\/\\\/secure.gravatar.com\\\/avatar\\\/89915563d925342126b8ef0281b93d9d7fc337043e8df017f780908eb9644451?s=96&d=mm&r=g\",\"caption\":\"St\u00e9phane Miget\"},\"url\":\"https:\\\/\\\/batijournal.com\\\/index.php\\\/author\\\/stephane\\\/\"}]}<\/script>\n<!-- \/ Yoast SEO plugin. -->","yoast_head_json":{"title":"Le village des athl\u00e8tes des JO de Paris sera bas carbone","robots":{"index":"index","follow":"follow","max-snippet":"max-snippet:-1","max-image-preview":"max-image-preview:large","max-video-preview":"max-video-preview:-1"},"canonical":"https:\/\/batijournal.com\/index.php\/le-village-des-athletes-des-jo-de-paris-sera-bas-carbone\/106930\/","og_locale":"fr_FR","og_type":"article","og_title":"Le village des athl\u00e8tes des JO de Paris sera bas carbone","og_description":"Spie batignolles outarex, en groupement avec GCC Habitat, r\u00e9alise actuellement 12 b\u00e2timents des lots D1 et D2 du Village des Athl\u00e8tes, am\u00e9nag\u00e9 pour les Jeux Olympiques Paris 2024. Si dans un premier temps ces ouvrages sont destin\u00e9s \u00e0 loger plus de 2000 athl\u00e8tes, ils accueilleront \u00e0 terme, pour la phase H\u00e9ritage, et ce, d\u00e8s la [&hellip;]","og_url":"https:\/\/batijournal.com\/index.php\/le-village-des-athletes-des-jo-de-paris-sera-bas-carbone\/106930\/","og_site_name":"Batijournal","article_published_time":"2022-01-11T08:55:53+00:00","og_image":[{"width":1200,"height":800,"url":"https:\/\/batijournal.com\/wp-content\/uploads\/2022\/01\/Spie-Batignolles-village-athletes-paris-2024-jo.jpg","type":"image\/jpeg"}],"author":"St\u00e9phane Miget","twitter_card":"summary_large_image","twitter_creator":"@bati_journal","twitter_site":"@bati_journal","twitter_misc":{"\u00c9crit par":"St\u00e9phane Miget","Dur\u00e9e de lecture estim\u00e9e":"2 minutes"},"schema":{"@context":"https:\/\/schema.org","@graph":[{"@type":"Article","@id":"https:\/\/batijournal.com\/index.php\/le-village-des-athletes-des-jo-de-paris-sera-bas-carbone\/106930\/#article","isPartOf":{"@id":"https:\/\/batijournal.com\/index.php\/le-village-des-athletes-des-jo-de-paris-sera-bas-carbone\/106930\/"},"author":{"name":"St\u00e9phane Miget","@id":"https:\/\/batijournal.com\/#\/schema\/person\/1dc96ec6957aa1ccb25ebe78bb19f100"},"headline":"Le village des athl\u00e8tes des JO de Paris sera bas carbone","datePublished":"2022-01-11T08:55:53+00:00","mainEntityOfPage":{"@id":"https:\/\/batijournal.com\/index.php\/le-village-des-athletes-des-jo-de-paris-sera-bas-carbone\/106930\/"},"wordCount":501,"image":{"@id":"https:\/\/batijournal.com\/index.php\/le-village-des-athletes-des-jo-de-paris-sera-bas-carbone\/106930\/#primaryimage"},"thumbnailUrl":"https:\/\/batijournal.com\/wp-content\/uploads\/2022\/01\/Spie-Batignolles-village-athletes-paris-2024-jo.jpg","keywords":["bas carbone","JO 2024"],"articleSection":["Actualit\u00e9s","Architecture &amp; Conception","zz_Actualit\u00e9s - Plan\u00e8te","zz_Plan\u00e8te B\u00e2timent"],"inLanguage":"fr-FR"},{"@type":"WebPage","@id":"https:\/\/batijournal.com\/index.php\/le-village-des-athletes-des-jo-de-paris-sera-bas-carbone\/106930\/","url":"https:\/\/batijournal.com\/index.php\/le-village-des-athletes-des-jo-de-paris-sera-bas-carbone\/106930\/","name":"Le village des athl\u00e8tes des JO de Paris sera bas carbone","isPartOf":{"@id":"https:\/\/batijournal.com\/#website"},"primaryImageOfPage":{"@id":"https:\/\/batijournal.com\/index.php\/le-village-des-athletes-des-jo-de-paris-sera-bas-carbone\/106930\/#primaryimage"},"image":{"@id":"https:\/\/batijournal.com\/index.php\/le-village-des-athletes-des-jo-de-paris-sera-bas-carbone\/106930\/#primaryimage"},"thumbnailUrl":"https:\/\/batijournal.com\/wp-content\/uploads\/2022\/01\/Spie-Batignolles-village-athletes-paris-2024-jo.jpg","datePublished":"2022-01-11T08:55:53+00:00","author":{"@id":"https:\/\/batijournal.com\/#\/schema\/person\/1dc96ec6957aa1ccb25ebe78bb19f100"},"breadcrumb":{"@id":"https:\/\/batijournal.com\/index.php\/le-village-des-athletes-des-jo-de-paris-sera-bas-carbone\/106930\/#breadcrumb"},"inLanguage":"fr-FR","potentialAction":[{"@type":"ReadAction","target":["https:\/\/batijournal.com\/index.php\/le-village-des-athletes-des-jo-de-paris-sera-bas-carbone\/106930\/"]}]},{"@type":"ImageObject","inLanguage":"fr-FR","@id":"https:\/\/batijournal.com\/index.php\/le-village-des-athletes-des-jo-de-paris-sera-bas-carbone\/106930\/#primaryimage","url":"https:\/\/batijournal.com\/wp-content\/uploads\/2022\/01\/Spie-Batignolles-village-athletes-paris-2024-jo.jpg","contentUrl":"https:\/\/batijournal.com\/wp-content\/uploads\/2022\/01\/Spie-Batignolles-village-athletes-paris-2024-jo.jpg","width":1200,"height":800,"caption":"Spie batignolles ile de france - Chantier Village des Athletes - 07 d\u00e9cembre 2021 - Photo Germain Hazard \/ Royal Spark"},{"@type":"BreadcrumbList","@id":"https:\/\/batijournal.com\/index.php\/le-village-des-athletes-des-jo-de-paris-sera-bas-carbone\/106930\/#breadcrumb","itemListElement":[{"@type":"ListItem","position":1,"name":"Accueil","item":"https:\/\/batijournal.com\/"},{"@type":"ListItem","position":2,"name":"Actualit\u00e9s","item":"https:\/\/batijournal.com\/index.php\/category\/actualites\/"},{"@type":"ListItem","position":3,"name":"Le village des athl\u00e8tes des JO de Paris sera bas carbone"}]},{"@type":"WebSite","@id":"https:\/\/batijournal.com\/#website","url":"https:\/\/batijournal.com\/","name":"Batijournal","description":"L&#039;actualit\u00e9 du b\u00e2timent","potentialAction":[{"@type":"SearchAction","target":{"@type":"EntryPoint","urlTemplate":"https:\/\/batijournal.com\/?s={search_term_string}"},"query-input":{"@type":"PropertyValueSpecification","valueRequired":true,"valueName":"search_term_string"}}],"inLanguage":"fr-FR"},{"@type":"Person","@id":"https:\/\/batijournal.com\/#\/schema\/person\/1dc96ec6957aa1ccb25ebe78bb19f100","name":"St\u00e9phane Miget","image":{"@type":"ImageObject","inLanguage":"fr-FR","@id":"https:\/\/secure.gravatar.com\/avatar\/89915563d925342126b8ef0281b93d9d7fc337043e8df017f780908eb9644451?s=96&d=mm&r=g","url":"https:\/\/secure.gravatar.com\/avatar\/89915563d925342126b8ef0281b93d9d7fc337043e8df017f780908eb9644451?s=96&d=mm&r=g","contentUrl":"https:\/\/secure.gravatar.com\/avatar\/89915563d925342126b8ef0281b93d9d7fc337043e8df017f780908eb9644451?s=96&d=mm&r=g","caption":"St\u00e9phane Miget"},"url":"https:\/\/batijournal.com\/index.php\/author\/stephane\/"}]}},"_links":{"self":[{"href":"https:\/\/batijournal.com\/index.php\/wp-json\/wp\/v2\/posts\/106930","targetHints":{"allow":["GET"]}}],"collection":[{"href":"https:\/\/batijournal.com\/index.php\/wp-json\/wp\/v2\/posts"}],"about":[{"href":"https:\/\/batijournal.com\/index.php\/wp-json\/wp\/v2\/types\/post"}],"author":[{"embeddable":true,"href":"https:\/\/batijournal.com\/index.php\/wp-json\/wp\/v2\/users\/17"}],"replies":[{"embeddable":true,"href":"https:\/\/batijournal.com\/index.php\/wp-json\/wp\/v2\/comments?post=106930"}],"version-history":[{"count":0,"href":"https:\/\/batijournal.com\/index.php\/wp-json\/wp\/v2\/posts\/106930\/revisions"}],"wp:featuredmedia":[{"embeddable":true,"href":"https:\/\/batijournal.com\/index.php\/wp-json\/wp\/v2\/media\/106931"}],"wp:attachment":[{"href":"https:\/\/batijournal.com\/index.php\/wp-json\/wp\/v2\/media?parent=106930"}],"wp:term":[{"taxonomy":"category","embeddable":true,"href":"https:\/\/batijournal.com\/index.php\/wp-json\/wp\/v2\/categories?post=106930"},{"taxonomy":"post_tag","embeddable":true,"href":"https:\/\/batijournal.com\/index.php\/wp-json\/wp\/v2\/tags?post=106930"}],"curies":[{"name":"wp","href":"https:\/\/api.w.org\/{rel}","templated":true}]}}