{"id":106963,"date":"2022-01-21T12:53:04","date_gmt":"2022-01-21T11:53:04","guid":{"rendered":"https:\/\/batijournal.com\/?p=106963"},"modified":"2022-01-21T12:53:04","modified_gmt":"2022-01-21T11:53:04","slug":"btp-finales-nationales-des-worldskills","status":"publish","type":"post","link":"https:\/\/batijournal.com\/index.php\/btp-finales-nationales-des-worldskills\/106963\/","title":{"rendered":"BTP : finales nationales des WorldSkills"},"content":{"rendered":"<p>Le CCCA-BTP, partenaire de WorldSkills France, \u00e9tait pr\u00e9sent \u00e0 Lyon, du 13 au 15 janvier 2022, aux finales nationales de la 46e \u00e9dition de la Comp\u00e9tition WorldSkills, sous la banni\u00e8re de la campagne de communication \u00ab La Construction. Demain s\u2019invente avec nous \u00bb, organis\u00e9e par le CCCA-BTP, mobilis\u00e9 avec les professionnels de la construction, pour promouvoir l\u2019innovation, la diversit\u00e9 et la richesse des m\u00e9tiers du secteur du BTP, valoriser l\u2019apprentissage comme voie de formation professionnelle initiale d\u2019excellence et de r\u00e9ussite et donner envie aux jeunes visiteurs l\u2019envie de rejoindre une fili\u00e8re d\u2019avenir. Sur le p\u00f4le BTP, le plus important en comp\u00e9tition avec 17 m\u00e9tiers repr\u00e9sent\u00e9s, 160 candidats, \u00e2g\u00e9s de moins de 23 ans, se sont affront\u00e9s pendant trois jours intenses de comp\u00e9tition, donnant \u00e0 voir le meilleur d\u2019eux-m\u00eames par la ma\u00eetrise de leur savoir-faire, leur talent, leur d\u00e9termination et la passion qu\u2019ils portent \u00e0 leur m\u00e9tier respectif.<\/p>\n<p>La construction digitale a fait son apparition dans la comp\u00e9tition avec un sujet inspir\u00e9 d\u2019un projet en cours de construction en r\u00e9gion Auvergne-Rh\u00f4ne-Alpes. Durant cette \u00e9preuve de 17 heures 30, les cinq candidats ont du faire appel \u00e0 toutes les comp\u00e9tences n\u00e9cessaires pour mener un projet BIM\u00a0: mod\u00e9lisation et cr\u00e9ation des maquettes num\u00e9riques de la structure gros \u0153uvre et des am\u00e9nagements int\u00e9rieurs (plafonds, cloisons, portes, sol).<\/p>\n<p>Le palmar\u00e8s a \u00e9t\u00e9 proclam\u00e9 le 15 janvier lors de la c\u00e9r\u00e9monie de cl\u00f4ture \u00e0 Eurexpo Lyon. Ce sont 58 jeunes, dont deux bin\u00f4mes m\u00e9tiers (am\u00e9nagement urbain et r\u00e9seaux de canalisations \/ Construction b\u00e9ton arm\u00e9) qui ont \u00e9t\u00e9 r\u00e9compens\u00e9s dans les 16 m\u00e9tiers du BTP en comp\u00e9tition et pour l\u2019\u00e9preuve Construction digitale. Ces\u00a0vainqueurs auront l\u2019honneur de concourir au niveau mondial \u00e0 Shanghai en 2022 et au niveau europ\u00e9en \u00e0 Saint-P\u00e9tersbourg en 2023.<\/p>\n<p>AM\u00c9NAGEMENT URBAIN ET R\u00c9SEAUX DE CANALISATIONS<br \/>\nM\u00e9daille d\u2019or\u00a0: Ugo HUMBERT et Nicolas RENARD, r\u00e9gion Grand Est<br \/>\nM\u00e9daille d\u2019argent\u00a0: L\u00e9o BESANCON et Baptiste CAILLOT, r\u00e9gion Bourgogne Franche-Comt\u00e9<br \/>\nM\u00e9daille de bronze : Baptiste CAPEL et Ga\u00ebtan CHARBONNEL, r\u00e9gion Nouvelle-Aquitaine<\/p>\n<p>CARRELAGE<br \/>\nM\u00e9daille d\u2019or\u00a0: Goulven LECOQ, r\u00e9gion Pays de la Loire<br \/>\nM\u00e9daille d\u2019argent\u00a0: Karim DOLEDEC, r\u00e9gion Bretagne<br \/>\nM\u00e9daille de bronze :\u00a0Marius CONNAN, r\u00e9gion Centre Val-de-Loire<\/p>\n<p>CHARPENTE<br \/>\nM\u00e9daille d\u2019or\u00a0: Charles NAVELOT, r\u00e9gion Hauts-de-France<br \/>\nM\u00e9daille d\u2019argent\u00a0: Romain SIMON, r\u00e9gion Normandie<br \/>\nM\u00e9daille de bronze\u00a0: Colin LAIN\u00c9, r\u00e9gion Pays de La Loire<\/p>\n<p>ONSTRUCTION B\u00c9TON ARM\u00c9<br \/>\nM\u00e9daille d\u2019or\u00a0: Manuel GAUDIN et Anthony BOSCH, r\u00e9gion Bourgogne Franche-Comt\u00e9<br \/>\nM\u00e9daille d\u2019argent : William ROMANO et Gabriel PIMENTA MEIRELES, r\u00e9gion Nouvelle-Aquitaine<br \/>\nM\u00e9daille de bronze : Florian SCHMIT \/ Nathan DEL-SAVIO, r\u00e9gion Grand Est<\/p>\n<p>CONSTRUCTION DIGITALE<br \/>\nM\u00e9daille d\u2019or\u00a0: Pierre LOIR, r\u00e9gion Sud Provence-Alpes-C\u00f4te d\u2019Azur<br \/>\nM\u00e9daille d\u2019Argent : R\u00e9my EGEA, r\u00e9gion \u00cele-de-France<br \/>\nM\u00e9daille de bronze :\u00a0Sofiane IKRAM, r\u00e9gion \u00cele-de-France<br \/>\nM\u00e9daille de bronze : Th\u00e9o PRINCE, r\u00e9gion \u00cele-de-France<\/p>\n<p>COUVERTURE M\u00c9TALLIQUE<br \/>\nM\u00e9daille d\u2019or\u00a0: Pierre TAISNE, r\u00e9gion Pays de La Loire<br \/>\nM\u00e9daille d\u2019argent : Jordan PETIT, r\u00e9gion Auvergne Rh\u00f4ne-Alpes\u2028M\u00e9daille de bronze : Quentin BESAN\u00c7ON, r\u00e9gion Bourgogne-Franche-Comt\u00e9<\/p>\n<p>\u00c9B\u00c9NISTERIE<br \/>\nM\u00e9daille d\u2019or\u00a0: Florentin LANCELEUR, r\u00e9gion \u00cele de la R\u00e9union<br \/>\nM\u00e9daille d\u2019argent : Dorian GROITIER, r\u00e9gion Pays de La Loire<br \/>\nM\u00e9daille de bronze : Alexandre SARRAZIN, r\u00e9gion Bourgogne Franche-Comt\u00e9<\/p>\n<p>INSTALLATION \u00c9LECTRIQUE<br \/>\nM\u00e9daille d\u2019Or\u00a0:\u00a0Quentin GALAIS, r\u00e9gion Pays de la Loire<br \/>\nM\u00e9daille d\u2019argent : Yann QUOEURNAT, r\u00e9gion Centre Val-de-Loire\u2028M\u00e9daille de bronze : Erwan NOEPPEL, r\u00e9gion Bretagne<\/p>\n<p>MA\u00c7ONNERIE<br \/>\nM\u00e9daille d\u2019or\u00a0: Thomas DEGRENDELE, r\u00e9gion Normandie<br \/>\nM\u00e9daille d\u2019argent : Valentin COUTANT, r\u00e9gion Centre Val-de-Loire<br \/>\nM\u00e9daille de bronze : Guillaume DUBOURG, r\u00e9gion Nouvelle-Aquitaine<\/p>\n<p>MENUISERIE (en photo)<br \/>\nM\u00e9daille d\u2019or\u00a0:\u00a0Maxime BLOQUE, r\u00e9gion Grand Est<br \/>\nM\u00e9daille d\u2019argent : Tim TARBAGAYRE, r\u00e9gion Sud Provence-Alpes-C\u00f4te d\u2019azur\u2028M\u00e9daille de bronze : Pierre TYMEN, r\u00e9gion Normandie<\/p>\n<p>M\u00c9TALLERIE<br \/>\nM\u00e9daille d\u2019or\u00a0:\u00a0Guillaume OSWALD, r\u00e9gion Pays de La Loire<br \/>\nM\u00e9daille d\u2019argent :\u00a0William LASSALZEDE, r\u00e9gion Sud Provence-Alpes-C\u00f4te d\u2019azur<br \/>\nM\u00e9daille de bronze :\u00a0Vincent GAUTHIER, r\u00e9gion \u00cele-de-France<\/p>\n<p>MIROITERIE<br \/>\nM\u00e9daille d\u2019or\u00a0:\u00a0Lilian VALLET, r\u00e9gion Auvergne Rh\u00f4ne-Alpes<br \/>\nM\u00e9daille d\u2019argent : Remy BELLUCCI, r\u00e9gion Sud Provence-Alpes-C\u00f4te d\u2019azur\u2028M\u00e9daille de bronze : T\u00e9o BROHAN, r\u00e9gion Pays de la Loire<\/p>\n<p>PEINTURE ET D\u00c9CORATION<br \/>\nM\u00e9daille d\u2019or\u00a0:\u00a0Nancy MAURILLE (m\u00e9daille d\u2019excellence aux EuroSkills), r\u00e9gion Pays de La Loire<br \/>\nM\u00e9daille d\u2019argent\u00a0: Etienne BLANCHARD, r\u00e9gion Pays de La Loire<br \/>\nM\u00e9daille de bronze : Mathieu LEC\u00c2BLE, r\u00e9gion Normandie<\/p>\n<p>PL\u00c2TERIE ET CONSTRUCTION S\u00c8CHE<br \/>\nM\u00e9daille d\u2019or\u00a0: Baptiste LAMY, r\u00e9gion Pays de La Loire<br \/>\nM\u00e9daille d\u2019argent\u00a0: Alexis BOURGET, r\u00e9gion Bretagne<br \/>\nM\u00e9daille de bronze :\u00a0Steven GILLET, r\u00e9gion Hauts-de-France<\/p>\n<p>PLOMBERIE ET CHAUFFAGE<br \/>\nM\u00e9daille d\u2019or\u00a0:\u00a0Tom PEAN, r\u00e9gion Bourgogne Franche-Comt\u00e9<br \/>\nM\u00e9daille d\u2019argent\u00a0:\u00a0Aymeric JAEGY, r\u00e9gion Grand Est<br \/>\nM\u00e9daille de bronze :\u00a0Blaise TAUZIN, r\u00e9gion Pays de La Loire<\/p>\n<p>SOLIER<br \/>\nM\u00e9daille d\u2019or\u00a0:\u00a0Florian CURUTCHET, r\u00e9gion Nouvelle-Aquitaine<br \/>\nM\u00e9daille d\u2019argent\u00a0:\u00a0Kelyan N&rsquo;KOLOBISE, r\u00e9gion Auvergne Rh\u00f4ne-Alpes<br \/>\nM\u00e9daille de bronze : Benjamin HENNEBELLE, r\u00e9gion Auvergne Rh\u00f4ne-Alpes<\/p>\n<p>TAILLE DE PIERRE<br \/>\nM\u00e9daille d\u2019or\u00a0:\u00a0Nino DELGADO, r\u00e9gion \u00cele-de-France<br \/>\nM\u00e9daille d\u2019argent\u00a0:\u00a0Adrien NICOLAS BUON, r\u00e9gion Normandie<br \/>\nM\u00e9daille de bronze :\u00a0Mikael REBELO PEREIRA, r\u00e9gion Hauts-de-France<\/p>\n","protected":false},"excerpt":{"rendered":"<p>Le CCCA-BTP, partenaire de WorldSkills France, \u00e9tait pr\u00e9sent \u00e0 Lyon, du 13 au 15 janvier 2022, aux finales nationales de la 46e \u00e9dition de la Comp\u00e9tition WorldSkills, sous la banni\u00e8re de la campagne de communication \u00ab La Construction. Demain s\u2019invente avec nous \u00bb, organis\u00e9e par le CCCA-BTP, mobilis\u00e9 avec les professionnels de la construction, pour [&hellip;]<\/p>\n","protected":false},"author":17,"featured_media":106964,"comment_status":"closed","ping_status":"closed","sticky":false,"template":"","format":"standard","meta":{"_et_pb_use_builder":"","_et_pb_old_content":"","_et_gb_content_width":"","footnotes":""},"categories":[10530,6362,10769,10764],"tags":[6086,7252],"class_list":["post-106963","post","type-post","status-publish","format-standard","has-post-thumbnail","hentry","category-actualites","category-services-equipements","category-publications","category-woodsurfer","tag-ccca-btp","tag-worldskills"],"yoast_head":"<!-- This site is optimized with the Yoast SEO plugin v27.4 - https:\/\/yoast.com\/product\/yoast-seo-wordpress\/ -->\n<title>BTP : finales nationales des WorldSkills<\/title>\n<meta name=\"robots\" content=\"index, follow, max-snippet:-1, max-image-preview:large, max-video-preview:-1\" \/>\n<link rel=\"canonical\" href=\"https:\/\/batijournal.com\/index.php\/btp-finales-nationales-des-worldskills\/106963\/\" \/>\n<meta property=\"og:locale\" content=\"fr_FR\" \/>\n<meta property=\"og:type\" content=\"article\" \/>\n<meta property=\"og:title\" content=\"BTP : finales nationales des WorldSkills\" \/>\n<meta property=\"og:description\" content=\"Le CCCA-BTP, partenaire de WorldSkills France, \u00e9tait pr\u00e9sent \u00e0 Lyon, du 13 au 15 janvier 2022, aux finales nationales de la 46e \u00e9dition de la Comp\u00e9tition WorldSkills, sous la banni\u00e8re de la campagne de communication \u00ab La Construction. Demain s\u2019invente avec nous \u00bb, organis\u00e9e par le CCCA-BTP, mobilis\u00e9 avec les professionnels de la construction, pour [&hellip;]\" \/>\n<meta property=\"og:url\" content=\"https:\/\/batijournal.com\/index.php\/btp-finales-nationales-des-worldskills\/106963\/\" \/>\n<meta property=\"og:site_name\" content=\"Batijournal\" \/>\n<meta property=\"article:published_time\" content=\"2022-01-21T11:53:04+00:00\" \/>\n<meta property=\"og:image\" content=\"https:\/\/batijournal.com\/wp-content\/uploads\/2022\/01\/Medailles-menuiserie-worldskills.jpg\" \/>\n\t<meta property=\"og:image:width\" content=\"1200\" \/>\n\t<meta property=\"og:image:height\" content=\"800\" \/>\n\t<meta property=\"og:image:type\" content=\"image\/jpeg\" \/>\n<meta name=\"author\" content=\"St\u00e9phane Miget\" \/>\n<meta name=\"twitter:card\" content=\"summary_large_image\" \/>\n<meta name=\"twitter:creator\" content=\"@bati_journal\" \/>\n<meta name=\"twitter:site\" content=\"@bati_journal\" \/>\n<meta name=\"twitter:label1\" content=\"\u00c9crit par\" \/>\n\t<meta name=\"twitter:data1\" content=\"St\u00e9phane Miget\" \/>\n\t<meta name=\"twitter:label2\" content=\"Dur\u00e9e de lecture estim\u00e9e\" \/>\n\t<meta name=\"twitter:data2\" content=\"5 minutes\" \/>\n<script type=\"application\/ld+json\" class=\"yoast-schema-graph\">{\"@context\":\"https:\\\/\\\/schema.org\",\"@graph\":[{\"@type\":\"Article\",\"@id\":\"https:\\\/\\\/batijournal.com\\\/index.php\\\/btp-finales-nationales-des-worldskills\\\/106963\\\/#article\",\"isPartOf\":{\"@id\":\"https:\\\/\\\/batijournal.com\\\/index.php\\\/btp-finales-nationales-des-worldskills\\\/106963\\\/\"},\"author\":{\"name\":\"St\u00e9phane Miget\",\"@id\":\"https:\\\/\\\/batijournal.com\\\/#\\\/schema\\\/person\\\/1dc96ec6957aa1ccb25ebe78bb19f100\"},\"headline\":\"BTP : finales nationales des WorldSkills\",\"datePublished\":\"2022-01-21T11:53:04+00:00\",\"mainEntityOfPage\":{\"@id\":\"https:\\\/\\\/batijournal.com\\\/index.php\\\/btp-finales-nationales-des-worldskills\\\/106963\\\/\"},\"wordCount\":945,\"image\":{\"@id\":\"https:\\\/\\\/batijournal.com\\\/index.php\\\/btp-finales-nationales-des-worldskills\\\/106963\\\/#primaryimage\"},\"thumbnailUrl\":\"https:\\\/\\\/batijournal.com\\\/wp-content\\\/uploads\\\/2022\\\/01\\\/Medailles-menuiserie-worldskills.jpg\",\"keywords\":[\"CCCA-BTP\",\"worldskills\"],\"articleSection\":[\"Actualit\u00e9s\",\"Divers\",\"zz_Actualit\u00e9s - Woodsurfer\",\"zz_Woodsurfer\"],\"inLanguage\":\"fr-FR\"},{\"@type\":\"WebPage\",\"@id\":\"https:\\\/\\\/batijournal.com\\\/index.php\\\/btp-finales-nationales-des-worldskills\\\/106963\\\/\",\"url\":\"https:\\\/\\\/batijournal.com\\\/index.php\\\/btp-finales-nationales-des-worldskills\\\/106963\\\/\",\"name\":\"BTP : finales nationales des WorldSkills\",\"isPartOf\":{\"@id\":\"https:\\\/\\\/batijournal.com\\\/#website\"},\"primaryImageOfPage\":{\"@id\":\"https:\\\/\\\/batijournal.com\\\/index.php\\\/btp-finales-nationales-des-worldskills\\\/106963\\\/#primaryimage\"},\"image\":{\"@id\":\"https:\\\/\\\/batijournal.com\\\/index.php\\\/btp-finales-nationales-des-worldskills\\\/106963\\\/#primaryimage\"},\"thumbnailUrl\":\"https:\\\/\\\/batijournal.com\\\/wp-content\\\/uploads\\\/2022\\\/01\\\/Medailles-menuiserie-worldskills.jpg\",\"datePublished\":\"2022-01-21T11:53:04+00:00\",\"author\":{\"@id\":\"https:\\\/\\\/batijournal.com\\\/#\\\/schema\\\/person\\\/1dc96ec6957aa1ccb25ebe78bb19f100\"},\"breadcrumb\":{\"@id\":\"https:\\\/\\\/batijournal.com\\\/index.php\\\/btp-finales-nationales-des-worldskills\\\/106963\\\/#breadcrumb\"},\"inLanguage\":\"fr-FR\",\"potentialAction\":[{\"@type\":\"ReadAction\",\"target\":[\"https:\\\/\\\/batijournal.com\\\/index.php\\\/btp-finales-nationales-des-worldskills\\\/106963\\\/\"]}]},{\"@type\":\"ImageObject\",\"inLanguage\":\"fr-FR\",\"@id\":\"https:\\\/\\\/batijournal.com\\\/index.php\\\/btp-finales-nationales-des-worldskills\\\/106963\\\/#primaryimage\",\"url\":\"https:\\\/\\\/batijournal.com\\\/wp-content\\\/uploads\\\/2022\\\/01\\\/Medailles-menuiserie-worldskills.jpg\",\"contentUrl\":\"https:\\\/\\\/batijournal.com\\\/wp-content\\\/uploads\\\/2022\\\/01\\\/Medailles-menuiserie-worldskills.jpg\",\"width\":1200,\"height\":800,\"caption\":\"C\u00e9r\u00e9monies de cl\u00f4ture des finales nationales de la 46e comp\u00e9tition des Worldskills France, \u00e0 Eurexpo Lyon, le 15 janvier 2022.\"},{\"@type\":\"BreadcrumbList\",\"@id\":\"https:\\\/\\\/batijournal.com\\\/index.php\\\/btp-finales-nationales-des-worldskills\\\/106963\\\/#breadcrumb\",\"itemListElement\":[{\"@type\":\"ListItem\",\"position\":1,\"name\":\"Accueil\",\"item\":\"https:\\\/\\\/batijournal.com\\\/\"},{\"@type\":\"ListItem\",\"position\":2,\"name\":\"Actualit\u00e9s\",\"item\":\"https:\\\/\\\/batijournal.com\\\/index.php\\\/category\\\/actualites\\\/\"},{\"@type\":\"ListItem\",\"position\":3,\"name\":\"BTP : finales nationales des WorldSkills\"}]},{\"@type\":\"WebSite\",\"@id\":\"https:\\\/\\\/batijournal.com\\\/#website\",\"url\":\"https:\\\/\\\/batijournal.com\\\/\",\"name\":\"Batijournal\",\"description\":\"L&#039;actualit\u00e9 du b\u00e2timent\",\"potentialAction\":[{\"@type\":\"SearchAction\",\"target\":{\"@type\":\"EntryPoint\",\"urlTemplate\":\"https:\\\/\\\/batijournal.com\\\/?s={search_term_string}\"},\"query-input\":{\"@type\":\"PropertyValueSpecification\",\"valueRequired\":true,\"valueName\":\"search_term_string\"}}],\"inLanguage\":\"fr-FR\"},{\"@type\":\"Person\",\"@id\":\"https:\\\/\\\/batijournal.com\\\/#\\\/schema\\\/person\\\/1dc96ec6957aa1ccb25ebe78bb19f100\",\"name\":\"St\u00e9phane Miget\",\"image\":{\"@type\":\"ImageObject\",\"inLanguage\":\"fr-FR\",\"@id\":\"https:\\\/\\\/secure.gravatar.com\\\/avatar\\\/89915563d925342126b8ef0281b93d9d7fc337043e8df017f780908eb9644451?s=96&d=mm&r=g\",\"url\":\"https:\\\/\\\/secure.gravatar.com\\\/avatar\\\/89915563d925342126b8ef0281b93d9d7fc337043e8df017f780908eb9644451?s=96&d=mm&r=g\",\"contentUrl\":\"https:\\\/\\\/secure.gravatar.com\\\/avatar\\\/89915563d925342126b8ef0281b93d9d7fc337043e8df017f780908eb9644451?s=96&d=mm&r=g\",\"caption\":\"St\u00e9phane Miget\"},\"url\":\"https:\\\/\\\/batijournal.com\\\/index.php\\\/author\\\/stephane\\\/\"}]}<\/script>\n<!-- \/ Yoast SEO plugin. -->","yoast_head_json":{"title":"BTP : finales nationales des WorldSkills","robots":{"index":"index","follow":"follow","max-snippet":"max-snippet:-1","max-image-preview":"max-image-preview:large","max-video-preview":"max-video-preview:-1"},"canonical":"https:\/\/batijournal.com\/index.php\/btp-finales-nationales-des-worldskills\/106963\/","og_locale":"fr_FR","og_type":"article","og_title":"BTP : finales nationales des WorldSkills","og_description":"Le CCCA-BTP, partenaire de WorldSkills France, \u00e9tait pr\u00e9sent \u00e0 Lyon, du 13 au 15 janvier 2022, aux finales nationales de la 46e \u00e9dition de la Comp\u00e9tition WorldSkills, sous la banni\u00e8re de la campagne de communication \u00ab La Construction. Demain s\u2019invente avec nous \u00bb, organis\u00e9e par le CCCA-BTP, mobilis\u00e9 avec les professionnels de la construction, pour [&hellip;]","og_url":"https:\/\/batijournal.com\/index.php\/btp-finales-nationales-des-worldskills\/106963\/","og_site_name":"Batijournal","article_published_time":"2022-01-21T11:53:04+00:00","og_image":[{"width":1200,"height":800,"url":"https:\/\/batijournal.com\/wp-content\/uploads\/2022\/01\/Medailles-menuiserie-worldskills.jpg","type":"image\/jpeg"}],"author":"St\u00e9phane Miget","twitter_card":"summary_large_image","twitter_creator":"@bati_journal","twitter_site":"@bati_journal","twitter_misc":{"\u00c9crit par":"St\u00e9phane Miget","Dur\u00e9e de lecture estim\u00e9e":"5 minutes"},"schema":{"@context":"https:\/\/schema.org","@graph":[{"@type":"Article","@id":"https:\/\/batijournal.com\/index.php\/btp-finales-nationales-des-worldskills\/106963\/#article","isPartOf":{"@id":"https:\/\/batijournal.com\/index.php\/btp-finales-nationales-des-worldskills\/106963\/"},"author":{"name":"St\u00e9phane Miget","@id":"https:\/\/batijournal.com\/#\/schema\/person\/1dc96ec6957aa1ccb25ebe78bb19f100"},"headline":"BTP : finales nationales des WorldSkills","datePublished":"2022-01-21T11:53:04+00:00","mainEntityOfPage":{"@id":"https:\/\/batijournal.com\/index.php\/btp-finales-nationales-des-worldskills\/106963\/"},"wordCount":945,"image":{"@id":"https:\/\/batijournal.com\/index.php\/btp-finales-nationales-des-worldskills\/106963\/#primaryimage"},"thumbnailUrl":"https:\/\/batijournal.com\/wp-content\/uploads\/2022\/01\/Medailles-menuiserie-worldskills.jpg","keywords":["CCCA-BTP","worldskills"],"articleSection":["Actualit\u00e9s","Divers","zz_Actualit\u00e9s - Woodsurfer","zz_Woodsurfer"],"inLanguage":"fr-FR"},{"@type":"WebPage","@id":"https:\/\/batijournal.com\/index.php\/btp-finales-nationales-des-worldskills\/106963\/","url":"https:\/\/batijournal.com\/index.php\/btp-finales-nationales-des-worldskills\/106963\/","name":"BTP : finales nationales des WorldSkills","isPartOf":{"@id":"https:\/\/batijournal.com\/#website"},"primaryImageOfPage":{"@id":"https:\/\/batijournal.com\/index.php\/btp-finales-nationales-des-worldskills\/106963\/#primaryimage"},"image":{"@id":"https:\/\/batijournal.com\/index.php\/btp-finales-nationales-des-worldskills\/106963\/#primaryimage"},"thumbnailUrl":"https:\/\/batijournal.com\/wp-content\/uploads\/2022\/01\/Medailles-menuiserie-worldskills.jpg","datePublished":"2022-01-21T11:53:04+00:00","author":{"@id":"https:\/\/batijournal.com\/#\/schema\/person\/1dc96ec6957aa1ccb25ebe78bb19f100"},"breadcrumb":{"@id":"https:\/\/batijournal.com\/index.php\/btp-finales-nationales-des-worldskills\/106963\/#breadcrumb"},"inLanguage":"fr-FR","potentialAction":[{"@type":"ReadAction","target":["https:\/\/batijournal.com\/index.php\/btp-finales-nationales-des-worldskills\/106963\/"]}]},{"@type":"ImageObject","inLanguage":"fr-FR","@id":"https:\/\/batijournal.com\/index.php\/btp-finales-nationales-des-worldskills\/106963\/#primaryimage","url":"https:\/\/batijournal.com\/wp-content\/uploads\/2022\/01\/Medailles-menuiserie-worldskills.jpg","contentUrl":"https:\/\/batijournal.com\/wp-content\/uploads\/2022\/01\/Medailles-menuiserie-worldskills.jpg","width":1200,"height":800,"caption":"C\u00e9r\u00e9monies de cl\u00f4ture des finales nationales de la 46e comp\u00e9tition des Worldskills France, \u00e0 Eurexpo Lyon, le 15 janvier 2022."},{"@type":"BreadcrumbList","@id":"https:\/\/batijournal.com\/index.php\/btp-finales-nationales-des-worldskills\/106963\/#breadcrumb","itemListElement":[{"@type":"ListItem","position":1,"name":"Accueil","item":"https:\/\/batijournal.com\/"},{"@type":"ListItem","position":2,"name":"Actualit\u00e9s","item":"https:\/\/batijournal.com\/index.php\/category\/actualites\/"},{"@type":"ListItem","position":3,"name":"BTP : finales nationales des WorldSkills"}]},{"@type":"WebSite","@id":"https:\/\/batijournal.com\/#website","url":"https:\/\/batijournal.com\/","name":"Batijournal","description":"L&#039;actualit\u00e9 du b\u00e2timent","potentialAction":[{"@type":"SearchAction","target":{"@type":"EntryPoint","urlTemplate":"https:\/\/batijournal.com\/?s={search_term_string}"},"query-input":{"@type":"PropertyValueSpecification","valueRequired":true,"valueName":"search_term_string"}}],"inLanguage":"fr-FR"},{"@type":"Person","@id":"https:\/\/batijournal.com\/#\/schema\/person\/1dc96ec6957aa1ccb25ebe78bb19f100","name":"St\u00e9phane Miget","image":{"@type":"ImageObject","inLanguage":"fr-FR","@id":"https:\/\/secure.gravatar.com\/avatar\/89915563d925342126b8ef0281b93d9d7fc337043e8df017f780908eb9644451?s=96&d=mm&r=g","url":"https:\/\/secure.gravatar.com\/avatar\/89915563d925342126b8ef0281b93d9d7fc337043e8df017f780908eb9644451?s=96&d=mm&r=g","contentUrl":"https:\/\/secure.gravatar.com\/avatar\/89915563d925342126b8ef0281b93d9d7fc337043e8df017f780908eb9644451?s=96&d=mm&r=g","caption":"St\u00e9phane Miget"},"url":"https:\/\/batijournal.com\/index.php\/author\/stephane\/"}]}},"_links":{"self":[{"href":"https:\/\/batijournal.com\/index.php\/wp-json\/wp\/v2\/posts\/106963","targetHints":{"allow":["GET"]}}],"collection":[{"href":"https:\/\/batijournal.com\/index.php\/wp-json\/wp\/v2\/posts"}],"about":[{"href":"https:\/\/batijournal.com\/index.php\/wp-json\/wp\/v2\/types\/post"}],"author":[{"embeddable":true,"href":"https:\/\/batijournal.com\/index.php\/wp-json\/wp\/v2\/users\/17"}],"replies":[{"embeddable":true,"href":"https:\/\/batijournal.com\/index.php\/wp-json\/wp\/v2\/comments?post=106963"}],"version-history":[{"count":0,"href":"https:\/\/batijournal.com\/index.php\/wp-json\/wp\/v2\/posts\/106963\/revisions"}],"wp:featuredmedia":[{"embeddable":true,"href":"https:\/\/batijournal.com\/index.php\/wp-json\/wp\/v2\/media\/106964"}],"wp:attachment":[{"href":"https:\/\/batijournal.com\/index.php\/wp-json\/wp\/v2\/media?parent=106963"}],"wp:term":[{"taxonomy":"category","embeddable":true,"href":"https:\/\/batijournal.com\/index.php\/wp-json\/wp\/v2\/categories?post=106963"},{"taxonomy":"post_tag","embeddable":true,"href":"https:\/\/batijournal.com\/index.php\/wp-json\/wp\/v2\/tags?post=106963"}],"curies":[{"name":"wp","href":"https:\/\/api.w.org\/{rel}","templated":true}]}}