{"id":106966,"date":"2022-01-24T09:16:00","date_gmt":"2022-01-24T08:16:00","guid":{"rendered":"https:\/\/batijournal.com\/?p=106966"},"modified":"2022-01-24T09:16:00","modified_gmt":"2022-01-24T08:16:00","slug":"les-prix-de-la-10eme-edition-du-trophee-beton-ecoles","status":"publish","type":"post","link":"https:\/\/batijournal.com\/index.php\/les-prix-de-la-10eme-edition-du-trophee-beton-ecoles\/106966\/","title":{"rendered":"Les prix de la 10\u00e8me \u00e9dition du Troph\u00e9e b\u00e9ton \u00c9coles"},"content":{"rendered":"<p>Pour cette 10i\u00e8me \u00e9dition, ce concours s\u2019est d\u00e9clin\u00e9 en deux cat\u00e9gories. La premi\u00e8re, appel\u00e9e PFE (projet de fin d&rsquo;\u00e9tude), r\u00e9compense traditionnellement les jeunes dipl\u00f4m\u00e9s dont le projet de fin d\u2019\u00e9tude valorise les qualit\u00e9s esth\u00e9tiques, environnementales et techniques du b\u00e9ton. Et, pour la premi\u00e8re fois cette ann\u00e9e, la cat\u00e9gorie dite Studio s\u2019ouvre aux \u00e9tudiants en architecture de premier et second cycle qui sont invit\u00e9s \u00e0 r\u00e9interpr\u00e9ter une \u0153uvre architecturale majeure en b\u00e9ton, selon une expression graphique libre (dessin, peinture, collage, maquette). Parmi les 117 postulants inscrits, soit de mani\u00e8re individuelle, soit dans la cadre d\u2019\u00e9quipes int\u00e9grant des architectes et\/ou ing\u00e9nieurs, douze projets ont \u00e9t\u00e9 s\u00e9lectionn\u00e9s. Les candidats sont venus d\u00e9fendre leurs travaux devant un jury r\u00e9unissant des personnalit\u00e9s du monde de l\u2019architecture, de l\u2019ing\u00e9nierie et de l\u2019enseignement, le jeudi 13 janvier 2022, \u00e0 la maison de l\u2019architecture Ile-de-France. Ce \u00ab Grand oral \u00bb constituant pour ces jeunes \u00e9tudiants une premi\u00e8re approche de la r\u00e9alit\u00e9 du m\u00e9tier.<\/p>\n<p>\u00c0 l\u2019issue de la journ\u00e9e de d\u00e9lib\u00e9ration, le jury, sous la pr\u00e9sidence d\u2019Alexandre Grutter, Architecte, Directeur du D\u00e9partement Architecture, INSA Strasbourg \u2013 \u00c9cole d\u2019Architecture, a d\u00e9sign\u00e9 cinq laur\u00e9ats &#8211; trois dans la cat\u00e9gorie PFE et deux ex\u00e6quos dans la cat\u00e9gorie Studio &#8211; lors de la soir\u00e9e de remise des prix du Troph\u00e9e b\u00e9ton \u00c9coles. Outre leur Troph\u00e9e, les gagnants se sont vu remettre une gratification non n\u00e9gligeable de 5 000 euros pour le 1er prix PFE, 4 000 euros pour le 2\u00e8me, 3 000 euros pour le 3\u00e8me et 2 000 euros pour chaque laur\u00e9at de la cat\u00e9gorie Studio. Une mention a \u00e9t\u00e9 remise par l\u2019association AAIIA.<\/p>\n<p>1er prix PFE : Majoie Tsadok KPOVIESSI<br \/>\nUn activateur culturel pour le rayonnement d&rsquo;une capitale m\u00e9connue<br \/>\n\u00c9cole nationale sup\u00e9rieure d&rsquo;architecture de Strasbourg<\/p>\n<p>2\u00e8me prix PFE : Quentin RISALETTO<br \/>\nLes silos de Withington &#8211; Paysage \u00e9nerg\u00e9tique et po\u00e9tique de la mati\u00e8re<br \/>\n\u00c9cole nationale sup\u00e9rieure d&rsquo;architecture de Clermont-Ferrand<\/p>\n<p>3\u00e8me prix PFE : Guillaume PORCHE<br \/>\nL&rsquo;Historial de Vauquois et de sa R\u00e9gion &#8211; Un lieu de m\u00e9moire de la guerre des mines en Argonne de 1914 \u00e0 1918<br \/>\n\u00c9cole nationale sup\u00e9rieure d&rsquo;architecture de Strasbourg<\/p>\n<p>1er prix cat\u00e9gorie Studio ex\u00e6quo : Nicolas NUGUE<br \/>\nF\u00e9lix CANDELA &#8211; La fabrique de rhum Bacardi \u00e0 Mexico<br \/>\n\u00c9cole nationale sup\u00e9rieure d&rsquo;architecture de Versailles<\/p>\n<p>1er prix cat\u00e9gorie Studio ex\u00e6quo : Zaid CHAFAQI et Cl\u00e9ment CHAFAIE<br \/>\nLes fr\u00e8res Auguste et Gustave PERRET &#8211; L&rsquo;\u00e9glise du Raincy<br \/>\n\u00c9cole nationale sup\u00e9rieure d\u2019architecture de Marseille-Luminy<\/p>\n<p>Mention sp\u00e9ciale AAIIA : Loris BIED<br \/>\nUn centre social et culturel pour Beausoleil : La r\u00e9habilitation du Domaine Charlot<br \/>\n\u00c9cole nationale sup\u00e9rieure d&rsquo;architecture de Saint-\u00c9tienne<\/p>\n<p>Le Troph\u00e9e b\u00e9ton \u00c9coles organis\u00e9 depuis 2012 par l\u2019association B\u00e9tocib, le Centre d\u2019information sur le ciment et ses applications (CIMb\u00e9ton) et la Fondation \u00c9cole Fran\u00e7aise du b\u00e9ton, sous le patronage du minist\u00e8re de la Culture, a pour but de r\u00e9v\u00e9ler les jeunes talents des \u00e9coles d\u2019architecture fran\u00e7aises, de les parrainer et de leur offrir une visibilit\u00e9 \u00e0 l\u2019or\u00e9e de leur vie professionnelle. En 2021, un partenariat a \u00e9t\u00e9 cr\u00e9\u00e9 avec l\u2019Association Architecte Ing\u00e9nieur &amp; Ing\u00e9nieur Architecte (AAIIA), afin de mention les bin\u00f4mes ou les doubles dipl\u00f4mes architectes \u2013 ing\u00e9nieurs.<\/p>\n<p>Le jury a r\u00e9uni diff\u00e9rentes personnalit\u00e9s du monde de l\u2019architecture pour lesquelles qualit\u00e9s architecturales et qualit\u00e9s structurelles sont indissociables.<\/p>\n<p>Alexandre Grutter, Pr\u00e9sident du Jury, Architecte et Directeur du D\u00e9partement Architecture \u00e0 l\u2019INSA Strasbourg \u2013 \u00c9cole d\u2019Architecture.<br \/>\nSt\u00e9phanie Celle, Adjointe au Directeur de l\u2019enseignement sup\u00e9rieur et de la recherche en architecture au minist\u00e8re de la Culture.<br \/>\nThomas Corbasson, Administrateur de la Maison de l\u2019Architecture Ile-de-France<br \/>\nGilles Davoine, R\u00e9dacteur en chef de la revue AMC, groupe Moniteur<br \/>\nLaure Regnaud, Directrice de la Fondation \u00c9cole Fran\u00e7aise du B\u00e9ton<br \/>\nMarc Botineau, Architecte<br \/>\nPaul Chemetov, Architecte<br \/>\nAntoine Daudr\u00e9-Vignier, Architecte<br \/>\nJ\u00e9r\u00f4me Einbinder, Architecte<br \/>\nFran\u00e7oise N\u2019Th\u00e9p\u00e9, Architecte<br \/>\nGiovanni Pace, Architecte<br \/>\nPhilippe B\u00e9boux, Architecte epfl sia fas, ing\u00e9nieur ets et urbaniste fsu, Lausanne<br \/>\nAdrien Paporello, Ing\u00e9nieur-architecte, Repr\u00e9sentant de l&rsquo;association AAIIA<br \/>\nAlessandro Formisano Altarea, Ma\u00eetre d\u2019ouvrage, Cogedim<br \/>\nArthur Dalloni, Architecte, Laur\u00e9ats de la 9\u00e8me \u00e9dition du Troph\u00e9e b\u00e9ton \u00c9coles<\/p>\n<p>Coordination g\u00e9n\u00e9rale<br \/>\nClaire Barbou, Architecte et Secr\u00e9taire g\u00e9n\u00e9ral de B\u00e9tocib<\/p>\n<p>Visuel : 1er prix cat\u00e9gorie Studio ex\u00e6quo &#8211; Nicolas NUGUE<\/p>\n<p>&nbsp;<\/p>\n","protected":false},"excerpt":{"rendered":"<p>Pour cette 10i\u00e8me \u00e9dition, ce concours s\u2019est d\u00e9clin\u00e9 en deux cat\u00e9gories. La premi\u00e8re, appel\u00e9e PFE (projet de fin d&rsquo;\u00e9tude), r\u00e9compense traditionnellement les jeunes dipl\u00f4m\u00e9s dont le projet de fin d\u2019\u00e9tude valorise les qualit\u00e9s esth\u00e9tiques, environnementales et techniques du b\u00e9ton. Et, pour la premi\u00e8re fois cette ann\u00e9e, la cat\u00e9gorie dite Studio s\u2019ouvre aux \u00e9tudiants en architecture [&hellip;]<\/p>\n","protected":false},"author":17,"featured_media":106967,"comment_status":"closed","ping_status":"closed","sticky":false,"template":"","format":"standard","meta":{"_et_pb_use_builder":"","_et_pb_old_content":"","_et_gb_content_width":"","footnotes":""},"categories":[10530,6340,10771,10775],"tags":[1128],"class_list":["post-106966","post","type-post","status-publish","format-standard","has-post-thumbnail","hentry","category-actualites","category-architecture-conception","category-5facades","category-actualites-5facades","tag-beton"],"yoast_head":"<!-- This site is optimized with the Yoast SEO plugin v27.4 - https:\/\/yoast.com\/product\/yoast-seo-wordpress\/ -->\n<title>Les prix de la 10\u00e8me \u00e9dition du Troph\u00e9e b\u00e9ton \u00c9coles<\/title>\n<meta name=\"robots\" content=\"index, follow, max-snippet:-1, max-image-preview:large, max-video-preview:-1\" \/>\n<link rel=\"canonical\" href=\"https:\/\/batijournal.com\/index.php\/les-prix-de-la-10eme-edition-du-trophee-beton-ecoles\/106966\/\" \/>\n<meta property=\"og:locale\" content=\"fr_FR\" \/>\n<meta property=\"og:type\" content=\"article\" \/>\n<meta property=\"og:title\" content=\"Les prix de la 10\u00e8me \u00e9dition du Troph\u00e9e b\u00e9ton \u00c9coles\" \/>\n<meta property=\"og:description\" content=\"Pour cette 10i\u00e8me \u00e9dition, ce concours s\u2019est d\u00e9clin\u00e9 en deux cat\u00e9gories. La premi\u00e8re, appel\u00e9e PFE (projet de fin d&rsquo;\u00e9tude), r\u00e9compense traditionnellement les jeunes dipl\u00f4m\u00e9s dont le projet de fin d\u2019\u00e9tude valorise les qualit\u00e9s esth\u00e9tiques, environnementales et techniques du b\u00e9ton. Et, pour la premi\u00e8re fois cette ann\u00e9e, la cat\u00e9gorie dite Studio s\u2019ouvre aux \u00e9tudiants en architecture [&hellip;]\" \/>\n<meta property=\"og:url\" content=\"https:\/\/batijournal.com\/index.php\/les-prix-de-la-10eme-edition-du-trophee-beton-ecoles\/106966\/\" \/>\n<meta property=\"og:site_name\" content=\"Batijournal\" \/>\n<meta property=\"article:published_time\" content=\"2022-01-24T08:16:00+00:00\" \/>\n<meta property=\"og:image\" content=\"https:\/\/batijournal.com\/wp-content\/uploads\/2022\/01\/NICOLAS-NUGUE-FELIX-CANDELA-LA-FABRIQUE-DE-RHUM-BACARDI-A-MEXICO.jpg\" \/>\n\t<meta property=\"og:image:width\" content=\"609\" \/>\n\t<meta property=\"og:image:height\" content=\"272\" \/>\n\t<meta property=\"og:image:type\" content=\"image\/jpeg\" \/>\n<meta name=\"author\" content=\"St\u00e9phane Miget\" \/>\n<meta name=\"twitter:card\" content=\"summary_large_image\" \/>\n<meta name=\"twitter:creator\" content=\"@bati_journal\" \/>\n<meta name=\"twitter:site\" content=\"@bati_journal\" \/>\n<meta name=\"twitter:label1\" content=\"\u00c9crit par\" \/>\n\t<meta name=\"twitter:data1\" content=\"St\u00e9phane Miget\" \/>\n\t<meta name=\"twitter:label2\" content=\"Dur\u00e9e de lecture estim\u00e9e\" \/>\n\t<meta name=\"twitter:data2\" content=\"4 minutes\" \/>\n<script type=\"application\/ld+json\" class=\"yoast-schema-graph\">{\"@context\":\"https:\\\/\\\/schema.org\",\"@graph\":[{\"@type\":\"Article\",\"@id\":\"https:\\\/\\\/batijournal.com\\\/index.php\\\/les-prix-de-la-10eme-edition-du-trophee-beton-ecoles\\\/106966\\\/#article\",\"isPartOf\":{\"@id\":\"https:\\\/\\\/batijournal.com\\\/index.php\\\/les-prix-de-la-10eme-edition-du-trophee-beton-ecoles\\\/106966\\\/\"},\"author\":{\"name\":\"St\u00e9phane Miget\",\"@id\":\"https:\\\/\\\/batijournal.com\\\/#\\\/schema\\\/person\\\/1dc96ec6957aa1ccb25ebe78bb19f100\"},\"headline\":\"Les prix de la 10\u00e8me \u00e9dition du Troph\u00e9e b\u00e9ton \u00c9coles\",\"datePublished\":\"2022-01-24T08:16:00+00:00\",\"mainEntityOfPage\":{\"@id\":\"https:\\\/\\\/batijournal.com\\\/index.php\\\/les-prix-de-la-10eme-edition-du-trophee-beton-ecoles\\\/106966\\\/\"},\"wordCount\":801,\"image\":{\"@id\":\"https:\\\/\\\/batijournal.com\\\/index.php\\\/les-prix-de-la-10eme-edition-du-trophee-beton-ecoles\\\/106966\\\/#primaryimage\"},\"thumbnailUrl\":\"https:\\\/\\\/batijournal.com\\\/wp-content\\\/uploads\\\/2022\\\/01\\\/NICOLAS-NUGUE-FELIX-CANDELA-LA-FABRIQUE-DE-RHUM-BACARDI-A-MEXICO.jpg\",\"keywords\":[\"b\u00e9ton\"],\"articleSection\":[\"Actualit\u00e9s\",\"Architecture &amp; Conception\",\"zz_5fa\u00e7ades\",\"zz_Actualit\u00e9s - 5fa\u00e7ades\"],\"inLanguage\":\"fr-FR\"},{\"@type\":\"WebPage\",\"@id\":\"https:\\\/\\\/batijournal.com\\\/index.php\\\/les-prix-de-la-10eme-edition-du-trophee-beton-ecoles\\\/106966\\\/\",\"url\":\"https:\\\/\\\/batijournal.com\\\/index.php\\\/les-prix-de-la-10eme-edition-du-trophee-beton-ecoles\\\/106966\\\/\",\"name\":\"Les prix de la 10\u00e8me \u00e9dition du Troph\u00e9e b\u00e9ton \u00c9coles\",\"isPartOf\":{\"@id\":\"https:\\\/\\\/batijournal.com\\\/#website\"},\"primaryImageOfPage\":{\"@id\":\"https:\\\/\\\/batijournal.com\\\/index.php\\\/les-prix-de-la-10eme-edition-du-trophee-beton-ecoles\\\/106966\\\/#primaryimage\"},\"image\":{\"@id\":\"https:\\\/\\\/batijournal.com\\\/index.php\\\/les-prix-de-la-10eme-edition-du-trophee-beton-ecoles\\\/106966\\\/#primaryimage\"},\"thumbnailUrl\":\"https:\\\/\\\/batijournal.com\\\/wp-content\\\/uploads\\\/2022\\\/01\\\/NICOLAS-NUGUE-FELIX-CANDELA-LA-FABRIQUE-DE-RHUM-BACARDI-A-MEXICO.jpg\",\"datePublished\":\"2022-01-24T08:16:00+00:00\",\"author\":{\"@id\":\"https:\\\/\\\/batijournal.com\\\/#\\\/schema\\\/person\\\/1dc96ec6957aa1ccb25ebe78bb19f100\"},\"breadcrumb\":{\"@id\":\"https:\\\/\\\/batijournal.com\\\/index.php\\\/les-prix-de-la-10eme-edition-du-trophee-beton-ecoles\\\/106966\\\/#breadcrumb\"},\"inLanguage\":\"fr-FR\",\"potentialAction\":[{\"@type\":\"ReadAction\",\"target\":[\"https:\\\/\\\/batijournal.com\\\/index.php\\\/les-prix-de-la-10eme-edition-du-trophee-beton-ecoles\\\/106966\\\/\"]}]},{\"@type\":\"ImageObject\",\"inLanguage\":\"fr-FR\",\"@id\":\"https:\\\/\\\/batijournal.com\\\/index.php\\\/les-prix-de-la-10eme-edition-du-trophee-beton-ecoles\\\/106966\\\/#primaryimage\",\"url\":\"https:\\\/\\\/batijournal.com\\\/wp-content\\\/uploads\\\/2022\\\/01\\\/NICOLAS-NUGUE-FELIX-CANDELA-LA-FABRIQUE-DE-RHUM-BACARDI-A-MEXICO.jpg\",\"contentUrl\":\"https:\\\/\\\/batijournal.com\\\/wp-content\\\/uploads\\\/2022\\\/01\\\/NICOLAS-NUGUE-FELIX-CANDELA-LA-FABRIQUE-DE-RHUM-BACARDI-A-MEXICO.jpg\",\"width\":609,\"height\":272},{\"@type\":\"BreadcrumbList\",\"@id\":\"https:\\\/\\\/batijournal.com\\\/index.php\\\/les-prix-de-la-10eme-edition-du-trophee-beton-ecoles\\\/106966\\\/#breadcrumb\",\"itemListElement\":[{\"@type\":\"ListItem\",\"position\":1,\"name\":\"Accueil\",\"item\":\"https:\\\/\\\/batijournal.com\\\/\"},{\"@type\":\"ListItem\",\"position\":2,\"name\":\"Actualit\u00e9s\",\"item\":\"https:\\\/\\\/batijournal.com\\\/index.php\\\/category\\\/actualites\\\/\"},{\"@type\":\"ListItem\",\"position\":3,\"name\":\"Les prix de la 10\u00e8me \u00e9dition du Troph\u00e9e b\u00e9ton \u00c9coles\"}]},{\"@type\":\"WebSite\",\"@id\":\"https:\\\/\\\/batijournal.com\\\/#website\",\"url\":\"https:\\\/\\\/batijournal.com\\\/\",\"name\":\"Batijournal\",\"description\":\"L&#039;actualit\u00e9 du b\u00e2timent\",\"potentialAction\":[{\"@type\":\"SearchAction\",\"target\":{\"@type\":\"EntryPoint\",\"urlTemplate\":\"https:\\\/\\\/batijournal.com\\\/?s={search_term_string}\"},\"query-input\":{\"@type\":\"PropertyValueSpecification\",\"valueRequired\":true,\"valueName\":\"search_term_string\"}}],\"inLanguage\":\"fr-FR\"},{\"@type\":\"Person\",\"@id\":\"https:\\\/\\\/batijournal.com\\\/#\\\/schema\\\/person\\\/1dc96ec6957aa1ccb25ebe78bb19f100\",\"name\":\"St\u00e9phane Miget\",\"image\":{\"@type\":\"ImageObject\",\"inLanguage\":\"fr-FR\",\"@id\":\"https:\\\/\\\/secure.gravatar.com\\\/avatar\\\/89915563d925342126b8ef0281b93d9d7fc337043e8df017f780908eb9644451?s=96&d=mm&r=g\",\"url\":\"https:\\\/\\\/secure.gravatar.com\\\/avatar\\\/89915563d925342126b8ef0281b93d9d7fc337043e8df017f780908eb9644451?s=96&d=mm&r=g\",\"contentUrl\":\"https:\\\/\\\/secure.gravatar.com\\\/avatar\\\/89915563d925342126b8ef0281b93d9d7fc337043e8df017f780908eb9644451?s=96&d=mm&r=g\",\"caption\":\"St\u00e9phane Miget\"},\"url\":\"https:\\\/\\\/batijournal.com\\\/index.php\\\/author\\\/stephane\\\/\"}]}<\/script>\n<!-- \/ Yoast SEO plugin. -->","yoast_head_json":{"title":"Les prix de la 10\u00e8me \u00e9dition du Troph\u00e9e b\u00e9ton \u00c9coles","robots":{"index":"index","follow":"follow","max-snippet":"max-snippet:-1","max-image-preview":"max-image-preview:large","max-video-preview":"max-video-preview:-1"},"canonical":"https:\/\/batijournal.com\/index.php\/les-prix-de-la-10eme-edition-du-trophee-beton-ecoles\/106966\/","og_locale":"fr_FR","og_type":"article","og_title":"Les prix de la 10\u00e8me \u00e9dition du Troph\u00e9e b\u00e9ton \u00c9coles","og_description":"Pour cette 10i\u00e8me \u00e9dition, ce concours s\u2019est d\u00e9clin\u00e9 en deux cat\u00e9gories. La premi\u00e8re, appel\u00e9e PFE (projet de fin d&rsquo;\u00e9tude), r\u00e9compense traditionnellement les jeunes dipl\u00f4m\u00e9s dont le projet de fin d\u2019\u00e9tude valorise les qualit\u00e9s esth\u00e9tiques, environnementales et techniques du b\u00e9ton. Et, pour la premi\u00e8re fois cette ann\u00e9e, la cat\u00e9gorie dite Studio s\u2019ouvre aux \u00e9tudiants en architecture [&hellip;]","og_url":"https:\/\/batijournal.com\/index.php\/les-prix-de-la-10eme-edition-du-trophee-beton-ecoles\/106966\/","og_site_name":"Batijournal","article_published_time":"2022-01-24T08:16:00+00:00","og_image":[{"width":609,"height":272,"url":"https:\/\/batijournal.com\/wp-content\/uploads\/2022\/01\/NICOLAS-NUGUE-FELIX-CANDELA-LA-FABRIQUE-DE-RHUM-BACARDI-A-MEXICO.jpg","type":"image\/jpeg"}],"author":"St\u00e9phane Miget","twitter_card":"summary_large_image","twitter_creator":"@bati_journal","twitter_site":"@bati_journal","twitter_misc":{"\u00c9crit par":"St\u00e9phane Miget","Dur\u00e9e de lecture estim\u00e9e":"4 minutes"},"schema":{"@context":"https:\/\/schema.org","@graph":[{"@type":"Article","@id":"https:\/\/batijournal.com\/index.php\/les-prix-de-la-10eme-edition-du-trophee-beton-ecoles\/106966\/#article","isPartOf":{"@id":"https:\/\/batijournal.com\/index.php\/les-prix-de-la-10eme-edition-du-trophee-beton-ecoles\/106966\/"},"author":{"name":"St\u00e9phane Miget","@id":"https:\/\/batijournal.com\/#\/schema\/person\/1dc96ec6957aa1ccb25ebe78bb19f100"},"headline":"Les prix de la 10\u00e8me \u00e9dition du Troph\u00e9e b\u00e9ton \u00c9coles","datePublished":"2022-01-24T08:16:00+00:00","mainEntityOfPage":{"@id":"https:\/\/batijournal.com\/index.php\/les-prix-de-la-10eme-edition-du-trophee-beton-ecoles\/106966\/"},"wordCount":801,"image":{"@id":"https:\/\/batijournal.com\/index.php\/les-prix-de-la-10eme-edition-du-trophee-beton-ecoles\/106966\/#primaryimage"},"thumbnailUrl":"https:\/\/batijournal.com\/wp-content\/uploads\/2022\/01\/NICOLAS-NUGUE-FELIX-CANDELA-LA-FABRIQUE-DE-RHUM-BACARDI-A-MEXICO.jpg","keywords":["b\u00e9ton"],"articleSection":["Actualit\u00e9s","Architecture &amp; Conception","zz_5fa\u00e7ades","zz_Actualit\u00e9s - 5fa\u00e7ades"],"inLanguage":"fr-FR"},{"@type":"WebPage","@id":"https:\/\/batijournal.com\/index.php\/les-prix-de-la-10eme-edition-du-trophee-beton-ecoles\/106966\/","url":"https:\/\/batijournal.com\/index.php\/les-prix-de-la-10eme-edition-du-trophee-beton-ecoles\/106966\/","name":"Les prix de la 10\u00e8me \u00e9dition du Troph\u00e9e b\u00e9ton \u00c9coles","isPartOf":{"@id":"https:\/\/batijournal.com\/#website"},"primaryImageOfPage":{"@id":"https:\/\/batijournal.com\/index.php\/les-prix-de-la-10eme-edition-du-trophee-beton-ecoles\/106966\/#primaryimage"},"image":{"@id":"https:\/\/batijournal.com\/index.php\/les-prix-de-la-10eme-edition-du-trophee-beton-ecoles\/106966\/#primaryimage"},"thumbnailUrl":"https:\/\/batijournal.com\/wp-content\/uploads\/2022\/01\/NICOLAS-NUGUE-FELIX-CANDELA-LA-FABRIQUE-DE-RHUM-BACARDI-A-MEXICO.jpg","datePublished":"2022-01-24T08:16:00+00:00","author":{"@id":"https:\/\/batijournal.com\/#\/schema\/person\/1dc96ec6957aa1ccb25ebe78bb19f100"},"breadcrumb":{"@id":"https:\/\/batijournal.com\/index.php\/les-prix-de-la-10eme-edition-du-trophee-beton-ecoles\/106966\/#breadcrumb"},"inLanguage":"fr-FR","potentialAction":[{"@type":"ReadAction","target":["https:\/\/batijournal.com\/index.php\/les-prix-de-la-10eme-edition-du-trophee-beton-ecoles\/106966\/"]}]},{"@type":"ImageObject","inLanguage":"fr-FR","@id":"https:\/\/batijournal.com\/index.php\/les-prix-de-la-10eme-edition-du-trophee-beton-ecoles\/106966\/#primaryimage","url":"https:\/\/batijournal.com\/wp-content\/uploads\/2022\/01\/NICOLAS-NUGUE-FELIX-CANDELA-LA-FABRIQUE-DE-RHUM-BACARDI-A-MEXICO.jpg","contentUrl":"https:\/\/batijournal.com\/wp-content\/uploads\/2022\/01\/NICOLAS-NUGUE-FELIX-CANDELA-LA-FABRIQUE-DE-RHUM-BACARDI-A-MEXICO.jpg","width":609,"height":272},{"@type":"BreadcrumbList","@id":"https:\/\/batijournal.com\/index.php\/les-prix-de-la-10eme-edition-du-trophee-beton-ecoles\/106966\/#breadcrumb","itemListElement":[{"@type":"ListItem","position":1,"name":"Accueil","item":"https:\/\/batijournal.com\/"},{"@type":"ListItem","position":2,"name":"Actualit\u00e9s","item":"https:\/\/batijournal.com\/index.php\/category\/actualites\/"},{"@type":"ListItem","position":3,"name":"Les prix de la 10\u00e8me \u00e9dition du Troph\u00e9e b\u00e9ton \u00c9coles"}]},{"@type":"WebSite","@id":"https:\/\/batijournal.com\/#website","url":"https:\/\/batijournal.com\/","name":"Batijournal","description":"L&#039;actualit\u00e9 du b\u00e2timent","potentialAction":[{"@type":"SearchAction","target":{"@type":"EntryPoint","urlTemplate":"https:\/\/batijournal.com\/?s={search_term_string}"},"query-input":{"@type":"PropertyValueSpecification","valueRequired":true,"valueName":"search_term_string"}}],"inLanguage":"fr-FR"},{"@type":"Person","@id":"https:\/\/batijournal.com\/#\/schema\/person\/1dc96ec6957aa1ccb25ebe78bb19f100","name":"St\u00e9phane Miget","image":{"@type":"ImageObject","inLanguage":"fr-FR","@id":"https:\/\/secure.gravatar.com\/avatar\/89915563d925342126b8ef0281b93d9d7fc337043e8df017f780908eb9644451?s=96&d=mm&r=g","url":"https:\/\/secure.gravatar.com\/avatar\/89915563d925342126b8ef0281b93d9d7fc337043e8df017f780908eb9644451?s=96&d=mm&r=g","contentUrl":"https:\/\/secure.gravatar.com\/avatar\/89915563d925342126b8ef0281b93d9d7fc337043e8df017f780908eb9644451?s=96&d=mm&r=g","caption":"St\u00e9phane Miget"},"url":"https:\/\/batijournal.com\/index.php\/author\/stephane\/"}]}},"_links":{"self":[{"href":"https:\/\/batijournal.com\/index.php\/wp-json\/wp\/v2\/posts\/106966","targetHints":{"allow":["GET"]}}],"collection":[{"href":"https:\/\/batijournal.com\/index.php\/wp-json\/wp\/v2\/posts"}],"about":[{"href":"https:\/\/batijournal.com\/index.php\/wp-json\/wp\/v2\/types\/post"}],"author":[{"embeddable":true,"href":"https:\/\/batijournal.com\/index.php\/wp-json\/wp\/v2\/users\/17"}],"replies":[{"embeddable":true,"href":"https:\/\/batijournal.com\/index.php\/wp-json\/wp\/v2\/comments?post=106966"}],"version-history":[{"count":0,"href":"https:\/\/batijournal.com\/index.php\/wp-json\/wp\/v2\/posts\/106966\/revisions"}],"wp:featuredmedia":[{"embeddable":true,"href":"https:\/\/batijournal.com\/index.php\/wp-json\/wp\/v2\/media\/106967"}],"wp:attachment":[{"href":"https:\/\/batijournal.com\/index.php\/wp-json\/wp\/v2\/media?parent=106966"}],"wp:term":[{"taxonomy":"category","embeddable":true,"href":"https:\/\/batijournal.com\/index.php\/wp-json\/wp\/v2\/categories?post=106966"},{"taxonomy":"post_tag","embeddable":true,"href":"https:\/\/batijournal.com\/index.php\/wp-json\/wp\/v2\/tags?post=106966"}],"curies":[{"name":"wp","href":"https:\/\/api.w.org\/{rel}","templated":true}]}}