{"id":106987,"date":"2022-01-31T10:09:45","date_gmt":"2022-01-31T09:09:45","guid":{"rendered":"https:\/\/batijournal.com\/?p=106987"},"modified":"2022-01-31T10:09:45","modified_gmt":"2022-01-31T09:09:45","slug":"des-primaires-de-lapprentissage","status":"publish","type":"post","link":"https:\/\/batijournal.com\/index.php\/des-primaires-de-lapprentissage\/106987\/","title":{"rendered":"Des primaires de l\u2019apprentissage"},"content":{"rendered":"<p>Dans la perspective de l&rsquo;\u00e9lection pr\u00e9sidentielle, la F\u00e9d\u00e9ration nationale des directeurs de CFA (Fnadir) a lanc\u00e9 une consultation aupr\u00e8s des acteurs de l&rsquo;apprentissage dont l&rsquo;objectif est de faire \u00e9merger des propositions et interroger les candidats sur leur vision de l&rsquo;apprentissage pour les cinq ans \u00e0 venir. Pr\u00e9alablement, la FNADIR a men\u00e9 une consultation de ses adh\u00e9rents. Plus de 200 directrices et directeurs de CFA se sont positionn\u00e9s sur 4 grands enjeux pour l\u2019avenir de l\u2019apprentissage : cr\u00e9er un secr\u00e9tariat d\u2019\u00c9tat \u00e0 l\u2019orientation, assurer un financement p\u00e9renne de l\u2019apprentissage, qui concourt aux objectifs \u00e9ducatifs de la nation, en le consid\u00e9rant comme un investissement d\u00e9volu par l\u2019\u00c9tat aux CFA, aux entreprises formatrices et aux MA, maintenir durablement les aides actuelles aux entreprises et prescrire l\u2019apprentissage comme une voie choisie par les candidats \u00e0 l\u2019apprentissage.<\/p>\n<p>Acc\u00e8s \u00e0 la consultation<br \/>\n<a href=\"https:\/\/primaires-apprentissage.fr\/lenquete\/\">https:\/\/primaires-apprentissage.fr\/lenquete\/<\/a><\/p>\n<p>&nbsp;<\/p>\n<p>&nbsp;<\/p>\n","protected":false},"excerpt":{"rendered":"<p>Dans la perspective de l&rsquo;\u00e9lection pr\u00e9sidentielle, la F\u00e9d\u00e9ration nationale des directeurs de CFA (Fnadir) a lanc\u00e9 une consultation aupr\u00e8s des acteurs de l&rsquo;apprentissage dont l&rsquo;objectif est de faire \u00e9merger des propositions et interroger les candidats sur leur vision de l&rsquo;apprentissage pour les cinq ans \u00e0 venir. Pr\u00e9alablement, la FNADIR a men\u00e9 une consultation de ses [&hellip;]<\/p>\n","protected":false},"author":17,"featured_media":106986,"comment_status":"closed","ping_status":"closed","sticky":false,"template":"","format":"standard","meta":{"_et_pb_use_builder":"","_et_pb_old_content":"","_et_gb_content_width":"","footnotes":""},"categories":[10530,6362],"tags":[12896],"class_list":["post-106987","post","type-post","status-publish","format-standard","has-post-thumbnail","hentry","category-actualites","category-services-equipements","tag-apprentissage"],"yoast_head":"<!-- This site is optimized with the Yoast SEO plugin v27.4 - https:\/\/yoast.com\/product\/yoast-seo-wordpress\/ -->\n<title>Des primaires de l\u2019apprentissage<\/title>\n<meta name=\"robots\" content=\"index, follow, max-snippet:-1, max-image-preview:large, max-video-preview:-1\" \/>\n<link rel=\"canonical\" href=\"https:\/\/batijournal.com\/index.php\/des-primaires-de-lapprentissage\/106987\/\" \/>\n<meta property=\"og:locale\" content=\"fr_FR\" \/>\n<meta property=\"og:type\" content=\"article\" \/>\n<meta property=\"og:title\" content=\"Des primaires de l\u2019apprentissage\" \/>\n<meta property=\"og:description\" content=\"Dans la perspective de l&rsquo;\u00e9lection pr\u00e9sidentielle, la F\u00e9d\u00e9ration nationale des directeurs de CFA (Fnadir) a lanc\u00e9 une consultation aupr\u00e8s des acteurs de l&rsquo;apprentissage dont l&rsquo;objectif est de faire \u00e9merger des propositions et interroger les candidats sur leur vision de l&rsquo;apprentissage pour les cinq ans \u00e0 venir. Pr\u00e9alablement, la FNADIR a men\u00e9 une consultation de ses [&hellip;]\" \/>\n<meta property=\"og:url\" content=\"https:\/\/batijournal.com\/index.php\/des-primaires-de-lapprentissage\/106987\/\" \/>\n<meta property=\"og:site_name\" content=\"Batijournal\" \/>\n<meta property=\"article:published_time\" content=\"2022-01-31T09:09:45+00:00\" \/>\n<meta property=\"og:image\" content=\"https:\/\/batijournal.com\/wp-content\/uploads\/2022\/01\/FNADIR-primaires-apprentissage.png\" \/>\n\t<meta property=\"og:image:width\" content=\"1168\" \/>\n\t<meta property=\"og:image:height\" content=\"554\" \/>\n\t<meta property=\"og:image:type\" content=\"image\/png\" \/>\n<meta name=\"author\" content=\"St\u00e9phane Miget\" \/>\n<meta name=\"twitter:card\" content=\"summary_large_image\" \/>\n<meta name=\"twitter:creator\" content=\"@bati_journal\" \/>\n<meta name=\"twitter:site\" content=\"@bati_journal\" \/>\n<meta name=\"twitter:label1\" content=\"\u00c9crit par\" \/>\n\t<meta name=\"twitter:data1\" content=\"St\u00e9phane Miget\" \/>\n\t<meta name=\"twitter:label2\" content=\"Dur\u00e9e de lecture estim\u00e9e\" \/>\n\t<meta name=\"twitter:data2\" content=\"1 minute\" \/>\n<script type=\"application\/ld+json\" class=\"yoast-schema-graph\">{\"@context\":\"https:\\\/\\\/schema.org\",\"@graph\":[{\"@type\":\"Article\",\"@id\":\"https:\\\/\\\/batijournal.com\\\/index.php\\\/des-primaires-de-lapprentissage\\\/106987\\\/#article\",\"isPartOf\":{\"@id\":\"https:\\\/\\\/batijournal.com\\\/index.php\\\/des-primaires-de-lapprentissage\\\/106987\\\/\"},\"author\":{\"name\":\"St\u00e9phane Miget\",\"@id\":\"https:\\\/\\\/batijournal.com\\\/#\\\/schema\\\/person\\\/1dc96ec6957aa1ccb25ebe78bb19f100\"},\"headline\":\"Des primaires de l\u2019apprentissage\",\"datePublished\":\"2022-01-31T09:09:45+00:00\",\"mainEntityOfPage\":{\"@id\":\"https:\\\/\\\/batijournal.com\\\/index.php\\\/des-primaires-de-lapprentissage\\\/106987\\\/\"},\"wordCount\":165,\"image\":{\"@id\":\"https:\\\/\\\/batijournal.com\\\/index.php\\\/des-primaires-de-lapprentissage\\\/106987\\\/#primaryimage\"},\"thumbnailUrl\":\"https:\\\/\\\/batijournal.com\\\/wp-content\\\/uploads\\\/2022\\\/01\\\/FNADIR-primaires-apprentissage.png\",\"keywords\":[\"apprentissage\"],\"articleSection\":[\"Actualit\u00e9s\",\"Divers\"],\"inLanguage\":\"fr-FR\"},{\"@type\":\"WebPage\",\"@id\":\"https:\\\/\\\/batijournal.com\\\/index.php\\\/des-primaires-de-lapprentissage\\\/106987\\\/\",\"url\":\"https:\\\/\\\/batijournal.com\\\/index.php\\\/des-primaires-de-lapprentissage\\\/106987\\\/\",\"name\":\"Des primaires de l\u2019apprentissage\",\"isPartOf\":{\"@id\":\"https:\\\/\\\/batijournal.com\\\/#website\"},\"primaryImageOfPage\":{\"@id\":\"https:\\\/\\\/batijournal.com\\\/index.php\\\/des-primaires-de-lapprentissage\\\/106987\\\/#primaryimage\"},\"image\":{\"@id\":\"https:\\\/\\\/batijournal.com\\\/index.php\\\/des-primaires-de-lapprentissage\\\/106987\\\/#primaryimage\"},\"thumbnailUrl\":\"https:\\\/\\\/batijournal.com\\\/wp-content\\\/uploads\\\/2022\\\/01\\\/FNADIR-primaires-apprentissage.png\",\"datePublished\":\"2022-01-31T09:09:45+00:00\",\"author\":{\"@id\":\"https:\\\/\\\/batijournal.com\\\/#\\\/schema\\\/person\\\/1dc96ec6957aa1ccb25ebe78bb19f100\"},\"breadcrumb\":{\"@id\":\"https:\\\/\\\/batijournal.com\\\/index.php\\\/des-primaires-de-lapprentissage\\\/106987\\\/#breadcrumb\"},\"inLanguage\":\"fr-FR\",\"potentialAction\":[{\"@type\":\"ReadAction\",\"target\":[\"https:\\\/\\\/batijournal.com\\\/index.php\\\/des-primaires-de-lapprentissage\\\/106987\\\/\"]}]},{\"@type\":\"ImageObject\",\"inLanguage\":\"fr-FR\",\"@id\":\"https:\\\/\\\/batijournal.com\\\/index.php\\\/des-primaires-de-lapprentissage\\\/106987\\\/#primaryimage\",\"url\":\"https:\\\/\\\/batijournal.com\\\/wp-content\\\/uploads\\\/2022\\\/01\\\/FNADIR-primaires-apprentissage.png\",\"contentUrl\":\"https:\\\/\\\/batijournal.com\\\/wp-content\\\/uploads\\\/2022\\\/01\\\/FNADIR-primaires-apprentissage.png\",\"width\":1168,\"height\":554},{\"@type\":\"BreadcrumbList\",\"@id\":\"https:\\\/\\\/batijournal.com\\\/index.php\\\/des-primaires-de-lapprentissage\\\/106987\\\/#breadcrumb\",\"itemListElement\":[{\"@type\":\"ListItem\",\"position\":1,\"name\":\"Accueil\",\"item\":\"https:\\\/\\\/batijournal.com\\\/\"},{\"@type\":\"ListItem\",\"position\":2,\"name\":\"Actualit\u00e9s\",\"item\":\"https:\\\/\\\/batijournal.com\\\/index.php\\\/category\\\/actualites\\\/\"},{\"@type\":\"ListItem\",\"position\":3,\"name\":\"Des primaires de l\u2019apprentissage\"}]},{\"@type\":\"WebSite\",\"@id\":\"https:\\\/\\\/batijournal.com\\\/#website\",\"url\":\"https:\\\/\\\/batijournal.com\\\/\",\"name\":\"Batijournal\",\"description\":\"L&#039;actualit\u00e9 du b\u00e2timent\",\"potentialAction\":[{\"@type\":\"SearchAction\",\"target\":{\"@type\":\"EntryPoint\",\"urlTemplate\":\"https:\\\/\\\/batijournal.com\\\/?s={search_term_string}\"},\"query-input\":{\"@type\":\"PropertyValueSpecification\",\"valueRequired\":true,\"valueName\":\"search_term_string\"}}],\"inLanguage\":\"fr-FR\"},{\"@type\":\"Person\",\"@id\":\"https:\\\/\\\/batijournal.com\\\/#\\\/schema\\\/person\\\/1dc96ec6957aa1ccb25ebe78bb19f100\",\"name\":\"St\u00e9phane Miget\",\"image\":{\"@type\":\"ImageObject\",\"inLanguage\":\"fr-FR\",\"@id\":\"https:\\\/\\\/secure.gravatar.com\\\/avatar\\\/89915563d925342126b8ef0281b93d9d7fc337043e8df017f780908eb9644451?s=96&d=mm&r=g\",\"url\":\"https:\\\/\\\/secure.gravatar.com\\\/avatar\\\/89915563d925342126b8ef0281b93d9d7fc337043e8df017f780908eb9644451?s=96&d=mm&r=g\",\"contentUrl\":\"https:\\\/\\\/secure.gravatar.com\\\/avatar\\\/89915563d925342126b8ef0281b93d9d7fc337043e8df017f780908eb9644451?s=96&d=mm&r=g\",\"caption\":\"St\u00e9phane Miget\"},\"url\":\"https:\\\/\\\/batijournal.com\\\/index.php\\\/author\\\/stephane\\\/\"}]}<\/script>\n<!-- \/ Yoast SEO plugin. -->","yoast_head_json":{"title":"Des primaires de l\u2019apprentissage","robots":{"index":"index","follow":"follow","max-snippet":"max-snippet:-1","max-image-preview":"max-image-preview:large","max-video-preview":"max-video-preview:-1"},"canonical":"https:\/\/batijournal.com\/index.php\/des-primaires-de-lapprentissage\/106987\/","og_locale":"fr_FR","og_type":"article","og_title":"Des primaires de l\u2019apprentissage","og_description":"Dans la perspective de l&rsquo;\u00e9lection pr\u00e9sidentielle, la F\u00e9d\u00e9ration nationale des directeurs de CFA (Fnadir) a lanc\u00e9 une consultation aupr\u00e8s des acteurs de l&rsquo;apprentissage dont l&rsquo;objectif est de faire \u00e9merger des propositions et interroger les candidats sur leur vision de l&rsquo;apprentissage pour les cinq ans \u00e0 venir. Pr\u00e9alablement, la FNADIR a men\u00e9 une consultation de ses [&hellip;]","og_url":"https:\/\/batijournal.com\/index.php\/des-primaires-de-lapprentissage\/106987\/","og_site_name":"Batijournal","article_published_time":"2022-01-31T09:09:45+00:00","og_image":[{"width":1168,"height":554,"url":"https:\/\/batijournal.com\/wp-content\/uploads\/2022\/01\/FNADIR-primaires-apprentissage.png","type":"image\/png"}],"author":"St\u00e9phane Miget","twitter_card":"summary_large_image","twitter_creator":"@bati_journal","twitter_site":"@bati_journal","twitter_misc":{"\u00c9crit par":"St\u00e9phane Miget","Dur\u00e9e de lecture estim\u00e9e":"1 minute"},"schema":{"@context":"https:\/\/schema.org","@graph":[{"@type":"Article","@id":"https:\/\/batijournal.com\/index.php\/des-primaires-de-lapprentissage\/106987\/#article","isPartOf":{"@id":"https:\/\/batijournal.com\/index.php\/des-primaires-de-lapprentissage\/106987\/"},"author":{"name":"St\u00e9phane Miget","@id":"https:\/\/batijournal.com\/#\/schema\/person\/1dc96ec6957aa1ccb25ebe78bb19f100"},"headline":"Des primaires de l\u2019apprentissage","datePublished":"2022-01-31T09:09:45+00:00","mainEntityOfPage":{"@id":"https:\/\/batijournal.com\/index.php\/des-primaires-de-lapprentissage\/106987\/"},"wordCount":165,"image":{"@id":"https:\/\/batijournal.com\/index.php\/des-primaires-de-lapprentissage\/106987\/#primaryimage"},"thumbnailUrl":"https:\/\/batijournal.com\/wp-content\/uploads\/2022\/01\/FNADIR-primaires-apprentissage.png","keywords":["apprentissage"],"articleSection":["Actualit\u00e9s","Divers"],"inLanguage":"fr-FR"},{"@type":"WebPage","@id":"https:\/\/batijournal.com\/index.php\/des-primaires-de-lapprentissage\/106987\/","url":"https:\/\/batijournal.com\/index.php\/des-primaires-de-lapprentissage\/106987\/","name":"Des primaires de l\u2019apprentissage","isPartOf":{"@id":"https:\/\/batijournal.com\/#website"},"primaryImageOfPage":{"@id":"https:\/\/batijournal.com\/index.php\/des-primaires-de-lapprentissage\/106987\/#primaryimage"},"image":{"@id":"https:\/\/batijournal.com\/index.php\/des-primaires-de-lapprentissage\/106987\/#primaryimage"},"thumbnailUrl":"https:\/\/batijournal.com\/wp-content\/uploads\/2022\/01\/FNADIR-primaires-apprentissage.png","datePublished":"2022-01-31T09:09:45+00:00","author":{"@id":"https:\/\/batijournal.com\/#\/schema\/person\/1dc96ec6957aa1ccb25ebe78bb19f100"},"breadcrumb":{"@id":"https:\/\/batijournal.com\/index.php\/des-primaires-de-lapprentissage\/106987\/#breadcrumb"},"inLanguage":"fr-FR","potentialAction":[{"@type":"ReadAction","target":["https:\/\/batijournal.com\/index.php\/des-primaires-de-lapprentissage\/106987\/"]}]},{"@type":"ImageObject","inLanguage":"fr-FR","@id":"https:\/\/batijournal.com\/index.php\/des-primaires-de-lapprentissage\/106987\/#primaryimage","url":"https:\/\/batijournal.com\/wp-content\/uploads\/2022\/01\/FNADIR-primaires-apprentissage.png","contentUrl":"https:\/\/batijournal.com\/wp-content\/uploads\/2022\/01\/FNADIR-primaires-apprentissage.png","width":1168,"height":554},{"@type":"BreadcrumbList","@id":"https:\/\/batijournal.com\/index.php\/des-primaires-de-lapprentissage\/106987\/#breadcrumb","itemListElement":[{"@type":"ListItem","position":1,"name":"Accueil","item":"https:\/\/batijournal.com\/"},{"@type":"ListItem","position":2,"name":"Actualit\u00e9s","item":"https:\/\/batijournal.com\/index.php\/category\/actualites\/"},{"@type":"ListItem","position":3,"name":"Des primaires de l\u2019apprentissage"}]},{"@type":"WebSite","@id":"https:\/\/batijournal.com\/#website","url":"https:\/\/batijournal.com\/","name":"Batijournal","description":"L&#039;actualit\u00e9 du b\u00e2timent","potentialAction":[{"@type":"SearchAction","target":{"@type":"EntryPoint","urlTemplate":"https:\/\/batijournal.com\/?s={search_term_string}"},"query-input":{"@type":"PropertyValueSpecification","valueRequired":true,"valueName":"search_term_string"}}],"inLanguage":"fr-FR"},{"@type":"Person","@id":"https:\/\/batijournal.com\/#\/schema\/person\/1dc96ec6957aa1ccb25ebe78bb19f100","name":"St\u00e9phane Miget","image":{"@type":"ImageObject","inLanguage":"fr-FR","@id":"https:\/\/secure.gravatar.com\/avatar\/89915563d925342126b8ef0281b93d9d7fc337043e8df017f780908eb9644451?s=96&d=mm&r=g","url":"https:\/\/secure.gravatar.com\/avatar\/89915563d925342126b8ef0281b93d9d7fc337043e8df017f780908eb9644451?s=96&d=mm&r=g","contentUrl":"https:\/\/secure.gravatar.com\/avatar\/89915563d925342126b8ef0281b93d9d7fc337043e8df017f780908eb9644451?s=96&d=mm&r=g","caption":"St\u00e9phane Miget"},"url":"https:\/\/batijournal.com\/index.php\/author\/stephane\/"}]}},"_links":{"self":[{"href":"https:\/\/batijournal.com\/index.php\/wp-json\/wp\/v2\/posts\/106987","targetHints":{"allow":["GET"]}}],"collection":[{"href":"https:\/\/batijournal.com\/index.php\/wp-json\/wp\/v2\/posts"}],"about":[{"href":"https:\/\/batijournal.com\/index.php\/wp-json\/wp\/v2\/types\/post"}],"author":[{"embeddable":true,"href":"https:\/\/batijournal.com\/index.php\/wp-json\/wp\/v2\/users\/17"}],"replies":[{"embeddable":true,"href":"https:\/\/batijournal.com\/index.php\/wp-json\/wp\/v2\/comments?post=106987"}],"version-history":[{"count":0,"href":"https:\/\/batijournal.com\/index.php\/wp-json\/wp\/v2\/posts\/106987\/revisions"}],"wp:featuredmedia":[{"embeddable":true,"href":"https:\/\/batijournal.com\/index.php\/wp-json\/wp\/v2\/media\/106986"}],"wp:attachment":[{"href":"https:\/\/batijournal.com\/index.php\/wp-json\/wp\/v2\/media?parent=106987"}],"wp:term":[{"taxonomy":"category","embeddable":true,"href":"https:\/\/batijournal.com\/index.php\/wp-json\/wp\/v2\/categories?post=106987"},{"taxonomy":"post_tag","embeddable":true,"href":"https:\/\/batijournal.com\/index.php\/wp-json\/wp\/v2\/tags?post=106987"}],"curies":[{"name":"wp","href":"https:\/\/api.w.org\/{rel}","templated":true}]}}