{"id":106992,"date":"2022-02-03T11:05:58","date_gmt":"2022-02-03T10:05:58","guid":{"rendered":"https:\/\/batijournal.com\/?p=106992"},"modified":"2022-02-03T11:05:58","modified_gmt":"2022-02-03T10:05:58","slug":"ouverture-des-inscriptions-pour-les-journees-du-patrimoine-de-pays-et-des-moulins","status":"publish","type":"post","link":"https:\/\/batijournal.com\/index.php\/ouverture-des-inscriptions-pour-les-journees-du-patrimoine-de-pays-et-des-moulins\/106992\/","title":{"rendered":"Ouverture des inscriptions pour les Journ\u00e9es du Patrimoine de Pays et des Moulins"},"content":{"rendered":"<p>Les Journ\u00e9es du Patrimoine de Pays et des Moulins reviennent les 25 et 26 juin 2022 avec le th\u00e8me \u00catre et rena\u00eetre. Cette ann\u00e9e, l\u2019accent sera mis sur le b\u00e2ti ancien r\u00e9habilit\u00e9, restaur\u00e9 et r\u00e9employ\u00e9, mais aussi le recyclage, la revalorisation de ses apparats et mat\u00e9riaux, et le renouveau de certains savoir-faire. Au XXIe si\u00e8cle, le patrimoine, en plus d\u2019une valeur intrins\u00e8que historique, prend une valeur \u00e9cologique en luttant contre le gaspillage des mat\u00e9riaux en \u00e9vitant le suremploi du b\u00e9ton et des m\u00e9taux, et contre le gaspillage de l\u2019espace rural par l\u2019\u00e9talement urbain. Les prochaines Journ\u00e9es du Patrimoine de Pays et des Moulins mettront en lumi\u00e8re le patrimoine rural restaur\u00e9, \u00e0 l\u2019usage r\u00e9invent\u00e9, les savoir-faire et gestes du pass\u00e9 ou encore les mat\u00e9riaux r\u00e9employ\u00e9s, r\u00e9cup\u00e9r\u00e9s\u2026 Associations, collectivit\u00e9s, mus\u00e9es, artisans, particuliers ou professionnels du tourisme sont invit\u00e9s \u00e0 ouvrir leurs sites \u00e0 proposer des animations au grand public les 25 et 26 juin 2022. Inscription gratuite avant le 17 avril sur : <a href=\"http:\/\/www.patrimoinedepays-moulins.org\">www.patrimoinedepays-moulins.org<\/a><\/p>\n","protected":false},"excerpt":{"rendered":"<p>Les Journ\u00e9es du Patrimoine de Pays et des Moulins reviennent les 25 et 26 juin 2022 avec le th\u00e8me \u00catre et rena\u00eetre. Cette ann\u00e9e, l\u2019accent sera mis sur le b\u00e2ti ancien r\u00e9habilit\u00e9, restaur\u00e9 et r\u00e9employ\u00e9, mais aussi le recyclage, la revalorisation de ses apparats et mat\u00e9riaux, et le renouveau de certains savoir-faire. Au XXIe si\u00e8cle, [&hellip;]<\/p>\n","protected":false},"author":17,"featured_media":106993,"comment_status":"closed","ping_status":"closed","sticky":false,"template":"","format":"standard","meta":{"_et_pb_use_builder":"","_et_pb_old_content":"","_et_gb_content_width":"","footnotes":""},"categories":[10530,6362,10789,10785],"tags":[9557],"class_list":["post-106992","post","type-post","status-publish","format-standard","has-post-thumbnail","hentry","category-actualites","category-services-equipements","category-publications-atrium","category-atrium","tag-journee-du-patrimoine-de-pays-et-des-moulins"],"yoast_head":"<!-- This site is optimized with the Yoast SEO plugin v27.4 - https:\/\/yoast.com\/product\/yoast-seo-wordpress\/ -->\n<title>Ouverture des inscriptions pour les Journ\u00e9es du Patrimoine de Pays et des Moulins<\/title>\n<meta name=\"robots\" content=\"index, follow, max-snippet:-1, max-image-preview:large, max-video-preview:-1\" \/>\n<link rel=\"canonical\" href=\"https:\/\/batijournal.com\/index.php\/ouverture-des-inscriptions-pour-les-journees-du-patrimoine-de-pays-et-des-moulins\/106992\/\" \/>\n<meta property=\"og:locale\" content=\"fr_FR\" \/>\n<meta property=\"og:type\" content=\"article\" \/>\n<meta property=\"og:title\" content=\"Ouverture des inscriptions pour les Journ\u00e9es du Patrimoine de Pays et des Moulins\" \/>\n<meta property=\"og:description\" content=\"Les Journ\u00e9es du Patrimoine de Pays et des Moulins reviennent les 25 et 26 juin 2022 avec le th\u00e8me \u00catre et rena\u00eetre. Cette ann\u00e9e, l\u2019accent sera mis sur le b\u00e2ti ancien r\u00e9habilit\u00e9, restaur\u00e9 et r\u00e9employ\u00e9, mais aussi le recyclage, la revalorisation de ses apparats et mat\u00e9riaux, et le renouveau de certains savoir-faire. Au XXIe si\u00e8cle, [&hellip;]\" \/>\n<meta property=\"og:url\" content=\"https:\/\/batijournal.com\/index.php\/ouverture-des-inscriptions-pour-les-journees-du-patrimoine-de-pays-et-des-moulins\/106992\/\" \/>\n<meta property=\"og:site_name\" content=\"Batijournal\" \/>\n<meta property=\"article:published_time\" content=\"2022-02-03T10:05:58+00:00\" \/>\n<meta property=\"og:image\" content=\"https:\/\/batijournal.com\/wp-content\/uploads\/2022\/02\/journees-patrimoine-de-pays-et-moulins.jpg\" \/>\n\t<meta property=\"og:image:width\" content=\"1000\" \/>\n\t<meta property=\"og:image:height\" content=\"1000\" \/>\n\t<meta property=\"og:image:type\" content=\"image\/jpeg\" \/>\n<meta name=\"author\" content=\"St\u00e9phane Miget\" \/>\n<meta name=\"twitter:card\" content=\"summary_large_image\" \/>\n<meta name=\"twitter:creator\" content=\"@bati_journal\" \/>\n<meta name=\"twitter:site\" content=\"@bati_journal\" \/>\n<meta name=\"twitter:label1\" content=\"\u00c9crit par\" \/>\n\t<meta name=\"twitter:data1\" content=\"St\u00e9phane Miget\" \/>\n\t<meta name=\"twitter:label2\" content=\"Dur\u00e9e de lecture estim\u00e9e\" \/>\n\t<meta name=\"twitter:data2\" content=\"1 minute\" \/>\n<script type=\"application\/ld+json\" class=\"yoast-schema-graph\">{\"@context\":\"https:\\\/\\\/schema.org\",\"@graph\":[{\"@type\":\"Article\",\"@id\":\"https:\\\/\\\/batijournal.com\\\/index.php\\\/ouverture-des-inscriptions-pour-les-journees-du-patrimoine-de-pays-et-des-moulins\\\/106992\\\/#article\",\"isPartOf\":{\"@id\":\"https:\\\/\\\/batijournal.com\\\/index.php\\\/ouverture-des-inscriptions-pour-les-journees-du-patrimoine-de-pays-et-des-moulins\\\/106992\\\/\"},\"author\":{\"name\":\"St\u00e9phane Miget\",\"@id\":\"https:\\\/\\\/batijournal.com\\\/#\\\/schema\\\/person\\\/1dc96ec6957aa1ccb25ebe78bb19f100\"},\"headline\":\"Ouverture des inscriptions pour les Journ\u00e9es du Patrimoine de Pays et des Moulins\",\"datePublished\":\"2022-02-03T10:05:58+00:00\",\"mainEntityOfPage\":{\"@id\":\"https:\\\/\\\/batijournal.com\\\/index.php\\\/ouverture-des-inscriptions-pour-les-journees-du-patrimoine-de-pays-et-des-moulins\\\/106992\\\/\"},\"wordCount\":197,\"image\":{\"@id\":\"https:\\\/\\\/batijournal.com\\\/index.php\\\/ouverture-des-inscriptions-pour-les-journees-du-patrimoine-de-pays-et-des-moulins\\\/106992\\\/#primaryimage\"},\"thumbnailUrl\":\"https:\\\/\\\/batijournal.com\\\/wp-content\\\/uploads\\\/2022\\\/02\\\/journees-patrimoine-de-pays-et-moulins.jpg\",\"keywords\":[\"journee du patrimoine de pays et des moulins\"],\"articleSection\":[\"Actualit\u00e9s\",\"Divers\",\"zz_Actualit\u00e9s - Atrium\",\"zz_Atrium Patrimoine\"],\"inLanguage\":\"fr-FR\"},{\"@type\":\"WebPage\",\"@id\":\"https:\\\/\\\/batijournal.com\\\/index.php\\\/ouverture-des-inscriptions-pour-les-journees-du-patrimoine-de-pays-et-des-moulins\\\/106992\\\/\",\"url\":\"https:\\\/\\\/batijournal.com\\\/index.php\\\/ouverture-des-inscriptions-pour-les-journees-du-patrimoine-de-pays-et-des-moulins\\\/106992\\\/\",\"name\":\"Ouverture des inscriptions pour les Journ\u00e9es du Patrimoine de Pays et des Moulins\",\"isPartOf\":{\"@id\":\"https:\\\/\\\/batijournal.com\\\/#website\"},\"primaryImageOfPage\":{\"@id\":\"https:\\\/\\\/batijournal.com\\\/index.php\\\/ouverture-des-inscriptions-pour-les-journees-du-patrimoine-de-pays-et-des-moulins\\\/106992\\\/#primaryimage\"},\"image\":{\"@id\":\"https:\\\/\\\/batijournal.com\\\/index.php\\\/ouverture-des-inscriptions-pour-les-journees-du-patrimoine-de-pays-et-des-moulins\\\/106992\\\/#primaryimage\"},\"thumbnailUrl\":\"https:\\\/\\\/batijournal.com\\\/wp-content\\\/uploads\\\/2022\\\/02\\\/journees-patrimoine-de-pays-et-moulins.jpg\",\"datePublished\":\"2022-02-03T10:05:58+00:00\",\"author\":{\"@id\":\"https:\\\/\\\/batijournal.com\\\/#\\\/schema\\\/person\\\/1dc96ec6957aa1ccb25ebe78bb19f100\"},\"breadcrumb\":{\"@id\":\"https:\\\/\\\/batijournal.com\\\/index.php\\\/ouverture-des-inscriptions-pour-les-journees-du-patrimoine-de-pays-et-des-moulins\\\/106992\\\/#breadcrumb\"},\"inLanguage\":\"fr-FR\",\"potentialAction\":[{\"@type\":\"ReadAction\",\"target\":[\"https:\\\/\\\/batijournal.com\\\/index.php\\\/ouverture-des-inscriptions-pour-les-journees-du-patrimoine-de-pays-et-des-moulins\\\/106992\\\/\"]}]},{\"@type\":\"ImageObject\",\"inLanguage\":\"fr-FR\",\"@id\":\"https:\\\/\\\/batijournal.com\\\/index.php\\\/ouverture-des-inscriptions-pour-les-journees-du-patrimoine-de-pays-et-des-moulins\\\/106992\\\/#primaryimage\",\"url\":\"https:\\\/\\\/batijournal.com\\\/wp-content\\\/uploads\\\/2022\\\/02\\\/journees-patrimoine-de-pays-et-moulins.jpg\",\"contentUrl\":\"https:\\\/\\\/batijournal.com\\\/wp-content\\\/uploads\\\/2022\\\/02\\\/journees-patrimoine-de-pays-et-moulins.jpg\",\"width\":1000,\"height\":1000},{\"@type\":\"BreadcrumbList\",\"@id\":\"https:\\\/\\\/batijournal.com\\\/index.php\\\/ouverture-des-inscriptions-pour-les-journees-du-patrimoine-de-pays-et-des-moulins\\\/106992\\\/#breadcrumb\",\"itemListElement\":[{\"@type\":\"ListItem\",\"position\":1,\"name\":\"Accueil\",\"item\":\"https:\\\/\\\/batijournal.com\\\/\"},{\"@type\":\"ListItem\",\"position\":2,\"name\":\"Actualit\u00e9s\",\"item\":\"https:\\\/\\\/batijournal.com\\\/index.php\\\/category\\\/actualites\\\/\"},{\"@type\":\"ListItem\",\"position\":3,\"name\":\"Ouverture des inscriptions pour les Journ\u00e9es du Patrimoine de Pays et des Moulins\"}]},{\"@type\":\"WebSite\",\"@id\":\"https:\\\/\\\/batijournal.com\\\/#website\",\"url\":\"https:\\\/\\\/batijournal.com\\\/\",\"name\":\"Batijournal\",\"description\":\"L&#039;actualit\u00e9 du b\u00e2timent\",\"potentialAction\":[{\"@type\":\"SearchAction\",\"target\":{\"@type\":\"EntryPoint\",\"urlTemplate\":\"https:\\\/\\\/batijournal.com\\\/?s={search_term_string}\"},\"query-input\":{\"@type\":\"PropertyValueSpecification\",\"valueRequired\":true,\"valueName\":\"search_term_string\"}}],\"inLanguage\":\"fr-FR\"},{\"@type\":\"Person\",\"@id\":\"https:\\\/\\\/batijournal.com\\\/#\\\/schema\\\/person\\\/1dc96ec6957aa1ccb25ebe78bb19f100\",\"name\":\"St\u00e9phane Miget\",\"image\":{\"@type\":\"ImageObject\",\"inLanguage\":\"fr-FR\",\"@id\":\"https:\\\/\\\/secure.gravatar.com\\\/avatar\\\/89915563d925342126b8ef0281b93d9d7fc337043e8df017f780908eb9644451?s=96&d=mm&r=g\",\"url\":\"https:\\\/\\\/secure.gravatar.com\\\/avatar\\\/89915563d925342126b8ef0281b93d9d7fc337043e8df017f780908eb9644451?s=96&d=mm&r=g\",\"contentUrl\":\"https:\\\/\\\/secure.gravatar.com\\\/avatar\\\/89915563d925342126b8ef0281b93d9d7fc337043e8df017f780908eb9644451?s=96&d=mm&r=g\",\"caption\":\"St\u00e9phane Miget\"},\"url\":\"https:\\\/\\\/batijournal.com\\\/index.php\\\/author\\\/stephane\\\/\"}]}<\/script>\n<!-- \/ Yoast SEO plugin. -->","yoast_head_json":{"title":"Ouverture des inscriptions pour les Journ\u00e9es du Patrimoine de Pays et des Moulins","robots":{"index":"index","follow":"follow","max-snippet":"max-snippet:-1","max-image-preview":"max-image-preview:large","max-video-preview":"max-video-preview:-1"},"canonical":"https:\/\/batijournal.com\/index.php\/ouverture-des-inscriptions-pour-les-journees-du-patrimoine-de-pays-et-des-moulins\/106992\/","og_locale":"fr_FR","og_type":"article","og_title":"Ouverture des inscriptions pour les Journ\u00e9es du Patrimoine de Pays et des Moulins","og_description":"Les Journ\u00e9es du Patrimoine de Pays et des Moulins reviennent les 25 et 26 juin 2022 avec le th\u00e8me \u00catre et rena\u00eetre. Cette ann\u00e9e, l\u2019accent sera mis sur le b\u00e2ti ancien r\u00e9habilit\u00e9, restaur\u00e9 et r\u00e9employ\u00e9, mais aussi le recyclage, la revalorisation de ses apparats et mat\u00e9riaux, et le renouveau de certains savoir-faire. Au XXIe si\u00e8cle, [&hellip;]","og_url":"https:\/\/batijournal.com\/index.php\/ouverture-des-inscriptions-pour-les-journees-du-patrimoine-de-pays-et-des-moulins\/106992\/","og_site_name":"Batijournal","article_published_time":"2022-02-03T10:05:58+00:00","og_image":[{"width":1000,"height":1000,"url":"https:\/\/batijournal.com\/wp-content\/uploads\/2022\/02\/journees-patrimoine-de-pays-et-moulins.jpg","type":"image\/jpeg"}],"author":"St\u00e9phane Miget","twitter_card":"summary_large_image","twitter_creator":"@bati_journal","twitter_site":"@bati_journal","twitter_misc":{"\u00c9crit par":"St\u00e9phane Miget","Dur\u00e9e de lecture estim\u00e9e":"1 minute"},"schema":{"@context":"https:\/\/schema.org","@graph":[{"@type":"Article","@id":"https:\/\/batijournal.com\/index.php\/ouverture-des-inscriptions-pour-les-journees-du-patrimoine-de-pays-et-des-moulins\/106992\/#article","isPartOf":{"@id":"https:\/\/batijournal.com\/index.php\/ouverture-des-inscriptions-pour-les-journees-du-patrimoine-de-pays-et-des-moulins\/106992\/"},"author":{"name":"St\u00e9phane Miget","@id":"https:\/\/batijournal.com\/#\/schema\/person\/1dc96ec6957aa1ccb25ebe78bb19f100"},"headline":"Ouverture des inscriptions pour les Journ\u00e9es du Patrimoine de Pays et des Moulins","datePublished":"2022-02-03T10:05:58+00:00","mainEntityOfPage":{"@id":"https:\/\/batijournal.com\/index.php\/ouverture-des-inscriptions-pour-les-journees-du-patrimoine-de-pays-et-des-moulins\/106992\/"},"wordCount":197,"image":{"@id":"https:\/\/batijournal.com\/index.php\/ouverture-des-inscriptions-pour-les-journees-du-patrimoine-de-pays-et-des-moulins\/106992\/#primaryimage"},"thumbnailUrl":"https:\/\/batijournal.com\/wp-content\/uploads\/2022\/02\/journees-patrimoine-de-pays-et-moulins.jpg","keywords":["journee du patrimoine de pays et des moulins"],"articleSection":["Actualit\u00e9s","Divers","zz_Actualit\u00e9s - Atrium","zz_Atrium Patrimoine"],"inLanguage":"fr-FR"},{"@type":"WebPage","@id":"https:\/\/batijournal.com\/index.php\/ouverture-des-inscriptions-pour-les-journees-du-patrimoine-de-pays-et-des-moulins\/106992\/","url":"https:\/\/batijournal.com\/index.php\/ouverture-des-inscriptions-pour-les-journees-du-patrimoine-de-pays-et-des-moulins\/106992\/","name":"Ouverture des inscriptions pour les Journ\u00e9es du Patrimoine de Pays et des Moulins","isPartOf":{"@id":"https:\/\/batijournal.com\/#website"},"primaryImageOfPage":{"@id":"https:\/\/batijournal.com\/index.php\/ouverture-des-inscriptions-pour-les-journees-du-patrimoine-de-pays-et-des-moulins\/106992\/#primaryimage"},"image":{"@id":"https:\/\/batijournal.com\/index.php\/ouverture-des-inscriptions-pour-les-journees-du-patrimoine-de-pays-et-des-moulins\/106992\/#primaryimage"},"thumbnailUrl":"https:\/\/batijournal.com\/wp-content\/uploads\/2022\/02\/journees-patrimoine-de-pays-et-moulins.jpg","datePublished":"2022-02-03T10:05:58+00:00","author":{"@id":"https:\/\/batijournal.com\/#\/schema\/person\/1dc96ec6957aa1ccb25ebe78bb19f100"},"breadcrumb":{"@id":"https:\/\/batijournal.com\/index.php\/ouverture-des-inscriptions-pour-les-journees-du-patrimoine-de-pays-et-des-moulins\/106992\/#breadcrumb"},"inLanguage":"fr-FR","potentialAction":[{"@type":"ReadAction","target":["https:\/\/batijournal.com\/index.php\/ouverture-des-inscriptions-pour-les-journees-du-patrimoine-de-pays-et-des-moulins\/106992\/"]}]},{"@type":"ImageObject","inLanguage":"fr-FR","@id":"https:\/\/batijournal.com\/index.php\/ouverture-des-inscriptions-pour-les-journees-du-patrimoine-de-pays-et-des-moulins\/106992\/#primaryimage","url":"https:\/\/batijournal.com\/wp-content\/uploads\/2022\/02\/journees-patrimoine-de-pays-et-moulins.jpg","contentUrl":"https:\/\/batijournal.com\/wp-content\/uploads\/2022\/02\/journees-patrimoine-de-pays-et-moulins.jpg","width":1000,"height":1000},{"@type":"BreadcrumbList","@id":"https:\/\/batijournal.com\/index.php\/ouverture-des-inscriptions-pour-les-journees-du-patrimoine-de-pays-et-des-moulins\/106992\/#breadcrumb","itemListElement":[{"@type":"ListItem","position":1,"name":"Accueil","item":"https:\/\/batijournal.com\/"},{"@type":"ListItem","position":2,"name":"Actualit\u00e9s","item":"https:\/\/batijournal.com\/index.php\/category\/actualites\/"},{"@type":"ListItem","position":3,"name":"Ouverture des inscriptions pour les Journ\u00e9es du Patrimoine de Pays et des Moulins"}]},{"@type":"WebSite","@id":"https:\/\/batijournal.com\/#website","url":"https:\/\/batijournal.com\/","name":"Batijournal","description":"L&#039;actualit\u00e9 du b\u00e2timent","potentialAction":[{"@type":"SearchAction","target":{"@type":"EntryPoint","urlTemplate":"https:\/\/batijournal.com\/?s={search_term_string}"},"query-input":{"@type":"PropertyValueSpecification","valueRequired":true,"valueName":"search_term_string"}}],"inLanguage":"fr-FR"},{"@type":"Person","@id":"https:\/\/batijournal.com\/#\/schema\/person\/1dc96ec6957aa1ccb25ebe78bb19f100","name":"St\u00e9phane Miget","image":{"@type":"ImageObject","inLanguage":"fr-FR","@id":"https:\/\/secure.gravatar.com\/avatar\/89915563d925342126b8ef0281b93d9d7fc337043e8df017f780908eb9644451?s=96&d=mm&r=g","url":"https:\/\/secure.gravatar.com\/avatar\/89915563d925342126b8ef0281b93d9d7fc337043e8df017f780908eb9644451?s=96&d=mm&r=g","contentUrl":"https:\/\/secure.gravatar.com\/avatar\/89915563d925342126b8ef0281b93d9d7fc337043e8df017f780908eb9644451?s=96&d=mm&r=g","caption":"St\u00e9phane Miget"},"url":"https:\/\/batijournal.com\/index.php\/author\/stephane\/"}]}},"_links":{"self":[{"href":"https:\/\/batijournal.com\/index.php\/wp-json\/wp\/v2\/posts\/106992","targetHints":{"allow":["GET"]}}],"collection":[{"href":"https:\/\/batijournal.com\/index.php\/wp-json\/wp\/v2\/posts"}],"about":[{"href":"https:\/\/batijournal.com\/index.php\/wp-json\/wp\/v2\/types\/post"}],"author":[{"embeddable":true,"href":"https:\/\/batijournal.com\/index.php\/wp-json\/wp\/v2\/users\/17"}],"replies":[{"embeddable":true,"href":"https:\/\/batijournal.com\/index.php\/wp-json\/wp\/v2\/comments?post=106992"}],"version-history":[{"count":0,"href":"https:\/\/batijournal.com\/index.php\/wp-json\/wp\/v2\/posts\/106992\/revisions"}],"wp:featuredmedia":[{"embeddable":true,"href":"https:\/\/batijournal.com\/index.php\/wp-json\/wp\/v2\/media\/106993"}],"wp:attachment":[{"href":"https:\/\/batijournal.com\/index.php\/wp-json\/wp\/v2\/media?parent=106992"}],"wp:term":[{"taxonomy":"category","embeddable":true,"href":"https:\/\/batijournal.com\/index.php\/wp-json\/wp\/v2\/categories?post=106992"},{"taxonomy":"post_tag","embeddable":true,"href":"https:\/\/batijournal.com\/index.php\/wp-json\/wp\/v2\/tags?post=106992"}],"curies":[{"name":"wp","href":"https:\/\/api.w.org\/{rel}","templated":true}]}}