{"id":107024,"date":"2022-02-11T09:25:31","date_gmt":"2022-02-11T08:25:31","guid":{"rendered":"https:\/\/batijournal.com\/?p=107024"},"modified":"2022-02-11T09:25:31","modified_gmt":"2022-02-11T08:25:31","slug":"marine-charles-nouvelle-directrice-generale-de-saint-gobain-weber-france","status":"publish","type":"post","link":"https:\/\/batijournal.com\/index.php\/marine-charles-nouvelle-directrice-generale-de-saint-gobain-weber-france\/107024\/","title":{"rendered":"Marine Charles, nouvelle Directrice G\u00e9n\u00e9rale de Saint-Gobain Weber France"},"content":{"rendered":"<p>Marine Charles vient de prendre ses fonctions de Directrice G\u00e9n\u00e9rale de Saint-Gobain Weber France pour succ\u00e9der \u00e0 Charlotte Famy. Marine Charles a en charge la poursuite et le d\u00e9veloppement de la strat\u00e9gie Weber en termes d\u2019innovation, de performance et de d\u00e9veloppement durable. Forte d\u2019une solide connaissance du groupe qu\u2019elle a int\u00e9gr\u00e9 en 2013 en tant que Directrice Strat\u00e9gie et M&amp;A du P\u00f4le Distribution B\u00e2timent, elle avait rejoint en 2016 l\u2019enseigne Lapeyre, d\u00e9tenue par Saint-Gobain, d\u2019abord comme Directrice G\u00e9n\u00e9rale adjointe, puis Directrice G\u00e9n\u00e9rale. Dipl\u00f4m\u00e9e de Sciences Po Paris et HEC, elle a \u00e9galement occup\u00e9 diverses fonctions de Direction pour le Groupe Casino entre 2008 et 2013, au sein des \u00e9quipes Strat\u00e9gie et Finance. Soulignons qu\u2019au rang de ses multiples comp\u00e9tences, l\u2019ouverture et l\u2019adaptabilit\u00e9 s\u2019av\u00e8rent de mise puisqu\u2019elle a v\u00e9cu 13 ans \u00e0 l\u2019\u00e9tranger (Cameroun, Royaume-Uni\u2026).<\/p>\n","protected":false},"excerpt":{"rendered":"<p>Marine Charles vient de prendre ses fonctions de Directrice G\u00e9n\u00e9rale de Saint-Gobain Weber France pour succ\u00e9der \u00e0 Charlotte Famy. Marine Charles a en charge la poursuite et le d\u00e9veloppement de la strat\u00e9gie Weber en termes d\u2019innovation, de performance et de d\u00e9veloppement durable. Forte d\u2019une solide connaissance du groupe qu\u2019elle a int\u00e9gr\u00e9 en 2013 en tant [&hellip;]<\/p>\n","protected":false},"author":17,"featured_media":107025,"comment_status":"closed","ping_status":"closed","sticky":false,"template":"","format":"standard","meta":{"_et_pb_use_builder":"","_et_pb_old_content":"","_et_gb_content_width":"","footnotes":""},"categories":[10530,6345,10771,10775],"tags":[880],"class_list":["post-107024","post","type-post","status-publish","format-standard","has-post-thumbnail","hentry","category-actualites","category-economie-marches","category-5facades","category-actualites-5facades","tag-nomination"],"yoast_head":"<!-- This site is optimized with the Yoast SEO plugin v27.4 - https:\/\/yoast.com\/product\/yoast-seo-wordpress\/ -->\n<title>Marine Charles, nouvelle Directrice G\u00e9n\u00e9rale de Saint-Gobain Weber France<\/title>\n<meta name=\"robots\" content=\"index, follow, max-snippet:-1, max-image-preview:large, max-video-preview:-1\" \/>\n<link rel=\"canonical\" href=\"https:\/\/batijournal.com\/index.php\/marine-charles-nouvelle-directrice-generale-de-saint-gobain-weber-france\/107024\/\" \/>\n<meta property=\"og:locale\" content=\"fr_FR\" \/>\n<meta property=\"og:type\" content=\"article\" \/>\n<meta property=\"og:title\" content=\"Marine Charles, nouvelle Directrice G\u00e9n\u00e9rale de Saint-Gobain Weber France\" \/>\n<meta property=\"og:description\" content=\"Marine Charles vient de prendre ses fonctions de Directrice G\u00e9n\u00e9rale de Saint-Gobain Weber France pour succ\u00e9der \u00e0 Charlotte Famy. Marine Charles a en charge la poursuite et le d\u00e9veloppement de la strat\u00e9gie Weber en termes d\u2019innovation, de performance et de d\u00e9veloppement durable. Forte d\u2019une solide connaissance du groupe qu\u2019elle a int\u00e9gr\u00e9 en 2013 en tant [&hellip;]\" \/>\n<meta property=\"og:url\" content=\"https:\/\/batijournal.com\/index.php\/marine-charles-nouvelle-directrice-generale-de-saint-gobain-weber-france\/107024\/\" \/>\n<meta property=\"og:site_name\" content=\"Batijournal\" \/>\n<meta property=\"article:published_time\" content=\"2022-02-11T08:25:31+00:00\" \/>\n<meta property=\"og:image\" content=\"https:\/\/batijournal.com\/wp-content\/uploads\/2022\/02\/Marine-Charles-Groupe-Saint-Gobain-weber.jpg\" \/>\n\t<meta property=\"og:image:width\" content=\"1020\" \/>\n\t<meta property=\"og:image:height\" content=\"832\" \/>\n\t<meta property=\"og:image:type\" content=\"image\/jpeg\" \/>\n<meta name=\"author\" content=\"St\u00e9phane Miget\" \/>\n<meta name=\"twitter:card\" content=\"summary_large_image\" \/>\n<meta name=\"twitter:creator\" content=\"@bati_journal\" \/>\n<meta name=\"twitter:site\" content=\"@bati_journal\" \/>\n<meta name=\"twitter:label1\" content=\"\u00c9crit par\" \/>\n\t<meta name=\"twitter:data1\" content=\"St\u00e9phane Miget\" \/>\n\t<meta name=\"twitter:label2\" content=\"Dur\u00e9e de lecture estim\u00e9e\" \/>\n\t<meta name=\"twitter:data2\" content=\"1 minute\" \/>\n<script type=\"application\/ld+json\" class=\"yoast-schema-graph\">{\"@context\":\"https:\\\/\\\/schema.org\",\"@graph\":[{\"@type\":\"Article\",\"@id\":\"https:\\\/\\\/batijournal.com\\\/index.php\\\/marine-charles-nouvelle-directrice-generale-de-saint-gobain-weber-france\\\/107024\\\/#article\",\"isPartOf\":{\"@id\":\"https:\\\/\\\/batijournal.com\\\/index.php\\\/marine-charles-nouvelle-directrice-generale-de-saint-gobain-weber-france\\\/107024\\\/\"},\"author\":{\"name\":\"St\u00e9phane Miget\",\"@id\":\"https:\\\/\\\/batijournal.com\\\/#\\\/schema\\\/person\\\/1dc96ec6957aa1ccb25ebe78bb19f100\"},\"headline\":\"Marine Charles, nouvelle Directrice G\u00e9n\u00e9rale de Saint-Gobain Weber France\",\"datePublished\":\"2022-02-11T08:25:31+00:00\",\"mainEntityOfPage\":{\"@id\":\"https:\\\/\\\/batijournal.com\\\/index.php\\\/marine-charles-nouvelle-directrice-generale-de-saint-gobain-weber-france\\\/107024\\\/\"},\"wordCount\":172,\"image\":{\"@id\":\"https:\\\/\\\/batijournal.com\\\/index.php\\\/marine-charles-nouvelle-directrice-generale-de-saint-gobain-weber-france\\\/107024\\\/#primaryimage\"},\"thumbnailUrl\":\"https:\\\/\\\/batijournal.com\\\/wp-content\\\/uploads\\\/2022\\\/02\\\/Marine-Charles-Groupe-Saint-Gobain-weber.jpg\",\"keywords\":[\"nomination\"],\"articleSection\":[\"Actualit\u00e9s\",\"\u00c9conomie &amp; March\u00e9s\",\"zz_5fa\u00e7ades\",\"zz_Actualit\u00e9s - 5fa\u00e7ades\"],\"inLanguage\":\"fr-FR\"},{\"@type\":\"WebPage\",\"@id\":\"https:\\\/\\\/batijournal.com\\\/index.php\\\/marine-charles-nouvelle-directrice-generale-de-saint-gobain-weber-france\\\/107024\\\/\",\"url\":\"https:\\\/\\\/batijournal.com\\\/index.php\\\/marine-charles-nouvelle-directrice-generale-de-saint-gobain-weber-france\\\/107024\\\/\",\"name\":\"Marine Charles, nouvelle Directrice G\u00e9n\u00e9rale de Saint-Gobain Weber France\",\"isPartOf\":{\"@id\":\"https:\\\/\\\/batijournal.com\\\/#website\"},\"primaryImageOfPage\":{\"@id\":\"https:\\\/\\\/batijournal.com\\\/index.php\\\/marine-charles-nouvelle-directrice-generale-de-saint-gobain-weber-france\\\/107024\\\/#primaryimage\"},\"image\":{\"@id\":\"https:\\\/\\\/batijournal.com\\\/index.php\\\/marine-charles-nouvelle-directrice-generale-de-saint-gobain-weber-france\\\/107024\\\/#primaryimage\"},\"thumbnailUrl\":\"https:\\\/\\\/batijournal.com\\\/wp-content\\\/uploads\\\/2022\\\/02\\\/Marine-Charles-Groupe-Saint-Gobain-weber.jpg\",\"datePublished\":\"2022-02-11T08:25:31+00:00\",\"author\":{\"@id\":\"https:\\\/\\\/batijournal.com\\\/#\\\/schema\\\/person\\\/1dc96ec6957aa1ccb25ebe78bb19f100\"},\"breadcrumb\":{\"@id\":\"https:\\\/\\\/batijournal.com\\\/index.php\\\/marine-charles-nouvelle-directrice-generale-de-saint-gobain-weber-france\\\/107024\\\/#breadcrumb\"},\"inLanguage\":\"fr-FR\",\"potentialAction\":[{\"@type\":\"ReadAction\",\"target\":[\"https:\\\/\\\/batijournal.com\\\/index.php\\\/marine-charles-nouvelle-directrice-generale-de-saint-gobain-weber-france\\\/107024\\\/\"]}]},{\"@type\":\"ImageObject\",\"inLanguage\":\"fr-FR\",\"@id\":\"https:\\\/\\\/batijournal.com\\\/index.php\\\/marine-charles-nouvelle-directrice-generale-de-saint-gobain-weber-france\\\/107024\\\/#primaryimage\",\"url\":\"https:\\\/\\\/batijournal.com\\\/wp-content\\\/uploads\\\/2022\\\/02\\\/Marine-Charles-Groupe-Saint-Gobain-weber.jpg\",\"contentUrl\":\"https:\\\/\\\/batijournal.com\\\/wp-content\\\/uploads\\\/2022\\\/02\\\/Marine-Charles-Groupe-Saint-Gobain-weber.jpg\",\"width\":1020,\"height\":832},{\"@type\":\"BreadcrumbList\",\"@id\":\"https:\\\/\\\/batijournal.com\\\/index.php\\\/marine-charles-nouvelle-directrice-generale-de-saint-gobain-weber-france\\\/107024\\\/#breadcrumb\",\"itemListElement\":[{\"@type\":\"ListItem\",\"position\":1,\"name\":\"Accueil\",\"item\":\"https:\\\/\\\/batijournal.com\\\/\"},{\"@type\":\"ListItem\",\"position\":2,\"name\":\"Actualit\u00e9s\",\"item\":\"https:\\\/\\\/batijournal.com\\\/index.php\\\/category\\\/actualites\\\/\"},{\"@type\":\"ListItem\",\"position\":3,\"name\":\"Marine Charles, nouvelle Directrice G\u00e9n\u00e9rale de Saint-Gobain Weber France\"}]},{\"@type\":\"WebSite\",\"@id\":\"https:\\\/\\\/batijournal.com\\\/#website\",\"url\":\"https:\\\/\\\/batijournal.com\\\/\",\"name\":\"Batijournal\",\"description\":\"L&#039;actualit\u00e9 du b\u00e2timent\",\"potentialAction\":[{\"@type\":\"SearchAction\",\"target\":{\"@type\":\"EntryPoint\",\"urlTemplate\":\"https:\\\/\\\/batijournal.com\\\/?s={search_term_string}\"},\"query-input\":{\"@type\":\"PropertyValueSpecification\",\"valueRequired\":true,\"valueName\":\"search_term_string\"}}],\"inLanguage\":\"fr-FR\"},{\"@type\":\"Person\",\"@id\":\"https:\\\/\\\/batijournal.com\\\/#\\\/schema\\\/person\\\/1dc96ec6957aa1ccb25ebe78bb19f100\",\"name\":\"St\u00e9phane Miget\",\"image\":{\"@type\":\"ImageObject\",\"inLanguage\":\"fr-FR\",\"@id\":\"https:\\\/\\\/secure.gravatar.com\\\/avatar\\\/89915563d925342126b8ef0281b93d9d7fc337043e8df017f780908eb9644451?s=96&d=mm&r=g\",\"url\":\"https:\\\/\\\/secure.gravatar.com\\\/avatar\\\/89915563d925342126b8ef0281b93d9d7fc337043e8df017f780908eb9644451?s=96&d=mm&r=g\",\"contentUrl\":\"https:\\\/\\\/secure.gravatar.com\\\/avatar\\\/89915563d925342126b8ef0281b93d9d7fc337043e8df017f780908eb9644451?s=96&d=mm&r=g\",\"caption\":\"St\u00e9phane Miget\"},\"url\":\"https:\\\/\\\/batijournal.com\\\/index.php\\\/author\\\/stephane\\\/\"}]}<\/script>\n<!-- \/ Yoast SEO plugin. -->","yoast_head_json":{"title":"Marine Charles, nouvelle Directrice G\u00e9n\u00e9rale de Saint-Gobain Weber France","robots":{"index":"index","follow":"follow","max-snippet":"max-snippet:-1","max-image-preview":"max-image-preview:large","max-video-preview":"max-video-preview:-1"},"canonical":"https:\/\/batijournal.com\/index.php\/marine-charles-nouvelle-directrice-generale-de-saint-gobain-weber-france\/107024\/","og_locale":"fr_FR","og_type":"article","og_title":"Marine Charles, nouvelle Directrice G\u00e9n\u00e9rale de Saint-Gobain Weber France","og_description":"Marine Charles vient de prendre ses fonctions de Directrice G\u00e9n\u00e9rale de Saint-Gobain Weber France pour succ\u00e9der \u00e0 Charlotte Famy. Marine Charles a en charge la poursuite et le d\u00e9veloppement de la strat\u00e9gie Weber en termes d\u2019innovation, de performance et de d\u00e9veloppement durable. Forte d\u2019une solide connaissance du groupe qu\u2019elle a int\u00e9gr\u00e9 en 2013 en tant [&hellip;]","og_url":"https:\/\/batijournal.com\/index.php\/marine-charles-nouvelle-directrice-generale-de-saint-gobain-weber-france\/107024\/","og_site_name":"Batijournal","article_published_time":"2022-02-11T08:25:31+00:00","og_image":[{"width":1020,"height":832,"url":"https:\/\/batijournal.com\/wp-content\/uploads\/2022\/02\/Marine-Charles-Groupe-Saint-Gobain-weber.jpg","type":"image\/jpeg"}],"author":"St\u00e9phane Miget","twitter_card":"summary_large_image","twitter_creator":"@bati_journal","twitter_site":"@bati_journal","twitter_misc":{"\u00c9crit par":"St\u00e9phane Miget","Dur\u00e9e de lecture estim\u00e9e":"1 minute"},"schema":{"@context":"https:\/\/schema.org","@graph":[{"@type":"Article","@id":"https:\/\/batijournal.com\/index.php\/marine-charles-nouvelle-directrice-generale-de-saint-gobain-weber-france\/107024\/#article","isPartOf":{"@id":"https:\/\/batijournal.com\/index.php\/marine-charles-nouvelle-directrice-generale-de-saint-gobain-weber-france\/107024\/"},"author":{"name":"St\u00e9phane Miget","@id":"https:\/\/batijournal.com\/#\/schema\/person\/1dc96ec6957aa1ccb25ebe78bb19f100"},"headline":"Marine Charles, nouvelle Directrice G\u00e9n\u00e9rale de Saint-Gobain Weber France","datePublished":"2022-02-11T08:25:31+00:00","mainEntityOfPage":{"@id":"https:\/\/batijournal.com\/index.php\/marine-charles-nouvelle-directrice-generale-de-saint-gobain-weber-france\/107024\/"},"wordCount":172,"image":{"@id":"https:\/\/batijournal.com\/index.php\/marine-charles-nouvelle-directrice-generale-de-saint-gobain-weber-france\/107024\/#primaryimage"},"thumbnailUrl":"https:\/\/batijournal.com\/wp-content\/uploads\/2022\/02\/Marine-Charles-Groupe-Saint-Gobain-weber.jpg","keywords":["nomination"],"articleSection":["Actualit\u00e9s","\u00c9conomie &amp; March\u00e9s","zz_5fa\u00e7ades","zz_Actualit\u00e9s - 5fa\u00e7ades"],"inLanguage":"fr-FR"},{"@type":"WebPage","@id":"https:\/\/batijournal.com\/index.php\/marine-charles-nouvelle-directrice-generale-de-saint-gobain-weber-france\/107024\/","url":"https:\/\/batijournal.com\/index.php\/marine-charles-nouvelle-directrice-generale-de-saint-gobain-weber-france\/107024\/","name":"Marine Charles, nouvelle Directrice G\u00e9n\u00e9rale de Saint-Gobain Weber France","isPartOf":{"@id":"https:\/\/batijournal.com\/#website"},"primaryImageOfPage":{"@id":"https:\/\/batijournal.com\/index.php\/marine-charles-nouvelle-directrice-generale-de-saint-gobain-weber-france\/107024\/#primaryimage"},"image":{"@id":"https:\/\/batijournal.com\/index.php\/marine-charles-nouvelle-directrice-generale-de-saint-gobain-weber-france\/107024\/#primaryimage"},"thumbnailUrl":"https:\/\/batijournal.com\/wp-content\/uploads\/2022\/02\/Marine-Charles-Groupe-Saint-Gobain-weber.jpg","datePublished":"2022-02-11T08:25:31+00:00","author":{"@id":"https:\/\/batijournal.com\/#\/schema\/person\/1dc96ec6957aa1ccb25ebe78bb19f100"},"breadcrumb":{"@id":"https:\/\/batijournal.com\/index.php\/marine-charles-nouvelle-directrice-generale-de-saint-gobain-weber-france\/107024\/#breadcrumb"},"inLanguage":"fr-FR","potentialAction":[{"@type":"ReadAction","target":["https:\/\/batijournal.com\/index.php\/marine-charles-nouvelle-directrice-generale-de-saint-gobain-weber-france\/107024\/"]}]},{"@type":"ImageObject","inLanguage":"fr-FR","@id":"https:\/\/batijournal.com\/index.php\/marine-charles-nouvelle-directrice-generale-de-saint-gobain-weber-france\/107024\/#primaryimage","url":"https:\/\/batijournal.com\/wp-content\/uploads\/2022\/02\/Marine-Charles-Groupe-Saint-Gobain-weber.jpg","contentUrl":"https:\/\/batijournal.com\/wp-content\/uploads\/2022\/02\/Marine-Charles-Groupe-Saint-Gobain-weber.jpg","width":1020,"height":832},{"@type":"BreadcrumbList","@id":"https:\/\/batijournal.com\/index.php\/marine-charles-nouvelle-directrice-generale-de-saint-gobain-weber-france\/107024\/#breadcrumb","itemListElement":[{"@type":"ListItem","position":1,"name":"Accueil","item":"https:\/\/batijournal.com\/"},{"@type":"ListItem","position":2,"name":"Actualit\u00e9s","item":"https:\/\/batijournal.com\/index.php\/category\/actualites\/"},{"@type":"ListItem","position":3,"name":"Marine Charles, nouvelle Directrice G\u00e9n\u00e9rale de Saint-Gobain Weber France"}]},{"@type":"WebSite","@id":"https:\/\/batijournal.com\/#website","url":"https:\/\/batijournal.com\/","name":"Batijournal","description":"L&#039;actualit\u00e9 du b\u00e2timent","potentialAction":[{"@type":"SearchAction","target":{"@type":"EntryPoint","urlTemplate":"https:\/\/batijournal.com\/?s={search_term_string}"},"query-input":{"@type":"PropertyValueSpecification","valueRequired":true,"valueName":"search_term_string"}}],"inLanguage":"fr-FR"},{"@type":"Person","@id":"https:\/\/batijournal.com\/#\/schema\/person\/1dc96ec6957aa1ccb25ebe78bb19f100","name":"St\u00e9phane Miget","image":{"@type":"ImageObject","inLanguage":"fr-FR","@id":"https:\/\/secure.gravatar.com\/avatar\/89915563d925342126b8ef0281b93d9d7fc337043e8df017f780908eb9644451?s=96&d=mm&r=g","url":"https:\/\/secure.gravatar.com\/avatar\/89915563d925342126b8ef0281b93d9d7fc337043e8df017f780908eb9644451?s=96&d=mm&r=g","contentUrl":"https:\/\/secure.gravatar.com\/avatar\/89915563d925342126b8ef0281b93d9d7fc337043e8df017f780908eb9644451?s=96&d=mm&r=g","caption":"St\u00e9phane Miget"},"url":"https:\/\/batijournal.com\/index.php\/author\/stephane\/"}]}},"_links":{"self":[{"href":"https:\/\/batijournal.com\/index.php\/wp-json\/wp\/v2\/posts\/107024","targetHints":{"allow":["GET"]}}],"collection":[{"href":"https:\/\/batijournal.com\/index.php\/wp-json\/wp\/v2\/posts"}],"about":[{"href":"https:\/\/batijournal.com\/index.php\/wp-json\/wp\/v2\/types\/post"}],"author":[{"embeddable":true,"href":"https:\/\/batijournal.com\/index.php\/wp-json\/wp\/v2\/users\/17"}],"replies":[{"embeddable":true,"href":"https:\/\/batijournal.com\/index.php\/wp-json\/wp\/v2\/comments?post=107024"}],"version-history":[{"count":0,"href":"https:\/\/batijournal.com\/index.php\/wp-json\/wp\/v2\/posts\/107024\/revisions"}],"wp:featuredmedia":[{"embeddable":true,"href":"https:\/\/batijournal.com\/index.php\/wp-json\/wp\/v2\/media\/107025"}],"wp:attachment":[{"href":"https:\/\/batijournal.com\/index.php\/wp-json\/wp\/v2\/media?parent=107024"}],"wp:term":[{"taxonomy":"category","embeddable":true,"href":"https:\/\/batijournal.com\/index.php\/wp-json\/wp\/v2\/categories?post=107024"},{"taxonomy":"post_tag","embeddable":true,"href":"https:\/\/batijournal.com\/index.php\/wp-json\/wp\/v2\/tags?post=107024"}],"curies":[{"name":"wp","href":"https:\/\/api.w.org\/{rel}","templated":true}]}}