{"id":107030,"date":"2022-02-14T09:24:41","date_gmt":"2022-02-14T08:24:41","guid":{"rendered":"https:\/\/batijournal.com\/?p=107030"},"modified":"2022-02-14T09:24:41","modified_gmt":"2022-02-14T08:24:41","slug":"metiers-verts-en-tete-dans-le-batiment","status":"publish","type":"post","link":"https:\/\/batijournal.com\/index.php\/metiers-verts-en-tete-dans-le-batiment\/107030\/","title":{"rendered":"M\u00e9tiers verts en t\u00eate dans le b\u00e2timent"},"content":{"rendered":"<p>Selon une analyse due service des \u00e9tudes statistiques du minist\u00e8re de la Transition \u00e9cologique, en 2020, les employeurs ont d\u00e9pos\u00e9 aupr\u00e8s de P\u00f4le emploi 20 600 offres d\u2019emploi concernant les m\u00e9tiers verts (\u00e0 finalit\u00e9 environnementale) et 381 700 concernant les m\u00e9tiers verdissants (dont les comp\u00e9tences \u00e9voluent pour int\u00e9grer les enjeux environnementaux). Au total, ces 402 300 offres d\u2019emploi dans l\u2019\u00e9conomie verte repr\u00e9sentent 17,5 % de l\u2019ensemble des offres d\u2019emploi. Pr\u00e8s de 70 % de ces offres concernent les m\u00e9tiers verdissants du b\u00e2timent (48 %), en particulier les m\u00e9tiers de la construction-r\u00e9novation. Le niveau de qualification recherch\u00e9 d\u00e9pend fortement de la cat\u00e9gorie de m\u00e9tiers. Les ouvriers sp\u00e9cialis\u00e9s (11 %) ou qualifi\u00e9s (31 %) caract\u00e9risent les m\u00e9tiers verdissants et sont notamment tr\u00e8s recherch\u00e9s dans les m\u00e9tiers du b\u00e2timent. Les employ\u00e9s non qualifi\u00e9s (26 %) et les man\u0153uvres (17 %) sont les profils les plus demand\u00e9s pour les m\u00e9tiers verts, notamment ceux li\u00e9s aux d\u00e9chets, au nettoyage des espaces urbains et \u00e0 l\u2019entretien des espaces naturels. \u00c0 titre de comparaison, sur l\u2019ensemble des offres d\u2019emploi, ce sont les employ\u00e9s qualifi\u00e9s (37 %) ou non qualifi\u00e9s (24 %) qui sont les plus recherch\u00e9s dans les offres d\u2019emploi.<\/p>\n","protected":false},"excerpt":{"rendered":"<p>Selon une analyse due service des \u00e9tudes statistiques du minist\u00e8re de la Transition \u00e9cologique, en 2020, les employeurs ont d\u00e9pos\u00e9 aupr\u00e8s de P\u00f4le emploi 20 600 offres d\u2019emploi concernant les m\u00e9tiers verts (\u00e0 finalit\u00e9 environnementale) et 381 700 concernant les m\u00e9tiers verdissants (dont les comp\u00e9tences \u00e9voluent pour int\u00e9grer les enjeux environnementaux). Au total, ces 402 [&hellip;]<\/p>\n","protected":false},"author":17,"featured_media":107031,"comment_status":"closed","ping_status":"closed","sticky":false,"template":"","format":"standard","meta":{"_et_pb_use_builder":"","_et_pb_old_content":"","_et_gb_content_width":"","footnotes":""},"categories":[10530,6345],"tags":[580],"class_list":["post-107030","post","type-post","status-publish","format-standard","has-post-thumbnail","hentry","category-actualites","category-economie-marches","tag-emploi"],"yoast_head":"<!-- This site is optimized with the Yoast SEO plugin v27.4 - https:\/\/yoast.com\/product\/yoast-seo-wordpress\/ -->\n<title>M\u00e9tiers verts en t\u00eate dans le b\u00e2timent<\/title>\n<meta name=\"robots\" content=\"index, follow, max-snippet:-1, max-image-preview:large, max-video-preview:-1\" \/>\n<link rel=\"canonical\" href=\"https:\/\/batijournal.com\/index.php\/metiers-verts-en-tete-dans-le-batiment\/107030\/\" \/>\n<meta property=\"og:locale\" content=\"fr_FR\" \/>\n<meta property=\"og:type\" content=\"article\" \/>\n<meta property=\"og:title\" content=\"M\u00e9tiers verts en t\u00eate dans le b\u00e2timent\" \/>\n<meta property=\"og:description\" content=\"Selon une analyse due service des \u00e9tudes statistiques du minist\u00e8re de la Transition \u00e9cologique, en 2020, les employeurs ont d\u00e9pos\u00e9 aupr\u00e8s de P\u00f4le emploi 20 600 offres d\u2019emploi concernant les m\u00e9tiers verts (\u00e0 finalit\u00e9 environnementale) et 381 700 concernant les m\u00e9tiers verdissants (dont les comp\u00e9tences \u00e9voluent pour int\u00e9grer les enjeux environnementaux). Au total, ces 402 [&hellip;]\" \/>\n<meta property=\"og:url\" content=\"https:\/\/batijournal.com\/index.php\/metiers-verts-en-tete-dans-le-batiment\/107030\/\" \/>\n<meta property=\"og:site_name\" content=\"Batijournal\" \/>\n<meta property=\"article:published_time\" content=\"2022-02-14T08:24:41+00:00\" \/>\n<meta property=\"og:image\" content=\"https:\/\/batijournal.com\/wp-content\/uploads\/2022\/02\/marche_travail_eco_verte_2020_graphique_4_0.png\" \/>\n\t<meta property=\"og:image:width\" content=\"970\" \/>\n\t<meta property=\"og:image:height\" content=\"464\" \/>\n\t<meta property=\"og:image:type\" content=\"image\/png\" \/>\n<meta name=\"author\" content=\"St\u00e9phane Miget\" \/>\n<meta name=\"twitter:card\" content=\"summary_large_image\" \/>\n<meta name=\"twitter:creator\" content=\"@bati_journal\" \/>\n<meta name=\"twitter:site\" content=\"@bati_journal\" \/>\n<meta name=\"twitter:label1\" content=\"\u00c9crit par\" \/>\n\t<meta name=\"twitter:data1\" content=\"St\u00e9phane Miget\" \/>\n\t<meta name=\"twitter:label2\" content=\"Dur\u00e9e de lecture estim\u00e9e\" \/>\n\t<meta name=\"twitter:data2\" content=\"1 minute\" \/>\n<script type=\"application\/ld+json\" class=\"yoast-schema-graph\">{\"@context\":\"https:\\\/\\\/schema.org\",\"@graph\":[{\"@type\":\"Article\",\"@id\":\"https:\\\/\\\/batijournal.com\\\/index.php\\\/metiers-verts-en-tete-dans-le-batiment\\\/107030\\\/#article\",\"isPartOf\":{\"@id\":\"https:\\\/\\\/batijournal.com\\\/index.php\\\/metiers-verts-en-tete-dans-le-batiment\\\/107030\\\/\"},\"author\":{\"name\":\"St\u00e9phane Miget\",\"@id\":\"https:\\\/\\\/batijournal.com\\\/#\\\/schema\\\/person\\\/1dc96ec6957aa1ccb25ebe78bb19f100\"},\"headline\":\"M\u00e9tiers verts en t\u00eate dans le b\u00e2timent\",\"datePublished\":\"2022-02-14T08:24:41+00:00\",\"mainEntityOfPage\":{\"@id\":\"https:\\\/\\\/batijournal.com\\\/index.php\\\/metiers-verts-en-tete-dans-le-batiment\\\/107030\\\/\"},\"wordCount\":221,\"image\":{\"@id\":\"https:\\\/\\\/batijournal.com\\\/index.php\\\/metiers-verts-en-tete-dans-le-batiment\\\/107030\\\/#primaryimage\"},\"thumbnailUrl\":\"https:\\\/\\\/batijournal.com\\\/wp-content\\\/uploads\\\/2022\\\/02\\\/marche_travail_eco_verte_2020_graphique_4_0.png\",\"keywords\":[\"emploi\"],\"articleSection\":[\"Actualit\u00e9s\",\"\u00c9conomie &amp; March\u00e9s\"],\"inLanguage\":\"fr-FR\"},{\"@type\":\"WebPage\",\"@id\":\"https:\\\/\\\/batijournal.com\\\/index.php\\\/metiers-verts-en-tete-dans-le-batiment\\\/107030\\\/\",\"url\":\"https:\\\/\\\/batijournal.com\\\/index.php\\\/metiers-verts-en-tete-dans-le-batiment\\\/107030\\\/\",\"name\":\"M\u00e9tiers verts en t\u00eate dans le b\u00e2timent\",\"isPartOf\":{\"@id\":\"https:\\\/\\\/batijournal.com\\\/#website\"},\"primaryImageOfPage\":{\"@id\":\"https:\\\/\\\/batijournal.com\\\/index.php\\\/metiers-verts-en-tete-dans-le-batiment\\\/107030\\\/#primaryimage\"},\"image\":{\"@id\":\"https:\\\/\\\/batijournal.com\\\/index.php\\\/metiers-verts-en-tete-dans-le-batiment\\\/107030\\\/#primaryimage\"},\"thumbnailUrl\":\"https:\\\/\\\/batijournal.com\\\/wp-content\\\/uploads\\\/2022\\\/02\\\/marche_travail_eco_verte_2020_graphique_4_0.png\",\"datePublished\":\"2022-02-14T08:24:41+00:00\",\"author\":{\"@id\":\"https:\\\/\\\/batijournal.com\\\/#\\\/schema\\\/person\\\/1dc96ec6957aa1ccb25ebe78bb19f100\"},\"breadcrumb\":{\"@id\":\"https:\\\/\\\/batijournal.com\\\/index.php\\\/metiers-verts-en-tete-dans-le-batiment\\\/107030\\\/#breadcrumb\"},\"inLanguage\":\"fr-FR\",\"potentialAction\":[{\"@type\":\"ReadAction\",\"target\":[\"https:\\\/\\\/batijournal.com\\\/index.php\\\/metiers-verts-en-tete-dans-le-batiment\\\/107030\\\/\"]}]},{\"@type\":\"ImageObject\",\"inLanguage\":\"fr-FR\",\"@id\":\"https:\\\/\\\/batijournal.com\\\/index.php\\\/metiers-verts-en-tete-dans-le-batiment\\\/107030\\\/#primaryimage\",\"url\":\"https:\\\/\\\/batijournal.com\\\/wp-content\\\/uploads\\\/2022\\\/02\\\/marche_travail_eco_verte_2020_graphique_4_0.png\",\"contentUrl\":\"https:\\\/\\\/batijournal.com\\\/wp-content\\\/uploads\\\/2022\\\/02\\\/marche_travail_eco_verte_2020_graphique_4_0.png\",\"width\":970,\"height\":464},{\"@type\":\"BreadcrumbList\",\"@id\":\"https:\\\/\\\/batijournal.com\\\/index.php\\\/metiers-verts-en-tete-dans-le-batiment\\\/107030\\\/#breadcrumb\",\"itemListElement\":[{\"@type\":\"ListItem\",\"position\":1,\"name\":\"Accueil\",\"item\":\"https:\\\/\\\/batijournal.com\\\/\"},{\"@type\":\"ListItem\",\"position\":2,\"name\":\"Actualit\u00e9s\",\"item\":\"https:\\\/\\\/batijournal.com\\\/index.php\\\/category\\\/actualites\\\/\"},{\"@type\":\"ListItem\",\"position\":3,\"name\":\"M\u00e9tiers verts en t\u00eate dans le b\u00e2timent\"}]},{\"@type\":\"WebSite\",\"@id\":\"https:\\\/\\\/batijournal.com\\\/#website\",\"url\":\"https:\\\/\\\/batijournal.com\\\/\",\"name\":\"Batijournal\",\"description\":\"L&#039;actualit\u00e9 du b\u00e2timent\",\"potentialAction\":[{\"@type\":\"SearchAction\",\"target\":{\"@type\":\"EntryPoint\",\"urlTemplate\":\"https:\\\/\\\/batijournal.com\\\/?s={search_term_string}\"},\"query-input\":{\"@type\":\"PropertyValueSpecification\",\"valueRequired\":true,\"valueName\":\"search_term_string\"}}],\"inLanguage\":\"fr-FR\"},{\"@type\":\"Person\",\"@id\":\"https:\\\/\\\/batijournal.com\\\/#\\\/schema\\\/person\\\/1dc96ec6957aa1ccb25ebe78bb19f100\",\"name\":\"St\u00e9phane Miget\",\"image\":{\"@type\":\"ImageObject\",\"inLanguage\":\"fr-FR\",\"@id\":\"https:\\\/\\\/secure.gravatar.com\\\/avatar\\\/89915563d925342126b8ef0281b93d9d7fc337043e8df017f780908eb9644451?s=96&d=mm&r=g\",\"url\":\"https:\\\/\\\/secure.gravatar.com\\\/avatar\\\/89915563d925342126b8ef0281b93d9d7fc337043e8df017f780908eb9644451?s=96&d=mm&r=g\",\"contentUrl\":\"https:\\\/\\\/secure.gravatar.com\\\/avatar\\\/89915563d925342126b8ef0281b93d9d7fc337043e8df017f780908eb9644451?s=96&d=mm&r=g\",\"caption\":\"St\u00e9phane Miget\"},\"url\":\"https:\\\/\\\/batijournal.com\\\/index.php\\\/author\\\/stephane\\\/\"}]}<\/script>\n<!-- \/ Yoast SEO plugin. -->","yoast_head_json":{"title":"M\u00e9tiers verts en t\u00eate dans le b\u00e2timent","robots":{"index":"index","follow":"follow","max-snippet":"max-snippet:-1","max-image-preview":"max-image-preview:large","max-video-preview":"max-video-preview:-1"},"canonical":"https:\/\/batijournal.com\/index.php\/metiers-verts-en-tete-dans-le-batiment\/107030\/","og_locale":"fr_FR","og_type":"article","og_title":"M\u00e9tiers verts en t\u00eate dans le b\u00e2timent","og_description":"Selon une analyse due service des \u00e9tudes statistiques du minist\u00e8re de la Transition \u00e9cologique, en 2020, les employeurs ont d\u00e9pos\u00e9 aupr\u00e8s de P\u00f4le emploi 20 600 offres d\u2019emploi concernant les m\u00e9tiers verts (\u00e0 finalit\u00e9 environnementale) et 381 700 concernant les m\u00e9tiers verdissants (dont les comp\u00e9tences \u00e9voluent pour int\u00e9grer les enjeux environnementaux). Au total, ces 402 [&hellip;]","og_url":"https:\/\/batijournal.com\/index.php\/metiers-verts-en-tete-dans-le-batiment\/107030\/","og_site_name":"Batijournal","article_published_time":"2022-02-14T08:24:41+00:00","og_image":[{"width":970,"height":464,"url":"https:\/\/batijournal.com\/wp-content\/uploads\/2022\/02\/marche_travail_eco_verte_2020_graphique_4_0.png","type":"image\/png"}],"author":"St\u00e9phane Miget","twitter_card":"summary_large_image","twitter_creator":"@bati_journal","twitter_site":"@bati_journal","twitter_misc":{"\u00c9crit par":"St\u00e9phane Miget","Dur\u00e9e de lecture estim\u00e9e":"1 minute"},"schema":{"@context":"https:\/\/schema.org","@graph":[{"@type":"Article","@id":"https:\/\/batijournal.com\/index.php\/metiers-verts-en-tete-dans-le-batiment\/107030\/#article","isPartOf":{"@id":"https:\/\/batijournal.com\/index.php\/metiers-verts-en-tete-dans-le-batiment\/107030\/"},"author":{"name":"St\u00e9phane Miget","@id":"https:\/\/batijournal.com\/#\/schema\/person\/1dc96ec6957aa1ccb25ebe78bb19f100"},"headline":"M\u00e9tiers verts en t\u00eate dans le b\u00e2timent","datePublished":"2022-02-14T08:24:41+00:00","mainEntityOfPage":{"@id":"https:\/\/batijournal.com\/index.php\/metiers-verts-en-tete-dans-le-batiment\/107030\/"},"wordCount":221,"image":{"@id":"https:\/\/batijournal.com\/index.php\/metiers-verts-en-tete-dans-le-batiment\/107030\/#primaryimage"},"thumbnailUrl":"https:\/\/batijournal.com\/wp-content\/uploads\/2022\/02\/marche_travail_eco_verte_2020_graphique_4_0.png","keywords":["emploi"],"articleSection":["Actualit\u00e9s","\u00c9conomie &amp; March\u00e9s"],"inLanguage":"fr-FR"},{"@type":"WebPage","@id":"https:\/\/batijournal.com\/index.php\/metiers-verts-en-tete-dans-le-batiment\/107030\/","url":"https:\/\/batijournal.com\/index.php\/metiers-verts-en-tete-dans-le-batiment\/107030\/","name":"M\u00e9tiers verts en t\u00eate dans le b\u00e2timent","isPartOf":{"@id":"https:\/\/batijournal.com\/#website"},"primaryImageOfPage":{"@id":"https:\/\/batijournal.com\/index.php\/metiers-verts-en-tete-dans-le-batiment\/107030\/#primaryimage"},"image":{"@id":"https:\/\/batijournal.com\/index.php\/metiers-verts-en-tete-dans-le-batiment\/107030\/#primaryimage"},"thumbnailUrl":"https:\/\/batijournal.com\/wp-content\/uploads\/2022\/02\/marche_travail_eco_verte_2020_graphique_4_0.png","datePublished":"2022-02-14T08:24:41+00:00","author":{"@id":"https:\/\/batijournal.com\/#\/schema\/person\/1dc96ec6957aa1ccb25ebe78bb19f100"},"breadcrumb":{"@id":"https:\/\/batijournal.com\/index.php\/metiers-verts-en-tete-dans-le-batiment\/107030\/#breadcrumb"},"inLanguage":"fr-FR","potentialAction":[{"@type":"ReadAction","target":["https:\/\/batijournal.com\/index.php\/metiers-verts-en-tete-dans-le-batiment\/107030\/"]}]},{"@type":"ImageObject","inLanguage":"fr-FR","@id":"https:\/\/batijournal.com\/index.php\/metiers-verts-en-tete-dans-le-batiment\/107030\/#primaryimage","url":"https:\/\/batijournal.com\/wp-content\/uploads\/2022\/02\/marche_travail_eco_verte_2020_graphique_4_0.png","contentUrl":"https:\/\/batijournal.com\/wp-content\/uploads\/2022\/02\/marche_travail_eco_verte_2020_graphique_4_0.png","width":970,"height":464},{"@type":"BreadcrumbList","@id":"https:\/\/batijournal.com\/index.php\/metiers-verts-en-tete-dans-le-batiment\/107030\/#breadcrumb","itemListElement":[{"@type":"ListItem","position":1,"name":"Accueil","item":"https:\/\/batijournal.com\/"},{"@type":"ListItem","position":2,"name":"Actualit\u00e9s","item":"https:\/\/batijournal.com\/index.php\/category\/actualites\/"},{"@type":"ListItem","position":3,"name":"M\u00e9tiers verts en t\u00eate dans le b\u00e2timent"}]},{"@type":"WebSite","@id":"https:\/\/batijournal.com\/#website","url":"https:\/\/batijournal.com\/","name":"Batijournal","description":"L&#039;actualit\u00e9 du b\u00e2timent","potentialAction":[{"@type":"SearchAction","target":{"@type":"EntryPoint","urlTemplate":"https:\/\/batijournal.com\/?s={search_term_string}"},"query-input":{"@type":"PropertyValueSpecification","valueRequired":true,"valueName":"search_term_string"}}],"inLanguage":"fr-FR"},{"@type":"Person","@id":"https:\/\/batijournal.com\/#\/schema\/person\/1dc96ec6957aa1ccb25ebe78bb19f100","name":"St\u00e9phane Miget","image":{"@type":"ImageObject","inLanguage":"fr-FR","@id":"https:\/\/secure.gravatar.com\/avatar\/89915563d925342126b8ef0281b93d9d7fc337043e8df017f780908eb9644451?s=96&d=mm&r=g","url":"https:\/\/secure.gravatar.com\/avatar\/89915563d925342126b8ef0281b93d9d7fc337043e8df017f780908eb9644451?s=96&d=mm&r=g","contentUrl":"https:\/\/secure.gravatar.com\/avatar\/89915563d925342126b8ef0281b93d9d7fc337043e8df017f780908eb9644451?s=96&d=mm&r=g","caption":"St\u00e9phane Miget"},"url":"https:\/\/batijournal.com\/index.php\/author\/stephane\/"}]}},"_links":{"self":[{"href":"https:\/\/batijournal.com\/index.php\/wp-json\/wp\/v2\/posts\/107030","targetHints":{"allow":["GET"]}}],"collection":[{"href":"https:\/\/batijournal.com\/index.php\/wp-json\/wp\/v2\/posts"}],"about":[{"href":"https:\/\/batijournal.com\/index.php\/wp-json\/wp\/v2\/types\/post"}],"author":[{"embeddable":true,"href":"https:\/\/batijournal.com\/index.php\/wp-json\/wp\/v2\/users\/17"}],"replies":[{"embeddable":true,"href":"https:\/\/batijournal.com\/index.php\/wp-json\/wp\/v2\/comments?post=107030"}],"version-history":[{"count":0,"href":"https:\/\/batijournal.com\/index.php\/wp-json\/wp\/v2\/posts\/107030\/revisions"}],"wp:featuredmedia":[{"embeddable":true,"href":"https:\/\/batijournal.com\/index.php\/wp-json\/wp\/v2\/media\/107031"}],"wp:attachment":[{"href":"https:\/\/batijournal.com\/index.php\/wp-json\/wp\/v2\/media?parent=107030"}],"wp:term":[{"taxonomy":"category","embeddable":true,"href":"https:\/\/batijournal.com\/index.php\/wp-json\/wp\/v2\/categories?post=107030"},{"taxonomy":"post_tag","embeddable":true,"href":"https:\/\/batijournal.com\/index.php\/wp-json\/wp\/v2\/tags?post=107030"}],"curies":[{"name":"wp","href":"https:\/\/api.w.org\/{rel}","templated":true}]}}